{"id":4274,"date":"2025-02-06T09:22:21","date_gmt":"2025-02-06T12:22:21","guid":{"rendered":"https:\/\/fmgente.com.ar\/?p=4274"},"modified":"2025-02-06T09:22:21","modified_gmt":"2025-02-06T12:22:21","slug":"la-provincia-licito-un-tramo-mas-de-pavimentacion-de-la-rp28","status":"publish","type":"post","link":"https:\/\/fmgente.com.ar\/web\/la-provincia-licito-un-tramo-mas-de-pavimentacion-de-la-rp28\/","title":{"rendered":"La Provincia licit\u00f3 un tramo m\u00e1s de pavimentaci\u00f3n de la RP28"},"content":{"rendered":"<article id=\"post-613705\" class=\"post-613705 post type-post status-publish format-standard has-post-thumbnail hentry category-informacion-general category-no-home ast-article-single\">\n<div class=\"ast-post-format- single-layout-1\">\n<div class=\"entry-content clear\">\n<p class=\" eplus-wrapper\">Un nuevo tramo de la Ruta Provincial 28 ser\u00e1 pavimentado en el marco del plan del Gobierno de C\u00f3rdoba de avanzar en las obras viales que garantizan mejor calidad en la conectividad entre pueblos y ciudades, y fomentar el turismo de la regi\u00f3n.<\/p>\n<p class=\" eplus-wrapper\">En esta oportunidad, el Ministerio de Infraestructura y Servicios P\u00fablicos, licit\u00f3 el tramo comprendido entre el puente existente sobre el r\u00edo Guaspa y la ladera oeste de la bajada hacia el r\u00edo Yuspe, departamento Cruz del Eje.<\/p>\n<p class=\" eplus-wrapper\">Son 18 km en zona monta\u00f1osa al Noroeste de la provincia de C\u00f3rdoba.<\/p>\n<figure class=\"wp-block-gallery has-nested-images columns-default is-cropped eplus-wrapper wp-block-gallery-1\">\n<figure class=\"wp-block-image size-medium eplus-wrapper\"><img loading=\"lazy\" decoding=\"async\" class=\"wp-image-613706\" src=\"https:\/\/prensa.cba.gov.ar\/wp-content\/uploads\/2025\/02\/WhatsApp-Image-2025-02-05-at-3.09.15-PM-300x200.jpeg\" sizes=\"auto, (max-width: 300px) 100vw, 300px\" srcset=\"https:\/\/prensa.cba.gov.ar\/wp-content\/uploads\/2025\/02\/WhatsApp-Image-2025-02-05-at-3.09.15-PM-300x200.jpeg 300w, https:\/\/prensa.cba.gov.ar\/wp-content\/uploads\/2025\/02\/WhatsApp-Image-2025-02-05-at-3.09.15-PM-768x512.jpeg 768w, https:\/\/prensa.cba.gov.ar\/wp-content\/uploads\/2025\/02\/WhatsApp-Image-2025-02-05-at-3.09.15-PM.jpeg 990w\" alt=\"\" width=\"300\" height=\"200\" data-id=\"613706\" \/><\/figure>\n<figure class=\"wp-block-image size-medium eplus-wrapper\"><img loading=\"lazy\" decoding=\"async\" class=\"wp-image-613708\" src=\"https:\/\/prensa.cba.gov.ar\/wp-content\/uploads\/2025\/02\/WhatsApp-Image-2025-02-05-at-3.09.42-PM-300x199.jpeg\" sizes=\"auto, (max-width: 300px) 100vw, 300px\" srcset=\"https:\/\/prensa.cba.gov.ar\/wp-content\/uploads\/2025\/02\/WhatsApp-Image-2025-02-05-at-3.09.42-PM-300x199.jpeg 300w, https:\/\/prensa.cba.gov.ar\/wp-content\/uploads\/2025\/02\/WhatsApp-Image-2025-02-05-at-3.09.42-PM-768x511.jpeg 768w, https:\/\/prensa.cba.gov.ar\/wp-content\/uploads\/2025\/02\/WhatsApp-Image-2025-02-05-at-3.09.42-PM.jpeg 788w\" alt=\"\" width=\"300\" height=\"199\" data-id=\"613708\" \/><\/figure>\n<\/figure>\n<p class=\" eplus-wrapper\">Hoy es un camino de ripio, angosto y con pendientes pronunciadas. El proyecto propone la pavimentaci\u00f3n y readecuaci\u00f3n de la geometr\u00eda para dotarlo de mayor seguridad.<\/p>\n<p class=\" eplus-wrapper\">El acto licitatorio estuvo encabezado por el director de Vialidad Provincial, Mart\u00edn Guti\u00e9rrez, acompa\u00f1ado por los legisladores del departamento Punilla, Walter Gispert y de Pocho, Jorge Heredia; y la jefa comunal de Tala Ca\u00f1ada, Paola Mart\u00ednez.<\/p>\n<h4 class=\" wp-block-heading eplus-wrapper\">Presentaron ofertas las empresas<\/h4>\n<ul class=\" wp-block-list eplus-wrapper eplus-styles-uid-7021d4\">\n<li class=\" eplus-wrapper\">AFEMA S.A.<\/li>\n<li class=\" eplus-wrapper\">Jos\u00e9 J. Chediak S.A.I.C. Y. A.<\/li>\n<li class=\" eplus-wrapper\">Pablo Federico e Hijos S.A.<\/li>\n<\/ul>\n<h3 class=\" wp-block-heading eplus-wrapper\">Dos tramos en ejecuci\u00f3n<\/h3>\n<p class=\" eplus-wrapper\">Actualmente, la Provincia avanza la pavimentaci\u00f3n de dos tramos de la RP28: Tanti hasta el acceso al Cerro Blanco; y Tala Ca\u00f1ada \u2013 Taninga.<\/p>\n<p class=\" eplus-wrapper\"><strong>Tramo 1:<\/strong>\u00a0Tanti \u2013 Cerro Blanco. La obra abarca 9,34 km en zona urbana y rural. En el tramo urbano, de 5,32 Kil\u00f3metros, se contempla una calzada pavimentada de 8 metros de ancho, banquinas y cunetas para garantizar un adecuado drenaje.<br \/>\nRegistra un 45% de avance.<\/p>\n<p class=\" eplus-wrapper\">El tramo en zona rural la calzada ser\u00e1 de 6,70 metros, con una carpeta de concreto asf\u00e1ltico, base y sub-base granular, adaptando las especificaciones seg\u00fan el entorno urbano o rural. El Contar\u00e1 adem\u00e1s con banquinas.<\/p>\n<p class=\" eplus-wrapper\">En el dise\u00f1o del proyecto, se consider\u00f3 la hidrolog\u00eda del \u00e1rea.<\/p>\n<p class=\" eplus-wrapper\">El cruce del arroyo El Durazno requiri\u00f3 la ejecuci\u00f3n de obras hidr\u00e1ulicas adecuadas para garantizar el correcto funcionamiento del sistema y prevenir posibles inundaciones.<\/p>\n<p class=\" eplus-wrapper\"><strong>Tramos 2:<\/strong>\u00a0Tala Ca\u00f1ada \u2013 Taninga. Esta parte de la obra comprende una longitud total de 13,2 km, que se extienden desde la rotonda de la intersecci\u00f3n entre las rutas provinciales 15 y 28, en la localidad de Taninga, hasta el arroyo de la localidad de Tala Ca\u00f1ada. Tiene un 83% de avance.<\/p>\n<p class=\" eplus-wrapper\">El dise\u00f1o del proyecto, que se desarrolla en zona urbana y rural, contempla carpeta de concreto asf\u00e1ltico, cord\u00f3n cuneta, base y sub base granular, ancho de coronamiento, entre otros elementos que facilitar\u00e1n la circulaci\u00f3n en la zona.<\/p>\n<\/div>\n<\/div>\n<\/article>\n<p><script async src=\"https:\/\/pagead2.googlesyndication.com\/pagead\/js\/adsbygoogle.js?client=ca-pub-6190387823963118\" crossorigin=\"anonymous\"><\/script><br \/>\n<!-- publi horizontal --><br \/>\n<ins class=\"adsbygoogle\" style=\"display: block;\" data-ad-client=\"ca-pub-6190387823963118\" data-ad-slot=\"1318105772\" data-ad-format=\"auto\" data-full-width-responsive=\"true\"><\/ins><br \/>\n<script>\n     (adsbygoogle = window.adsbygoogle || []).push({});\n<\/script><\/p>\n","protected":false},"excerpt":{"rendered":"<p>Un nuevo tramo de la Ruta Provincial 28 ser\u00e1 pavimentado en el marco del plan<\/p>\n","protected":false},"author":2,"featured_media":4275,"comment_status":"closed","ping_status":"closed","sticky":false,"template":"","format":"standard","meta":{"footnotes":""},"categories":[11],"tags":[573,610,457,1745,290,103,120,23,216,283,165,249,130,1765,899,41,47,1763,1682,1764,1746,1671,99,1697,1762,1672,1744,26,1596,612,1754],"class_list":["post-4274","post","type-post","status-publish","format-standard","has-post-thumbnail","hentry","category-destacadas","tag-agro","tag-alerta","tag-bomberos","tag-cadena-norte","tag-campo","tag-ciudad","tag-clima","tag-cordoba","tag-deportes","tag-drogas","tag-economia","tag-fpa","tag-fuego","tag-fuerza","tag-gobierno-de-cordoba","tag-incendios","tag-llaryora","tag-meteorologico","tag-mpf","tag-negocios","tag-norte","tag-noticias","tag-obras","tag-policiales","tag-politica","tag-programas","tag-radio-fm","tag-salud","tag-seguridad","tag-turismo","tag-ultimo-momento"],"yoast_head":"<!-- This site is optimized with the Yoast SEO plugin v27.4 - https:\/\/yoast.com\/product\/yoast-seo-wordpress\/ -->\n<title>La Provincia licit\u00f3 un tramo m\u00e1s de pavimentaci\u00f3n de la RP28 - Fm Gente<\/title>\n<meta name=\"robots\" content=\"index, follow, max-snippet:-1, max-image-preview:large, max-video-preview:-1\" \/>\n<link rel=\"canonical\" href=\"https:\/\/fmgente.com.ar\/web\/la-provincia-licito-un-tramo-mas-de-pavimentacion-de-la-rp28\/\" \/>\n<meta property=\"og:locale\" content=\"es_ES\" \/>\n<meta property=\"og:type\" content=\"article\" \/>\n<meta property=\"og:title\" content=\"La Provincia licit\u00f3 un tramo m\u00e1s de pavimentaci\u00f3n de la RP28 - Fm Gente\" \/>\n<meta property=\"og:description\" content=\"Un nuevo tramo de la Ruta Provincial 28 ser\u00e1 pavimentado en el marco del plan\" \/>\n<meta property=\"og:url\" content=\"https:\/\/fmgente.com.ar\/web\/la-provincia-licito-un-tramo-mas-de-pavimentacion-de-la-rp28\/\" \/>\n<meta property=\"og:site_name\" content=\"Fm Gente\" \/>\n<meta property=\"article:published_time\" content=\"2025-02-06T12:22:21+00:00\" \/>\n<meta property=\"og:image\" content=\"https:\/\/fmgente.com.ar\/web\/wp-content\/uploads\/2025\/02\/d3-2.jpeg\" \/>\n\t<meta property=\"og:image:width\" content=\"990\" \/>\n\t<meta property=\"og:image:height\" content=\"660\" \/>\n\t<meta property=\"og:image:type\" content=\"image\/jpeg\" \/>\n<meta name=\"author\" content=\"Adri\u00e1n Hern\u00e1ndez\" \/>\n<meta name=\"twitter:card\" content=\"summary_large_image\" \/>\n<meta name=\"twitter:label1\" content=\"Escrito por\" \/>\n\t<meta name=\"twitter:data1\" content=\"Adri\u00e1n Hern\u00e1ndez\" \/>\n\t<meta name=\"twitter:label2\" content=\"Tiempo de lectura\" \/>\n\t<meta name=\"twitter:data2\" content=\"3 minutos\" \/>\n<script type=\"application\/ld+json\" class=\"yoast-schema-graph\">{\"@context\":\"https:\\\/\\\/schema.org\",\"@graph\":[{\"@type\":\"Article\",\"@id\":\"https:\\\/\\\/fmgente.com.ar\\\/web\\\/la-provincia-licito-un-tramo-mas-de-pavimentacion-de-la-rp28\\\/#article\",\"isPartOf\":{\"@id\":\"https:\\\/\\\/fmgente.com.ar\\\/web\\\/la-provincia-licito-un-tramo-mas-de-pavimentacion-de-la-rp28\\\/\"},\"author\":{\"name\":\"Adri\u00e1n Hern\u00e1ndez\",\"@id\":\"https:\\\/\\\/fmgente.com.ar\\\/web\\\/#\\\/schema\\\/person\\\/ba03fa75c17effdaafbd6daa1d78c508\"},\"headline\":\"La Provincia licit\u00f3 un tramo m\u00e1s de pavimentaci\u00f3n de la RP28\",\"datePublished\":\"2025-02-06T12:22:21+00:00\",\"mainEntityOfPage\":{\"@id\":\"https:\\\/\\\/fmgente.com.ar\\\/web\\\/la-provincia-licito-un-tramo-mas-de-pavimentacion-de-la-rp28\\\/\"},\"wordCount\":442,\"publisher\":{\"@id\":\"https:\\\/\\\/fmgente.com.ar\\\/web\\\/#organization\"},\"image\":{\"@id\":\"https:\\\/\\\/fmgente.com.ar\\\/web\\\/la-provincia-licito-un-tramo-mas-de-pavimentacion-de-la-rp28\\\/#primaryimage\"},\"thumbnailUrl\":\"https:\\\/\\\/fmgente.com.ar\\\/web\\\/wp-content\\\/uploads\\\/2025\\\/02\\\/d3-2.jpeg\",\"keywords\":[\"agro\",\"alerta\",\"Bomberos\",\"cadena norte\",\"campo\",\"ciudad\",\"clima\",\"C\u00f3rdoba\",\"deportes\",\"drogas\",\"econom\u00eda\",\"fpa\",\"fuego\",\"fuerza\",\"Gobierno de C\u00f3rdoba\",\"incendios\",\"Llaryora\",\"meteorol\u00f3gico\",\"MPF\",\"negocios\",\"Norte\",\"noticias\",\"obras\",\"policiales\",\"pol\u00edtica\",\"programas\",\"radio fm\",\"salud\",\"seguridad\",\"turismo\",\"\u00faltimo momento\"],\"articleSection\":[\"DESTACADAS\"],\"inLanguage\":\"es\"},{\"@type\":\"WebPage\",\"@id\":\"https:\\\/\\\/fmgente.com.ar\\\/web\\\/la-provincia-licito-un-tramo-mas-de-pavimentacion-de-la-rp28\\\/\",\"url\":\"https:\\\/\\\/fmgente.com.ar\\\/web\\\/la-provincia-licito-un-tramo-mas-de-pavimentacion-de-la-rp28\\\/\",\"name\":\"La Provincia licit\u00f3 un tramo m\u00e1s de pavimentaci\u00f3n de la RP28 - Fm Gente\",\"isPartOf\":{\"@id\":\"https:\\\/\\\/fmgente.com.ar\\\/web\\\/#website\"},\"primaryImageOfPage\":{\"@id\":\"https:\\\/\\\/fmgente.com.ar\\\/web\\\/la-provincia-licito-un-tramo-mas-de-pavimentacion-de-la-rp28\\\/#primaryimage\"},\"image\":{\"@id\":\"https:\\\/\\\/fmgente.com.ar\\\/web\\\/la-provincia-licito-un-tramo-mas-de-pavimentacion-de-la-rp28\\\/#primaryimage\"},\"thumbnailUrl\":\"https:\\\/\\\/fmgente.com.ar\\\/web\\\/wp-content\\\/uploads\\\/2025\\\/02\\\/d3-2.jpeg\",\"datePublished\":\"2025-02-06T12:22:21+00:00\",\"inLanguage\":\"es\",\"potentialAction\":[{\"@type\":\"ReadAction\",\"target\":[\"https:\\\/\\\/fmgente.com.ar\\\/web\\\/la-provincia-licito-un-tramo-mas-de-pavimentacion-de-la-rp28\\\/\"]}]},{\"@type\":\"ImageObject\",\"inLanguage\":\"es\",\"@id\":\"https:\\\/\\\/fmgente.com.ar\\\/web\\\/la-provincia-licito-un-tramo-mas-de-pavimentacion-de-la-rp28\\\/#primaryimage\",\"url\":\"https:\\\/\\\/fmgente.com.ar\\\/web\\\/wp-content\\\/uploads\\\/2025\\\/02\\\/d3-2.jpeg\",\"contentUrl\":\"https:\\\/\\\/fmgente.com.ar\\\/web\\\/wp-content\\\/uploads\\\/2025\\\/02\\\/d3-2.jpeg\",\"width\":990,\"height\":660},{\"@type\":\"WebSite\",\"@id\":\"https:\\\/\\\/fmgente.com.ar\\\/web\\\/#website\",\"url\":\"https:\\\/\\\/fmgente.com.ar\\\/web\\\/\",\"name\":\"Fm Gente\",\"description\":\"- Jes\u00fas Mar\u00eda\",\"publisher\":{\"@id\":\"https:\\\/\\\/fmgente.com.ar\\\/web\\\/#organization\"},\"potentialAction\":[{\"@type\":\"SearchAction\",\"target\":{\"@type\":\"EntryPoint\",\"urlTemplate\":\"https:\\\/\\\/fmgente.com.ar\\\/web\\\/?s={search_term_string}\"},\"query-input\":{\"@type\":\"PropertyValueSpecification\",\"valueRequired\":true,\"valueName\":\"search_term_string\"}}],\"inLanguage\":\"es\"},{\"@type\":\"Organization\",\"@id\":\"https:\\\/\\\/fmgente.com.ar\\\/web\\\/#organization\",\"name\":\"Fm Gente\",\"url\":\"https:\\\/\\\/fmgente.com.ar\\\/web\\\/\",\"logo\":{\"@type\":\"ImageObject\",\"inLanguage\":\"es\",\"@id\":\"https:\\\/\\\/fmgente.com.ar\\\/web\\\/#\\\/schema\\\/logo\\\/image\\\/\",\"url\":\"https:\\\/\\\/fmgente.com.ar\\\/web\\\/wp-content\\\/uploads\\\/2023\\\/07\\\/cropped-cropped-logo-sombra2.png\",\"contentUrl\":\"https:\\\/\\\/fmgente.com.ar\\\/web\\\/wp-content\\\/uploads\\\/2023\\\/07\\\/cropped-cropped-logo-sombra2.png\",\"width\":1782,\"height\":1782,\"caption\":\"Fm Gente\"},\"image\":{\"@id\":\"https:\\\/\\\/fmgente.com.ar\\\/web\\\/#\\\/schema\\\/logo\\\/image\\\/\"}},{\"@type\":\"Person\",\"@id\":\"https:\\\/\\\/fmgente.com.ar\\\/web\\\/#\\\/schema\\\/person\\\/ba03fa75c17effdaafbd6daa1d78c508\",\"name\":\"Adri\u00e1n Hern\u00e1ndez\",\"url\":\"https:\\\/\\\/fmgente.com.ar\\\/web\\\/author\\\/c1601891\\\/\"}]}<\/script>\n<!-- \/ Yoast SEO plugin. -->","yoast_head_json":{"title":"La Provincia licit\u00f3 un tramo m\u00e1s de pavimentaci\u00f3n de la RP28 - Fm Gente","robots":{"index":"index","follow":"follow","max-snippet":"max-snippet:-1","max-image-preview":"max-image-preview:large","max-video-preview":"max-video-preview:-1"},"canonical":"https:\/\/fmgente.com.ar\/web\/la-provincia-licito-un-tramo-mas-de-pavimentacion-de-la-rp28\/","og_locale":"es_ES","og_type":"article","og_title":"La Provincia licit\u00f3 un tramo m\u00e1s de pavimentaci\u00f3n de la RP28 - Fm Gente","og_description":"Un nuevo tramo de la Ruta Provincial 28 ser\u00e1 pavimentado en el marco del plan","og_url":"https:\/\/fmgente.com.ar\/web\/la-provincia-licito-un-tramo-mas-de-pavimentacion-de-la-rp28\/","og_site_name":"Fm Gente","article_published_time":"2025-02-06T12:22:21+00:00","og_image":[{"width":990,"height":660,"url":"https:\/\/fmgente.com.ar\/web\/wp-content\/uploads\/2025\/02\/d3-2.jpeg","type":"image\/jpeg"}],"author":"Adri\u00e1n Hern\u00e1ndez","twitter_card":"summary_large_image","twitter_misc":{"Escrito por":"Adri\u00e1n Hern\u00e1ndez","Tiempo de lectura":"3 minutos"},"schema":{"@context":"https:\/\/schema.org","@graph":[{"@type":"Article","@id":"https:\/\/fmgente.com.ar\/web\/la-provincia-licito-un-tramo-mas-de-pavimentacion-de-la-rp28\/#article","isPartOf":{"@id":"https:\/\/fmgente.com.ar\/web\/la-provincia-licito-un-tramo-mas-de-pavimentacion-de-la-rp28\/"},"author":{"name":"Adri\u00e1n Hern\u00e1ndez","@id":"https:\/\/fmgente.com.ar\/web\/#\/schema\/person\/ba03fa75c17effdaafbd6daa1d78c508"},"headline":"La Provincia licit\u00f3 un tramo m\u00e1s de pavimentaci\u00f3n de la RP28","datePublished":"2025-02-06T12:22:21+00:00","mainEntityOfPage":{"@id":"https:\/\/fmgente.com.ar\/web\/la-provincia-licito-un-tramo-mas-de-pavimentacion-de-la-rp28\/"},"wordCount":442,"publisher":{"@id":"https:\/\/fmgente.com.ar\/web\/#organization"},"image":{"@id":"https:\/\/fmgente.com.ar\/web\/la-provincia-licito-un-tramo-mas-de-pavimentacion-de-la-rp28\/#primaryimage"},"thumbnailUrl":"https:\/\/fmgente.com.ar\/web\/wp-content\/uploads\/2025\/02\/d3-2.jpeg","keywords":["agro","alerta","Bomberos","cadena norte","campo","ciudad","clima","C\u00f3rdoba","deportes","drogas","econom\u00eda","fpa","fuego","fuerza","Gobierno de C\u00f3rdoba","incendios","Llaryora","meteorol\u00f3gico","MPF","negocios","Norte","noticias","obras","policiales","pol\u00edtica","programas","radio fm","salud","seguridad","turismo","\u00faltimo momento"],"articleSection":["DESTACADAS"],"inLanguage":"es"},{"@type":"WebPage","@id":"https:\/\/fmgente.com.ar\/web\/la-provincia-licito-un-tramo-mas-de-pavimentacion-de-la-rp28\/","url":"https:\/\/fmgente.com.ar\/web\/la-provincia-licito-un-tramo-mas-de-pavimentacion-de-la-rp28\/","name":"La Provincia licit\u00f3 un tramo m\u00e1s de pavimentaci\u00f3n de la RP28 - Fm Gente","isPartOf":{"@id":"https:\/\/fmgente.com.ar\/web\/#website"},"primaryImageOfPage":{"@id":"https:\/\/fmgente.com.ar\/web\/la-provincia-licito-un-tramo-mas-de-pavimentacion-de-la-rp28\/#primaryimage"},"image":{"@id":"https:\/\/fmgente.com.ar\/web\/la-provincia-licito-un-tramo-mas-de-pavimentacion-de-la-rp28\/#primaryimage"},"thumbnailUrl":"https:\/\/fmgente.com.ar\/web\/wp-content\/uploads\/2025\/02\/d3-2.jpeg","datePublished":"2025-02-06T12:22:21+00:00","inLanguage":"es","potentialAction":[{"@type":"ReadAction","target":["https:\/\/fmgente.com.ar\/web\/la-provincia-licito-un-tramo-mas-de-pavimentacion-de-la-rp28\/"]}]},{"@type":"ImageObject","inLanguage":"es","@id":"https:\/\/fmgente.com.ar\/web\/la-provincia-licito-un-tramo-mas-de-pavimentacion-de-la-rp28\/#primaryimage","url":"https:\/\/fmgente.com.ar\/web\/wp-content\/uploads\/2025\/02\/d3-2.jpeg","contentUrl":"https:\/\/fmgente.com.ar\/web\/wp-content\/uploads\/2025\/02\/d3-2.jpeg","width":990,"height":660},{"@type":"WebSite","@id":"https:\/\/fmgente.com.ar\/web\/#website","url":"https:\/\/fmgente.com.ar\/web\/","name":"Fm Gente","description":"- Jes\u00fas Mar\u00eda","publisher":{"@id":"https:\/\/fmgente.com.ar\/web\/#organization"},"potentialAction":[{"@type":"SearchAction","target":{"@type":"EntryPoint","urlTemplate":"https:\/\/fmgente.com.ar\/web\/?s={search_term_string}"},"query-input":{"@type":"PropertyValueSpecification","valueRequired":true,"valueName":"search_term_string"}}],"inLanguage":"es"},{"@type":"Organization","@id":"https:\/\/fmgente.com.ar\/web\/#organization","name":"Fm Gente","url":"https:\/\/fmgente.com.ar\/web\/","logo":{"@type":"ImageObject","inLanguage":"es","@id":"https:\/\/fmgente.com.ar\/web\/#\/schema\/logo\/image\/","url":"https:\/\/fmgente.com.ar\/web\/wp-content\/uploads\/2023\/07\/cropped-cropped-logo-sombra2.png","contentUrl":"https:\/\/fmgente.com.ar\/web\/wp-content\/uploads\/2023\/07\/cropped-cropped-logo-sombra2.png","width":1782,"height":1782,"caption":"Fm Gente"},"image":{"@id":"https:\/\/fmgente.com.ar\/web\/#\/schema\/logo\/image\/"}},{"@type":"Person","@id":"https:\/\/fmgente.com.ar\/web\/#\/schema\/person\/ba03fa75c17effdaafbd6daa1d78c508","name":"Adri\u00e1n Hern\u00e1ndez","url":"https:\/\/fmgente.com.ar\/web\/author\/c1601891\/"}]}},"_links":{"self":[{"href":"https:\/\/fmgente.com.ar\/web\/wp-json\/wp\/v2\/posts\/4274","targetHints":{"allow":["GET"]}}],"collection":[{"href":"https:\/\/fmgente.com.ar\/web\/wp-json\/wp\/v2\/posts"}],"about":[{"href":"https:\/\/fmgente.com.ar\/web\/wp-json\/wp\/v2\/types\/post"}],"author":[{"embeddable":true,"href":"https:\/\/fmgente.com.ar\/web\/wp-json\/wp\/v2\/users\/2"}],"replies":[{"embeddable":true,"href":"https:\/\/fmgente.com.ar\/web\/wp-json\/wp\/v2\/comments?post=4274"}],"version-history":[{"count":1,"href":"https:\/\/fmgente.com.ar\/web\/wp-json\/wp\/v2\/posts\/4274\/revisions"}],"predecessor-version":[{"id":4276,"href":"https:\/\/fmgente.com.ar\/web\/wp-json\/wp\/v2\/posts\/4274\/revisions\/4276"}],"wp:featuredmedia":[{"embeddable":true,"href":"https:\/\/fmgente.com.ar\/web\/wp-json\/wp\/v2\/media\/4275"}],"wp:attachment":[{"href":"https:\/\/fmgente.com.ar\/web\/wp-json\/wp\/v2\/media?parent=4274"}],"wp:term":[{"taxonomy":"category","embeddable":true,"href":"https:\/\/fmgente.com.ar\/web\/wp-json\/wp\/v2\/categories?post=4274"},{"taxonomy":"post_tag","embeddable":true,"href":"https:\/\/fmgente.com.ar\/web\/wp-json\/wp\/v2\/tags?post=4274"}],"curies":[{"name":"wp","href":"https:\/\/api.w.org\/{rel}","templated":true}]}}