{"id":425,"date":"2023-07-20T07:46:13","date_gmt":"2023-07-20T10:46:13","guid":{"rendered":"https:\/\/fmgente.com.ar\/?p=425"},"modified":"2023-07-20T07:46:13","modified_gmt":"2023-07-20T10:46:13","slug":"schiaretti-anuncio-el-llamado-a-licitacion-para-la-circunvalacion-de-rio-cuarto","status":"publish","type":"post","link":"https:\/\/fmgente.com.ar\/web\/schiaretti-anuncio-el-llamado-a-licitacion-para-la-circunvalacion-de-rio-cuarto\/","title":{"rendered":"Schiaretti anunci\u00f3 el llamado a licitaci\u00f3n para la circunvalaci\u00f3n de R\u00edo Cuarto"},"content":{"rendered":"<article id=\"post-560371\" class=\"post-560371 post type-post status-publish format-standard has-post-thumbnail hentry category-informacion-general category-no-home ast-article-single\">\n<div class=\"ast-post-format- single-layout-1\">\n<div class=\"entry-content clear\">\n<p>Este mi\u00e9rcoles, en el Centro C\u00edvico de R\u00edo Cuarto, el gobernador Juan Schiaretti anunci\u00f3 el llamado a licitaci\u00f3n del primer tramo de la circunvalaci\u00f3n de la ciudad del sur cordob\u00e9s. Se trata de los primeros 2.000 metros, donde se duplicar\u00e1 la calzada sobre la ruta A-005, entre la ruta nacional 8 y la calle General Molina.<\/p>\n<p>&nbsp;<\/p>\n<p>Schiaretti sostuvo que esa obra para la capital alterna fue una promesa del gobernador electo, Mart\u00edn Llaryora y en vista de la existencia de uno de los mayores cruces en el pa\u00eds,\u00a0<em>\u201cse hace cada vez m\u00e1s necesario que R\u00edo Cuarto, que va creciendo, tenga una circunvalaci\u00f3n que le alivie la vida a los habitantes\u201d.<\/em><\/p>\n<p>El trayecto contar\u00e1 con dos carriles por sentido de circulaci\u00f3n y un cantero central de 16 metros de ancho.<\/p>\n<figure class=\"wp-block-image size-full\"><img loading=\"lazy\" decoding=\"async\" class=\"wp-image-560379\" src=\"https:\/\/prensa.cba.gov.ar\/wp-content\/uploads\/2023\/07\/WhatsApp-Image-2023-07-19-at-17.55.39.jpeg\" alt=\"\" width=\"1280\" height=\"853\" \/><\/figure>\n<p>A su vez, se har\u00e1n todas las obras complementarias indispensables, como repavimentaciones de calzada existente y banquinas y readecuaci\u00f3n de accesos.<\/p>\n<p><em>\u201cHoy se llama a licitaci\u00f3n para el primer tramo, se abrir\u00e1n los sobres (con las ofertas) el 4 de agosto y antes que finalice octubre se empezar\u00e1n las obras. Esa es nuestra manera de actuar: diciendo y haciendo\u201d,<\/em>\u00a0asegur\u00f3 el gobernador.<\/p>\n<p>El presupuesto de la obra es de 1.151\u00a0 millones de pesos y el plazo previsto para llevarla adelante es de 240 d\u00edas.<\/p>\n<figure class=\"wp-block-image aligncenter size-full\"><img loading=\"lazy\" decoding=\"async\" class=\"wp-image-560377\" src=\"https:\/\/prensa.cba.gov.ar\/wp-content\/uploads\/2023\/07\/zona-de-obra.jpg\" alt=\"\" width=\"657\" height=\"443\" \/><\/figure>\n<p class=\"has-text-align-center\"><strong>Zona de obra<\/strong><\/p>\n<p>En otro pasaje de su alocuci\u00f3n el gobernador rese\u00f1\u00f3 la obra p\u00fablica realizada en beneficio de los habitantes de R\u00edo Cuarto.<\/p>\n<p><em>\u201cEstamos haciendo obras y desarrollando programas que van desde la construcci\u00f3n de Escuelas ProA, a la mejora del parque; la construcci\u00f3n del Polo de la Mujer; la planta colectora y cloacas; \u00a0estamos conectando los barrios junto a la municipalidad, haciendo desag\u00fces y repavimentamos rutas que llegan a R\u00edo Cuarto\u201d.<\/em><\/p>\n<p>Precis\u00f3 el mandatario provincial que la inversi\u00f3n actual en R\u00edo Cuarto es de 7.116 millones de pesos.\u00a0<em>\u201cEstamos en definitiva haciendo lo que es necesario para que nuestra C\u00f3rdoba progrese, para que R\u00edo Cuarto progrese\u201d.<\/em><\/p>\n<p>Y concluy\u00f3:\u00a0<em>\u201cEs una gran satisfacci\u00f3n haber concretado tantas acciones que permiten que la capital agroalimentaria de C\u00f3rdoba pueda progresar y que sus vecinos puedan vivir mejor\u201d.<\/em><\/p>\n<p>&nbsp;<\/p>\n<figure class=\"wp-block-gallery has-nested-images columns-default is-cropped wp-block-gallery-1 is-layout-flex\">\n<figure class=\"wp-block-image size-large\"><img loading=\"lazy\" decoding=\"async\" class=\"wp-image-560373\" src=\"https:\/\/prensa.cba.gov.ar\/wp-content\/uploads\/2023\/07\/20230719171426_1D7A2687.jpg\" alt=\"\" width=\"4464\" height=\"2976\" data-id=\"560373\" \/><\/figure>\n<figure class=\"wp-block-image size-large\"><img loading=\"lazy\" decoding=\"async\" class=\"wp-image-560374\" src=\"https:\/\/prensa.cba.gov.ar\/wp-content\/uploads\/2023\/07\/20230719171347_1D7A2677.jpg\" alt=\"\" width=\"4464\" height=\"2976\" data-id=\"560374\" \/><\/figure>\n<\/figure>\n<p>Durante el acto habl\u00f3 tambi\u00e9n el intendente local, Juan Manuel Llamosas, quien sostuvo que la ciudad\u00a0<em>\u201cest\u00e1 viviendo un d\u00eda hist\u00f3rico\u201d.<\/em><\/p>\n<p>Consider\u00f3 que la obra anunciada\u00a0<em>\u201ctiene la magnitud de aquella que uni\u00f3 las dos capitales de la provincia durante la gesti\u00f3n del querido y recordado Jos\u00e9 Manuel de la Sota\u201d.<\/em><\/p>\n<p>Agreg\u00f3 Llamosas que\u00a0<em>\u201cesto nos llena de satisfacci\u00f3n y nos pone, una vez m\u00e1s, en el escenario de previsibilidad, de certeza, de lo que deb\u00eda ser natural en un pa\u00eds donde la incertidumbre y la confusi\u00f3n reina. Aqu\u00ed en C\u00f3rdoba lo que se promete se hace y lo que se dice se cumple\u201d.<\/em><\/p>\n<p>El director de Vialidad Provincial, Mart\u00edn Guti\u00e9rrez explic\u00f3 las principales razones que tornan imprescindible la obra de la circunvalaci\u00f3n en R\u00edo Cuarto.<\/p>\n<p><iframe loading=\"lazy\" title=\"Schiaretti anunci\u00f3 el llamado a licitaci\u00f3n para la circunvalaci\u00f3n de R\u00edo Cuarto\" src=\"https:\/\/www.youtube.com\/embed\/AEE_9IeZnho\" width=\"640\" height=\"360\" frameborder=\"0\" allowfullscreen=\"allowfullscreen\" data-mce-fragment=\"1\"><\/iframe><\/p>\n<h3 class=\"wp-block-heading\">Impacto en el tr\u00e1nsito vial<\/h3>\n<p>Dijo que\u00a0existe un aut\u00e9ntico nudo de rutas nacionales en el que confluyen alrededor de 30 mil veh\u00edculos por d\u00eda .El tramo m\u00e1s transitado es la A005 con 13 mil veh\u00edculos, equiparable a lo que es la Ruta 9 Norte, desde Capital hasta la Ruta 60, que cuenta con un tramo de 15.000 veh\u00edculos.<\/p>\n<p>Se\u00f1al\u00f3 asimismo que son algo m\u00e1s de cuatro mil los camiones que atraviesan cada d\u00eda esa zona y la ciudad crece hacia el oeste, lo cual genera innumerables demoras y problemas de seguridad real.<\/p>\n<p>Participaron del acto, el ministro de Obras P\u00fablicas, Ricardo Sosa; el titular de Agricultura, Sergio Busso; el ministro de Vinculaci\u00f3n Comunitaria, Paulo Cassinerio; el diputado nacional Carlos Guti\u00e9rrez; el presidente provisorio de la Legislatura, Francisco Fortuna y la directora de la Delegaci\u00f3n R\u00edo Cuarto del gobierno provincial, Samantha David.<\/p>\n<figure class=\"wp-block-image size-full\"><img loading=\"lazy\" decoding=\"async\" class=\"wp-image-560380\" src=\"https:\/\/prensa.cba.gov.ar\/wp-content\/uploads\/2023\/07\/DSC_0233.jpg\" alt=\"\" width=\"6000\" height=\"4000\" \/><\/figure>\n<h3 class=\"wp-block-heading\"><strong>Aspectos t\u00e9cnicos<\/strong><\/h3>\n<p>Algunos de los detalles t\u00e9cnicos de la duplicaci\u00f3n de la calzada sobre la ruta A-005 son:<\/p>\n<ul>\n<li>Longitud: 1.945 metros.<\/li>\n<li>Tipolog\u00eda: Autov\u00eda (2 carriles por sentido y cantero central).<\/li>\n<li>Nueva calzada al oeste de la existente de 7.30 metros.<\/li>\n<li>Repavimentaci\u00f3n de calzada existente.<\/li>\n<li>Cantero central de 16 metros de ancho.<\/li>\n<li>Pavimentaci\u00f3n de banquinas.<\/li>\n<li>Ejecuci\u00f3n de colectora con cord\u00f3n cuneta de 7.00 metros de ancho al este de la circunvalaci\u00f3n.<\/li>\n<li>Readecuaci\u00f3n de ramas de acceso en las dos rotondas existentes.<\/li>\n<\/ul>\n<\/div>\n<\/div>\n<\/article>\n","protected":false},"excerpt":{"rendered":"<p>Este mi\u00e9rcoles, en el Centro C\u00edvico de R\u00edo Cuarto, el gobernador Juan Schiaretti anunci\u00f3 el<\/p>\n","protected":false},"author":2,"featured_media":426,"comment_status":"closed","ping_status":"closed","sticky":false,"template":"","format":"video","meta":{"footnotes":""},"categories":[11],"tags":[362,23,361,363,87],"class_list":["post-425","post","type-post","status-publish","format-video","has-post-thumbnail","hentry","category-destacadas","tag-circunvalacion","tag-cordoba","tag-licitacion","tag-rio-cuarto","tag-scahiretti","post_format-post-format-video"],"yoast_head":"<!-- This site is optimized with the Yoast SEO plugin v27.4 - https:\/\/yoast.com\/product\/yoast-seo-wordpress\/ -->\n<title>Schiaretti anunci\u00f3 el llamado a licitaci\u00f3n para la circunvalaci\u00f3n de R\u00edo Cuarto - Fm Gente<\/title>\n<meta name=\"robots\" content=\"index, follow, max-snippet:-1, max-image-preview:large, max-video-preview:-1\" \/>\n<link rel=\"canonical\" href=\"https:\/\/fmgente.com.ar\/web\/schiaretti-anuncio-el-llamado-a-licitacion-para-la-circunvalacion-de-rio-cuarto\/\" \/>\n<meta property=\"og:locale\" content=\"es_ES\" \/>\n<meta property=\"og:type\" content=\"article\" \/>\n<meta property=\"og:title\" content=\"Schiaretti anunci\u00f3 el llamado a licitaci\u00f3n para la circunvalaci\u00f3n de R\u00edo Cuarto - Fm Gente\" \/>\n<meta property=\"og:description\" content=\"Este mi\u00e9rcoles, en el Centro C\u00edvico de R\u00edo Cuarto, el gobernador Juan Schiaretti anunci\u00f3 el\" \/>\n<meta property=\"og:url\" content=\"https:\/\/fmgente.com.ar\/web\/schiaretti-anuncio-el-llamado-a-licitacion-para-la-circunvalacion-de-rio-cuarto\/\" \/>\n<meta property=\"og:site_name\" content=\"Fm Gente\" \/>\n<meta property=\"article:published_time\" content=\"2023-07-20T10:46:13+00:00\" \/>\n<meta property=\"og:image\" content=\"https:\/\/fmgente.com.ar\/web\/wp-content\/uploads\/2023\/07\/20230719171846_1D7A2733-scaled.jpg\" \/>\n\t<meta property=\"og:image:width\" content=\"2560\" \/>\n\t<meta property=\"og:image:height\" content=\"1707\" \/>\n\t<meta property=\"og:image:type\" content=\"image\/jpeg\" \/>\n<meta name=\"author\" content=\"Adri\u00e1n Hern\u00e1ndez\" \/>\n<meta name=\"twitter:card\" content=\"summary_large_image\" \/>\n<meta name=\"twitter:label1\" content=\"Escrito por\" \/>\n\t<meta name=\"twitter:data1\" content=\"Adri\u00e1n Hern\u00e1ndez\" \/>\n\t<meta name=\"twitter:label2\" content=\"Tiempo de lectura\" \/>\n\t<meta name=\"twitter:data2\" content=\"5 minutos\" \/>\n<script type=\"application\/ld+json\" class=\"yoast-schema-graph\">{\"@context\":\"https:\\\/\\\/schema.org\",\"@graph\":[{\"@type\":\"Article\",\"@id\":\"https:\\\/\\\/fmgente.com.ar\\\/web\\\/schiaretti-anuncio-el-llamado-a-licitacion-para-la-circunvalacion-de-rio-cuarto\\\/#article\",\"isPartOf\":{\"@id\":\"https:\\\/\\\/fmgente.com.ar\\\/web\\\/schiaretti-anuncio-el-llamado-a-licitacion-para-la-circunvalacion-de-rio-cuarto\\\/\"},\"author\":{\"name\":\"Adri\u00e1n Hern\u00e1ndez\",\"@id\":\"https:\\\/\\\/fmgente.com.ar\\\/web\\\/#\\\/schema\\\/person\\\/ba03fa75c17effdaafbd6daa1d78c508\"},\"headline\":\"Schiaretti anunci\u00f3 el llamado a licitaci\u00f3n para la circunvalaci\u00f3n de R\u00edo Cuarto\",\"datePublished\":\"2023-07-20T10:46:13+00:00\",\"mainEntityOfPage\":{\"@id\":\"https:\\\/\\\/fmgente.com.ar\\\/web\\\/schiaretti-anuncio-el-llamado-a-licitacion-para-la-circunvalacion-de-rio-cuarto\\\/\"},\"wordCount\":768,\"publisher\":{\"@id\":\"https:\\\/\\\/fmgente.com.ar\\\/web\\\/#organization\"},\"image\":{\"@id\":\"https:\\\/\\\/fmgente.com.ar\\\/web\\\/schiaretti-anuncio-el-llamado-a-licitacion-para-la-circunvalacion-de-rio-cuarto\\\/#primaryimage\"},\"thumbnailUrl\":\"https:\\\/\\\/fmgente.com.ar\\\/web\\\/wp-content\\\/uploads\\\/2023\\\/07\\\/20230719171846_1D7A2733-scaled.jpg\",\"keywords\":[\"circunvalaci\u00f3n\",\"C\u00f3rdoba\",\"licitaci\u00f3n\",\"R\u00edo Cuarto\",\"Scahiretti\"],\"articleSection\":[\"DESTACADAS\"],\"inLanguage\":\"es\"},{\"@type\":\"WebPage\",\"@id\":\"https:\\\/\\\/fmgente.com.ar\\\/web\\\/schiaretti-anuncio-el-llamado-a-licitacion-para-la-circunvalacion-de-rio-cuarto\\\/\",\"url\":\"https:\\\/\\\/fmgente.com.ar\\\/web\\\/schiaretti-anuncio-el-llamado-a-licitacion-para-la-circunvalacion-de-rio-cuarto\\\/\",\"name\":\"Schiaretti anunci\u00f3 el llamado a licitaci\u00f3n para la circunvalaci\u00f3n de R\u00edo Cuarto - Fm Gente\",\"isPartOf\":{\"@id\":\"https:\\\/\\\/fmgente.com.ar\\\/web\\\/#website\"},\"primaryImageOfPage\":{\"@id\":\"https:\\\/\\\/fmgente.com.ar\\\/web\\\/schiaretti-anuncio-el-llamado-a-licitacion-para-la-circunvalacion-de-rio-cuarto\\\/#primaryimage\"},\"image\":{\"@id\":\"https:\\\/\\\/fmgente.com.ar\\\/web\\\/schiaretti-anuncio-el-llamado-a-licitacion-para-la-circunvalacion-de-rio-cuarto\\\/#primaryimage\"},\"thumbnailUrl\":\"https:\\\/\\\/fmgente.com.ar\\\/web\\\/wp-content\\\/uploads\\\/2023\\\/07\\\/20230719171846_1D7A2733-scaled.jpg\",\"datePublished\":\"2023-07-20T10:46:13+00:00\",\"inLanguage\":\"es\",\"potentialAction\":[{\"@type\":\"ReadAction\",\"target\":[\"https:\\\/\\\/fmgente.com.ar\\\/web\\\/schiaretti-anuncio-el-llamado-a-licitacion-para-la-circunvalacion-de-rio-cuarto\\\/\"]}]},{\"@type\":\"ImageObject\",\"inLanguage\":\"es\",\"@id\":\"https:\\\/\\\/fmgente.com.ar\\\/web\\\/schiaretti-anuncio-el-llamado-a-licitacion-para-la-circunvalacion-de-rio-cuarto\\\/#primaryimage\",\"url\":\"https:\\\/\\\/fmgente.com.ar\\\/web\\\/wp-content\\\/uploads\\\/2023\\\/07\\\/20230719171846_1D7A2733-scaled.jpg\",\"contentUrl\":\"https:\\\/\\\/fmgente.com.ar\\\/web\\\/wp-content\\\/uploads\\\/2023\\\/07\\\/20230719171846_1D7A2733-scaled.jpg\",\"width\":2560,\"height\":1707},{\"@type\":\"WebSite\",\"@id\":\"https:\\\/\\\/fmgente.com.ar\\\/web\\\/#website\",\"url\":\"https:\\\/\\\/fmgente.com.ar\\\/web\\\/\",\"name\":\"Fm Gente\",\"description\":\"- Jes\u00fas Mar\u00eda\",\"publisher\":{\"@id\":\"https:\\\/\\\/fmgente.com.ar\\\/web\\\/#organization\"},\"potentialAction\":[{\"@type\":\"SearchAction\",\"target\":{\"@type\":\"EntryPoint\",\"urlTemplate\":\"https:\\\/\\\/fmgente.com.ar\\\/web\\\/?s={search_term_string}\"},\"query-input\":{\"@type\":\"PropertyValueSpecification\",\"valueRequired\":true,\"valueName\":\"search_term_string\"}}],\"inLanguage\":\"es\"},{\"@type\":\"Organization\",\"@id\":\"https:\\\/\\\/fmgente.com.ar\\\/web\\\/#organization\",\"name\":\"Fm Gente\",\"url\":\"https:\\\/\\\/fmgente.com.ar\\\/web\\\/\",\"logo\":{\"@type\":\"ImageObject\",\"inLanguage\":\"es\",\"@id\":\"https:\\\/\\\/fmgente.com.ar\\\/web\\\/#\\\/schema\\\/logo\\\/image\\\/\",\"url\":\"https:\\\/\\\/fmgente.com.ar\\\/web\\\/wp-content\\\/uploads\\\/2023\\\/07\\\/cropped-cropped-logo-sombra2.png\",\"contentUrl\":\"https:\\\/\\\/fmgente.com.ar\\\/web\\\/wp-content\\\/uploads\\\/2023\\\/07\\\/cropped-cropped-logo-sombra2.png\",\"width\":1782,\"height\":1782,\"caption\":\"Fm Gente\"},\"image\":{\"@id\":\"https:\\\/\\\/fmgente.com.ar\\\/web\\\/#\\\/schema\\\/logo\\\/image\\\/\"}},{\"@type\":\"Person\",\"@id\":\"https:\\\/\\\/fmgente.com.ar\\\/web\\\/#\\\/schema\\\/person\\\/ba03fa75c17effdaafbd6daa1d78c508\",\"name\":\"Adri\u00e1n Hern\u00e1ndez\",\"url\":\"https:\\\/\\\/fmgente.com.ar\\\/web\\\/author\\\/c1601891\\\/\"}]}<\/script>\n<!-- \/ Yoast SEO plugin. -->","yoast_head_json":{"title":"Schiaretti anunci\u00f3 el llamado a licitaci\u00f3n para la circunvalaci\u00f3n de R\u00edo Cuarto - Fm Gente","robots":{"index":"index","follow":"follow","max-snippet":"max-snippet:-1","max-image-preview":"max-image-preview:large","max-video-preview":"max-video-preview:-1"},"canonical":"https:\/\/fmgente.com.ar\/web\/schiaretti-anuncio-el-llamado-a-licitacion-para-la-circunvalacion-de-rio-cuarto\/","og_locale":"es_ES","og_type":"article","og_title":"Schiaretti anunci\u00f3 el llamado a licitaci\u00f3n para la circunvalaci\u00f3n de R\u00edo Cuarto - Fm Gente","og_description":"Este mi\u00e9rcoles, en el Centro C\u00edvico de R\u00edo Cuarto, el gobernador Juan Schiaretti anunci\u00f3 el","og_url":"https:\/\/fmgente.com.ar\/web\/schiaretti-anuncio-el-llamado-a-licitacion-para-la-circunvalacion-de-rio-cuarto\/","og_site_name":"Fm Gente","article_published_time":"2023-07-20T10:46:13+00:00","og_image":[{"width":2560,"height":1707,"url":"https:\/\/fmgente.com.ar\/web\/wp-content\/uploads\/2023\/07\/20230719171846_1D7A2733-scaled.jpg","type":"image\/jpeg"}],"author":"Adri\u00e1n Hern\u00e1ndez","twitter_card":"summary_large_image","twitter_misc":{"Escrito por":"Adri\u00e1n Hern\u00e1ndez","Tiempo de lectura":"5 minutos"},"schema":{"@context":"https:\/\/schema.org","@graph":[{"@type":"Article","@id":"https:\/\/fmgente.com.ar\/web\/schiaretti-anuncio-el-llamado-a-licitacion-para-la-circunvalacion-de-rio-cuarto\/#article","isPartOf":{"@id":"https:\/\/fmgente.com.ar\/web\/schiaretti-anuncio-el-llamado-a-licitacion-para-la-circunvalacion-de-rio-cuarto\/"},"author":{"name":"Adri\u00e1n Hern\u00e1ndez","@id":"https:\/\/fmgente.com.ar\/web\/#\/schema\/person\/ba03fa75c17effdaafbd6daa1d78c508"},"headline":"Schiaretti anunci\u00f3 el llamado a licitaci\u00f3n para la circunvalaci\u00f3n de R\u00edo Cuarto","datePublished":"2023-07-20T10:46:13+00:00","mainEntityOfPage":{"@id":"https:\/\/fmgente.com.ar\/web\/schiaretti-anuncio-el-llamado-a-licitacion-para-la-circunvalacion-de-rio-cuarto\/"},"wordCount":768,"publisher":{"@id":"https:\/\/fmgente.com.ar\/web\/#organization"},"image":{"@id":"https:\/\/fmgente.com.ar\/web\/schiaretti-anuncio-el-llamado-a-licitacion-para-la-circunvalacion-de-rio-cuarto\/#primaryimage"},"thumbnailUrl":"https:\/\/fmgente.com.ar\/web\/wp-content\/uploads\/2023\/07\/20230719171846_1D7A2733-scaled.jpg","keywords":["circunvalaci\u00f3n","C\u00f3rdoba","licitaci\u00f3n","R\u00edo Cuarto","Scahiretti"],"articleSection":["DESTACADAS"],"inLanguage":"es"},{"@type":"WebPage","@id":"https:\/\/fmgente.com.ar\/web\/schiaretti-anuncio-el-llamado-a-licitacion-para-la-circunvalacion-de-rio-cuarto\/","url":"https:\/\/fmgente.com.ar\/web\/schiaretti-anuncio-el-llamado-a-licitacion-para-la-circunvalacion-de-rio-cuarto\/","name":"Schiaretti anunci\u00f3 el llamado a licitaci\u00f3n para la circunvalaci\u00f3n de R\u00edo Cuarto - Fm Gente","isPartOf":{"@id":"https:\/\/fmgente.com.ar\/web\/#website"},"primaryImageOfPage":{"@id":"https:\/\/fmgente.com.ar\/web\/schiaretti-anuncio-el-llamado-a-licitacion-para-la-circunvalacion-de-rio-cuarto\/#primaryimage"},"image":{"@id":"https:\/\/fmgente.com.ar\/web\/schiaretti-anuncio-el-llamado-a-licitacion-para-la-circunvalacion-de-rio-cuarto\/#primaryimage"},"thumbnailUrl":"https:\/\/fmgente.com.ar\/web\/wp-content\/uploads\/2023\/07\/20230719171846_1D7A2733-scaled.jpg","datePublished":"2023-07-20T10:46:13+00:00","inLanguage":"es","potentialAction":[{"@type":"ReadAction","target":["https:\/\/fmgente.com.ar\/web\/schiaretti-anuncio-el-llamado-a-licitacion-para-la-circunvalacion-de-rio-cuarto\/"]}]},{"@type":"ImageObject","inLanguage":"es","@id":"https:\/\/fmgente.com.ar\/web\/schiaretti-anuncio-el-llamado-a-licitacion-para-la-circunvalacion-de-rio-cuarto\/#primaryimage","url":"https:\/\/fmgente.com.ar\/web\/wp-content\/uploads\/2023\/07\/20230719171846_1D7A2733-scaled.jpg","contentUrl":"https:\/\/fmgente.com.ar\/web\/wp-content\/uploads\/2023\/07\/20230719171846_1D7A2733-scaled.jpg","width":2560,"height":1707},{"@type":"WebSite","@id":"https:\/\/fmgente.com.ar\/web\/#website","url":"https:\/\/fmgente.com.ar\/web\/","name":"Fm Gente","description":"- Jes\u00fas Mar\u00eda","publisher":{"@id":"https:\/\/fmgente.com.ar\/web\/#organization"},"potentialAction":[{"@type":"SearchAction","target":{"@type":"EntryPoint","urlTemplate":"https:\/\/fmgente.com.ar\/web\/?s={search_term_string}"},"query-input":{"@type":"PropertyValueSpecification","valueRequired":true,"valueName":"search_term_string"}}],"inLanguage":"es"},{"@type":"Organization","@id":"https:\/\/fmgente.com.ar\/web\/#organization","name":"Fm Gente","url":"https:\/\/fmgente.com.ar\/web\/","logo":{"@type":"ImageObject","inLanguage":"es","@id":"https:\/\/fmgente.com.ar\/web\/#\/schema\/logo\/image\/","url":"https:\/\/fmgente.com.ar\/web\/wp-content\/uploads\/2023\/07\/cropped-cropped-logo-sombra2.png","contentUrl":"https:\/\/fmgente.com.ar\/web\/wp-content\/uploads\/2023\/07\/cropped-cropped-logo-sombra2.png","width":1782,"height":1782,"caption":"Fm Gente"},"image":{"@id":"https:\/\/fmgente.com.ar\/web\/#\/schema\/logo\/image\/"}},{"@type":"Person","@id":"https:\/\/fmgente.com.ar\/web\/#\/schema\/person\/ba03fa75c17effdaafbd6daa1d78c508","name":"Adri\u00e1n Hern\u00e1ndez","url":"https:\/\/fmgente.com.ar\/web\/author\/c1601891\/"}]}},"_links":{"self":[{"href":"https:\/\/fmgente.com.ar\/web\/wp-json\/wp\/v2\/posts\/425","targetHints":{"allow":["GET"]}}],"collection":[{"href":"https:\/\/fmgente.com.ar\/web\/wp-json\/wp\/v2\/posts"}],"about":[{"href":"https:\/\/fmgente.com.ar\/web\/wp-json\/wp\/v2\/types\/post"}],"author":[{"embeddable":true,"href":"https:\/\/fmgente.com.ar\/web\/wp-json\/wp\/v2\/users\/2"}],"replies":[{"embeddable":true,"href":"https:\/\/fmgente.com.ar\/web\/wp-json\/wp\/v2\/comments?post=425"}],"version-history":[{"count":1,"href":"https:\/\/fmgente.com.ar\/web\/wp-json\/wp\/v2\/posts\/425\/revisions"}],"predecessor-version":[{"id":427,"href":"https:\/\/fmgente.com.ar\/web\/wp-json\/wp\/v2\/posts\/425\/revisions\/427"}],"wp:featuredmedia":[{"embeddable":true,"href":"https:\/\/fmgente.com.ar\/web\/wp-json\/wp\/v2\/media\/426"}],"wp:attachment":[{"href":"https:\/\/fmgente.com.ar\/web\/wp-json\/wp\/v2\/media?parent=425"}],"wp:term":[{"taxonomy":"category","embeddable":true,"href":"https:\/\/fmgente.com.ar\/web\/wp-json\/wp\/v2\/categories?post=425"},{"taxonomy":"post_tag","embeddable":true,"href":"https:\/\/fmgente.com.ar\/web\/wp-json\/wp\/v2\/tags?post=425"}],"curies":[{"name":"wp","href":"https:\/\/api.w.org\/{rel}","templated":true}]}}