{"id":422,"date":"2023-07-20T07:41:07","date_gmt":"2023-07-20T10:41:07","guid":{"rendered":"https:\/\/fmgente.com.ar\/?p=422"},"modified":"2023-07-20T07:41:16","modified_gmt":"2023-07-20T10:41:16","slug":"con-15-millon-de-visitas-oferton-2023-consolida-a-cordoba-como-referente-del-e-commerce-nacional","status":"publish","type":"post","link":"https:\/\/fmgente.com.ar\/web\/con-15-millon-de-visitas-oferton-2023-consolida-a-cordoba-como-referente-del-e-commerce-nacional\/","title":{"rendered":"Con 1,5 mill\u00f3n de visitas, Ofert\u00f3n 2023 consolida a C\u00f3rdoba como referente del e-commerce nacional"},"content":{"rendered":"<article id=\"post-560342\" class=\"post-560342 post type-post status-publish format-standard has-post-thumbnail hentry category-informacion-general ast-article-single\">\n<div class=\"ast-post-format- single-layout-1\">\n<div class=\"entry-content clear\">\n<p>El ministro de Industria, Comercio y Miner\u00eda, Eduardo Accastello,\u00a0<strong>present\u00f3 ese mi\u00e9rcoles los datos de la cuarta edici\u00f3n de Ofert\u00f3n,<\/strong>\u00a0la convocatoria de venta online impulsada por el Gobierno de C\u00f3rdoba que se realiz\u00f3 del 3 al 5 de julio pasados.<\/p>\n<p>Estuvieron tambi\u00e9n presentes el secretario de Comercio, Juan Pablo Inglese; autoridades de Tienda Bancor, Fedecom, la C\u00e1mara de Comercio, Mobbex, OCA, y la directora de E.Commerce, Florencia Margar\u00eda.<\/p>\n<p>En esta edici\u00f3n,\u00a0<strong>participaron 850 marcas de toda la provincia en 15 categor\u00edas<\/strong>. El 60 por ciento de las marcas fueron del interior provincial y el 40 por ciento de C\u00f3rdoba Capital, contando por primera vez, con la posibilidad de ofrecer los\u00a0<strong>beneficios de\u00a0\u201cenv\u00edo gratis\u201d y \u201ccuotas sin inter\u00e9s\u201d.<\/strong><\/p>\n<figure class=\"wp-block-gallery has-nested-images columns-default is-cropped wp-block-gallery-1 is-layout-flex\">\n<figure class=\"wp-block-image size-large\"><img loading=\"lazy\" decoding=\"async\" class=\"wp-image-560340\" src=\"https:\/\/prensa.cba.gov.ar\/wp-content\/uploads\/2023\/07\/nota-19-julio-galeria-1-editada.jpg\" alt=\"\" width=\"990\" height=\"660\" data-id=\"560340\" \/><\/figure>\n<figure class=\"wp-block-image size-large\"><img loading=\"lazy\" decoding=\"async\" class=\"wp-image-560339\" src=\"https:\/\/prensa.cba.gov.ar\/wp-content\/uploads\/2023\/07\/nota-19-julio-galeria-2-editada.jpg\" alt=\"\" width=\"990\" height=\"660\" data-id=\"560339\" \/><\/figure>\n<\/figure>\n<p>Los productos que m\u00e1s se vendieron fueron los de las categor\u00edas que se encuentran en los supermercados, tales como electrodom\u00e9sticos, alimentos, y decoraci\u00f3n.<\/p>\n<p><strong>El Ofert\u00f3n 2023 en n\u00fameros durante las tres jornadas<\/strong><\/p>\n<ul>\n<li>La facturaci\u00f3n durante fue de\u00a0<strong>950.000.000 pesos, aproximadamente<\/strong>.<\/li>\n<li>El sitio recibi\u00f3\u00a0<strong>1.500.000\u00a0de visitas de todo el pa\u00eds<\/strong>.<\/li>\n<li><img decoding=\"async\" class=\"emoji\" role=\"img\" draggable=\"false\" src=\"https:\/\/s.w.org\/images\/core\/emoji\/14.0.0\/svg\/2714.svg\" alt=\"&#x2714;\" \/>\u00a0\u00a0\u00a0\u00a0\u00a0 El\u00a0<strong>ticket promedio de compra<\/strong>\u00a0fue de\u00a0<strong>+\/- 25.350<\/strong><\/li>\n<li>Las marcas, vendieron en promedio\u00a0<strong>119 productos<\/strong>.<\/li>\n<li><strong>M\u00e1s del 70%<\/strong>\u00a0de las marcas participantes ofrecieron alguno de los sellos \u201cenv\u00edo gratis\u201d y \u201ccuotas sin inter\u00e9s\u201d.<\/li>\n<li>Quienes m\u00e1s interactuaron con el sitio, fueron en un\u00a0<strong>70% mujeres y un 30% hombres entre los 35 y 55 a\u00f1os.<\/strong><\/li>\n<li>Las principales ciudades de la provincia que registraron ventas fueron las ciudades de C\u00f3rdoba, Villa Mar\u00eda, R\u00edo Cuarto, Carlos Paz, San Francisco, R\u00edo Tercero y Bell Ville.<\/li>\n<li>Las principales provincias de Argentina que registraron ventas fueron: Buenos Aires, Mendoza, Santa Fe, Corrientes, Tucum\u00e1n, Neuqu\u00e9n, Salta, San Juan.<\/li>\n<li>Ofert\u00f3n 2023, recibi\u00f3 la visita de consumidores de 20 provincias del pa\u00eds.<\/li>\n<li>El 85% de los usuarios ingres\u00f3 desde su celular y el 15% restante desde la PC y la Tablet.<\/li>\n<\/ul>\n<p><iframe loading=\"lazy\" title=\"Con m\u00e1s de 1.500.000 visitas, Ofert\u00f3n consolida a C\u00f3rdoba como referente del e-commerce nacional\" src=\"https:\/\/www.youtube.com\/embed\/d0zkIr0bKUg\" width=\"853\" height=\"480\" frameborder=\"0\" allowfullscreen=\"allowfullscreen\" data-mce-fragment=\"1\"><\/iframe>En la ocasi\u00f3n, Accastello resalt\u00f3 que<em>\u00a0\u201c<strong>C\u00f3rdoba se consolida y sigue liderando el e-commerce del interior del pa\u00eds lo que se traduce en m\u00e1s empleo cordob\u00e9s\u201d.<\/strong><\/em><\/p>\n<p><strong><em>\u201cOfert\u00f3n es una herramienta que surge del sector privado en articulaci\u00f3n con el sector p\u00fablico, que permite a los comercios de cualquier rubro, pueblo y localidad de nuestra provincia tener nuevas oportunidades de ventas \u201c,\u00a0<\/em><\/strong>manifest\u00f3.<\/p>\n<p>Luego, el ministro destac\u00f3 el esfuerzo realizado por las 850 marcas cordobesas y las entidades financieras que acompa\u00f1aron a Ofert\u00f3n, ya que el 70 por ciento de las compras se realizaron motivadas por\u00a0<strong><em>\u201clas cuotas sin inter\u00e9s y el env\u00edo gratuito\u201d.<\/em><\/strong><\/p>\n<p>El funcionario agradeci\u00f3 a las empresas de log\u00edstica que no cobraron el costo de transporte y enfatiz\u00f3 que est\u00e1 conjunci\u00f3n\u00a0<strong><em>\u201cpermiti\u00f3 que Ofert\u00f3n 2023 haya sido nuevamente una experiencia exitosa\u201d.<\/em><\/strong><\/p>\n<p>Finalmente, Accastello sostuvo que con\u00a0<strong><em>\u201cesta iniciativa junto al sector privado buscamos darle mayor competitividad al sector y empoderar al comercio digital cordob\u00e9s y tambi\u00e9n permitir a los consumidores optimizar su tiempo de compra aprovechando diferentes beneficios\u201d.<\/em><\/strong><\/p>\n<\/div>\n<\/div>\n<\/article>\n","protected":false},"excerpt":{"rendered":"<p>El ministro de Industria, Comercio y Miner\u00eda, Eduardo Accastello,\u00a0present\u00f3 ese mi\u00e9rcoles los datos de la<\/p>\n","protected":false},"author":2,"featured_media":423,"comment_status":"closed","ping_status":"closed","sticky":false,"template":"","format":"video","meta":{"footnotes":""},"categories":[11],"tags":[23,55,359,51,46,360],"class_list":["post-422","post","type-post","status-publish","format-video","has-post-thumbnail","hentry","category-destacadas","tag-cordoba","tag-e-commerce","tag-nacional","tag-oferton","tag-provincia","tag-referente","post_format-post-format-video"],"yoast_head":"<!-- This site is optimized with the Yoast SEO plugin v27.4 - https:\/\/yoast.com\/product\/yoast-seo-wordpress\/ -->\n<title>Con 1,5 mill\u00f3n de visitas, Ofert\u00f3n 2023 consolida a C\u00f3rdoba como referente del e-commerce nacional - Fm Gente<\/title>\n<meta name=\"robots\" content=\"index, follow, max-snippet:-1, max-image-preview:large, max-video-preview:-1\" \/>\n<link rel=\"canonical\" href=\"https:\/\/fmgente.com.ar\/web\/con-15-millon-de-visitas-oferton-2023-consolida-a-cordoba-como-referente-del-e-commerce-nacional\/\" \/>\n<meta property=\"og:locale\" content=\"es_ES\" \/>\n<meta property=\"og:type\" content=\"article\" \/>\n<meta property=\"og:title\" content=\"Con 1,5 mill\u00f3n de visitas, Ofert\u00f3n 2023 consolida a C\u00f3rdoba como referente del e-commerce nacional - Fm Gente\" \/>\n<meta property=\"og:description\" content=\"El ministro de Industria, Comercio y Miner\u00eda, Eduardo Accastello,\u00a0present\u00f3 ese mi\u00e9rcoles los datos de la\" \/>\n<meta property=\"og:url\" content=\"https:\/\/fmgente.com.ar\/web\/con-15-millon-de-visitas-oferton-2023-consolida-a-cordoba-como-referente-del-e-commerce-nacional\/\" \/>\n<meta property=\"og:site_name\" content=\"Fm Gente\" \/>\n<meta property=\"article:published_time\" content=\"2023-07-20T10:41:07+00:00\" \/>\n<meta property=\"article:modified_time\" content=\"2023-07-20T10:41:16+00:00\" \/>\n<meta property=\"og:image\" content=\"https:\/\/fmgente.com.ar\/web\/wp-content\/uploads\/2023\/07\/nota-19-julio-principal-editada.jpg\" \/>\n\t<meta property=\"og:image:width\" content=\"990\" \/>\n\t<meta property=\"og:image:height\" content=\"660\" \/>\n\t<meta property=\"og:image:type\" content=\"image\/jpeg\" \/>\n<meta name=\"author\" content=\"Adri\u00e1n Hern\u00e1ndez\" \/>\n<meta name=\"twitter:card\" content=\"summary_large_image\" \/>\n<meta name=\"twitter:label1\" content=\"Escrito por\" \/>\n\t<meta name=\"twitter:data1\" content=\"Adri\u00e1n Hern\u00e1ndez\" \/>\n\t<meta name=\"twitter:label2\" content=\"Tiempo de lectura\" \/>\n\t<meta name=\"twitter:data2\" content=\"3 minutos\" \/>\n<script type=\"application\/ld+json\" class=\"yoast-schema-graph\">{\"@context\":\"https:\\\/\\\/schema.org\",\"@graph\":[{\"@type\":\"Article\",\"@id\":\"https:\\\/\\\/fmgente.com.ar\\\/web\\\/con-15-millon-de-visitas-oferton-2023-consolida-a-cordoba-como-referente-del-e-commerce-nacional\\\/#article\",\"isPartOf\":{\"@id\":\"https:\\\/\\\/fmgente.com.ar\\\/web\\\/con-15-millon-de-visitas-oferton-2023-consolida-a-cordoba-como-referente-del-e-commerce-nacional\\\/\"},\"author\":{\"name\":\"Adri\u00e1n Hern\u00e1ndez\",\"@id\":\"https:\\\/\\\/fmgente.com.ar\\\/web\\\/#\\\/schema\\\/person\\\/ba03fa75c17effdaafbd6daa1d78c508\"},\"headline\":\"Con 1,5 mill\u00f3n de visitas, Ofert\u00f3n 2023 consolida a C\u00f3rdoba como referente del e-commerce nacional\",\"datePublished\":\"2023-07-20T10:41:07+00:00\",\"dateModified\":\"2023-07-20T10:41:16+00:00\",\"mainEntityOfPage\":{\"@id\":\"https:\\\/\\\/fmgente.com.ar\\\/web\\\/con-15-millon-de-visitas-oferton-2023-consolida-a-cordoba-como-referente-del-e-commerce-nacional\\\/\"},\"wordCount\":516,\"publisher\":{\"@id\":\"https:\\\/\\\/fmgente.com.ar\\\/web\\\/#organization\"},\"image\":{\"@id\":\"https:\\\/\\\/fmgente.com.ar\\\/web\\\/con-15-millon-de-visitas-oferton-2023-consolida-a-cordoba-como-referente-del-e-commerce-nacional\\\/#primaryimage\"},\"thumbnailUrl\":\"https:\\\/\\\/fmgente.com.ar\\\/web\\\/wp-content\\\/uploads\\\/2023\\\/07\\\/nota-19-julio-principal-editada.jpg\",\"keywords\":[\"C\u00f3rdoba\",\"e-commerce\",\"nacional\",\"ofert\u00f3n\",\"provincia\",\"referente\"],\"articleSection\":[\"DESTACADAS\"],\"inLanguage\":\"es\"},{\"@type\":\"WebPage\",\"@id\":\"https:\\\/\\\/fmgente.com.ar\\\/web\\\/con-15-millon-de-visitas-oferton-2023-consolida-a-cordoba-como-referente-del-e-commerce-nacional\\\/\",\"url\":\"https:\\\/\\\/fmgente.com.ar\\\/web\\\/con-15-millon-de-visitas-oferton-2023-consolida-a-cordoba-como-referente-del-e-commerce-nacional\\\/\",\"name\":\"Con 1,5 mill\u00f3n de visitas, Ofert\u00f3n 2023 consolida a C\u00f3rdoba como referente del e-commerce nacional - Fm Gente\",\"isPartOf\":{\"@id\":\"https:\\\/\\\/fmgente.com.ar\\\/web\\\/#website\"},\"primaryImageOfPage\":{\"@id\":\"https:\\\/\\\/fmgente.com.ar\\\/web\\\/con-15-millon-de-visitas-oferton-2023-consolida-a-cordoba-como-referente-del-e-commerce-nacional\\\/#primaryimage\"},\"image\":{\"@id\":\"https:\\\/\\\/fmgente.com.ar\\\/web\\\/con-15-millon-de-visitas-oferton-2023-consolida-a-cordoba-como-referente-del-e-commerce-nacional\\\/#primaryimage\"},\"thumbnailUrl\":\"https:\\\/\\\/fmgente.com.ar\\\/web\\\/wp-content\\\/uploads\\\/2023\\\/07\\\/nota-19-julio-principal-editada.jpg\",\"datePublished\":\"2023-07-20T10:41:07+00:00\",\"dateModified\":\"2023-07-20T10:41:16+00:00\",\"inLanguage\":\"es\",\"potentialAction\":[{\"@type\":\"ReadAction\",\"target\":[\"https:\\\/\\\/fmgente.com.ar\\\/web\\\/con-15-millon-de-visitas-oferton-2023-consolida-a-cordoba-como-referente-del-e-commerce-nacional\\\/\"]}]},{\"@type\":\"ImageObject\",\"inLanguage\":\"es\",\"@id\":\"https:\\\/\\\/fmgente.com.ar\\\/web\\\/con-15-millon-de-visitas-oferton-2023-consolida-a-cordoba-como-referente-del-e-commerce-nacional\\\/#primaryimage\",\"url\":\"https:\\\/\\\/fmgente.com.ar\\\/web\\\/wp-content\\\/uploads\\\/2023\\\/07\\\/nota-19-julio-principal-editada.jpg\",\"contentUrl\":\"https:\\\/\\\/fmgente.com.ar\\\/web\\\/wp-content\\\/uploads\\\/2023\\\/07\\\/nota-19-julio-principal-editada.jpg\",\"width\":990,\"height\":660},{\"@type\":\"WebSite\",\"@id\":\"https:\\\/\\\/fmgente.com.ar\\\/web\\\/#website\",\"url\":\"https:\\\/\\\/fmgente.com.ar\\\/web\\\/\",\"name\":\"Fm Gente\",\"description\":\"- Jes\u00fas Mar\u00eda\",\"publisher\":{\"@id\":\"https:\\\/\\\/fmgente.com.ar\\\/web\\\/#organization\"},\"potentialAction\":[{\"@type\":\"SearchAction\",\"target\":{\"@type\":\"EntryPoint\",\"urlTemplate\":\"https:\\\/\\\/fmgente.com.ar\\\/web\\\/?s={search_term_string}\"},\"query-input\":{\"@type\":\"PropertyValueSpecification\",\"valueRequired\":true,\"valueName\":\"search_term_string\"}}],\"inLanguage\":\"es\"},{\"@type\":\"Organization\",\"@id\":\"https:\\\/\\\/fmgente.com.ar\\\/web\\\/#organization\",\"name\":\"Fm Gente\",\"url\":\"https:\\\/\\\/fmgente.com.ar\\\/web\\\/\",\"logo\":{\"@type\":\"ImageObject\",\"inLanguage\":\"es\",\"@id\":\"https:\\\/\\\/fmgente.com.ar\\\/web\\\/#\\\/schema\\\/logo\\\/image\\\/\",\"url\":\"https:\\\/\\\/fmgente.com.ar\\\/web\\\/wp-content\\\/uploads\\\/2023\\\/07\\\/cropped-cropped-logo-sombra2.png\",\"contentUrl\":\"https:\\\/\\\/fmgente.com.ar\\\/web\\\/wp-content\\\/uploads\\\/2023\\\/07\\\/cropped-cropped-logo-sombra2.png\",\"width\":1782,\"height\":1782,\"caption\":\"Fm Gente\"},\"image\":{\"@id\":\"https:\\\/\\\/fmgente.com.ar\\\/web\\\/#\\\/schema\\\/logo\\\/image\\\/\"}},{\"@type\":\"Person\",\"@id\":\"https:\\\/\\\/fmgente.com.ar\\\/web\\\/#\\\/schema\\\/person\\\/ba03fa75c17effdaafbd6daa1d78c508\",\"name\":\"Adri\u00e1n Hern\u00e1ndez\",\"url\":\"https:\\\/\\\/fmgente.com.ar\\\/web\\\/author\\\/c1601891\\\/\"}]}<\/script>\n<!-- \/ Yoast SEO plugin. -->","yoast_head_json":{"title":"Con 1,5 mill\u00f3n de visitas, Ofert\u00f3n 2023 consolida a C\u00f3rdoba como referente del e-commerce nacional - Fm Gente","robots":{"index":"index","follow":"follow","max-snippet":"max-snippet:-1","max-image-preview":"max-image-preview:large","max-video-preview":"max-video-preview:-1"},"canonical":"https:\/\/fmgente.com.ar\/web\/con-15-millon-de-visitas-oferton-2023-consolida-a-cordoba-como-referente-del-e-commerce-nacional\/","og_locale":"es_ES","og_type":"article","og_title":"Con 1,5 mill\u00f3n de visitas, Ofert\u00f3n 2023 consolida a C\u00f3rdoba como referente del e-commerce nacional - Fm Gente","og_description":"El ministro de Industria, Comercio y Miner\u00eda, Eduardo Accastello,\u00a0present\u00f3 ese mi\u00e9rcoles los datos de la","og_url":"https:\/\/fmgente.com.ar\/web\/con-15-millon-de-visitas-oferton-2023-consolida-a-cordoba-como-referente-del-e-commerce-nacional\/","og_site_name":"Fm Gente","article_published_time":"2023-07-20T10:41:07+00:00","article_modified_time":"2023-07-20T10:41:16+00:00","og_image":[{"width":990,"height":660,"url":"https:\/\/fmgente.com.ar\/web\/wp-content\/uploads\/2023\/07\/nota-19-julio-principal-editada.jpg","type":"image\/jpeg"}],"author":"Adri\u00e1n Hern\u00e1ndez","twitter_card":"summary_large_image","twitter_misc":{"Escrito por":"Adri\u00e1n Hern\u00e1ndez","Tiempo de lectura":"3 minutos"},"schema":{"@context":"https:\/\/schema.org","@graph":[{"@type":"Article","@id":"https:\/\/fmgente.com.ar\/web\/con-15-millon-de-visitas-oferton-2023-consolida-a-cordoba-como-referente-del-e-commerce-nacional\/#article","isPartOf":{"@id":"https:\/\/fmgente.com.ar\/web\/con-15-millon-de-visitas-oferton-2023-consolida-a-cordoba-como-referente-del-e-commerce-nacional\/"},"author":{"name":"Adri\u00e1n Hern\u00e1ndez","@id":"https:\/\/fmgente.com.ar\/web\/#\/schema\/person\/ba03fa75c17effdaafbd6daa1d78c508"},"headline":"Con 1,5 mill\u00f3n de visitas, Ofert\u00f3n 2023 consolida a C\u00f3rdoba como referente del e-commerce nacional","datePublished":"2023-07-20T10:41:07+00:00","dateModified":"2023-07-20T10:41:16+00:00","mainEntityOfPage":{"@id":"https:\/\/fmgente.com.ar\/web\/con-15-millon-de-visitas-oferton-2023-consolida-a-cordoba-como-referente-del-e-commerce-nacional\/"},"wordCount":516,"publisher":{"@id":"https:\/\/fmgente.com.ar\/web\/#organization"},"image":{"@id":"https:\/\/fmgente.com.ar\/web\/con-15-millon-de-visitas-oferton-2023-consolida-a-cordoba-como-referente-del-e-commerce-nacional\/#primaryimage"},"thumbnailUrl":"https:\/\/fmgente.com.ar\/web\/wp-content\/uploads\/2023\/07\/nota-19-julio-principal-editada.jpg","keywords":["C\u00f3rdoba","e-commerce","nacional","ofert\u00f3n","provincia","referente"],"articleSection":["DESTACADAS"],"inLanguage":"es"},{"@type":"WebPage","@id":"https:\/\/fmgente.com.ar\/web\/con-15-millon-de-visitas-oferton-2023-consolida-a-cordoba-como-referente-del-e-commerce-nacional\/","url":"https:\/\/fmgente.com.ar\/web\/con-15-millon-de-visitas-oferton-2023-consolida-a-cordoba-como-referente-del-e-commerce-nacional\/","name":"Con 1,5 mill\u00f3n de visitas, Ofert\u00f3n 2023 consolida a C\u00f3rdoba como referente del e-commerce nacional - Fm Gente","isPartOf":{"@id":"https:\/\/fmgente.com.ar\/web\/#website"},"primaryImageOfPage":{"@id":"https:\/\/fmgente.com.ar\/web\/con-15-millon-de-visitas-oferton-2023-consolida-a-cordoba-como-referente-del-e-commerce-nacional\/#primaryimage"},"image":{"@id":"https:\/\/fmgente.com.ar\/web\/con-15-millon-de-visitas-oferton-2023-consolida-a-cordoba-como-referente-del-e-commerce-nacional\/#primaryimage"},"thumbnailUrl":"https:\/\/fmgente.com.ar\/web\/wp-content\/uploads\/2023\/07\/nota-19-julio-principal-editada.jpg","datePublished":"2023-07-20T10:41:07+00:00","dateModified":"2023-07-20T10:41:16+00:00","inLanguage":"es","potentialAction":[{"@type":"ReadAction","target":["https:\/\/fmgente.com.ar\/web\/con-15-millon-de-visitas-oferton-2023-consolida-a-cordoba-como-referente-del-e-commerce-nacional\/"]}]},{"@type":"ImageObject","inLanguage":"es","@id":"https:\/\/fmgente.com.ar\/web\/con-15-millon-de-visitas-oferton-2023-consolida-a-cordoba-como-referente-del-e-commerce-nacional\/#primaryimage","url":"https:\/\/fmgente.com.ar\/web\/wp-content\/uploads\/2023\/07\/nota-19-julio-principal-editada.jpg","contentUrl":"https:\/\/fmgente.com.ar\/web\/wp-content\/uploads\/2023\/07\/nota-19-julio-principal-editada.jpg","width":990,"height":660},{"@type":"WebSite","@id":"https:\/\/fmgente.com.ar\/web\/#website","url":"https:\/\/fmgente.com.ar\/web\/","name":"Fm Gente","description":"- Jes\u00fas Mar\u00eda","publisher":{"@id":"https:\/\/fmgente.com.ar\/web\/#organization"},"potentialAction":[{"@type":"SearchAction","target":{"@type":"EntryPoint","urlTemplate":"https:\/\/fmgente.com.ar\/web\/?s={search_term_string}"},"query-input":{"@type":"PropertyValueSpecification","valueRequired":true,"valueName":"search_term_string"}}],"inLanguage":"es"},{"@type":"Organization","@id":"https:\/\/fmgente.com.ar\/web\/#organization","name":"Fm Gente","url":"https:\/\/fmgente.com.ar\/web\/","logo":{"@type":"ImageObject","inLanguage":"es","@id":"https:\/\/fmgente.com.ar\/web\/#\/schema\/logo\/image\/","url":"https:\/\/fmgente.com.ar\/web\/wp-content\/uploads\/2023\/07\/cropped-cropped-logo-sombra2.png","contentUrl":"https:\/\/fmgente.com.ar\/web\/wp-content\/uploads\/2023\/07\/cropped-cropped-logo-sombra2.png","width":1782,"height":1782,"caption":"Fm Gente"},"image":{"@id":"https:\/\/fmgente.com.ar\/web\/#\/schema\/logo\/image\/"}},{"@type":"Person","@id":"https:\/\/fmgente.com.ar\/web\/#\/schema\/person\/ba03fa75c17effdaafbd6daa1d78c508","name":"Adri\u00e1n Hern\u00e1ndez","url":"https:\/\/fmgente.com.ar\/web\/author\/c1601891\/"}]}},"_links":{"self":[{"href":"https:\/\/fmgente.com.ar\/web\/wp-json\/wp\/v2\/posts\/422","targetHints":{"allow":["GET"]}}],"collection":[{"href":"https:\/\/fmgente.com.ar\/web\/wp-json\/wp\/v2\/posts"}],"about":[{"href":"https:\/\/fmgente.com.ar\/web\/wp-json\/wp\/v2\/types\/post"}],"author":[{"embeddable":true,"href":"https:\/\/fmgente.com.ar\/web\/wp-json\/wp\/v2\/users\/2"}],"replies":[{"embeddable":true,"href":"https:\/\/fmgente.com.ar\/web\/wp-json\/wp\/v2\/comments?post=422"}],"version-history":[{"count":1,"href":"https:\/\/fmgente.com.ar\/web\/wp-json\/wp\/v2\/posts\/422\/revisions"}],"predecessor-version":[{"id":424,"href":"https:\/\/fmgente.com.ar\/web\/wp-json\/wp\/v2\/posts\/422\/revisions\/424"}],"wp:featuredmedia":[{"embeddable":true,"href":"https:\/\/fmgente.com.ar\/web\/wp-json\/wp\/v2\/media\/423"}],"wp:attachment":[{"href":"https:\/\/fmgente.com.ar\/web\/wp-json\/wp\/v2\/media?parent=422"}],"wp:term":[{"taxonomy":"category","embeddable":true,"href":"https:\/\/fmgente.com.ar\/web\/wp-json\/wp\/v2\/categories?post=422"},{"taxonomy":"post_tag","embeddable":true,"href":"https:\/\/fmgente.com.ar\/web\/wp-json\/wp\/v2\/tags?post=422"}],"curies":[{"name":"wp","href":"https:\/\/api.w.org\/{rel}","templated":true}]}}