{"id":394,"date":"2023-07-19T07:40:49","date_gmt":"2023-07-19T10:40:49","guid":{"rendered":"https:\/\/fmgente.com.ar\/?p=394"},"modified":"2023-07-19T07:40:49","modified_gmt":"2023-07-19T10:40:49","slug":"en-junio-el-costo-de-la-construccion-en-cordoba-aumento-546","status":"publish","type":"post","link":"https:\/\/fmgente.com.ar\/web\/en-junio-el-costo-de-la-construccion-en-cordoba-aumento-546\/","title":{"rendered":"En junio el costo de la construcci\u00f3n en C\u00f3rdoba aument\u00f3 5,46%"},"content":{"rendered":"<article id=\"post-560195\" class=\"post-560195 post type-post status-publish format-standard has-post-thumbnail hentry category-economia category-informacion-general tag-icc-cba tag-indice-de-la-construccion ast-article-single\">\n<div class=\"ast-post-format- single-layout-1\">\n<div class=\"entry-content clear\">\n<p>Durante el mes de junio de 2023, el \u00cdndice del Costo de la Construcci\u00f3n de C\u00f3rdoba (ICC- Cba) registr\u00f3 una variaci\u00f3n mensual del 5,46% en su Nivel General y del 103,25% en relaci\u00f3n a junio de 2022.<\/p>\n<p>A continuaci\u00f3n, la variaci\u00f3n mensual por Cap\u00edtulos:<\/p>\n<figure class=\"wp-block-image size-full\"><img loading=\"lazy\" decoding=\"async\" class=\"wp-image-560196\" src=\"https:\/\/prensa.cba.gov.ar\/wp-content\/uploads\/2023\/07\/tabla1.jpg\" alt=\"\" width=\"450\" height=\"214\" \/><\/figure>\n<p>El costo del metro cuadrado, por su parte, asumi\u00f3 un valor de\u00a0<strong>$163.622,9.<\/strong><\/p>\n<figure class=\"wp-block-image size-full\"><img loading=\"lazy\" decoding=\"async\" class=\"wp-image-560197\" src=\"https:\/\/prensa.cba.gov.ar\/wp-content\/uploads\/2023\/07\/tabla2.jpg\" alt=\"\" width=\"331\" height=\"61\" \/><\/figure>\n<\/div>\n<\/div>\n<\/article>\n","protected":false},"excerpt":{"rendered":"<p>Durante el mes de junio de 2023, el \u00cdndice del Costo de la Construcci\u00f3n de<\/p>\n","protected":false},"author":2,"featured_media":395,"comment_status":"closed","ping_status":"closed","sticky":false,"template":"","format":"standard","meta":{"footnotes":""},"categories":[11],"tags":[333,210,23,332,168],"class_list":["post-394","post","type-post","status-publish","format-standard","has-post-thumbnail","hentry","category-destacadas","tag-aumento","tag-construccion","tag-cordoba","tag-costo","tag-junio"],"yoast_head":"<!-- This site is optimized with the Yoast SEO plugin v27.4 - https:\/\/yoast.com\/product\/yoast-seo-wordpress\/ -->\n<title>En junio el costo de la construcci\u00f3n en C\u00f3rdoba aument\u00f3 5,46% - Fm Gente<\/title>\n<meta name=\"robots\" content=\"index, follow, max-snippet:-1, max-image-preview:large, max-video-preview:-1\" \/>\n<link rel=\"canonical\" href=\"https:\/\/fmgente.com.ar\/web\/en-junio-el-costo-de-la-construccion-en-cordoba-aumento-546\/\" \/>\n<meta property=\"og:locale\" content=\"es_ES\" \/>\n<meta property=\"og:type\" content=\"article\" \/>\n<meta property=\"og:title\" content=\"En junio el costo de la construcci\u00f3n en C\u00f3rdoba aument\u00f3 5,46% - Fm Gente\" \/>\n<meta property=\"og:description\" content=\"Durante el mes de junio de 2023, el \u00cdndice del Costo de la Construcci\u00f3n de\" \/>\n<meta property=\"og:url\" content=\"https:\/\/fmgente.com.ar\/web\/en-junio-el-costo-de-la-construccion-en-cordoba-aumento-546\/\" \/>\n<meta property=\"og:site_name\" content=\"Fm Gente\" \/>\n<meta property=\"article:published_time\" content=\"2023-07-19T10:40:49+00:00\" \/>\n<meta property=\"og:image\" content=\"https:\/\/fmgente.com.ar\/web\/wp-content\/uploads\/2023\/07\/icc-construccion-4.jpg\" \/>\n\t<meta property=\"og:image:width\" content=\"990\" \/>\n\t<meta property=\"og:image:height\" content=\"660\" \/>\n\t<meta property=\"og:image:type\" content=\"image\/jpeg\" \/>\n<meta name=\"author\" content=\"Adri\u00e1n Hern\u00e1ndez\" \/>\n<meta name=\"twitter:card\" content=\"summary_large_image\" \/>\n<meta name=\"twitter:label1\" content=\"Escrito por\" \/>\n\t<meta name=\"twitter:data1\" content=\"Adri\u00e1n Hern\u00e1ndez\" \/>\n\t<meta name=\"twitter:label2\" content=\"Tiempo de lectura\" \/>\n\t<meta name=\"twitter:data2\" content=\"1 minuto\" \/>\n<script type=\"application\/ld+json\" class=\"yoast-schema-graph\">{\"@context\":\"https:\\\/\\\/schema.org\",\"@graph\":[{\"@type\":\"Article\",\"@id\":\"https:\\\/\\\/fmgente.com.ar\\\/web\\\/en-junio-el-costo-de-la-construccion-en-cordoba-aumento-546\\\/#article\",\"isPartOf\":{\"@id\":\"https:\\\/\\\/fmgente.com.ar\\\/web\\\/en-junio-el-costo-de-la-construccion-en-cordoba-aumento-546\\\/\"},\"author\":{\"name\":\"Adri\u00e1n Hern\u00e1ndez\",\"@id\":\"https:\\\/\\\/fmgente.com.ar\\\/web\\\/#\\\/schema\\\/person\\\/ba03fa75c17effdaafbd6daa1d78c508\"},\"headline\":\"En junio el costo de la construcci\u00f3n en C\u00f3rdoba aument\u00f3 5,46%\",\"datePublished\":\"2023-07-19T10:40:49+00:00\",\"mainEntityOfPage\":{\"@id\":\"https:\\\/\\\/fmgente.com.ar\\\/web\\\/en-junio-el-costo-de-la-construccion-en-cordoba-aumento-546\\\/\"},\"wordCount\":71,\"publisher\":{\"@id\":\"https:\\\/\\\/fmgente.com.ar\\\/web\\\/#organization\"},\"image\":{\"@id\":\"https:\\\/\\\/fmgente.com.ar\\\/web\\\/en-junio-el-costo-de-la-construccion-en-cordoba-aumento-546\\\/#primaryimage\"},\"thumbnailUrl\":\"https:\\\/\\\/fmgente.com.ar\\\/web\\\/wp-content\\\/uploads\\\/2023\\\/07\\\/icc-construccion-4.jpg\",\"keywords\":[\"aumento\",\"construcci\u00f3n\",\"C\u00f3rdoba\",\"costo\",\"junio\"],\"articleSection\":[\"DESTACADAS\"],\"inLanguage\":\"es\"},{\"@type\":\"WebPage\",\"@id\":\"https:\\\/\\\/fmgente.com.ar\\\/web\\\/en-junio-el-costo-de-la-construccion-en-cordoba-aumento-546\\\/\",\"url\":\"https:\\\/\\\/fmgente.com.ar\\\/web\\\/en-junio-el-costo-de-la-construccion-en-cordoba-aumento-546\\\/\",\"name\":\"En junio el costo de la construcci\u00f3n en C\u00f3rdoba aument\u00f3 5,46% - Fm Gente\",\"isPartOf\":{\"@id\":\"https:\\\/\\\/fmgente.com.ar\\\/web\\\/#website\"},\"primaryImageOfPage\":{\"@id\":\"https:\\\/\\\/fmgente.com.ar\\\/web\\\/en-junio-el-costo-de-la-construccion-en-cordoba-aumento-546\\\/#primaryimage\"},\"image\":{\"@id\":\"https:\\\/\\\/fmgente.com.ar\\\/web\\\/en-junio-el-costo-de-la-construccion-en-cordoba-aumento-546\\\/#primaryimage\"},\"thumbnailUrl\":\"https:\\\/\\\/fmgente.com.ar\\\/web\\\/wp-content\\\/uploads\\\/2023\\\/07\\\/icc-construccion-4.jpg\",\"datePublished\":\"2023-07-19T10:40:49+00:00\",\"inLanguage\":\"es\",\"potentialAction\":[{\"@type\":\"ReadAction\",\"target\":[\"https:\\\/\\\/fmgente.com.ar\\\/web\\\/en-junio-el-costo-de-la-construccion-en-cordoba-aumento-546\\\/\"]}]},{\"@type\":\"ImageObject\",\"inLanguage\":\"es\",\"@id\":\"https:\\\/\\\/fmgente.com.ar\\\/web\\\/en-junio-el-costo-de-la-construccion-en-cordoba-aumento-546\\\/#primaryimage\",\"url\":\"https:\\\/\\\/fmgente.com.ar\\\/web\\\/wp-content\\\/uploads\\\/2023\\\/07\\\/icc-construccion-4.jpg\",\"contentUrl\":\"https:\\\/\\\/fmgente.com.ar\\\/web\\\/wp-content\\\/uploads\\\/2023\\\/07\\\/icc-construccion-4.jpg\",\"width\":990,\"height\":660},{\"@type\":\"WebSite\",\"@id\":\"https:\\\/\\\/fmgente.com.ar\\\/web\\\/#website\",\"url\":\"https:\\\/\\\/fmgente.com.ar\\\/web\\\/\",\"name\":\"Fm Gente\",\"description\":\"- Jes\u00fas Mar\u00eda\",\"publisher\":{\"@id\":\"https:\\\/\\\/fmgente.com.ar\\\/web\\\/#organization\"},\"potentialAction\":[{\"@type\":\"SearchAction\",\"target\":{\"@type\":\"EntryPoint\",\"urlTemplate\":\"https:\\\/\\\/fmgente.com.ar\\\/web\\\/?s={search_term_string}\"},\"query-input\":{\"@type\":\"PropertyValueSpecification\",\"valueRequired\":true,\"valueName\":\"search_term_string\"}}],\"inLanguage\":\"es\"},{\"@type\":\"Organization\",\"@id\":\"https:\\\/\\\/fmgente.com.ar\\\/web\\\/#organization\",\"name\":\"Fm Gente\",\"url\":\"https:\\\/\\\/fmgente.com.ar\\\/web\\\/\",\"logo\":{\"@type\":\"ImageObject\",\"inLanguage\":\"es\",\"@id\":\"https:\\\/\\\/fmgente.com.ar\\\/web\\\/#\\\/schema\\\/logo\\\/image\\\/\",\"url\":\"https:\\\/\\\/fmgente.com.ar\\\/web\\\/wp-content\\\/uploads\\\/2023\\\/07\\\/cropped-cropped-logo-sombra2.png\",\"contentUrl\":\"https:\\\/\\\/fmgente.com.ar\\\/web\\\/wp-content\\\/uploads\\\/2023\\\/07\\\/cropped-cropped-logo-sombra2.png\",\"width\":1782,\"height\":1782,\"caption\":\"Fm Gente\"},\"image\":{\"@id\":\"https:\\\/\\\/fmgente.com.ar\\\/web\\\/#\\\/schema\\\/logo\\\/image\\\/\"}},{\"@type\":\"Person\",\"@id\":\"https:\\\/\\\/fmgente.com.ar\\\/web\\\/#\\\/schema\\\/person\\\/ba03fa75c17effdaafbd6daa1d78c508\",\"name\":\"Adri\u00e1n Hern\u00e1ndez\",\"url\":\"https:\\\/\\\/fmgente.com.ar\\\/web\\\/author\\\/c1601891\\\/\"}]}<\/script>\n<!-- \/ Yoast SEO plugin. -->","yoast_head_json":{"title":"En junio el costo de la construcci\u00f3n en C\u00f3rdoba aument\u00f3 5,46% - Fm Gente","robots":{"index":"index","follow":"follow","max-snippet":"max-snippet:-1","max-image-preview":"max-image-preview:large","max-video-preview":"max-video-preview:-1"},"canonical":"https:\/\/fmgente.com.ar\/web\/en-junio-el-costo-de-la-construccion-en-cordoba-aumento-546\/","og_locale":"es_ES","og_type":"article","og_title":"En junio el costo de la construcci\u00f3n en C\u00f3rdoba aument\u00f3 5,46% - Fm Gente","og_description":"Durante el mes de junio de 2023, el \u00cdndice del Costo de la Construcci\u00f3n de","og_url":"https:\/\/fmgente.com.ar\/web\/en-junio-el-costo-de-la-construccion-en-cordoba-aumento-546\/","og_site_name":"Fm Gente","article_published_time":"2023-07-19T10:40:49+00:00","og_image":[{"width":990,"height":660,"url":"https:\/\/fmgente.com.ar\/web\/wp-content\/uploads\/2023\/07\/icc-construccion-4.jpg","type":"image\/jpeg"}],"author":"Adri\u00e1n Hern\u00e1ndez","twitter_card":"summary_large_image","twitter_misc":{"Escrito por":"Adri\u00e1n Hern\u00e1ndez","Tiempo de lectura":"1 minuto"},"schema":{"@context":"https:\/\/schema.org","@graph":[{"@type":"Article","@id":"https:\/\/fmgente.com.ar\/web\/en-junio-el-costo-de-la-construccion-en-cordoba-aumento-546\/#article","isPartOf":{"@id":"https:\/\/fmgente.com.ar\/web\/en-junio-el-costo-de-la-construccion-en-cordoba-aumento-546\/"},"author":{"name":"Adri\u00e1n Hern\u00e1ndez","@id":"https:\/\/fmgente.com.ar\/web\/#\/schema\/person\/ba03fa75c17effdaafbd6daa1d78c508"},"headline":"En junio el costo de la construcci\u00f3n en C\u00f3rdoba aument\u00f3 5,46%","datePublished":"2023-07-19T10:40:49+00:00","mainEntityOfPage":{"@id":"https:\/\/fmgente.com.ar\/web\/en-junio-el-costo-de-la-construccion-en-cordoba-aumento-546\/"},"wordCount":71,"publisher":{"@id":"https:\/\/fmgente.com.ar\/web\/#organization"},"image":{"@id":"https:\/\/fmgente.com.ar\/web\/en-junio-el-costo-de-la-construccion-en-cordoba-aumento-546\/#primaryimage"},"thumbnailUrl":"https:\/\/fmgente.com.ar\/web\/wp-content\/uploads\/2023\/07\/icc-construccion-4.jpg","keywords":["aumento","construcci\u00f3n","C\u00f3rdoba","costo","junio"],"articleSection":["DESTACADAS"],"inLanguage":"es"},{"@type":"WebPage","@id":"https:\/\/fmgente.com.ar\/web\/en-junio-el-costo-de-la-construccion-en-cordoba-aumento-546\/","url":"https:\/\/fmgente.com.ar\/web\/en-junio-el-costo-de-la-construccion-en-cordoba-aumento-546\/","name":"En junio el costo de la construcci\u00f3n en C\u00f3rdoba aument\u00f3 5,46% - Fm Gente","isPartOf":{"@id":"https:\/\/fmgente.com.ar\/web\/#website"},"primaryImageOfPage":{"@id":"https:\/\/fmgente.com.ar\/web\/en-junio-el-costo-de-la-construccion-en-cordoba-aumento-546\/#primaryimage"},"image":{"@id":"https:\/\/fmgente.com.ar\/web\/en-junio-el-costo-de-la-construccion-en-cordoba-aumento-546\/#primaryimage"},"thumbnailUrl":"https:\/\/fmgente.com.ar\/web\/wp-content\/uploads\/2023\/07\/icc-construccion-4.jpg","datePublished":"2023-07-19T10:40:49+00:00","inLanguage":"es","potentialAction":[{"@type":"ReadAction","target":["https:\/\/fmgente.com.ar\/web\/en-junio-el-costo-de-la-construccion-en-cordoba-aumento-546\/"]}]},{"@type":"ImageObject","inLanguage":"es","@id":"https:\/\/fmgente.com.ar\/web\/en-junio-el-costo-de-la-construccion-en-cordoba-aumento-546\/#primaryimage","url":"https:\/\/fmgente.com.ar\/web\/wp-content\/uploads\/2023\/07\/icc-construccion-4.jpg","contentUrl":"https:\/\/fmgente.com.ar\/web\/wp-content\/uploads\/2023\/07\/icc-construccion-4.jpg","width":990,"height":660},{"@type":"WebSite","@id":"https:\/\/fmgente.com.ar\/web\/#website","url":"https:\/\/fmgente.com.ar\/web\/","name":"Fm Gente","description":"- Jes\u00fas Mar\u00eda","publisher":{"@id":"https:\/\/fmgente.com.ar\/web\/#organization"},"potentialAction":[{"@type":"SearchAction","target":{"@type":"EntryPoint","urlTemplate":"https:\/\/fmgente.com.ar\/web\/?s={search_term_string}"},"query-input":{"@type":"PropertyValueSpecification","valueRequired":true,"valueName":"search_term_string"}}],"inLanguage":"es"},{"@type":"Organization","@id":"https:\/\/fmgente.com.ar\/web\/#organization","name":"Fm Gente","url":"https:\/\/fmgente.com.ar\/web\/","logo":{"@type":"ImageObject","inLanguage":"es","@id":"https:\/\/fmgente.com.ar\/web\/#\/schema\/logo\/image\/","url":"https:\/\/fmgente.com.ar\/web\/wp-content\/uploads\/2023\/07\/cropped-cropped-logo-sombra2.png","contentUrl":"https:\/\/fmgente.com.ar\/web\/wp-content\/uploads\/2023\/07\/cropped-cropped-logo-sombra2.png","width":1782,"height":1782,"caption":"Fm Gente"},"image":{"@id":"https:\/\/fmgente.com.ar\/web\/#\/schema\/logo\/image\/"}},{"@type":"Person","@id":"https:\/\/fmgente.com.ar\/web\/#\/schema\/person\/ba03fa75c17effdaafbd6daa1d78c508","name":"Adri\u00e1n Hern\u00e1ndez","url":"https:\/\/fmgente.com.ar\/web\/author\/c1601891\/"}]}},"_links":{"self":[{"href":"https:\/\/fmgente.com.ar\/web\/wp-json\/wp\/v2\/posts\/394","targetHints":{"allow":["GET"]}}],"collection":[{"href":"https:\/\/fmgente.com.ar\/web\/wp-json\/wp\/v2\/posts"}],"about":[{"href":"https:\/\/fmgente.com.ar\/web\/wp-json\/wp\/v2\/types\/post"}],"author":[{"embeddable":true,"href":"https:\/\/fmgente.com.ar\/web\/wp-json\/wp\/v2\/users\/2"}],"replies":[{"embeddable":true,"href":"https:\/\/fmgente.com.ar\/web\/wp-json\/wp\/v2\/comments?post=394"}],"version-history":[{"count":1,"href":"https:\/\/fmgente.com.ar\/web\/wp-json\/wp\/v2\/posts\/394\/revisions"}],"predecessor-version":[{"id":396,"href":"https:\/\/fmgente.com.ar\/web\/wp-json\/wp\/v2\/posts\/394\/revisions\/396"}],"wp:featuredmedia":[{"embeddable":true,"href":"https:\/\/fmgente.com.ar\/web\/wp-json\/wp\/v2\/media\/395"}],"wp:attachment":[{"href":"https:\/\/fmgente.com.ar\/web\/wp-json\/wp\/v2\/media?parent=394"}],"wp:term":[{"taxonomy":"category","embeddable":true,"href":"https:\/\/fmgente.com.ar\/web\/wp-json\/wp\/v2\/categories?post=394"},{"taxonomy":"post_tag","embeddable":true,"href":"https:\/\/fmgente.com.ar\/web\/wp-json\/wp\/v2\/tags?post=394"}],"curies":[{"name":"wp","href":"https:\/\/api.w.org\/{rel}","templated":true}]}}