{"id":391,"date":"2023-07-19T07:38:25","date_gmt":"2023-07-19T10:38:25","guid":{"rendered":"https:\/\/fmgente.com.ar\/?p=391"},"modified":"2023-07-19T07:38:25","modified_gmt":"2023-07-19T10:38:25","slug":"vacaciones-de-invierno-las-propuestas-del-teatro-real-para-los-mas-pequenos","status":"publish","type":"post","link":"https:\/\/fmgente.com.ar\/web\/vacaciones-de-invierno-las-propuestas-del-teatro-real-para-los-mas-pequenos\/","title":{"rendered":"Vacaciones de invierno: las propuestas del Teatro Real para los m\u00e1s peque\u00f1os"},"content":{"rendered":"<article id=\"post-560169\" class=\"post-560169 post type-post status-publish format-standard has-post-thumbnail hentry category-cultura-y-espectaculos category-informacion-general tag-agencia-cordoba-cultura tag-teatro-real tag-vacaciones-de-invierno ast-article-single\">\n<div class=\"ast-post-format- single-layout-1\">\n<div class=\"entry-content clear\">\n<p>El Teatro Real presenta una variada agenda de actividades para la segunda semana de vacaciones de invierno. El ic\u00f3nico espacio ubicado frente a la plaza San Mart\u00edn, en el coraz\u00f3n de la ciudad de C\u00f3rdoba, propone una serie de obras teatrales, t\u00edteres y actividades especiales para disfrutar con los m\u00e1s peque\u00f1os de la familia.<\/p>\n<p>A continuaci\u00f3n, las actividades que propone la Agencia C\u00f3rdoba Cultura a trav\u00e9s del Teatro Real para los pr\u00f3ximos d\u00edas.<\/p>\n<h4 class=\"wp-block-heading\">Martes 18 a las 16: \u00abCenicienta el musical infantil\u00bb<\/h4>\n<p>Vanegas Group.<\/p>\n<p>\u201c<em>Cenicienta el Musical Infantil, narra la historia de Jazm\u00edn, una vivaz y entusiasta joven que viv\u00eda sometida a los caprichos de su madrastra y de sus hermanastras, para quienes ten\u00eda que cocinar, asear, coser en medio de improperios y humillaciones, como el de llamarla con el apodo de cenicienta. Todo cambia en su vida con la aparici\u00f3n del ocurrente rat\u00f3n Ram\u00f3n, una maravillosa Hada madrina, el joven pr\u00edncipe y su alocado padre el Rey. Mucho humor, bellas canciones y un lujoso vestuario se conjugan en esta nueva y exitosa apuesta de la compa\u00f1\u00eda cordobesa Vanegas Group<\/em>\u201d, adelanta la sinopsis.<\/p>\n<p><strong>Edad recomendada:\u00a0<\/strong>todo p\u00fablico<\/p>\n<p><strong>Entradas generales<\/strong>: $1500. Disponibles en\u00a0<a href=\"https:\/\/ventas.autoentrada.com\/events\/cenicienta-el-musical-infantil-2023-07-17-17-00-00-0300\" target=\"_blank\" rel=\"noreferrer noopener\">autoentrada.com<\/a>\u00a0y en boleter\u00eda del teatro<\/p>\n<p><strong>En la sala Carlos Gim\u00e9nez del Teatro Real (San Jer\u00f3nimo 66).<\/strong><\/p>\n<figure class=\"wp-block-image size-full\"><img loading=\"lazy\" decoding=\"async\" class=\"wp-image-560177\" src=\"https:\/\/prensa.cba.gov.ar\/wp-content\/uploads\/2023\/07\/CENI-Y-PRINCIPE.jpg\" alt=\"\" width=\"990\" height=\"660\" \/><\/figure>\n<h4 class=\"wp-block-heading\">Mi\u00e9rcoles 19 a las 16: \u00abEntre hormigas y cigarras\u00bb<\/h4>\n<p><strong>Elenco Teatral Desafiarte<\/strong>.<\/p>\n<p>\u201c<em>La Cigarra cansada de ser menospreciada por ser holgazana tiene un pol\u00e9mico encuentro con las hormigas y decide ir a ver a Esopo y La Fontaine (creador y recopilador de la f\u00e1bula). Para ello la trama recorre un camino por el paso del tiempo donde distintas escenas nos muestran la depreciaci\u00f3n de ser artista en diferentes momentos, mostrando tambi\u00e9n que las actividades creativas resurgen como forma de salvarse de la enorme angustia del ser humano frente a la adversidad y la incertidumbre<\/em>\u201d, adelanta la sinopsis.<\/p>\n<p>En escena: Armoa Ana Laura, Gonz\u00e1lez Paula, Cocilovo Carvajal Pilar, Navarro Victoria, Barrera Allende Mar\u00eda, Brochero Tamara, Ach\u00e1val Rodolfo, Chauqui Pablo, Barrionuevo Sergio, Olivares Jos\u00e9 Luis, Gagliesi Juan Jos\u00e9, Rossa Natalia, Caso Cristina, L\u00f3pez Cynthia, Laurenti David, Tost Isaac, Canavesio Melisa Bel\u00e9n.<\/p>\n<p><strong>Duraci\u00f3n:<\/strong>\u00a055 minutos<\/p>\n<p><strong>Edad recomendada:\u00a0<\/strong>todo p\u00fablico<\/p>\n<p><strong>Entradas:<\/strong>\u00a0$800. Disponibles en\u00a0<a href=\"https:\/\/ventas.autoentrada.com\/events\/entre-hormigas-y-cigarras\" target=\"_blank\" rel=\"noreferrer noopener\">autoentrada.com<\/a>\u00a0y en boleter\u00eda del teatro.<\/p>\n<p><strong>En la sala Carlos Gim\u00e9nez del Teatro Real (San Jer\u00f3nimo 66).<\/strong><\/p>\n<figure class=\"wp-block-image size-full has-lightbox lightbox-0 \"><img loading=\"lazy\" decoding=\"async\" class=\"wp-image-560178\" src=\"https:\/\/prensa.cba.gov.ar\/wp-content\/uploads\/2023\/07\/entrehormigas-1.jpg\" alt=\"\" width=\"1200\" height=\"1195\" \/><\/figure>\n<h4 class=\"wp-block-heading\">Jueves 20 y viernes 21 a las 16: \u00abHab\u00eda una vez una canci\u00f3n de Mar\u00eda Elena\u00bb<\/h4>\n<p><strong>MAP Teatro.<\/strong><\/p>\n<p>La obra es una invitaci\u00f3n a descubrir las infinitas posibilidades de encontrar historias en las canciones de Mar\u00eda Elena Walsh.<\/p>\n<figure class=\"wp-block-image alignleft size-full is-resized has-lightbox lightbox-1 \"><img loading=\"lazy\" decoding=\"async\" class=\"wp-image-560179\" src=\"https:\/\/prensa.cba.gov.ar\/wp-content\/uploads\/2023\/07\/Habia-una-vez-Maria-Elena-Walsh.jpg\" alt=\"\" width=\"261\" height=\"375\" \/><figcaption class=\"wp-element-caption\"><em>Imagen: Sergio Ortega \/ Instinto Imagen<\/em><\/figcaption><\/figure>\n<p>\u201c<em>Hab\u00eda una vez\u2026una canci\u00f3n de Mar\u00eda Elena nos invita a descubrir las infinitas posibilidades de encontrar historias en las canciones de Mar\u00eda Elena Walsh. Son enormes fuentes de creaci\u00f3n, escondidas en los argumentos de ciertas canciones, de la misma manera que hay historias que nos permiten inventar canciones que las describan. Un juego para poner en funcionamiento nuestra imaginaci\u00f3n y nuestra creatividad. Una gran posibilidad de cantarlas y jugarlas con distintas generaciones<\/em>\u201d, adelanta la sinopsis.<\/p>\n<p>En escena: Caita Barber\u00e1n, Franco Del R\u00edo, Agostina Lameiro \/ M\u00fasica Original: Maria Elena Walsh \/ Pistas y arreglos musicales: Diego Lozano \/ Coreograf\u00eda: Rebeca D\u00fcnkler \/ Realizaci\u00f3n de Escenograf\u00eda y Utiler\u00eda: La Chacarita teatro \/ Realizaci\u00f3n de Vestuario: Mar\u00eda Rosa Robledo \/ Dise\u00f1o de Maquillaje: H\u00e9ctor Cardozo \/ Dise\u00f1o Gr\u00e1fico: Consuelo Mart\u00ednez Crespo \/ Dise\u00f1o y operaci\u00f3n de Luces: Franco Mu\u00f1oz \/ Asistencia de direcci\u00f3n: Rebeca D\u00fcnkler y Santiago Moroni \/\u00a0 Direcci\u00f3n General: Marina Abulafia.<\/p>\n<p><strong>Edad recomendada<\/strong>: todo p\u00fablico<\/p>\n<p><strong>Entradas generales:\u00a0<\/strong>Anticipadas hasta el 19 de julio, $1.800 \/ D\u00eda de la funci\u00f3n: $2.300. Disponibles en\u00a0<a href=\"https:\/\/ventas.autoentrada.com\/events\/habia-una-vez-una-cancion-de-maria-elena-2023-07-20-16-00-00-0300\" target=\"_blank\" rel=\"noreferrer noopener\">autoentrada.com<\/a>\u00a0y en boleter\u00eda del teatro.<\/p>\n<p><strong>En la sala Carlos Gim\u00e9nez del Teatro Real (San Jer\u00f3nimo 66).<\/strong><\/p>\n<h4 class=\"wp-block-heading\">S\u00e1bado 22 a las 16: \u00abLa conjura de los palabristas contra Virul\u00edfero Virospa\u00bb<\/h4>\n<p>Teatro Estable de T\u00edteres. (Funci\u00f3n a beneficio de LALCEC)<\/p>\n<p>\u201c<em>La pieza de Halima Tahan pone en palabras accesibles para las infancias y juventudes la problem\u00e1tica de la comunicaci\u00f3n, las consecuencias de perder el uso de la palabra y el alejamiento del contacto presencial con el medio ambiente natural. Usando a favor las experiencias vividas durante la pandemia, la obra se permite poner en juego esc\u00e9nicamente, con humor y ternura, algunas resoluciones posibles a un conflicto global: un virus hace perder la voz y la palabra a las personas<\/em>\u201d, adelanta la sinopsis.<\/p>\n<p>Y completa: \u201c<em>Quienes protagonizan este espect\u00e1culo son un grupo juvenil, misterioso y divertido de integrantes de la Orden de los Palabristas, que ayuda a Juan, un estudiante universitario que vive en la C\u00f3rdoba actual, a crear una f\u00f3rmula, un conjuro que pueda fortalecer a la poblaci\u00f3n desde la palabra y la poes\u00eda y la defienda del virus Virul\u00edfero Virospa<\/em>\u201d.<\/p>\n<p>Los Palabristas en esta versi\u00f3n son representados por t\u00edteres y el espect\u00e1culo se centra en su accionar. En escena interact\u00faan tambi\u00e9n un actor y \u00e1mbitos creados a trav\u00e9s de la animaci\u00f3n digital 2D.<\/p>\n<p>Dramaturgia: Halima Tahan \/ Direcci\u00f3n: Ana Alvarado \/ En escena: Gretel Istillarte, Roc\u00edo Oyarzun, Santiago Mateo, Hern\u00e1n Danza \/ Actor Invitado: Lautaro Ruiz \/ Asistente de Direcci\u00f3n y Repositor: Luis Miceli \/ Asistencia y Coordinaci\u00f3n de Elenco: Lucia Nocioni \/ Dise\u00f1o de t\u00edteres: Flavia Caminos \/ Realizaci\u00f3n de t\u00edteres: Flavia Caminos y Elenco Estable de T\u00edteres \/ Dise\u00f1o Multimedia: Horacio Fierro y Kirka Marull \/ Dise\u00f1o escenogr\u00e1fico: Leonardo Mur\u00faa y Pablo Barros \/ Dise\u00f1o de iluminaci\u00f3n: Rafael Rodr\u00edguez \/ Dise\u00f1o sonoro y composici\u00f3n musical: Marcos Bueno \/ Asistencia T\u00e9cnica: Javier Guevara.<\/p>\n<p><strong>Duraci\u00f3n:<\/strong>\u00a060 minutos<\/p>\n<p><strong>Edad recomendada:<\/strong>\u00a0mayores de 5 a\u00f1os<\/p>\n<p><strong>Entradas generales:<\/strong>\u00a0$800. En boleter\u00eda del teatro (desde las 10 hasta la hora de la funci\u00f3n).<\/p>\n<p><strong>En la sala Carlos Gim\u00e9nez del Teatro Real (San Jer\u00f3nimo 66).<\/strong><\/p>\n<figure class=\"wp-block-embed is-type-wp-embed is-provider-web-de-noticias-gobierno-de-cordoba wp-block-embed-web-de-noticias-gobierno-de-cordoba\">\n<div class=\"wp-block-embed__wrapper\"><iframe loading=\"lazy\" class=\"wp-embedded-content\" title=\"\u00abT\u00edteres: La conjura de los palabristas contra Virul\u00edfero Virospa en el Real\u00bb \u2014 Web de Noticias - Gobierno de C\u00f3rdoba\" src=\"https:\/\/prensa.cba.gov.ar\/cultura-y-espectaculos\/titeres-la-conjura-de-los-palabristas-contra-virulifero-virospa-en-el-real\/embed\/#?secret=vIwl7hi2lx#?secret=DchYSoxDkS\" width=\"600\" height=\"281\" frameborder=\"0\" marginwidth=\"0\" marginheight=\"0\" scrolling=\"no\" sandbox=\"allow-scripts\" data-secret=\"DchYSoxDkS\" data-mce-fragment=\"1\"><\/iframe><\/div>\n<\/figure>\n<h4 class=\"wp-block-heading\">S\u00e1bado 22 de 11 a 16: \u00abTejiendo infancias\u00bb<\/h4>\n<p>El Teatro Real se transforma cada domingo en un espacio participativo para los m\u00e1s chicos con espect\u00e1culos musicales y rincones ornamentados para ellos. La actividad es con entrada libre y gratuita, desarrollada para los m\u00e1s peque\u00f1os pero ideal para compartir en familia.<\/p>\n<p>De esta manera, se busca establecer un espacio creativo y art\u00edstico para las infancias, ampliando la programaci\u00f3n habitual de los domingos infantiles. El objetivo es complementar la propuesta art\u00edstica con espacios creativos, donde los ni\u00f1os y ni\u00f1as sean protagonistas de actividades l\u00fadicas desde el arte y que puedan apropiarse de lugares p\u00fablicos como lo es el Teatro Real.<\/p>\n<figure class=\"wp-block-image size-full has-lightbox lightbox-2 \"><img loading=\"lazy\" decoding=\"async\" class=\"wp-image-559888\" src=\"https:\/\/prensa.cba.gov.ar\/wp-content\/uploads\/2023\/07\/Tejiendo-infancias-2.jpeg\" alt=\"\" width=\"900\" height=\"900\" \/><\/figure>\n<\/div>\n<\/div>\n<\/article>\n","protected":false},"excerpt":{"rendered":"<p>El Teatro Real presenta una variada agenda de actividades para la segunda semana de vacaciones<\/p>\n","protected":false},"author":2,"featured_media":392,"comment_status":"closed","ping_status":"closed","sticky":false,"template":"","format":"standard","meta":{"footnotes":""},"categories":[11],"tags":[237,18,331,236],"class_list":["post-391","post","type-post","status-publish","format-standard","has-post-thumbnail","hentry","category-destacadas","tag-invierno","tag-propuestas","tag-teatro","tag-vacaciones"],"yoast_head":"<!-- This site is optimized with the Yoast SEO plugin v27.4 - https:\/\/yoast.com\/product\/yoast-seo-wordpress\/ -->\n<title>Vacaciones de invierno: las propuestas del Teatro Real para los m\u00e1s peque\u00f1os - Fm Gente<\/title>\n<meta name=\"robots\" content=\"index, follow, max-snippet:-1, max-image-preview:large, max-video-preview:-1\" \/>\n<link rel=\"canonical\" href=\"https:\/\/fmgente.com.ar\/web\/vacaciones-de-invierno-las-propuestas-del-teatro-real-para-los-mas-pequenos\/\" \/>\n<meta property=\"og:locale\" content=\"es_ES\" \/>\n<meta property=\"og:type\" content=\"article\" \/>\n<meta property=\"og:title\" content=\"Vacaciones de invierno: las propuestas del Teatro Real para los m\u00e1s peque\u00f1os - Fm Gente\" \/>\n<meta property=\"og:description\" content=\"El Teatro Real presenta una variada agenda de actividades para la segunda semana de vacaciones\" \/>\n<meta property=\"og:url\" content=\"https:\/\/fmgente.com.ar\/web\/vacaciones-de-invierno-las-propuestas-del-teatro-real-para-los-mas-pequenos\/\" \/>\n<meta property=\"og:site_name\" content=\"Fm Gente\" \/>\n<meta property=\"article:published_time\" content=\"2023-07-19T10:38:25+00:00\" \/>\n<meta property=\"og:image\" content=\"https:\/\/fmgente.com.ar\/web\/wp-content\/uploads\/2023\/07\/La-Conjura-press-1.jpg\" \/>\n\t<meta property=\"og:image:width\" content=\"990\" \/>\n\t<meta property=\"og:image:height\" content=\"660\" \/>\n\t<meta property=\"og:image:type\" content=\"image\/jpeg\" \/>\n<meta name=\"author\" content=\"Adri\u00e1n Hern\u00e1ndez\" \/>\n<meta name=\"twitter:card\" content=\"summary_large_image\" \/>\n<meta name=\"twitter:label1\" content=\"Escrito por\" \/>\n\t<meta name=\"twitter:data1\" content=\"Adri\u00e1n Hern\u00e1ndez\" \/>\n\t<meta name=\"twitter:label2\" content=\"Tiempo de lectura\" \/>\n\t<meta name=\"twitter:data2\" content=\"6 minutos\" \/>\n<script type=\"application\/ld+json\" class=\"yoast-schema-graph\">{\"@context\":\"https:\\\/\\\/schema.org\",\"@graph\":[{\"@type\":\"Article\",\"@id\":\"https:\\\/\\\/fmgente.com.ar\\\/web\\\/vacaciones-de-invierno-las-propuestas-del-teatro-real-para-los-mas-pequenos\\\/#article\",\"isPartOf\":{\"@id\":\"https:\\\/\\\/fmgente.com.ar\\\/web\\\/vacaciones-de-invierno-las-propuestas-del-teatro-real-para-los-mas-pequenos\\\/\"},\"author\":{\"name\":\"Adri\u00e1n Hern\u00e1ndez\",\"@id\":\"https:\\\/\\\/fmgente.com.ar\\\/web\\\/#\\\/schema\\\/person\\\/ba03fa75c17effdaafbd6daa1d78c508\"},\"headline\":\"Vacaciones de invierno: las propuestas del Teatro Real para los m\u00e1s peque\u00f1os\",\"datePublished\":\"2023-07-19T10:38:25+00:00\",\"mainEntityOfPage\":{\"@id\":\"https:\\\/\\\/fmgente.com.ar\\\/web\\\/vacaciones-de-invierno-las-propuestas-del-teatro-real-para-los-mas-pequenos\\\/\"},\"wordCount\":1143,\"publisher\":{\"@id\":\"https:\\\/\\\/fmgente.com.ar\\\/web\\\/#organization\"},\"image\":{\"@id\":\"https:\\\/\\\/fmgente.com.ar\\\/web\\\/vacaciones-de-invierno-las-propuestas-del-teatro-real-para-los-mas-pequenos\\\/#primaryimage\"},\"thumbnailUrl\":\"https:\\\/\\\/fmgente.com.ar\\\/web\\\/wp-content\\\/uploads\\\/2023\\\/07\\\/La-Conjura-press-1.jpg\",\"keywords\":[\"invierno\",\"propuestas\",\"teatro\",\"vacaciones\"],\"articleSection\":[\"DESTACADAS\"],\"inLanguage\":\"es\"},{\"@type\":\"WebPage\",\"@id\":\"https:\\\/\\\/fmgente.com.ar\\\/web\\\/vacaciones-de-invierno-las-propuestas-del-teatro-real-para-los-mas-pequenos\\\/\",\"url\":\"https:\\\/\\\/fmgente.com.ar\\\/web\\\/vacaciones-de-invierno-las-propuestas-del-teatro-real-para-los-mas-pequenos\\\/\",\"name\":\"Vacaciones de invierno: las propuestas del Teatro Real para los m\u00e1s peque\u00f1os - Fm Gente\",\"isPartOf\":{\"@id\":\"https:\\\/\\\/fmgente.com.ar\\\/web\\\/#website\"},\"primaryImageOfPage\":{\"@id\":\"https:\\\/\\\/fmgente.com.ar\\\/web\\\/vacaciones-de-invierno-las-propuestas-del-teatro-real-para-los-mas-pequenos\\\/#primaryimage\"},\"image\":{\"@id\":\"https:\\\/\\\/fmgente.com.ar\\\/web\\\/vacaciones-de-invierno-las-propuestas-del-teatro-real-para-los-mas-pequenos\\\/#primaryimage\"},\"thumbnailUrl\":\"https:\\\/\\\/fmgente.com.ar\\\/web\\\/wp-content\\\/uploads\\\/2023\\\/07\\\/La-Conjura-press-1.jpg\",\"datePublished\":\"2023-07-19T10:38:25+00:00\",\"inLanguage\":\"es\",\"potentialAction\":[{\"@type\":\"ReadAction\",\"target\":[\"https:\\\/\\\/fmgente.com.ar\\\/web\\\/vacaciones-de-invierno-las-propuestas-del-teatro-real-para-los-mas-pequenos\\\/\"]}]},{\"@type\":\"ImageObject\",\"inLanguage\":\"es\",\"@id\":\"https:\\\/\\\/fmgente.com.ar\\\/web\\\/vacaciones-de-invierno-las-propuestas-del-teatro-real-para-los-mas-pequenos\\\/#primaryimage\",\"url\":\"https:\\\/\\\/fmgente.com.ar\\\/web\\\/wp-content\\\/uploads\\\/2023\\\/07\\\/La-Conjura-press-1.jpg\",\"contentUrl\":\"https:\\\/\\\/fmgente.com.ar\\\/web\\\/wp-content\\\/uploads\\\/2023\\\/07\\\/La-Conjura-press-1.jpg\",\"width\":990,\"height\":660},{\"@type\":\"WebSite\",\"@id\":\"https:\\\/\\\/fmgente.com.ar\\\/web\\\/#website\",\"url\":\"https:\\\/\\\/fmgente.com.ar\\\/web\\\/\",\"name\":\"Fm Gente\",\"description\":\"- Jes\u00fas Mar\u00eda\",\"publisher\":{\"@id\":\"https:\\\/\\\/fmgente.com.ar\\\/web\\\/#organization\"},\"potentialAction\":[{\"@type\":\"SearchAction\",\"target\":{\"@type\":\"EntryPoint\",\"urlTemplate\":\"https:\\\/\\\/fmgente.com.ar\\\/web\\\/?s={search_term_string}\"},\"query-input\":{\"@type\":\"PropertyValueSpecification\",\"valueRequired\":true,\"valueName\":\"search_term_string\"}}],\"inLanguage\":\"es\"},{\"@type\":\"Organization\",\"@id\":\"https:\\\/\\\/fmgente.com.ar\\\/web\\\/#organization\",\"name\":\"Fm Gente\",\"url\":\"https:\\\/\\\/fmgente.com.ar\\\/web\\\/\",\"logo\":{\"@type\":\"ImageObject\",\"inLanguage\":\"es\",\"@id\":\"https:\\\/\\\/fmgente.com.ar\\\/web\\\/#\\\/schema\\\/logo\\\/image\\\/\",\"url\":\"https:\\\/\\\/fmgente.com.ar\\\/web\\\/wp-content\\\/uploads\\\/2023\\\/07\\\/cropped-cropped-logo-sombra2.png\",\"contentUrl\":\"https:\\\/\\\/fmgente.com.ar\\\/web\\\/wp-content\\\/uploads\\\/2023\\\/07\\\/cropped-cropped-logo-sombra2.png\",\"width\":1782,\"height\":1782,\"caption\":\"Fm Gente\"},\"image\":{\"@id\":\"https:\\\/\\\/fmgente.com.ar\\\/web\\\/#\\\/schema\\\/logo\\\/image\\\/\"}},{\"@type\":\"Person\",\"@id\":\"https:\\\/\\\/fmgente.com.ar\\\/web\\\/#\\\/schema\\\/person\\\/ba03fa75c17effdaafbd6daa1d78c508\",\"name\":\"Adri\u00e1n Hern\u00e1ndez\",\"url\":\"https:\\\/\\\/fmgente.com.ar\\\/web\\\/author\\\/c1601891\\\/\"}]}<\/script>\n<!-- \/ Yoast SEO plugin. -->","yoast_head_json":{"title":"Vacaciones de invierno: las propuestas del Teatro Real para los m\u00e1s peque\u00f1os - Fm Gente","robots":{"index":"index","follow":"follow","max-snippet":"max-snippet:-1","max-image-preview":"max-image-preview:large","max-video-preview":"max-video-preview:-1"},"canonical":"https:\/\/fmgente.com.ar\/web\/vacaciones-de-invierno-las-propuestas-del-teatro-real-para-los-mas-pequenos\/","og_locale":"es_ES","og_type":"article","og_title":"Vacaciones de invierno: las propuestas del Teatro Real para los m\u00e1s peque\u00f1os - Fm Gente","og_description":"El Teatro Real presenta una variada agenda de actividades para la segunda semana de vacaciones","og_url":"https:\/\/fmgente.com.ar\/web\/vacaciones-de-invierno-las-propuestas-del-teatro-real-para-los-mas-pequenos\/","og_site_name":"Fm Gente","article_published_time":"2023-07-19T10:38:25+00:00","og_image":[{"width":990,"height":660,"url":"https:\/\/fmgente.com.ar\/web\/wp-content\/uploads\/2023\/07\/La-Conjura-press-1.jpg","type":"image\/jpeg"}],"author":"Adri\u00e1n Hern\u00e1ndez","twitter_card":"summary_large_image","twitter_misc":{"Escrito por":"Adri\u00e1n Hern\u00e1ndez","Tiempo de lectura":"6 minutos"},"schema":{"@context":"https:\/\/schema.org","@graph":[{"@type":"Article","@id":"https:\/\/fmgente.com.ar\/web\/vacaciones-de-invierno-las-propuestas-del-teatro-real-para-los-mas-pequenos\/#article","isPartOf":{"@id":"https:\/\/fmgente.com.ar\/web\/vacaciones-de-invierno-las-propuestas-del-teatro-real-para-los-mas-pequenos\/"},"author":{"name":"Adri\u00e1n Hern\u00e1ndez","@id":"https:\/\/fmgente.com.ar\/web\/#\/schema\/person\/ba03fa75c17effdaafbd6daa1d78c508"},"headline":"Vacaciones de invierno: las propuestas del Teatro Real para los m\u00e1s peque\u00f1os","datePublished":"2023-07-19T10:38:25+00:00","mainEntityOfPage":{"@id":"https:\/\/fmgente.com.ar\/web\/vacaciones-de-invierno-las-propuestas-del-teatro-real-para-los-mas-pequenos\/"},"wordCount":1143,"publisher":{"@id":"https:\/\/fmgente.com.ar\/web\/#organization"},"image":{"@id":"https:\/\/fmgente.com.ar\/web\/vacaciones-de-invierno-las-propuestas-del-teatro-real-para-los-mas-pequenos\/#primaryimage"},"thumbnailUrl":"https:\/\/fmgente.com.ar\/web\/wp-content\/uploads\/2023\/07\/La-Conjura-press-1.jpg","keywords":["invierno","propuestas","teatro","vacaciones"],"articleSection":["DESTACADAS"],"inLanguage":"es"},{"@type":"WebPage","@id":"https:\/\/fmgente.com.ar\/web\/vacaciones-de-invierno-las-propuestas-del-teatro-real-para-los-mas-pequenos\/","url":"https:\/\/fmgente.com.ar\/web\/vacaciones-de-invierno-las-propuestas-del-teatro-real-para-los-mas-pequenos\/","name":"Vacaciones de invierno: las propuestas del Teatro Real para los m\u00e1s peque\u00f1os - Fm Gente","isPartOf":{"@id":"https:\/\/fmgente.com.ar\/web\/#website"},"primaryImageOfPage":{"@id":"https:\/\/fmgente.com.ar\/web\/vacaciones-de-invierno-las-propuestas-del-teatro-real-para-los-mas-pequenos\/#primaryimage"},"image":{"@id":"https:\/\/fmgente.com.ar\/web\/vacaciones-de-invierno-las-propuestas-del-teatro-real-para-los-mas-pequenos\/#primaryimage"},"thumbnailUrl":"https:\/\/fmgente.com.ar\/web\/wp-content\/uploads\/2023\/07\/La-Conjura-press-1.jpg","datePublished":"2023-07-19T10:38:25+00:00","inLanguage":"es","potentialAction":[{"@type":"ReadAction","target":["https:\/\/fmgente.com.ar\/web\/vacaciones-de-invierno-las-propuestas-del-teatro-real-para-los-mas-pequenos\/"]}]},{"@type":"ImageObject","inLanguage":"es","@id":"https:\/\/fmgente.com.ar\/web\/vacaciones-de-invierno-las-propuestas-del-teatro-real-para-los-mas-pequenos\/#primaryimage","url":"https:\/\/fmgente.com.ar\/web\/wp-content\/uploads\/2023\/07\/La-Conjura-press-1.jpg","contentUrl":"https:\/\/fmgente.com.ar\/web\/wp-content\/uploads\/2023\/07\/La-Conjura-press-1.jpg","width":990,"height":660},{"@type":"WebSite","@id":"https:\/\/fmgente.com.ar\/web\/#website","url":"https:\/\/fmgente.com.ar\/web\/","name":"Fm Gente","description":"- Jes\u00fas Mar\u00eda","publisher":{"@id":"https:\/\/fmgente.com.ar\/web\/#organization"},"potentialAction":[{"@type":"SearchAction","target":{"@type":"EntryPoint","urlTemplate":"https:\/\/fmgente.com.ar\/web\/?s={search_term_string}"},"query-input":{"@type":"PropertyValueSpecification","valueRequired":true,"valueName":"search_term_string"}}],"inLanguage":"es"},{"@type":"Organization","@id":"https:\/\/fmgente.com.ar\/web\/#organization","name":"Fm Gente","url":"https:\/\/fmgente.com.ar\/web\/","logo":{"@type":"ImageObject","inLanguage":"es","@id":"https:\/\/fmgente.com.ar\/web\/#\/schema\/logo\/image\/","url":"https:\/\/fmgente.com.ar\/web\/wp-content\/uploads\/2023\/07\/cropped-cropped-logo-sombra2.png","contentUrl":"https:\/\/fmgente.com.ar\/web\/wp-content\/uploads\/2023\/07\/cropped-cropped-logo-sombra2.png","width":1782,"height":1782,"caption":"Fm Gente"},"image":{"@id":"https:\/\/fmgente.com.ar\/web\/#\/schema\/logo\/image\/"}},{"@type":"Person","@id":"https:\/\/fmgente.com.ar\/web\/#\/schema\/person\/ba03fa75c17effdaafbd6daa1d78c508","name":"Adri\u00e1n Hern\u00e1ndez","url":"https:\/\/fmgente.com.ar\/web\/author\/c1601891\/"}]}},"_links":{"self":[{"href":"https:\/\/fmgente.com.ar\/web\/wp-json\/wp\/v2\/posts\/391","targetHints":{"allow":["GET"]}}],"collection":[{"href":"https:\/\/fmgente.com.ar\/web\/wp-json\/wp\/v2\/posts"}],"about":[{"href":"https:\/\/fmgente.com.ar\/web\/wp-json\/wp\/v2\/types\/post"}],"author":[{"embeddable":true,"href":"https:\/\/fmgente.com.ar\/web\/wp-json\/wp\/v2\/users\/2"}],"replies":[{"embeddable":true,"href":"https:\/\/fmgente.com.ar\/web\/wp-json\/wp\/v2\/comments?post=391"}],"version-history":[{"count":1,"href":"https:\/\/fmgente.com.ar\/web\/wp-json\/wp\/v2\/posts\/391\/revisions"}],"predecessor-version":[{"id":393,"href":"https:\/\/fmgente.com.ar\/web\/wp-json\/wp\/v2\/posts\/391\/revisions\/393"}],"wp:featuredmedia":[{"embeddable":true,"href":"https:\/\/fmgente.com.ar\/web\/wp-json\/wp\/v2\/media\/392"}],"wp:attachment":[{"href":"https:\/\/fmgente.com.ar\/web\/wp-json\/wp\/v2\/media?parent=391"}],"wp:term":[{"taxonomy":"category","embeddable":true,"href":"https:\/\/fmgente.com.ar\/web\/wp-json\/wp\/v2\/categories?post=391"},{"taxonomy":"post_tag","embeddable":true,"href":"https:\/\/fmgente.com.ar\/web\/wp-json\/wp\/v2\/tags?post=391"}],"curies":[{"name":"wp","href":"https:\/\/api.w.org\/{rel}","templated":true}]}}