{"id":388,"date":"2023-07-19T07:33:21","date_gmt":"2023-07-19T10:33:21","guid":{"rendered":"https:\/\/fmgente.com.ar\/?p=388"},"modified":"2023-07-19T07:33:21","modified_gmt":"2023-07-19T10:33:21","slug":"frenaron-una-cantera-humeda-irregular-en-villa-maria","status":"publish","type":"post","link":"https:\/\/fmgente.com.ar\/web\/frenaron-una-cantera-humeda-irregular-en-villa-maria\/","title":{"rendered":"Frenaron una cantera h\u00fameda irregular en Villa Mar\u00eda"},"content":{"rendered":"<article id=\"post-560163\" class=\"post-560163 post type-post status-publish format-standard has-post-thumbnail hentry category-ambiente category-informacion-general tag-ambiente tag-canteras tag-canteras-humedas tag-policia-ambiental ast-article-single\">\n<div class=\"ast-post-format- single-layout-1\">\n<div class=\"entry-content clear\">\n<p>En la localidad de Villa Mar\u00eda, personal de Polic\u00eda Ambiental \u2013 del Ministerio de Coordinaci\u00f3n- y de la Administraci\u00f3n Provincial de los Recursos H\u00eddricos (APRHI) \u2013del Ministerio de Servicios P\u00fablicos- inspeccionaron una cantera h\u00fameda para verificar que trabaje de acuerdo al permiso otorgado por la autoridad de aplicaci\u00f3n.<\/p>\n<p>Una vez en el lugar, los agentes observaron material acopiado en un sector que no contaba con autorizaci\u00f3n, por lo que procedieron a instrumentar un cese preventivo y precautorio de las actividades de extracci\u00f3n de \u00e1ridos.<\/p>\n<p>Adem\u00e1s, los agentes labraron el acta correspondiente por infringir la normativa h\u00eddrico-ambiental y colocaron el cartel que indica que no pueden continuar sacando material del r\u00edo.<\/p>\n<p>Las actuaciones realizadas dar\u00e1n inicio al sumario administrativo tendiente a que el responsable del establecimiento regularice su situaci\u00f3n y gestione el permiso de extracci\u00f3n en APRHI.<\/p>\n<figure class=\"wp-block-gallery has-nested-images columns-default is-cropped wp-block-gallery-1 is-layout-flex\">\n<figure class=\"wp-block-image size-large\"><img loading=\"lazy\" decoding=\"async\" class=\"wp-image-560165\" src=\"https:\/\/prensa.cba.gov.ar\/wp-content\/uploads\/2023\/07\/IMG-20230714-WA0009.jpg\" alt=\"\" width=\"990\" height=\"660\" data-id=\"560165\" \/><\/figure>\n<figure class=\"wp-block-image size-large\"><img loading=\"lazy\" decoding=\"async\" class=\"wp-image-560164\" src=\"https:\/\/prensa.cba.gov.ar\/wp-content\/uploads\/2023\/07\/IMG-20230714-WA0005.jpg\" alt=\"\" width=\"990\" height=\"660\" data-id=\"560164\" \/><\/figure>\n<\/figure>\n<\/div>\n<\/div>\n<\/article>\n","protected":false},"excerpt":{"rendered":"<p>En la localidad de Villa Mar\u00eda, personal de Polic\u00eda Ambiental \u2013 del Ministerio de Coordinaci\u00f3n-<\/p>\n","protected":false},"author":2,"featured_media":389,"comment_status":"closed","ping_status":"closed","sticky":false,"template":"","format":"standard","meta":{"footnotes":""},"categories":[11],"tags":[315,330,328,329],"class_list":["post-388","post","type-post","status-publish","format-standard","has-post-thumbnail","hentry","category-destacadas","tag-ambiente","tag-cantera","tag-permisos","tag-villa-maria"],"yoast_head":"<!-- This site is optimized with the Yoast SEO plugin v27.4 - https:\/\/yoast.com\/product\/yoast-seo-wordpress\/ -->\n<title>Frenaron una cantera h\u00fameda irregular en Villa Mar\u00eda - Fm Gente<\/title>\n<meta name=\"robots\" content=\"index, follow, max-snippet:-1, max-image-preview:large, max-video-preview:-1\" \/>\n<link rel=\"canonical\" href=\"https:\/\/fmgente.com.ar\/web\/frenaron-una-cantera-humeda-irregular-en-villa-maria\/\" \/>\n<meta property=\"og:locale\" content=\"es_ES\" \/>\n<meta property=\"og:type\" content=\"article\" \/>\n<meta property=\"og:title\" content=\"Frenaron una cantera h\u00fameda irregular en Villa Mar\u00eda - Fm Gente\" \/>\n<meta property=\"og:description\" content=\"En la localidad de Villa Mar\u00eda, personal de Polic\u00eda Ambiental \u2013 del Ministerio de Coordinaci\u00f3n-\" \/>\n<meta property=\"og:url\" content=\"https:\/\/fmgente.com.ar\/web\/frenaron-una-cantera-humeda-irregular-en-villa-maria\/\" \/>\n<meta property=\"og:site_name\" content=\"Fm Gente\" \/>\n<meta property=\"article:published_time\" content=\"2023-07-19T10:33:21+00:00\" \/>\n<meta property=\"og:image\" content=\"https:\/\/fmgente.com.ar\/web\/wp-content\/uploads\/2023\/07\/IMG-20230714-WA0004.jpg\" \/>\n\t<meta property=\"og:image:width\" content=\"990\" \/>\n\t<meta property=\"og:image:height\" content=\"661\" \/>\n\t<meta property=\"og:image:type\" content=\"image\/jpeg\" \/>\n<meta name=\"author\" content=\"Adri\u00e1n Hern\u00e1ndez\" \/>\n<meta name=\"twitter:card\" content=\"summary_large_image\" \/>\n<meta name=\"twitter:label1\" content=\"Escrito por\" \/>\n\t<meta name=\"twitter:data1\" content=\"Adri\u00e1n Hern\u00e1ndez\" \/>\n\t<meta name=\"twitter:label2\" content=\"Tiempo de lectura\" \/>\n\t<meta name=\"twitter:data2\" content=\"2 minutos\" \/>\n<script type=\"application\/ld+json\" class=\"yoast-schema-graph\">{\"@context\":\"https:\\\/\\\/schema.org\",\"@graph\":[{\"@type\":\"Article\",\"@id\":\"https:\\\/\\\/fmgente.com.ar\\\/web\\\/frenaron-una-cantera-humeda-irregular-en-villa-maria\\\/#article\",\"isPartOf\":{\"@id\":\"https:\\\/\\\/fmgente.com.ar\\\/web\\\/frenaron-una-cantera-humeda-irregular-en-villa-maria\\\/\"},\"author\":{\"name\":\"Adri\u00e1n Hern\u00e1ndez\",\"@id\":\"https:\\\/\\\/fmgente.com.ar\\\/web\\\/#\\\/schema\\\/person\\\/ba03fa75c17effdaafbd6daa1d78c508\"},\"headline\":\"Frenaron una cantera h\u00fameda irregular en Villa Mar\u00eda\",\"datePublished\":\"2023-07-19T10:33:21+00:00\",\"mainEntityOfPage\":{\"@id\":\"https:\\\/\\\/fmgente.com.ar\\\/web\\\/frenaron-una-cantera-humeda-irregular-en-villa-maria\\\/\"},\"wordCount\":161,\"publisher\":{\"@id\":\"https:\\\/\\\/fmgente.com.ar\\\/web\\\/#organization\"},\"image\":{\"@id\":\"https:\\\/\\\/fmgente.com.ar\\\/web\\\/frenaron-una-cantera-humeda-irregular-en-villa-maria\\\/#primaryimage\"},\"thumbnailUrl\":\"https:\\\/\\\/fmgente.com.ar\\\/web\\\/wp-content\\\/uploads\\\/2023\\\/07\\\/IMG-20230714-WA0004.jpg\",\"keywords\":[\"ambiente\",\"cantera\",\"permisos\",\"Villa Mar\u00eda\"],\"articleSection\":[\"DESTACADAS\"],\"inLanguage\":\"es\"},{\"@type\":\"WebPage\",\"@id\":\"https:\\\/\\\/fmgente.com.ar\\\/web\\\/frenaron-una-cantera-humeda-irregular-en-villa-maria\\\/\",\"url\":\"https:\\\/\\\/fmgente.com.ar\\\/web\\\/frenaron-una-cantera-humeda-irregular-en-villa-maria\\\/\",\"name\":\"Frenaron una cantera h\u00fameda irregular en Villa Mar\u00eda - Fm Gente\",\"isPartOf\":{\"@id\":\"https:\\\/\\\/fmgente.com.ar\\\/web\\\/#website\"},\"primaryImageOfPage\":{\"@id\":\"https:\\\/\\\/fmgente.com.ar\\\/web\\\/frenaron-una-cantera-humeda-irregular-en-villa-maria\\\/#primaryimage\"},\"image\":{\"@id\":\"https:\\\/\\\/fmgente.com.ar\\\/web\\\/frenaron-una-cantera-humeda-irregular-en-villa-maria\\\/#primaryimage\"},\"thumbnailUrl\":\"https:\\\/\\\/fmgente.com.ar\\\/web\\\/wp-content\\\/uploads\\\/2023\\\/07\\\/IMG-20230714-WA0004.jpg\",\"datePublished\":\"2023-07-19T10:33:21+00:00\",\"inLanguage\":\"es\",\"potentialAction\":[{\"@type\":\"ReadAction\",\"target\":[\"https:\\\/\\\/fmgente.com.ar\\\/web\\\/frenaron-una-cantera-humeda-irregular-en-villa-maria\\\/\"]}]},{\"@type\":\"ImageObject\",\"inLanguage\":\"es\",\"@id\":\"https:\\\/\\\/fmgente.com.ar\\\/web\\\/frenaron-una-cantera-humeda-irregular-en-villa-maria\\\/#primaryimage\",\"url\":\"https:\\\/\\\/fmgente.com.ar\\\/web\\\/wp-content\\\/uploads\\\/2023\\\/07\\\/IMG-20230714-WA0004.jpg\",\"contentUrl\":\"https:\\\/\\\/fmgente.com.ar\\\/web\\\/wp-content\\\/uploads\\\/2023\\\/07\\\/IMG-20230714-WA0004.jpg\",\"width\":990,\"height\":661},{\"@type\":\"WebSite\",\"@id\":\"https:\\\/\\\/fmgente.com.ar\\\/web\\\/#website\",\"url\":\"https:\\\/\\\/fmgente.com.ar\\\/web\\\/\",\"name\":\"Fm Gente\",\"description\":\"- Jes\u00fas Mar\u00eda\",\"publisher\":{\"@id\":\"https:\\\/\\\/fmgente.com.ar\\\/web\\\/#organization\"},\"potentialAction\":[{\"@type\":\"SearchAction\",\"target\":{\"@type\":\"EntryPoint\",\"urlTemplate\":\"https:\\\/\\\/fmgente.com.ar\\\/web\\\/?s={search_term_string}\"},\"query-input\":{\"@type\":\"PropertyValueSpecification\",\"valueRequired\":true,\"valueName\":\"search_term_string\"}}],\"inLanguage\":\"es\"},{\"@type\":\"Organization\",\"@id\":\"https:\\\/\\\/fmgente.com.ar\\\/web\\\/#organization\",\"name\":\"Fm Gente\",\"url\":\"https:\\\/\\\/fmgente.com.ar\\\/web\\\/\",\"logo\":{\"@type\":\"ImageObject\",\"inLanguage\":\"es\",\"@id\":\"https:\\\/\\\/fmgente.com.ar\\\/web\\\/#\\\/schema\\\/logo\\\/image\\\/\",\"url\":\"https:\\\/\\\/fmgente.com.ar\\\/web\\\/wp-content\\\/uploads\\\/2023\\\/07\\\/cropped-cropped-logo-sombra2.png\",\"contentUrl\":\"https:\\\/\\\/fmgente.com.ar\\\/web\\\/wp-content\\\/uploads\\\/2023\\\/07\\\/cropped-cropped-logo-sombra2.png\",\"width\":1782,\"height\":1782,\"caption\":\"Fm Gente\"},\"image\":{\"@id\":\"https:\\\/\\\/fmgente.com.ar\\\/web\\\/#\\\/schema\\\/logo\\\/image\\\/\"}},{\"@type\":\"Person\",\"@id\":\"https:\\\/\\\/fmgente.com.ar\\\/web\\\/#\\\/schema\\\/person\\\/ba03fa75c17effdaafbd6daa1d78c508\",\"name\":\"Adri\u00e1n Hern\u00e1ndez\",\"url\":\"https:\\\/\\\/fmgente.com.ar\\\/web\\\/author\\\/c1601891\\\/\"}]}<\/script>\n<!-- \/ Yoast SEO plugin. -->","yoast_head_json":{"title":"Frenaron una cantera h\u00fameda irregular en Villa Mar\u00eda - Fm Gente","robots":{"index":"index","follow":"follow","max-snippet":"max-snippet:-1","max-image-preview":"max-image-preview:large","max-video-preview":"max-video-preview:-1"},"canonical":"https:\/\/fmgente.com.ar\/web\/frenaron-una-cantera-humeda-irregular-en-villa-maria\/","og_locale":"es_ES","og_type":"article","og_title":"Frenaron una cantera h\u00fameda irregular en Villa Mar\u00eda - Fm Gente","og_description":"En la localidad de Villa Mar\u00eda, personal de Polic\u00eda Ambiental \u2013 del Ministerio de Coordinaci\u00f3n-","og_url":"https:\/\/fmgente.com.ar\/web\/frenaron-una-cantera-humeda-irregular-en-villa-maria\/","og_site_name":"Fm Gente","article_published_time":"2023-07-19T10:33:21+00:00","og_image":[{"width":990,"height":661,"url":"https:\/\/fmgente.com.ar\/web\/wp-content\/uploads\/2023\/07\/IMG-20230714-WA0004.jpg","type":"image\/jpeg"}],"author":"Adri\u00e1n Hern\u00e1ndez","twitter_card":"summary_large_image","twitter_misc":{"Escrito por":"Adri\u00e1n Hern\u00e1ndez","Tiempo de lectura":"2 minutos"},"schema":{"@context":"https:\/\/schema.org","@graph":[{"@type":"Article","@id":"https:\/\/fmgente.com.ar\/web\/frenaron-una-cantera-humeda-irregular-en-villa-maria\/#article","isPartOf":{"@id":"https:\/\/fmgente.com.ar\/web\/frenaron-una-cantera-humeda-irregular-en-villa-maria\/"},"author":{"name":"Adri\u00e1n Hern\u00e1ndez","@id":"https:\/\/fmgente.com.ar\/web\/#\/schema\/person\/ba03fa75c17effdaafbd6daa1d78c508"},"headline":"Frenaron una cantera h\u00fameda irregular en Villa Mar\u00eda","datePublished":"2023-07-19T10:33:21+00:00","mainEntityOfPage":{"@id":"https:\/\/fmgente.com.ar\/web\/frenaron-una-cantera-humeda-irregular-en-villa-maria\/"},"wordCount":161,"publisher":{"@id":"https:\/\/fmgente.com.ar\/web\/#organization"},"image":{"@id":"https:\/\/fmgente.com.ar\/web\/frenaron-una-cantera-humeda-irregular-en-villa-maria\/#primaryimage"},"thumbnailUrl":"https:\/\/fmgente.com.ar\/web\/wp-content\/uploads\/2023\/07\/IMG-20230714-WA0004.jpg","keywords":["ambiente","cantera","permisos","Villa Mar\u00eda"],"articleSection":["DESTACADAS"],"inLanguage":"es"},{"@type":"WebPage","@id":"https:\/\/fmgente.com.ar\/web\/frenaron-una-cantera-humeda-irregular-en-villa-maria\/","url":"https:\/\/fmgente.com.ar\/web\/frenaron-una-cantera-humeda-irregular-en-villa-maria\/","name":"Frenaron una cantera h\u00fameda irregular en Villa Mar\u00eda - Fm Gente","isPartOf":{"@id":"https:\/\/fmgente.com.ar\/web\/#website"},"primaryImageOfPage":{"@id":"https:\/\/fmgente.com.ar\/web\/frenaron-una-cantera-humeda-irregular-en-villa-maria\/#primaryimage"},"image":{"@id":"https:\/\/fmgente.com.ar\/web\/frenaron-una-cantera-humeda-irregular-en-villa-maria\/#primaryimage"},"thumbnailUrl":"https:\/\/fmgente.com.ar\/web\/wp-content\/uploads\/2023\/07\/IMG-20230714-WA0004.jpg","datePublished":"2023-07-19T10:33:21+00:00","inLanguage":"es","potentialAction":[{"@type":"ReadAction","target":["https:\/\/fmgente.com.ar\/web\/frenaron-una-cantera-humeda-irregular-en-villa-maria\/"]}]},{"@type":"ImageObject","inLanguage":"es","@id":"https:\/\/fmgente.com.ar\/web\/frenaron-una-cantera-humeda-irregular-en-villa-maria\/#primaryimage","url":"https:\/\/fmgente.com.ar\/web\/wp-content\/uploads\/2023\/07\/IMG-20230714-WA0004.jpg","contentUrl":"https:\/\/fmgente.com.ar\/web\/wp-content\/uploads\/2023\/07\/IMG-20230714-WA0004.jpg","width":990,"height":661},{"@type":"WebSite","@id":"https:\/\/fmgente.com.ar\/web\/#website","url":"https:\/\/fmgente.com.ar\/web\/","name":"Fm Gente","description":"- Jes\u00fas Mar\u00eda","publisher":{"@id":"https:\/\/fmgente.com.ar\/web\/#organization"},"potentialAction":[{"@type":"SearchAction","target":{"@type":"EntryPoint","urlTemplate":"https:\/\/fmgente.com.ar\/web\/?s={search_term_string}"},"query-input":{"@type":"PropertyValueSpecification","valueRequired":true,"valueName":"search_term_string"}}],"inLanguage":"es"},{"@type":"Organization","@id":"https:\/\/fmgente.com.ar\/web\/#organization","name":"Fm Gente","url":"https:\/\/fmgente.com.ar\/web\/","logo":{"@type":"ImageObject","inLanguage":"es","@id":"https:\/\/fmgente.com.ar\/web\/#\/schema\/logo\/image\/","url":"https:\/\/fmgente.com.ar\/web\/wp-content\/uploads\/2023\/07\/cropped-cropped-logo-sombra2.png","contentUrl":"https:\/\/fmgente.com.ar\/web\/wp-content\/uploads\/2023\/07\/cropped-cropped-logo-sombra2.png","width":1782,"height":1782,"caption":"Fm Gente"},"image":{"@id":"https:\/\/fmgente.com.ar\/web\/#\/schema\/logo\/image\/"}},{"@type":"Person","@id":"https:\/\/fmgente.com.ar\/web\/#\/schema\/person\/ba03fa75c17effdaafbd6daa1d78c508","name":"Adri\u00e1n Hern\u00e1ndez","url":"https:\/\/fmgente.com.ar\/web\/author\/c1601891\/"}]}},"_links":{"self":[{"href":"https:\/\/fmgente.com.ar\/web\/wp-json\/wp\/v2\/posts\/388","targetHints":{"allow":["GET"]}}],"collection":[{"href":"https:\/\/fmgente.com.ar\/web\/wp-json\/wp\/v2\/posts"}],"about":[{"href":"https:\/\/fmgente.com.ar\/web\/wp-json\/wp\/v2\/types\/post"}],"author":[{"embeddable":true,"href":"https:\/\/fmgente.com.ar\/web\/wp-json\/wp\/v2\/users\/2"}],"replies":[{"embeddable":true,"href":"https:\/\/fmgente.com.ar\/web\/wp-json\/wp\/v2\/comments?post=388"}],"version-history":[{"count":1,"href":"https:\/\/fmgente.com.ar\/web\/wp-json\/wp\/v2\/posts\/388\/revisions"}],"predecessor-version":[{"id":390,"href":"https:\/\/fmgente.com.ar\/web\/wp-json\/wp\/v2\/posts\/388\/revisions\/390"}],"wp:featuredmedia":[{"embeddable":true,"href":"https:\/\/fmgente.com.ar\/web\/wp-json\/wp\/v2\/media\/389"}],"wp:attachment":[{"href":"https:\/\/fmgente.com.ar\/web\/wp-json\/wp\/v2\/media?parent=388"}],"wp:term":[{"taxonomy":"category","embeddable":true,"href":"https:\/\/fmgente.com.ar\/web\/wp-json\/wp\/v2\/categories?post=388"},{"taxonomy":"post_tag","embeddable":true,"href":"https:\/\/fmgente.com.ar\/web\/wp-json\/wp\/v2\/tags?post=388"}],"curies":[{"name":"wp","href":"https:\/\/api.w.org\/{rel}","templated":true}]}}