{"id":3818,"date":"2024-05-21T21:49:59","date_gmt":"2024-05-22T00:49:59","guid":{"rendered":"https:\/\/fmgente.com.ar\/?p=3818"},"modified":"2024-05-21T21:49:59","modified_gmt":"2024-05-22T00:49:59","slug":"25-de-mayo-gran-desfile-patrio-en-jesus-maria","status":"publish","type":"post","link":"https:\/\/fmgente.com.ar\/web\/25-de-mayo-gran-desfile-patrio-en-jesus-maria\/","title":{"rendered":"25 de Mayo: gran desfile patrio en Jes\u00fas Mar\u00eda"},"content":{"rendered":"<p><strong>25 de Mayo: gran desfile patrio en Jes\u00fas Mar\u00eda<\/strong><br \/>\nDesfilar\u00e1n 170 instituciones por la Av. Laprida. Adem\u00e1s del acto central, feria de platos, y el Segundo Encuentro Provincial de Emprendedores por la tarde.<\/p>\n<p>La Municipalidad de Jes\u00fas Mar\u00eda realizar\u00e1 el s\u00e1bado 25 de mayo el emblem\u00e1tico desfile que convocar\u00e1 a organizaciones de toda la regi\u00f3n, para celebrar un nuevo aniversario del Primer Gobierno Patrio.<\/p>\n<p>Un a\u00f1o m\u00e1s, la ciudad ser\u00e1 anfitriona de este gran encuentro que comenzar\u00e1 a las 10 horas con la tradicional revista de tropas. Se espera que m\u00e1s de 9 mil personas copen la avenida Laprida, representando a 170 instituciones locales y regionales.<\/p>\n<p>La comunidad est\u00e1 invitada a ser parte de esta gran fiesta patria, y adem\u00e1s recorrer la feria de platos en la que escuelas, cooperativas y merenderos ofrecer\u00e1n opciones saladas, dulces y gastronom\u00eda t\u00edpica. Una oportunidad para colaborar con las instituciones locales que recaudan fondos para sus actividades.<\/p>\n<p>En caso de lluvia, se suspender\u00e1 el desfile y se realizar\u00e1 el acto con abanderados de las instituciones y autoridades en el Centro de Eventos y Deportes (Gral. Bustos 1430), el s\u00e1bado 25 de mayo a las 10 horas.<\/p>\n<p>La agenda completa<\/p>\n<p>Velada Patria<br \/>\nSer\u00e1 el viernes 24 de mayo, en el Sal\u00f3n Real Sinsacate, desde las 21:15 horas. All\u00ed tendr\u00e1 lugar el t\u00edpico encuentro para esperar el 25, junto a grupos de danza y m\u00fasica, compartiendo un chocolate caliente.<br \/>\nEl coro municipal de Jes\u00fas Mar\u00eda entonar\u00e1 el himno a medianoche.<\/p>\n<p>Izamiento de la bandera<br \/>\nSe realizar\u00e1 en el monumento al Gral. San Mart\u00edn a las 8 horas con la presencia de autoridades.<\/p>\n<p>Acto y desfile central<br \/>\nDesde las 10 horas, la Avenida Laprida ser\u00e1 escenario para el paso de m\u00e1s de 9 mil personas que representar\u00e1n a instituciones de toda la regi\u00f3n.<\/p>\n<p>\u00a1Tarde patria: emprendedores, baile y m\u00fasica en vivo!<br \/>\nDesde las 14 horas, la Explanada del Ferrocarril se viste de celeste y blanco para ser sede de la segunda edici\u00f3n del Encuentro Provincial de Emprendedores.<\/p>\n<p>El coraz\u00f3n de la ciudad recibir\u00e1 a 60 emprendedores locales y regionales que ofrecer\u00e1n sus producciones a visitantes y turistas. M\u00fasica en vivo, academias de baile, sorteos y sorpresas acompa\u00f1ar\u00e1n el encuentro.<\/p>\n<p><img loading=\"lazy\" decoding=\"async\" class=\"alignnone size-medium wp-image-3819\" src=\"https:\/\/fmgente.com.ar\/wp-content\/uploads\/2024\/05\/c8e84123-1e13-47e1-a370-86bc625d9011-300x300.jpg\" alt=\"\" width=\"300\" height=\"300\" srcset=\"https:\/\/fmgente.com.ar\/web\/wp-content\/uploads\/2024\/05\/c8e84123-1e13-47e1-a370-86bc625d9011-300x300.jpg 300w, https:\/\/fmgente.com.ar\/web\/wp-content\/uploads\/2024\/05\/c8e84123-1e13-47e1-a370-86bc625d9011-150x150.jpg 150w, https:\/\/fmgente.com.ar\/web\/wp-content\/uploads\/2024\/05\/c8e84123-1e13-47e1-a370-86bc625d9011-768x768.jpg 768w, https:\/\/fmgente.com.ar\/web\/wp-content\/uploads\/2024\/05\/c8e84123-1e13-47e1-a370-86bc625d9011-1536x1536.jpg 1536w, https:\/\/fmgente.com.ar\/web\/wp-content\/uploads\/2024\/05\/c8e84123-1e13-47e1-a370-86bc625d9011-800x800.jpg 800w, https:\/\/fmgente.com.ar\/web\/wp-content\/uploads\/2024\/05\/c8e84123-1e13-47e1-a370-86bc625d9011.jpg 1600w\" sizes=\"auto, (max-width: 300px) 100vw, 300px\" \/><\/p>\n","protected":false},"excerpt":{"rendered":"<p>25 de Mayo: gran desfile patrio en Jes\u00fas Mar\u00eda Desfilar\u00e1n 170 instituciones por la Av.<\/p>\n","protected":false},"author":4,"featured_media":3819,"comment_status":"closed","ping_status":"closed","sticky":false,"template":"","format":"standard","meta":{"footnotes":""},"categories":[11,40],"tags":[],"class_list":["post-3818","post","type-post","status-publish","format-standard","has-post-thumbnail","hentry","category-destacadas","category-principales"],"yoast_head":"<!-- This site is optimized with the Yoast SEO plugin v27.4 - https:\/\/yoast.com\/product\/yoast-seo-wordpress\/ -->\n<title>25 de Mayo: gran desfile patrio en Jes\u00fas Mar\u00eda - Fm Gente<\/title>\n<meta name=\"robots\" content=\"index, follow, max-snippet:-1, max-image-preview:large, max-video-preview:-1\" \/>\n<link rel=\"canonical\" href=\"https:\/\/fmgente.com.ar\/web\/25-de-mayo-gran-desfile-patrio-en-jesus-maria\/\" \/>\n<meta property=\"og:locale\" content=\"es_ES\" \/>\n<meta property=\"og:type\" content=\"article\" \/>\n<meta property=\"og:title\" content=\"25 de Mayo: gran desfile patrio en Jes\u00fas Mar\u00eda - Fm Gente\" \/>\n<meta property=\"og:description\" content=\"25 de Mayo: gran desfile patrio en Jes\u00fas Mar\u00eda Desfilar\u00e1n 170 instituciones por la Av.\" \/>\n<meta property=\"og:url\" content=\"https:\/\/fmgente.com.ar\/web\/25-de-mayo-gran-desfile-patrio-en-jesus-maria\/\" \/>\n<meta property=\"og:site_name\" content=\"Fm Gente\" \/>\n<meta property=\"article:published_time\" content=\"2024-05-22T00:49:59+00:00\" \/>\n<meta property=\"og:image\" content=\"https:\/\/fmgente.com.ar\/web\/wp-content\/uploads\/2024\/05\/c8e84123-1e13-47e1-a370-86bc625d9011.jpg\" \/>\n\t<meta property=\"og:image:width\" content=\"1600\" \/>\n\t<meta property=\"og:image:height\" content=\"1600\" \/>\n\t<meta property=\"og:image:type\" content=\"image\/jpeg\" \/>\n<meta name=\"twitter:card\" content=\"summary_large_image\" \/>\n<meta name=\"twitter:label1\" content=\"Escrito por\" \/>\n\t<meta name=\"twitter:data1\" content=\"\" \/>\n\t<meta name=\"twitter:label2\" content=\"Tiempo de lectura\" \/>\n\t<meta name=\"twitter:data2\" content=\"3 minutos\" \/>\n<script type=\"application\/ld+json\" class=\"yoast-schema-graph\">{\"@context\":\"https:\\\/\\\/schema.org\",\"@graph\":[{\"@type\":\"Article\",\"@id\":\"https:\\\/\\\/fmgente.com.ar\\\/web\\\/25-de-mayo-gran-desfile-patrio-en-jesus-maria\\\/#article\",\"isPartOf\":{\"@id\":\"https:\\\/\\\/fmgente.com.ar\\\/web\\\/25-de-mayo-gran-desfile-patrio-en-jesus-maria\\\/\"},\"author\":{\"name\":\"\",\"@id\":\"\"},\"headline\":\"25 de Mayo: gran desfile patrio en Jes\u00fas Mar\u00eda\",\"datePublished\":\"2024-05-22T00:49:59+00:00\",\"mainEntityOfPage\":{\"@id\":\"https:\\\/\\\/fmgente.com.ar\\\/web\\\/25-de-mayo-gran-desfile-patrio-en-jesus-maria\\\/\"},\"wordCount\":388,\"publisher\":{\"@id\":\"https:\\\/\\\/fmgente.com.ar\\\/web\\\/#organization\"},\"image\":{\"@id\":\"https:\\\/\\\/fmgente.com.ar\\\/web\\\/25-de-mayo-gran-desfile-patrio-en-jesus-maria\\\/#primaryimage\"},\"thumbnailUrl\":\"https:\\\/\\\/fmgente.com.ar\\\/web\\\/wp-content\\\/uploads\\\/2024\\\/05\\\/c8e84123-1e13-47e1-a370-86bc625d9011.jpg\",\"articleSection\":[\"DESTACADAS\",\"PRINCIPALES\"],\"inLanguage\":\"es\"},{\"@type\":\"WebPage\",\"@id\":\"https:\\\/\\\/fmgente.com.ar\\\/web\\\/25-de-mayo-gran-desfile-patrio-en-jesus-maria\\\/\",\"url\":\"https:\\\/\\\/fmgente.com.ar\\\/web\\\/25-de-mayo-gran-desfile-patrio-en-jesus-maria\\\/\",\"name\":\"25 de Mayo: gran desfile patrio en Jes\u00fas Mar\u00eda - Fm Gente\",\"isPartOf\":{\"@id\":\"https:\\\/\\\/fmgente.com.ar\\\/web\\\/#website\"},\"primaryImageOfPage\":{\"@id\":\"https:\\\/\\\/fmgente.com.ar\\\/web\\\/25-de-mayo-gran-desfile-patrio-en-jesus-maria\\\/#primaryimage\"},\"image\":{\"@id\":\"https:\\\/\\\/fmgente.com.ar\\\/web\\\/25-de-mayo-gran-desfile-patrio-en-jesus-maria\\\/#primaryimage\"},\"thumbnailUrl\":\"https:\\\/\\\/fmgente.com.ar\\\/web\\\/wp-content\\\/uploads\\\/2024\\\/05\\\/c8e84123-1e13-47e1-a370-86bc625d9011.jpg\",\"datePublished\":\"2024-05-22T00:49:59+00:00\",\"inLanguage\":\"es\",\"potentialAction\":[{\"@type\":\"ReadAction\",\"target\":[\"https:\\\/\\\/fmgente.com.ar\\\/web\\\/25-de-mayo-gran-desfile-patrio-en-jesus-maria\\\/\"]}]},{\"@type\":\"ImageObject\",\"inLanguage\":\"es\",\"@id\":\"https:\\\/\\\/fmgente.com.ar\\\/web\\\/25-de-mayo-gran-desfile-patrio-en-jesus-maria\\\/#primaryimage\",\"url\":\"https:\\\/\\\/fmgente.com.ar\\\/web\\\/wp-content\\\/uploads\\\/2024\\\/05\\\/c8e84123-1e13-47e1-a370-86bc625d9011.jpg\",\"contentUrl\":\"https:\\\/\\\/fmgente.com.ar\\\/web\\\/wp-content\\\/uploads\\\/2024\\\/05\\\/c8e84123-1e13-47e1-a370-86bc625d9011.jpg\",\"width\":1600,\"height\":1600},{\"@type\":\"WebSite\",\"@id\":\"https:\\\/\\\/fmgente.com.ar\\\/web\\\/#website\",\"url\":\"https:\\\/\\\/fmgente.com.ar\\\/web\\\/\",\"name\":\"Fm Gente\",\"description\":\"- Jes\u00fas Mar\u00eda\",\"publisher\":{\"@id\":\"https:\\\/\\\/fmgente.com.ar\\\/web\\\/#organization\"},\"potentialAction\":[{\"@type\":\"SearchAction\",\"target\":{\"@type\":\"EntryPoint\",\"urlTemplate\":\"https:\\\/\\\/fmgente.com.ar\\\/web\\\/?s={search_term_string}\"},\"query-input\":{\"@type\":\"PropertyValueSpecification\",\"valueRequired\":true,\"valueName\":\"search_term_string\"}}],\"inLanguage\":\"es\"},{\"@type\":\"Organization\",\"@id\":\"https:\\\/\\\/fmgente.com.ar\\\/web\\\/#organization\",\"name\":\"Fm Gente\",\"url\":\"https:\\\/\\\/fmgente.com.ar\\\/web\\\/\",\"logo\":{\"@type\":\"ImageObject\",\"inLanguage\":\"es\",\"@id\":\"https:\\\/\\\/fmgente.com.ar\\\/web\\\/#\\\/schema\\\/logo\\\/image\\\/\",\"url\":\"https:\\\/\\\/fmgente.com.ar\\\/web\\\/wp-content\\\/uploads\\\/2023\\\/07\\\/cropped-cropped-logo-sombra2.png\",\"contentUrl\":\"https:\\\/\\\/fmgente.com.ar\\\/web\\\/wp-content\\\/uploads\\\/2023\\\/07\\\/cropped-cropped-logo-sombra2.png\",\"width\":1782,\"height\":1782,\"caption\":\"Fm Gente\"},\"image\":{\"@id\":\"https:\\\/\\\/fmgente.com.ar\\\/web\\\/#\\\/schema\\\/logo\\\/image\\\/\"}},{\"@type\":\"Person\",\"@id\":\"\",\"url\":\"https:\\\/\\\/fmgente.com.ar\\\/web\\\/author\\\/\"}]}<\/script>\n<!-- \/ Yoast SEO plugin. -->","yoast_head_json":{"title":"25 de Mayo: gran desfile patrio en Jes\u00fas Mar\u00eda - Fm Gente","robots":{"index":"index","follow":"follow","max-snippet":"max-snippet:-1","max-image-preview":"max-image-preview:large","max-video-preview":"max-video-preview:-1"},"canonical":"https:\/\/fmgente.com.ar\/web\/25-de-mayo-gran-desfile-patrio-en-jesus-maria\/","og_locale":"es_ES","og_type":"article","og_title":"25 de Mayo: gran desfile patrio en Jes\u00fas Mar\u00eda - Fm Gente","og_description":"25 de Mayo: gran desfile patrio en Jes\u00fas Mar\u00eda Desfilar\u00e1n 170 instituciones por la Av.","og_url":"https:\/\/fmgente.com.ar\/web\/25-de-mayo-gran-desfile-patrio-en-jesus-maria\/","og_site_name":"Fm Gente","article_published_time":"2024-05-22T00:49:59+00:00","og_image":[{"width":1600,"height":1600,"url":"https:\/\/fmgente.com.ar\/web\/wp-content\/uploads\/2024\/05\/c8e84123-1e13-47e1-a370-86bc625d9011.jpg","type":"image\/jpeg"}],"twitter_card":"summary_large_image","twitter_misc":{"Escrito por":"","Tiempo de lectura":"3 minutos"},"schema":{"@context":"https:\/\/schema.org","@graph":[{"@type":"Article","@id":"https:\/\/fmgente.com.ar\/web\/25-de-mayo-gran-desfile-patrio-en-jesus-maria\/#article","isPartOf":{"@id":"https:\/\/fmgente.com.ar\/web\/25-de-mayo-gran-desfile-patrio-en-jesus-maria\/"},"author":{"name":"","@id":""},"headline":"25 de Mayo: gran desfile patrio en Jes\u00fas Mar\u00eda","datePublished":"2024-05-22T00:49:59+00:00","mainEntityOfPage":{"@id":"https:\/\/fmgente.com.ar\/web\/25-de-mayo-gran-desfile-patrio-en-jesus-maria\/"},"wordCount":388,"publisher":{"@id":"https:\/\/fmgente.com.ar\/web\/#organization"},"image":{"@id":"https:\/\/fmgente.com.ar\/web\/25-de-mayo-gran-desfile-patrio-en-jesus-maria\/#primaryimage"},"thumbnailUrl":"https:\/\/fmgente.com.ar\/web\/wp-content\/uploads\/2024\/05\/c8e84123-1e13-47e1-a370-86bc625d9011.jpg","articleSection":["DESTACADAS","PRINCIPALES"],"inLanguage":"es"},{"@type":"WebPage","@id":"https:\/\/fmgente.com.ar\/web\/25-de-mayo-gran-desfile-patrio-en-jesus-maria\/","url":"https:\/\/fmgente.com.ar\/web\/25-de-mayo-gran-desfile-patrio-en-jesus-maria\/","name":"25 de Mayo: gran desfile patrio en Jes\u00fas Mar\u00eda - Fm Gente","isPartOf":{"@id":"https:\/\/fmgente.com.ar\/web\/#website"},"primaryImageOfPage":{"@id":"https:\/\/fmgente.com.ar\/web\/25-de-mayo-gran-desfile-patrio-en-jesus-maria\/#primaryimage"},"image":{"@id":"https:\/\/fmgente.com.ar\/web\/25-de-mayo-gran-desfile-patrio-en-jesus-maria\/#primaryimage"},"thumbnailUrl":"https:\/\/fmgente.com.ar\/web\/wp-content\/uploads\/2024\/05\/c8e84123-1e13-47e1-a370-86bc625d9011.jpg","datePublished":"2024-05-22T00:49:59+00:00","inLanguage":"es","potentialAction":[{"@type":"ReadAction","target":["https:\/\/fmgente.com.ar\/web\/25-de-mayo-gran-desfile-patrio-en-jesus-maria\/"]}]},{"@type":"ImageObject","inLanguage":"es","@id":"https:\/\/fmgente.com.ar\/web\/25-de-mayo-gran-desfile-patrio-en-jesus-maria\/#primaryimage","url":"https:\/\/fmgente.com.ar\/web\/wp-content\/uploads\/2024\/05\/c8e84123-1e13-47e1-a370-86bc625d9011.jpg","contentUrl":"https:\/\/fmgente.com.ar\/web\/wp-content\/uploads\/2024\/05\/c8e84123-1e13-47e1-a370-86bc625d9011.jpg","width":1600,"height":1600},{"@type":"WebSite","@id":"https:\/\/fmgente.com.ar\/web\/#website","url":"https:\/\/fmgente.com.ar\/web\/","name":"Fm Gente","description":"- Jes\u00fas Mar\u00eda","publisher":{"@id":"https:\/\/fmgente.com.ar\/web\/#organization"},"potentialAction":[{"@type":"SearchAction","target":{"@type":"EntryPoint","urlTemplate":"https:\/\/fmgente.com.ar\/web\/?s={search_term_string}"},"query-input":{"@type":"PropertyValueSpecification","valueRequired":true,"valueName":"search_term_string"}}],"inLanguage":"es"},{"@type":"Organization","@id":"https:\/\/fmgente.com.ar\/web\/#organization","name":"Fm Gente","url":"https:\/\/fmgente.com.ar\/web\/","logo":{"@type":"ImageObject","inLanguage":"es","@id":"https:\/\/fmgente.com.ar\/web\/#\/schema\/logo\/image\/","url":"https:\/\/fmgente.com.ar\/web\/wp-content\/uploads\/2023\/07\/cropped-cropped-logo-sombra2.png","contentUrl":"https:\/\/fmgente.com.ar\/web\/wp-content\/uploads\/2023\/07\/cropped-cropped-logo-sombra2.png","width":1782,"height":1782,"caption":"Fm Gente"},"image":{"@id":"https:\/\/fmgente.com.ar\/web\/#\/schema\/logo\/image\/"}},{"@type":"Person","@id":"","url":"https:\/\/fmgente.com.ar\/web\/author\/"}]}},"_links":{"self":[{"href":"https:\/\/fmgente.com.ar\/web\/wp-json\/wp\/v2\/posts\/3818","targetHints":{"allow":["GET"]}}],"collection":[{"href":"https:\/\/fmgente.com.ar\/web\/wp-json\/wp\/v2\/posts"}],"about":[{"href":"https:\/\/fmgente.com.ar\/web\/wp-json\/wp\/v2\/types\/post"}],"author":[{"embeddable":true,"href":"https:\/\/fmgente.com.ar\/web\/wp-json\/wp\/v2\/users\/4"}],"replies":[{"embeddable":true,"href":"https:\/\/fmgente.com.ar\/web\/wp-json\/wp\/v2\/comments?post=3818"}],"version-history":[{"count":1,"href":"https:\/\/fmgente.com.ar\/web\/wp-json\/wp\/v2\/posts\/3818\/revisions"}],"predecessor-version":[{"id":3823,"href":"https:\/\/fmgente.com.ar\/web\/wp-json\/wp\/v2\/posts\/3818\/revisions\/3823"}],"wp:featuredmedia":[{"embeddable":true,"href":"https:\/\/fmgente.com.ar\/web\/wp-json\/wp\/v2\/media\/3819"}],"wp:attachment":[{"href":"https:\/\/fmgente.com.ar\/web\/wp-json\/wp\/v2\/media?parent=3818"}],"wp:term":[{"taxonomy":"category","embeddable":true,"href":"https:\/\/fmgente.com.ar\/web\/wp-json\/wp\/v2\/categories?post=3818"},{"taxonomy":"post_tag","embeddable":true,"href":"https:\/\/fmgente.com.ar\/web\/wp-json\/wp\/v2\/tags?post=3818"}],"curies":[{"name":"wp","href":"https:\/\/api.w.org\/{rel}","templated":true}]}}