{"id":3797,"date":"2024-05-03T14:40:11","date_gmt":"2024-05-03T17:40:11","guid":{"rendered":"https:\/\/fmgente.com.ar\/?p=3797"},"modified":"2024-05-03T14:40:11","modified_gmt":"2024-05-03T17:40:11","slug":"se-inmunizaron-mas-de-300-mascotas-en-la-jornada-de-vacunacion-antirrabica","status":"publish","type":"post","link":"https:\/\/fmgente.com.ar\/web\/se-inmunizaron-mas-de-300-mascotas-en-la-jornada-de-vacunacion-antirrabica\/","title":{"rendered":"Se inmunizaron mas de 300 mascotas en la jornada de vacunaci\u00f3n antirr\u00e1bica"},"content":{"rendered":"<p><strong>Se inmunizaron mas de 300 mascotas en la jornada de vacunaci\u00f3n antirr\u00e1bica<\/strong><br \/>\nSe aplicaron vacunas antirr\u00e1bicas, y se realiz\u00f3 desparasitaci\u00f3n interna y externa a perros y gatos.<\/p>\n<p><img loading=\"lazy\" decoding=\"async\" class=\"alignnone size-medium wp-image-3798\" src=\"https:\/\/fmgente.com.ar\/wp-content\/uploads\/2024\/05\/73027493-a22e-47fa-afb4-0074abb60e71-300x200.jpg\" alt=\"\" width=\"300\" height=\"200\" srcset=\"https:\/\/fmgente.com.ar\/web\/wp-content\/uploads\/2024\/05\/73027493-a22e-47fa-afb4-0074abb60e71-300x200.jpg 300w, https:\/\/fmgente.com.ar\/web\/wp-content\/uploads\/2024\/05\/73027493-a22e-47fa-afb4-0074abb60e71-768x512.jpg 768w, https:\/\/fmgente.com.ar\/web\/wp-content\/uploads\/2024\/05\/73027493-a22e-47fa-afb4-0074abb60e71-1536x1023.jpg 1536w, https:\/\/fmgente.com.ar\/web\/wp-content\/uploads\/2024\/05\/73027493-a22e-47fa-afb4-0074abb60e71-600x400.jpg 600w, https:\/\/fmgente.com.ar\/web\/wp-content\/uploads\/2024\/05\/73027493-a22e-47fa-afb4-0074abb60e71.jpg 1600w\" sizes=\"auto, (max-width: 300px) 100vw, 300px\" \/><\/p>\n<p>La Municipalidad de Jes\u00fas Mar\u00eda, a trav\u00e9s del \u00e1rea de Sanidad Animal, organiz\u00f3 una jornada de vacunaci\u00f3n antirr\u00e1bica y desparasitaci\u00f3n a partir de los 3 meses de edad para perros y gatos dom\u00e9sticos. En total, 337 animales recibieron atenci\u00f3n veterinaria primaria.<\/p>\n<p>Esta iniciativa tiene como finalidad evitar la transmisi\u00f3n de la rabia, una enfermedad que afecta al sistema nervioso central de los mam\u00edferos. Adem\u00e1s, a trav\u00e9s de estas actividades, se refuerza el compromiso con la salud de las mascotas asegurando su bienestar f\u00edsico y emocional.<\/p>\n<p>Se recuerda que contin\u00faa vigente la pol\u00edtica de castraciones gratuitas para caninos y felinos de la ciudad. Las intervenciones se realizan de lunes a jueves en el Polideportivo 17 de Octubre, y los viernes en Sierras y Parques. En ambos casos, el horario es de 9 a 13 horas y los turnos se solicitan al n\u00famero: 03525 15533997.<\/p>\n","protected":false},"excerpt":{"rendered":"<p>Se inmunizaron mas de 300 mascotas en la jornada de vacunaci\u00f3n antirr\u00e1bica Se aplicaron vacunas<\/p>\n","protected":false},"author":4,"featured_media":3798,"comment_status":"closed","ping_status":"closed","sticky":false,"template":"","format":"standard","meta":{"footnotes":""},"categories":[1],"tags":[],"class_list":["post-3797","post","type-post","status-publish","format-standard","has-post-thumbnail","hentry","category-regionales"],"yoast_head":"<!-- This site is optimized with the Yoast SEO plugin v27.4 - https:\/\/yoast.com\/product\/yoast-seo-wordpress\/ -->\n<title>Se inmunizaron mas de 300 mascotas en la jornada de vacunaci\u00f3n antirr\u00e1bica - Fm Gente<\/title>\n<meta name=\"robots\" content=\"index, follow, max-snippet:-1, max-image-preview:large, max-video-preview:-1\" \/>\n<link rel=\"canonical\" href=\"https:\/\/fmgente.com.ar\/web\/se-inmunizaron-mas-de-300-mascotas-en-la-jornada-de-vacunacion-antirrabica\/\" \/>\n<meta property=\"og:locale\" content=\"es_ES\" \/>\n<meta property=\"og:type\" content=\"article\" \/>\n<meta property=\"og:title\" content=\"Se inmunizaron mas de 300 mascotas en la jornada de vacunaci\u00f3n antirr\u00e1bica - Fm Gente\" \/>\n<meta property=\"og:description\" content=\"Se inmunizaron mas de 300 mascotas en la jornada de vacunaci\u00f3n antirr\u00e1bica Se aplicaron vacunas\" \/>\n<meta property=\"og:url\" content=\"https:\/\/fmgente.com.ar\/web\/se-inmunizaron-mas-de-300-mascotas-en-la-jornada-de-vacunacion-antirrabica\/\" \/>\n<meta property=\"og:site_name\" content=\"Fm Gente\" \/>\n<meta property=\"article:published_time\" content=\"2024-05-03T17:40:11+00:00\" \/>\n<meta property=\"og:image\" content=\"https:\/\/fmgente.com.ar\/web\/wp-content\/uploads\/2024\/05\/73027493-a22e-47fa-afb4-0074abb60e71.jpg\" \/>\n\t<meta property=\"og:image:width\" content=\"1600\" \/>\n\t<meta property=\"og:image:height\" content=\"1066\" \/>\n\t<meta property=\"og:image:type\" content=\"image\/jpeg\" \/>\n<meta name=\"twitter:card\" content=\"summary_large_image\" \/>\n<meta name=\"twitter:label1\" content=\"Escrito por\" \/>\n\t<meta name=\"twitter:data1\" content=\"\" \/>\n\t<meta name=\"twitter:label2\" content=\"Tiempo de lectura\" \/>\n\t<meta name=\"twitter:data2\" content=\"2 minutos\" \/>\n<script type=\"application\/ld+json\" class=\"yoast-schema-graph\">{\"@context\":\"https:\\\/\\\/schema.org\",\"@graph\":[{\"@type\":\"Article\",\"@id\":\"https:\\\/\\\/fmgente.com.ar\\\/web\\\/se-inmunizaron-mas-de-300-mascotas-en-la-jornada-de-vacunacion-antirrabica\\\/#article\",\"isPartOf\":{\"@id\":\"https:\\\/\\\/fmgente.com.ar\\\/web\\\/se-inmunizaron-mas-de-300-mascotas-en-la-jornada-de-vacunacion-antirrabica\\\/\"},\"author\":{\"name\":\"\",\"@id\":\"\"},\"headline\":\"Se inmunizaron mas de 300 mascotas en la jornada de vacunaci\u00f3n antirr\u00e1bica\",\"datePublished\":\"2024-05-03T17:40:11+00:00\",\"mainEntityOfPage\":{\"@id\":\"https:\\\/\\\/fmgente.com.ar\\\/web\\\/se-inmunizaron-mas-de-300-mascotas-en-la-jornada-de-vacunacion-antirrabica\\\/\"},\"wordCount\":195,\"publisher\":{\"@id\":\"https:\\\/\\\/fmgente.com.ar\\\/web\\\/#organization\"},\"image\":{\"@id\":\"https:\\\/\\\/fmgente.com.ar\\\/web\\\/se-inmunizaron-mas-de-300-mascotas-en-la-jornada-de-vacunacion-antirrabica\\\/#primaryimage\"},\"thumbnailUrl\":\"https:\\\/\\\/fmgente.com.ar\\\/web\\\/wp-content\\\/uploads\\\/2024\\\/05\\\/73027493-a22e-47fa-afb4-0074abb60e71.jpg\",\"articleSection\":[\"REGIONALES\"],\"inLanguage\":\"es\"},{\"@type\":\"WebPage\",\"@id\":\"https:\\\/\\\/fmgente.com.ar\\\/web\\\/se-inmunizaron-mas-de-300-mascotas-en-la-jornada-de-vacunacion-antirrabica\\\/\",\"url\":\"https:\\\/\\\/fmgente.com.ar\\\/web\\\/se-inmunizaron-mas-de-300-mascotas-en-la-jornada-de-vacunacion-antirrabica\\\/\",\"name\":\"Se inmunizaron mas de 300 mascotas en la jornada de vacunaci\u00f3n antirr\u00e1bica - Fm Gente\",\"isPartOf\":{\"@id\":\"https:\\\/\\\/fmgente.com.ar\\\/web\\\/#website\"},\"primaryImageOfPage\":{\"@id\":\"https:\\\/\\\/fmgente.com.ar\\\/web\\\/se-inmunizaron-mas-de-300-mascotas-en-la-jornada-de-vacunacion-antirrabica\\\/#primaryimage\"},\"image\":{\"@id\":\"https:\\\/\\\/fmgente.com.ar\\\/web\\\/se-inmunizaron-mas-de-300-mascotas-en-la-jornada-de-vacunacion-antirrabica\\\/#primaryimage\"},\"thumbnailUrl\":\"https:\\\/\\\/fmgente.com.ar\\\/web\\\/wp-content\\\/uploads\\\/2024\\\/05\\\/73027493-a22e-47fa-afb4-0074abb60e71.jpg\",\"datePublished\":\"2024-05-03T17:40:11+00:00\",\"inLanguage\":\"es\",\"potentialAction\":[{\"@type\":\"ReadAction\",\"target\":[\"https:\\\/\\\/fmgente.com.ar\\\/web\\\/se-inmunizaron-mas-de-300-mascotas-en-la-jornada-de-vacunacion-antirrabica\\\/\"]}]},{\"@type\":\"ImageObject\",\"inLanguage\":\"es\",\"@id\":\"https:\\\/\\\/fmgente.com.ar\\\/web\\\/se-inmunizaron-mas-de-300-mascotas-en-la-jornada-de-vacunacion-antirrabica\\\/#primaryimage\",\"url\":\"https:\\\/\\\/fmgente.com.ar\\\/web\\\/wp-content\\\/uploads\\\/2024\\\/05\\\/73027493-a22e-47fa-afb4-0074abb60e71.jpg\",\"contentUrl\":\"https:\\\/\\\/fmgente.com.ar\\\/web\\\/wp-content\\\/uploads\\\/2024\\\/05\\\/73027493-a22e-47fa-afb4-0074abb60e71.jpg\",\"width\":1600,\"height\":1066},{\"@type\":\"WebSite\",\"@id\":\"https:\\\/\\\/fmgente.com.ar\\\/web\\\/#website\",\"url\":\"https:\\\/\\\/fmgente.com.ar\\\/web\\\/\",\"name\":\"Fm Gente\",\"description\":\"- Jes\u00fas Mar\u00eda\",\"publisher\":{\"@id\":\"https:\\\/\\\/fmgente.com.ar\\\/web\\\/#organization\"},\"potentialAction\":[{\"@type\":\"SearchAction\",\"target\":{\"@type\":\"EntryPoint\",\"urlTemplate\":\"https:\\\/\\\/fmgente.com.ar\\\/web\\\/?s={search_term_string}\"},\"query-input\":{\"@type\":\"PropertyValueSpecification\",\"valueRequired\":true,\"valueName\":\"search_term_string\"}}],\"inLanguage\":\"es\"},{\"@type\":\"Organization\",\"@id\":\"https:\\\/\\\/fmgente.com.ar\\\/web\\\/#organization\",\"name\":\"Fm Gente\",\"url\":\"https:\\\/\\\/fmgente.com.ar\\\/web\\\/\",\"logo\":{\"@type\":\"ImageObject\",\"inLanguage\":\"es\",\"@id\":\"https:\\\/\\\/fmgente.com.ar\\\/web\\\/#\\\/schema\\\/logo\\\/image\\\/\",\"url\":\"https:\\\/\\\/fmgente.com.ar\\\/web\\\/wp-content\\\/uploads\\\/2023\\\/07\\\/cropped-cropped-logo-sombra2.png\",\"contentUrl\":\"https:\\\/\\\/fmgente.com.ar\\\/web\\\/wp-content\\\/uploads\\\/2023\\\/07\\\/cropped-cropped-logo-sombra2.png\",\"width\":1782,\"height\":1782,\"caption\":\"Fm Gente\"},\"image\":{\"@id\":\"https:\\\/\\\/fmgente.com.ar\\\/web\\\/#\\\/schema\\\/logo\\\/image\\\/\"}},{\"@type\":\"Person\",\"@id\":\"\",\"url\":\"https:\\\/\\\/fmgente.com.ar\\\/web\\\/author\\\/\"}]}<\/script>\n<!-- \/ Yoast SEO plugin. -->","yoast_head_json":{"title":"Se inmunizaron mas de 300 mascotas en la jornada de vacunaci\u00f3n antirr\u00e1bica - Fm Gente","robots":{"index":"index","follow":"follow","max-snippet":"max-snippet:-1","max-image-preview":"max-image-preview:large","max-video-preview":"max-video-preview:-1"},"canonical":"https:\/\/fmgente.com.ar\/web\/se-inmunizaron-mas-de-300-mascotas-en-la-jornada-de-vacunacion-antirrabica\/","og_locale":"es_ES","og_type":"article","og_title":"Se inmunizaron mas de 300 mascotas en la jornada de vacunaci\u00f3n antirr\u00e1bica - Fm Gente","og_description":"Se inmunizaron mas de 300 mascotas en la jornada de vacunaci\u00f3n antirr\u00e1bica Se aplicaron vacunas","og_url":"https:\/\/fmgente.com.ar\/web\/se-inmunizaron-mas-de-300-mascotas-en-la-jornada-de-vacunacion-antirrabica\/","og_site_name":"Fm Gente","article_published_time":"2024-05-03T17:40:11+00:00","og_image":[{"width":1600,"height":1066,"url":"https:\/\/fmgente.com.ar\/web\/wp-content\/uploads\/2024\/05\/73027493-a22e-47fa-afb4-0074abb60e71.jpg","type":"image\/jpeg"}],"twitter_card":"summary_large_image","twitter_misc":{"Escrito por":"","Tiempo de lectura":"2 minutos"},"schema":{"@context":"https:\/\/schema.org","@graph":[{"@type":"Article","@id":"https:\/\/fmgente.com.ar\/web\/se-inmunizaron-mas-de-300-mascotas-en-la-jornada-de-vacunacion-antirrabica\/#article","isPartOf":{"@id":"https:\/\/fmgente.com.ar\/web\/se-inmunizaron-mas-de-300-mascotas-en-la-jornada-de-vacunacion-antirrabica\/"},"author":{"name":"","@id":""},"headline":"Se inmunizaron mas de 300 mascotas en la jornada de vacunaci\u00f3n antirr\u00e1bica","datePublished":"2024-05-03T17:40:11+00:00","mainEntityOfPage":{"@id":"https:\/\/fmgente.com.ar\/web\/se-inmunizaron-mas-de-300-mascotas-en-la-jornada-de-vacunacion-antirrabica\/"},"wordCount":195,"publisher":{"@id":"https:\/\/fmgente.com.ar\/web\/#organization"},"image":{"@id":"https:\/\/fmgente.com.ar\/web\/se-inmunizaron-mas-de-300-mascotas-en-la-jornada-de-vacunacion-antirrabica\/#primaryimage"},"thumbnailUrl":"https:\/\/fmgente.com.ar\/web\/wp-content\/uploads\/2024\/05\/73027493-a22e-47fa-afb4-0074abb60e71.jpg","articleSection":["REGIONALES"],"inLanguage":"es"},{"@type":"WebPage","@id":"https:\/\/fmgente.com.ar\/web\/se-inmunizaron-mas-de-300-mascotas-en-la-jornada-de-vacunacion-antirrabica\/","url":"https:\/\/fmgente.com.ar\/web\/se-inmunizaron-mas-de-300-mascotas-en-la-jornada-de-vacunacion-antirrabica\/","name":"Se inmunizaron mas de 300 mascotas en la jornada de vacunaci\u00f3n antirr\u00e1bica - Fm Gente","isPartOf":{"@id":"https:\/\/fmgente.com.ar\/web\/#website"},"primaryImageOfPage":{"@id":"https:\/\/fmgente.com.ar\/web\/se-inmunizaron-mas-de-300-mascotas-en-la-jornada-de-vacunacion-antirrabica\/#primaryimage"},"image":{"@id":"https:\/\/fmgente.com.ar\/web\/se-inmunizaron-mas-de-300-mascotas-en-la-jornada-de-vacunacion-antirrabica\/#primaryimage"},"thumbnailUrl":"https:\/\/fmgente.com.ar\/web\/wp-content\/uploads\/2024\/05\/73027493-a22e-47fa-afb4-0074abb60e71.jpg","datePublished":"2024-05-03T17:40:11+00:00","inLanguage":"es","potentialAction":[{"@type":"ReadAction","target":["https:\/\/fmgente.com.ar\/web\/se-inmunizaron-mas-de-300-mascotas-en-la-jornada-de-vacunacion-antirrabica\/"]}]},{"@type":"ImageObject","inLanguage":"es","@id":"https:\/\/fmgente.com.ar\/web\/se-inmunizaron-mas-de-300-mascotas-en-la-jornada-de-vacunacion-antirrabica\/#primaryimage","url":"https:\/\/fmgente.com.ar\/web\/wp-content\/uploads\/2024\/05\/73027493-a22e-47fa-afb4-0074abb60e71.jpg","contentUrl":"https:\/\/fmgente.com.ar\/web\/wp-content\/uploads\/2024\/05\/73027493-a22e-47fa-afb4-0074abb60e71.jpg","width":1600,"height":1066},{"@type":"WebSite","@id":"https:\/\/fmgente.com.ar\/web\/#website","url":"https:\/\/fmgente.com.ar\/web\/","name":"Fm Gente","description":"- Jes\u00fas Mar\u00eda","publisher":{"@id":"https:\/\/fmgente.com.ar\/web\/#organization"},"potentialAction":[{"@type":"SearchAction","target":{"@type":"EntryPoint","urlTemplate":"https:\/\/fmgente.com.ar\/web\/?s={search_term_string}"},"query-input":{"@type":"PropertyValueSpecification","valueRequired":true,"valueName":"search_term_string"}}],"inLanguage":"es"},{"@type":"Organization","@id":"https:\/\/fmgente.com.ar\/web\/#organization","name":"Fm Gente","url":"https:\/\/fmgente.com.ar\/web\/","logo":{"@type":"ImageObject","inLanguage":"es","@id":"https:\/\/fmgente.com.ar\/web\/#\/schema\/logo\/image\/","url":"https:\/\/fmgente.com.ar\/web\/wp-content\/uploads\/2023\/07\/cropped-cropped-logo-sombra2.png","contentUrl":"https:\/\/fmgente.com.ar\/web\/wp-content\/uploads\/2023\/07\/cropped-cropped-logo-sombra2.png","width":1782,"height":1782,"caption":"Fm Gente"},"image":{"@id":"https:\/\/fmgente.com.ar\/web\/#\/schema\/logo\/image\/"}},{"@type":"Person","@id":"","url":"https:\/\/fmgente.com.ar\/web\/author\/"}]}},"_links":{"self":[{"href":"https:\/\/fmgente.com.ar\/web\/wp-json\/wp\/v2\/posts\/3797","targetHints":{"allow":["GET"]}}],"collection":[{"href":"https:\/\/fmgente.com.ar\/web\/wp-json\/wp\/v2\/posts"}],"about":[{"href":"https:\/\/fmgente.com.ar\/web\/wp-json\/wp\/v2\/types\/post"}],"author":[{"embeddable":true,"href":"https:\/\/fmgente.com.ar\/web\/wp-json\/wp\/v2\/users\/4"}],"replies":[{"embeddable":true,"href":"https:\/\/fmgente.com.ar\/web\/wp-json\/wp\/v2\/comments?post=3797"}],"version-history":[{"count":1,"href":"https:\/\/fmgente.com.ar\/web\/wp-json\/wp\/v2\/posts\/3797\/revisions"}],"predecessor-version":[{"id":3799,"href":"https:\/\/fmgente.com.ar\/web\/wp-json\/wp\/v2\/posts\/3797\/revisions\/3799"}],"wp:featuredmedia":[{"embeddable":true,"href":"https:\/\/fmgente.com.ar\/web\/wp-json\/wp\/v2\/media\/3798"}],"wp:attachment":[{"href":"https:\/\/fmgente.com.ar\/web\/wp-json\/wp\/v2\/media?parent=3797"}],"wp:term":[{"taxonomy":"category","embeddable":true,"href":"https:\/\/fmgente.com.ar\/web\/wp-json\/wp\/v2\/categories?post=3797"},{"taxonomy":"post_tag","embeddable":true,"href":"https:\/\/fmgente.com.ar\/web\/wp-json\/wp\/v2\/tags?post=3797"}],"curies":[{"name":"wp","href":"https:\/\/api.w.org\/{rel}","templated":true}]}}