{"id":3744,"date":"2024-04-23T21:07:47","date_gmt":"2024-04-24T00:07:47","guid":{"rendered":"https:\/\/fmgente.com.ar\/?p=3744"},"modified":"2024-04-23T21:07:47","modified_gmt":"2024-04-24T00:07:47","slug":"jesus-maria-49-artistas-participaron-del-19o-encuentro-de-pintores-paisajistas","status":"publish","type":"post","link":"https:\/\/fmgente.com.ar\/web\/jesus-maria-49-artistas-participaron-del-19o-encuentro-de-pintores-paisajistas\/","title":{"rendered":"Jes\u00fas Mar\u00eda: 49 artistas participaron del 19\u00ba Encuentro de Pintores Paisajistas"},"content":{"rendered":"<p><strong>Jes\u00fas Mar\u00eda: 49 artistas participaron del 19\u00ba Encuentro de Pintores Paisajistas<\/strong><\/p>\n<p><img loading=\"lazy\" decoding=\"async\" class=\"alignnone size-medium wp-image-3752\" src=\"https:\/\/fmgente.com.ar\/wp-content\/uploads\/2024\/04\/68cf9862-5430-4ed1-8443-f15f5d77c0ac-300x200.jpg\" alt=\"\" width=\"300\" height=\"200\" srcset=\"https:\/\/fmgente.com.ar\/web\/wp-content\/uploads\/2024\/04\/68cf9862-5430-4ed1-8443-f15f5d77c0ac-300x200.jpg 300w, https:\/\/fmgente.com.ar\/web\/wp-content\/uploads\/2024\/04\/68cf9862-5430-4ed1-8443-f15f5d77c0ac-768x512.jpg 768w, https:\/\/fmgente.com.ar\/web\/wp-content\/uploads\/2024\/04\/68cf9862-5430-4ed1-8443-f15f5d77c0ac-1536x1023.jpg 1536w, https:\/\/fmgente.com.ar\/web\/wp-content\/uploads\/2024\/04\/68cf9862-5430-4ed1-8443-f15f5d77c0ac-600x400.jpg 600w, https:\/\/fmgente.com.ar\/web\/wp-content\/uploads\/2024\/04\/68cf9862-5430-4ed1-8443-f15f5d77c0ac.jpg 1600w\" sizes=\"auto, (max-width: 300px) 100vw, 300px\" \/><\/p>\n<p>Durante dos jornadas la ciudad fue epicentro de uno de los eventos culturales m\u00e1s importantes del calendario local. Conoc\u00e9 el detalle de los ganadores.<\/p>\n<p>La Municipalidad de Jes\u00fas Mar\u00eda a trav\u00e9s de la Direcci\u00f3n de Cultura, impuls\u00f3 una nueva edici\u00f3n del Encuentro de Pintores Paisajistas. La tem\u00e1tica de la 19\u00ba edici\u00f3n fue \u00abLos colores de mi ciudad\u00bb, invitando a recrear rincones representativos y emblem\u00e1ticos de la ciudad.<\/p>\n<p><img loading=\"lazy\" decoding=\"async\" class=\"alignnone size-medium wp-image-3746\" src=\"https:\/\/fmgente.com.ar\/wp-content\/uploads\/2024\/04\/60d7eb87-6b94-4a3b-abe2-116ca7b26a8f-300x200.jpg\" alt=\"\" width=\"300\" height=\"200\" srcset=\"https:\/\/fmgente.com.ar\/web\/wp-content\/uploads\/2024\/04\/60d7eb87-6b94-4a3b-abe2-116ca7b26a8f-300x200.jpg 300w, https:\/\/fmgente.com.ar\/web\/wp-content\/uploads\/2024\/04\/60d7eb87-6b94-4a3b-abe2-116ca7b26a8f-768x512.jpg 768w, https:\/\/fmgente.com.ar\/web\/wp-content\/uploads\/2024\/04\/60d7eb87-6b94-4a3b-abe2-116ca7b26a8f-1536x1023.jpg 1536w, https:\/\/fmgente.com.ar\/web\/wp-content\/uploads\/2024\/04\/60d7eb87-6b94-4a3b-abe2-116ca7b26a8f-600x400.jpg 600w, https:\/\/fmgente.com.ar\/web\/wp-content\/uploads\/2024\/04\/60d7eb87-6b94-4a3b-abe2-116ca7b26a8f.jpg 1600w\" sizes=\"auto, (max-width: 300px) 100vw, 300px\" \/><img loading=\"lazy\" decoding=\"async\" class=\"alignnone size-medium wp-image-3756\" src=\"https:\/\/fmgente.com.ar\/wp-content\/uploads\/2024\/04\/c0b16f84-7b0d-49a2-8d45-dd622ba0f636-300x200.jpg\" alt=\"\" width=\"300\" height=\"200\" srcset=\"https:\/\/fmgente.com.ar\/web\/wp-content\/uploads\/2024\/04\/c0b16f84-7b0d-49a2-8d45-dd622ba0f636-300x200.jpg 300w, https:\/\/fmgente.com.ar\/web\/wp-content\/uploads\/2024\/04\/c0b16f84-7b0d-49a2-8d45-dd622ba0f636-768x512.jpg 768w, https:\/\/fmgente.com.ar\/web\/wp-content\/uploads\/2024\/04\/c0b16f84-7b0d-49a2-8d45-dd622ba0f636-1536x1023.jpg 1536w, https:\/\/fmgente.com.ar\/web\/wp-content\/uploads\/2024\/04\/c0b16f84-7b0d-49a2-8d45-dd622ba0f636-600x400.jpg 600w, https:\/\/fmgente.com.ar\/web\/wp-content\/uploads\/2024\/04\/c0b16f84-7b0d-49a2-8d45-dd622ba0f636.jpg 1600w\" sizes=\"auto, (max-width: 300px) 100vw, 300px\" \/><\/p>\n<p>El viernes y s\u00e1bado, los rincones de Jes\u00fas Mar\u00eda fueron escenario para el despliegue del arte. Participaron en las distintas categor\u00edas 49 artistas; 6 locales, y 43 de distintos puntos de la provincia de C\u00f3rdoba: General Cabrera, Punilla, Santa Rosa de Calamuchita, Mendiolaza, Ticino, Dean Funes, Toledo, Unquillo, Alta Gracia, Quilino, Salsipuedes, C\u00f3rdoba, R\u00edo Ceballos, R\u00edo Cuarto, Achira, Villa Mar\u00eda, Totoral, y tambi\u00e9n de la ciudad de Rosario.<\/p>\n<p><img loading=\"lazy\" decoding=\"async\" class=\"alignnone size-medium wp-image-3751\" src=\"https:\/\/fmgente.com.ar\/wp-content\/uploads\/2024\/04\/45cee8aa-7f5a-4fa7-82a5-b6ad0b628575-300x200.jpg\" alt=\"\" width=\"300\" height=\"200\" srcset=\"https:\/\/fmgente.com.ar\/web\/wp-content\/uploads\/2024\/04\/45cee8aa-7f5a-4fa7-82a5-b6ad0b628575-300x200.jpg 300w, https:\/\/fmgente.com.ar\/web\/wp-content\/uploads\/2024\/04\/45cee8aa-7f5a-4fa7-82a5-b6ad0b628575-768x512.jpg 768w, https:\/\/fmgente.com.ar\/web\/wp-content\/uploads\/2024\/04\/45cee8aa-7f5a-4fa7-82a5-b6ad0b628575-1536x1023.jpg 1536w, https:\/\/fmgente.com.ar\/web\/wp-content\/uploads\/2024\/04\/45cee8aa-7f5a-4fa7-82a5-b6ad0b628575-600x400.jpg 600w, https:\/\/fmgente.com.ar\/web\/wp-content\/uploads\/2024\/04\/45cee8aa-7f5a-4fa7-82a5-b6ad0b628575.jpg 1600w\" sizes=\"auto, (max-width: 300px) 100vw, 300px\" \/><\/p>\n<p>Las obras ganadoras fueron elegidas por un jurado especializado integrado por los especialistas Carmen Moyano, Ver\u00f3nica Molas y Emilio Perotti. La entrega de premios y exposici\u00f3n de los cuadros se realiz\u00f3 el s\u00e1bado en la Estancia Jesu\u00edtica.<\/p>\n<p><img loading=\"lazy\" decoding=\"async\" class=\"alignnone size-medium wp-image-3755\" src=\"https:\/\/fmgente.com.ar\/wp-content\/uploads\/2024\/04\/b792105c-2de2-42a1-8ab9-1d562b6db569-300x200.jpg\" alt=\"\" width=\"300\" height=\"200\" srcset=\"https:\/\/fmgente.com.ar\/web\/wp-content\/uploads\/2024\/04\/b792105c-2de2-42a1-8ab9-1d562b6db569-300x200.jpg 300w, https:\/\/fmgente.com.ar\/web\/wp-content\/uploads\/2024\/04\/b792105c-2de2-42a1-8ab9-1d562b6db569-768x512.jpg 768w, https:\/\/fmgente.com.ar\/web\/wp-content\/uploads\/2024\/04\/b792105c-2de2-42a1-8ab9-1d562b6db569-1536x1023.jpg 1536w, https:\/\/fmgente.com.ar\/web\/wp-content\/uploads\/2024\/04\/b792105c-2de2-42a1-8ab9-1d562b6db569-600x400.jpg 600w, https:\/\/fmgente.com.ar\/web\/wp-content\/uploads\/2024\/04\/b792105c-2de2-42a1-8ab9-1d562b6db569.jpg 1600w\" sizes=\"auto, (max-width: 300px) 100vw, 300px\" \/><img loading=\"lazy\" decoding=\"async\" class=\"alignnone size-medium wp-image-3754\" src=\"https:\/\/fmgente.com.ar\/wp-content\/uploads\/2024\/04\/14082143-8b12-4837-a3de-1ab1291f27cd-300x200.jpg\" alt=\"\" width=\"300\" height=\"200\" srcset=\"https:\/\/fmgente.com.ar\/web\/wp-content\/uploads\/2024\/04\/14082143-8b12-4837-a3de-1ab1291f27cd-300x200.jpg 300w, https:\/\/fmgente.com.ar\/web\/wp-content\/uploads\/2024\/04\/14082143-8b12-4837-a3de-1ab1291f27cd-768x512.jpg 768w, https:\/\/fmgente.com.ar\/web\/wp-content\/uploads\/2024\/04\/14082143-8b12-4837-a3de-1ab1291f27cd-1536x1023.jpg 1536w, https:\/\/fmgente.com.ar\/web\/wp-content\/uploads\/2024\/04\/14082143-8b12-4837-a3de-1ab1291f27cd-600x400.jpg 600w, https:\/\/fmgente.com.ar\/web\/wp-content\/uploads\/2024\/04\/14082143-8b12-4837-a3de-1ab1291f27cd.jpg 1600w\" sizes=\"auto, (max-width: 300px) 100vw, 300px\" \/><img loading=\"lazy\" decoding=\"async\" class=\"alignnone size-medium wp-image-3749\" src=\"https:\/\/fmgente.com.ar\/wp-content\/uploads\/2024\/04\/f9653cac-282a-4b0c-97a2-28bef2b27243-300x200.jpg\" alt=\"\" width=\"300\" height=\"200\" srcset=\"https:\/\/fmgente.com.ar\/web\/wp-content\/uploads\/2024\/04\/f9653cac-282a-4b0c-97a2-28bef2b27243-300x200.jpg 300w, https:\/\/fmgente.com.ar\/web\/wp-content\/uploads\/2024\/04\/f9653cac-282a-4b0c-97a2-28bef2b27243-768x512.jpg 768w, https:\/\/fmgente.com.ar\/web\/wp-content\/uploads\/2024\/04\/f9653cac-282a-4b0c-97a2-28bef2b27243-1536x1023.jpg 1536w, https:\/\/fmgente.com.ar\/web\/wp-content\/uploads\/2024\/04\/f9653cac-282a-4b0c-97a2-28bef2b27243-600x400.jpg 600w, https:\/\/fmgente.com.ar\/web\/wp-content\/uploads\/2024\/04\/f9653cac-282a-4b0c-97a2-28bef2b27243.jpg 1600w\" sizes=\"auto, (max-width: 300px) 100vw, 300px\" \/><img loading=\"lazy\" decoding=\"async\" class=\"alignnone size-medium wp-image-3748\" src=\"https:\/\/fmgente.com.ar\/wp-content\/uploads\/2024\/04\/c5fec6c1-407b-45b4-bca6-22f080316a12-300x200.jpg\" alt=\"\" width=\"300\" height=\"200\" srcset=\"https:\/\/fmgente.com.ar\/web\/wp-content\/uploads\/2024\/04\/c5fec6c1-407b-45b4-bca6-22f080316a12-300x200.jpg 300w, https:\/\/fmgente.com.ar\/web\/wp-content\/uploads\/2024\/04\/c5fec6c1-407b-45b4-bca6-22f080316a12-768x512.jpg 768w, https:\/\/fmgente.com.ar\/web\/wp-content\/uploads\/2024\/04\/c5fec6c1-407b-45b4-bca6-22f080316a12-1536x1023.jpg 1536w, https:\/\/fmgente.com.ar\/web\/wp-content\/uploads\/2024\/04\/c5fec6c1-407b-45b4-bca6-22f080316a12-600x400.jpg 600w, https:\/\/fmgente.com.ar\/web\/wp-content\/uploads\/2024\/04\/c5fec6c1-407b-45b4-bca6-22f080316a12.jpg 1600w\" sizes=\"auto, (max-width: 300px) 100vw, 300px\" \/><img loading=\"lazy\" decoding=\"async\" class=\"alignnone size-medium wp-image-3747\" src=\"https:\/\/fmgente.com.ar\/wp-content\/uploads\/2024\/04\/b28b054a-4352-4903-aee8-7467a1540045-300x200.jpg\" alt=\"\" width=\"300\" height=\"200\" srcset=\"https:\/\/fmgente.com.ar\/web\/wp-content\/uploads\/2024\/04\/b28b054a-4352-4903-aee8-7467a1540045-300x200.jpg 300w, https:\/\/fmgente.com.ar\/web\/wp-content\/uploads\/2024\/04\/b28b054a-4352-4903-aee8-7467a1540045-768x512.jpg 768w, https:\/\/fmgente.com.ar\/web\/wp-content\/uploads\/2024\/04\/b28b054a-4352-4903-aee8-7467a1540045-1536x1023.jpg 1536w, https:\/\/fmgente.com.ar\/web\/wp-content\/uploads\/2024\/04\/b28b054a-4352-4903-aee8-7467a1540045-600x400.jpg 600w, https:\/\/fmgente.com.ar\/web\/wp-content\/uploads\/2024\/04\/b28b054a-4352-4903-aee8-7467a1540045.jpg 1600w\" sizes=\"auto, (max-width: 300px) 100vw, 300px\" \/><img loading=\"lazy\" decoding=\"async\" class=\"alignnone size-medium wp-image-3745\" src=\"https:\/\/fmgente.com.ar\/wp-content\/uploads\/2024\/04\/7de986e5-5adb-4b2c-beb9-ef8216604330-300x200.jpg\" alt=\"\" width=\"300\" height=\"200\" srcset=\"https:\/\/fmgente.com.ar\/web\/wp-content\/uploads\/2024\/04\/7de986e5-5adb-4b2c-beb9-ef8216604330-300x200.jpg 300w, https:\/\/fmgente.com.ar\/web\/wp-content\/uploads\/2024\/04\/7de986e5-5adb-4b2c-beb9-ef8216604330-768x512.jpg 768w, https:\/\/fmgente.com.ar\/web\/wp-content\/uploads\/2024\/04\/7de986e5-5adb-4b2c-beb9-ef8216604330-1536x1023.jpg 1536w, https:\/\/fmgente.com.ar\/web\/wp-content\/uploads\/2024\/04\/7de986e5-5adb-4b2c-beb9-ef8216604330-600x400.jpg 600w, https:\/\/fmgente.com.ar\/web\/wp-content\/uploads\/2024\/04\/7de986e5-5adb-4b2c-beb9-ef8216604330.jpg 1600w\" sizes=\"auto, (max-width: 300px) 100vw, 300px\" \/><\/p>\n<p>Los premiados del 19\u00ba Encuentro de Pintores Paisajistas:<\/p>\n<p>Categor\u00eda profesional<br \/>\nRogelio Arias<br \/>\nPedro Ponce de Le\u00f3n<br \/>\nRubio Octavio<\/p>\n<p>Categor\u00eda aficionados<br \/>\nCristian Robledo<br \/>\nMiguel Angel Posse<br \/>\nAraceli Avila<\/p>\n<p>Categor\u00eda peque\u00f1o formato<br \/>\nPablo Vivas<br \/>\nJuan Morfino<br \/>\nPedro Ponce de Le\u00f3n<\/p>\n<p>Menciones categor\u00eda profesional<br \/>\nJuan Morfino<br \/>\nPablo Prez<br \/>\nPablo Vivas<br \/>\nGarcia Edgardo Nieto<br \/>\nCarlos Irazoqui<\/p>\n<p>Menciones peque\u00f1o formato<br \/>\nJonathan Villafa\u00f1e<br \/>\nNahir Ahumada<br \/>\nMario Dominguez<\/p>\n","protected":false},"excerpt":{"rendered":"<p>Jes\u00fas Mar\u00eda: 49 artistas participaron del 19\u00ba Encuentro de Pintores Paisajistas Durante dos jornadas la<\/p>\n","protected":false},"author":4,"featured_media":3752,"comment_status":"closed","ping_status":"closed","sticky":false,"template":"","format":"standard","meta":{"footnotes":""},"categories":[40],"tags":[92,1726],"class_list":["post-3744","post","type-post","status-publish","format-standard","has-post-thumbnail","hentry","category-principales","tag-jesus-maria","tag-pintores-paisajistas"],"yoast_head":"<!-- This site is optimized with the Yoast SEO plugin v27.4 - https:\/\/yoast.com\/product\/yoast-seo-wordpress\/ -->\n<title>Jes\u00fas Mar\u00eda: 49 artistas participaron del 19\u00ba Encuentro de Pintores Paisajistas - Fm Gente<\/title>\n<meta name=\"robots\" content=\"index, follow, max-snippet:-1, max-image-preview:large, max-video-preview:-1\" \/>\n<link rel=\"canonical\" href=\"https:\/\/fmgente.com.ar\/web\/jesus-maria-49-artistas-participaron-del-19o-encuentro-de-pintores-paisajistas\/\" \/>\n<meta property=\"og:locale\" content=\"es_ES\" \/>\n<meta property=\"og:type\" content=\"article\" \/>\n<meta property=\"og:title\" content=\"Jes\u00fas Mar\u00eda: 49 artistas participaron del 19\u00ba Encuentro de Pintores Paisajistas - Fm Gente\" \/>\n<meta property=\"og:description\" content=\"Jes\u00fas Mar\u00eda: 49 artistas participaron del 19\u00ba Encuentro de Pintores Paisajistas Durante dos jornadas la\" \/>\n<meta property=\"og:url\" content=\"https:\/\/fmgente.com.ar\/web\/jesus-maria-49-artistas-participaron-del-19o-encuentro-de-pintores-paisajistas\/\" \/>\n<meta property=\"og:site_name\" content=\"Fm Gente\" \/>\n<meta property=\"article:published_time\" content=\"2024-04-24T00:07:47+00:00\" \/>\n<meta property=\"og:image\" content=\"https:\/\/fmgente.com.ar\/web\/wp-content\/uploads\/2024\/04\/68cf9862-5430-4ed1-8443-f15f5d77c0ac.jpg\" \/>\n\t<meta property=\"og:image:width\" content=\"1600\" \/>\n\t<meta property=\"og:image:height\" content=\"1066\" \/>\n\t<meta property=\"og:image:type\" content=\"image\/jpeg\" \/>\n<meta name=\"twitter:card\" content=\"summary_large_image\" \/>\n<meta name=\"twitter:label1\" content=\"Escrito por\" \/>\n\t<meta name=\"twitter:data1\" content=\"\" \/>\n\t<meta name=\"twitter:label2\" content=\"Tiempo de lectura\" \/>\n\t<meta name=\"twitter:data2\" content=\"4 minutos\" \/>\n<script type=\"application\/ld+json\" class=\"yoast-schema-graph\">{\"@context\":\"https:\\\/\\\/schema.org\",\"@graph\":[{\"@type\":\"Article\",\"@id\":\"https:\\\/\\\/fmgente.com.ar\\\/web\\\/jesus-maria-49-artistas-participaron-del-19o-encuentro-de-pintores-paisajistas\\\/#article\",\"isPartOf\":{\"@id\":\"https:\\\/\\\/fmgente.com.ar\\\/web\\\/jesus-maria-49-artistas-participaron-del-19o-encuentro-de-pintores-paisajistas\\\/\"},\"author\":{\"name\":\"\",\"@id\":\"\"},\"headline\":\"Jes\u00fas Mar\u00eda: 49 artistas participaron del 19\u00ba Encuentro de Pintores Paisajistas\",\"datePublished\":\"2024-04-24T00:07:47+00:00\",\"mainEntityOfPage\":{\"@id\":\"https:\\\/\\\/fmgente.com.ar\\\/web\\\/jesus-maria-49-artistas-participaron-del-19o-encuentro-de-pintores-paisajistas\\\/\"},\"wordCount\":282,\"publisher\":{\"@id\":\"https:\\\/\\\/fmgente.com.ar\\\/web\\\/#organization\"},\"image\":{\"@id\":\"https:\\\/\\\/fmgente.com.ar\\\/web\\\/jesus-maria-49-artistas-participaron-del-19o-encuentro-de-pintores-paisajistas\\\/#primaryimage\"},\"thumbnailUrl\":\"https:\\\/\\\/fmgente.com.ar\\\/web\\\/wp-content\\\/uploads\\\/2024\\\/04\\\/68cf9862-5430-4ed1-8443-f15f5d77c0ac.jpg\",\"keywords\":[\"Jes\u00fas Mar\u00eda\",\"pintores paisajistas\"],\"articleSection\":[\"PRINCIPALES\"],\"inLanguage\":\"es\"},{\"@type\":\"WebPage\",\"@id\":\"https:\\\/\\\/fmgente.com.ar\\\/web\\\/jesus-maria-49-artistas-participaron-del-19o-encuentro-de-pintores-paisajistas\\\/\",\"url\":\"https:\\\/\\\/fmgente.com.ar\\\/web\\\/jesus-maria-49-artistas-participaron-del-19o-encuentro-de-pintores-paisajistas\\\/\",\"name\":\"Jes\u00fas Mar\u00eda: 49 artistas participaron del 19\u00ba Encuentro de Pintores Paisajistas - Fm Gente\",\"isPartOf\":{\"@id\":\"https:\\\/\\\/fmgente.com.ar\\\/web\\\/#website\"},\"primaryImageOfPage\":{\"@id\":\"https:\\\/\\\/fmgente.com.ar\\\/web\\\/jesus-maria-49-artistas-participaron-del-19o-encuentro-de-pintores-paisajistas\\\/#primaryimage\"},\"image\":{\"@id\":\"https:\\\/\\\/fmgente.com.ar\\\/web\\\/jesus-maria-49-artistas-participaron-del-19o-encuentro-de-pintores-paisajistas\\\/#primaryimage\"},\"thumbnailUrl\":\"https:\\\/\\\/fmgente.com.ar\\\/web\\\/wp-content\\\/uploads\\\/2024\\\/04\\\/68cf9862-5430-4ed1-8443-f15f5d77c0ac.jpg\",\"datePublished\":\"2024-04-24T00:07:47+00:00\",\"inLanguage\":\"es\",\"potentialAction\":[{\"@type\":\"ReadAction\",\"target\":[\"https:\\\/\\\/fmgente.com.ar\\\/web\\\/jesus-maria-49-artistas-participaron-del-19o-encuentro-de-pintores-paisajistas\\\/\"]}]},{\"@type\":\"ImageObject\",\"inLanguage\":\"es\",\"@id\":\"https:\\\/\\\/fmgente.com.ar\\\/web\\\/jesus-maria-49-artistas-participaron-del-19o-encuentro-de-pintores-paisajistas\\\/#primaryimage\",\"url\":\"https:\\\/\\\/fmgente.com.ar\\\/web\\\/wp-content\\\/uploads\\\/2024\\\/04\\\/68cf9862-5430-4ed1-8443-f15f5d77c0ac.jpg\",\"contentUrl\":\"https:\\\/\\\/fmgente.com.ar\\\/web\\\/wp-content\\\/uploads\\\/2024\\\/04\\\/68cf9862-5430-4ed1-8443-f15f5d77c0ac.jpg\",\"width\":1600,\"height\":1066},{\"@type\":\"WebSite\",\"@id\":\"https:\\\/\\\/fmgente.com.ar\\\/web\\\/#website\",\"url\":\"https:\\\/\\\/fmgente.com.ar\\\/web\\\/\",\"name\":\"Fm Gente\",\"description\":\"- Jes\u00fas Mar\u00eda\",\"publisher\":{\"@id\":\"https:\\\/\\\/fmgente.com.ar\\\/web\\\/#organization\"},\"potentialAction\":[{\"@type\":\"SearchAction\",\"target\":{\"@type\":\"EntryPoint\",\"urlTemplate\":\"https:\\\/\\\/fmgente.com.ar\\\/web\\\/?s={search_term_string}\"},\"query-input\":{\"@type\":\"PropertyValueSpecification\",\"valueRequired\":true,\"valueName\":\"search_term_string\"}}],\"inLanguage\":\"es\"},{\"@type\":\"Organization\",\"@id\":\"https:\\\/\\\/fmgente.com.ar\\\/web\\\/#organization\",\"name\":\"Fm Gente\",\"url\":\"https:\\\/\\\/fmgente.com.ar\\\/web\\\/\",\"logo\":{\"@type\":\"ImageObject\",\"inLanguage\":\"es\",\"@id\":\"https:\\\/\\\/fmgente.com.ar\\\/web\\\/#\\\/schema\\\/logo\\\/image\\\/\",\"url\":\"https:\\\/\\\/fmgente.com.ar\\\/web\\\/wp-content\\\/uploads\\\/2023\\\/07\\\/cropped-cropped-logo-sombra2.png\",\"contentUrl\":\"https:\\\/\\\/fmgente.com.ar\\\/web\\\/wp-content\\\/uploads\\\/2023\\\/07\\\/cropped-cropped-logo-sombra2.png\",\"width\":1782,\"height\":1782,\"caption\":\"Fm Gente\"},\"image\":{\"@id\":\"https:\\\/\\\/fmgente.com.ar\\\/web\\\/#\\\/schema\\\/logo\\\/image\\\/\"}},{\"@type\":\"Person\",\"@id\":\"\",\"url\":\"https:\\\/\\\/fmgente.com.ar\\\/web\\\/author\\\/\"}]}<\/script>\n<!-- \/ Yoast SEO plugin. -->","yoast_head_json":{"title":"Jes\u00fas Mar\u00eda: 49 artistas participaron del 19\u00ba Encuentro de Pintores Paisajistas - Fm Gente","robots":{"index":"index","follow":"follow","max-snippet":"max-snippet:-1","max-image-preview":"max-image-preview:large","max-video-preview":"max-video-preview:-1"},"canonical":"https:\/\/fmgente.com.ar\/web\/jesus-maria-49-artistas-participaron-del-19o-encuentro-de-pintores-paisajistas\/","og_locale":"es_ES","og_type":"article","og_title":"Jes\u00fas Mar\u00eda: 49 artistas participaron del 19\u00ba Encuentro de Pintores Paisajistas - Fm Gente","og_description":"Jes\u00fas Mar\u00eda: 49 artistas participaron del 19\u00ba Encuentro de Pintores Paisajistas Durante dos jornadas la","og_url":"https:\/\/fmgente.com.ar\/web\/jesus-maria-49-artistas-participaron-del-19o-encuentro-de-pintores-paisajistas\/","og_site_name":"Fm Gente","article_published_time":"2024-04-24T00:07:47+00:00","og_image":[{"width":1600,"height":1066,"url":"https:\/\/fmgente.com.ar\/web\/wp-content\/uploads\/2024\/04\/68cf9862-5430-4ed1-8443-f15f5d77c0ac.jpg","type":"image\/jpeg"}],"twitter_card":"summary_large_image","twitter_misc":{"Escrito por":"","Tiempo de lectura":"4 minutos"},"schema":{"@context":"https:\/\/schema.org","@graph":[{"@type":"Article","@id":"https:\/\/fmgente.com.ar\/web\/jesus-maria-49-artistas-participaron-del-19o-encuentro-de-pintores-paisajistas\/#article","isPartOf":{"@id":"https:\/\/fmgente.com.ar\/web\/jesus-maria-49-artistas-participaron-del-19o-encuentro-de-pintores-paisajistas\/"},"author":{"name":"","@id":""},"headline":"Jes\u00fas Mar\u00eda: 49 artistas participaron del 19\u00ba Encuentro de Pintores Paisajistas","datePublished":"2024-04-24T00:07:47+00:00","mainEntityOfPage":{"@id":"https:\/\/fmgente.com.ar\/web\/jesus-maria-49-artistas-participaron-del-19o-encuentro-de-pintores-paisajistas\/"},"wordCount":282,"publisher":{"@id":"https:\/\/fmgente.com.ar\/web\/#organization"},"image":{"@id":"https:\/\/fmgente.com.ar\/web\/jesus-maria-49-artistas-participaron-del-19o-encuentro-de-pintores-paisajistas\/#primaryimage"},"thumbnailUrl":"https:\/\/fmgente.com.ar\/web\/wp-content\/uploads\/2024\/04\/68cf9862-5430-4ed1-8443-f15f5d77c0ac.jpg","keywords":["Jes\u00fas Mar\u00eda","pintores paisajistas"],"articleSection":["PRINCIPALES"],"inLanguage":"es"},{"@type":"WebPage","@id":"https:\/\/fmgente.com.ar\/web\/jesus-maria-49-artistas-participaron-del-19o-encuentro-de-pintores-paisajistas\/","url":"https:\/\/fmgente.com.ar\/web\/jesus-maria-49-artistas-participaron-del-19o-encuentro-de-pintores-paisajistas\/","name":"Jes\u00fas Mar\u00eda: 49 artistas participaron del 19\u00ba Encuentro de Pintores Paisajistas - Fm Gente","isPartOf":{"@id":"https:\/\/fmgente.com.ar\/web\/#website"},"primaryImageOfPage":{"@id":"https:\/\/fmgente.com.ar\/web\/jesus-maria-49-artistas-participaron-del-19o-encuentro-de-pintores-paisajistas\/#primaryimage"},"image":{"@id":"https:\/\/fmgente.com.ar\/web\/jesus-maria-49-artistas-participaron-del-19o-encuentro-de-pintores-paisajistas\/#primaryimage"},"thumbnailUrl":"https:\/\/fmgente.com.ar\/web\/wp-content\/uploads\/2024\/04\/68cf9862-5430-4ed1-8443-f15f5d77c0ac.jpg","datePublished":"2024-04-24T00:07:47+00:00","inLanguage":"es","potentialAction":[{"@type":"ReadAction","target":["https:\/\/fmgente.com.ar\/web\/jesus-maria-49-artistas-participaron-del-19o-encuentro-de-pintores-paisajistas\/"]}]},{"@type":"ImageObject","inLanguage":"es","@id":"https:\/\/fmgente.com.ar\/web\/jesus-maria-49-artistas-participaron-del-19o-encuentro-de-pintores-paisajistas\/#primaryimage","url":"https:\/\/fmgente.com.ar\/web\/wp-content\/uploads\/2024\/04\/68cf9862-5430-4ed1-8443-f15f5d77c0ac.jpg","contentUrl":"https:\/\/fmgente.com.ar\/web\/wp-content\/uploads\/2024\/04\/68cf9862-5430-4ed1-8443-f15f5d77c0ac.jpg","width":1600,"height":1066},{"@type":"WebSite","@id":"https:\/\/fmgente.com.ar\/web\/#website","url":"https:\/\/fmgente.com.ar\/web\/","name":"Fm Gente","description":"- Jes\u00fas Mar\u00eda","publisher":{"@id":"https:\/\/fmgente.com.ar\/web\/#organization"},"potentialAction":[{"@type":"SearchAction","target":{"@type":"EntryPoint","urlTemplate":"https:\/\/fmgente.com.ar\/web\/?s={search_term_string}"},"query-input":{"@type":"PropertyValueSpecification","valueRequired":true,"valueName":"search_term_string"}}],"inLanguage":"es"},{"@type":"Organization","@id":"https:\/\/fmgente.com.ar\/web\/#organization","name":"Fm Gente","url":"https:\/\/fmgente.com.ar\/web\/","logo":{"@type":"ImageObject","inLanguage":"es","@id":"https:\/\/fmgente.com.ar\/web\/#\/schema\/logo\/image\/","url":"https:\/\/fmgente.com.ar\/web\/wp-content\/uploads\/2023\/07\/cropped-cropped-logo-sombra2.png","contentUrl":"https:\/\/fmgente.com.ar\/web\/wp-content\/uploads\/2023\/07\/cropped-cropped-logo-sombra2.png","width":1782,"height":1782,"caption":"Fm Gente"},"image":{"@id":"https:\/\/fmgente.com.ar\/web\/#\/schema\/logo\/image\/"}},{"@type":"Person","@id":"","url":"https:\/\/fmgente.com.ar\/web\/author\/"}]}},"_links":{"self":[{"href":"https:\/\/fmgente.com.ar\/web\/wp-json\/wp\/v2\/posts\/3744","targetHints":{"allow":["GET"]}}],"collection":[{"href":"https:\/\/fmgente.com.ar\/web\/wp-json\/wp\/v2\/posts"}],"about":[{"href":"https:\/\/fmgente.com.ar\/web\/wp-json\/wp\/v2\/types\/post"}],"author":[{"embeddable":true,"href":"https:\/\/fmgente.com.ar\/web\/wp-json\/wp\/v2\/users\/4"}],"replies":[{"embeddable":true,"href":"https:\/\/fmgente.com.ar\/web\/wp-json\/wp\/v2\/comments?post=3744"}],"version-history":[{"count":1,"href":"https:\/\/fmgente.com.ar\/web\/wp-json\/wp\/v2\/posts\/3744\/revisions"}],"predecessor-version":[{"id":3757,"href":"https:\/\/fmgente.com.ar\/web\/wp-json\/wp\/v2\/posts\/3744\/revisions\/3757"}],"wp:featuredmedia":[{"embeddable":true,"href":"https:\/\/fmgente.com.ar\/web\/wp-json\/wp\/v2\/media\/3752"}],"wp:attachment":[{"href":"https:\/\/fmgente.com.ar\/web\/wp-json\/wp\/v2\/media?parent=3744"}],"wp:term":[{"taxonomy":"category","embeddable":true,"href":"https:\/\/fmgente.com.ar\/web\/wp-json\/wp\/v2\/categories?post=3744"},{"taxonomy":"post_tag","embeddable":true,"href":"https:\/\/fmgente.com.ar\/web\/wp-json\/wp\/v2\/tags?post=3744"}],"curies":[{"name":"wp","href":"https:\/\/api.w.org\/{rel}","templated":true}]}}