{"id":3738,"date":"2024-04-19T22:25:18","date_gmt":"2024-04-20T01:25:18","guid":{"rendered":"https:\/\/fmgente.com.ar\/?p=3738"},"modified":"2024-04-19T22:25:18","modified_gmt":"2024-04-20T01:25:18","slug":"el-intendente-ciprian-se-reunio-en-privado-con-el-ministro-de-educacion-para-acelerar-la-entrega-del-edificio-de-ipet-413","status":"publish","type":"post","link":"https:\/\/fmgente.com.ar\/web\/el-intendente-ciprian-se-reunio-en-privado-con-el-ministro-de-educacion-para-acelerar-la-entrega-del-edificio-de-ipet-413\/","title":{"rendered":"El Intendente Ciprian se reuni\u00f3 en privado con el Ministro de Educaci\u00f3n para acelerar la entrega del edificio de Ipet 413 ."},"content":{"rendered":"<p><strong>El Intendente Ciprian se reuni\u00f3 en privado con el Ministro de Educaci\u00f3n para acelerar la entrega del edificio de Ipet 413 .<\/strong><\/p>\n<p>Luego de la firma del convenio por Las Coordinaciones locales de Educaci\u00f3n Ciprian dialog\u00f3 con el Ministro Horacio Ferreyra , en una reuni\u00f3n a solas donde le plante\u00f3 la necesidad de culminar el nuevo edificio para la Ipem 413.<br \/>\nEn el mismo restan finalizar varios detalles para que el alumnado pueda disponer del mismo, entre ellos habilitar una estaci\u00f3n transformadora que brinde la potencia el\u00e9ctrica necesaria para el funcionamiento completo del nuevo edificio.<\/p>\n<p><img loading=\"lazy\" decoding=\"async\" class=\"alignnone size-medium wp-image-3730\" src=\"https:\/\/fmgente.com.ar\/wp-content\/uploads\/2024\/04\/c924c211-0de2-4039-be4e-24f6f115ec10-300x300.jpg\" alt=\"\" width=\"300\" height=\"300\" srcset=\"https:\/\/fmgente.com.ar\/web\/wp-content\/uploads\/2024\/04\/c924c211-0de2-4039-be4e-24f6f115ec10-300x300.jpg 300w, https:\/\/fmgente.com.ar\/web\/wp-content\/uploads\/2024\/04\/c924c211-0de2-4039-be4e-24f6f115ec10-150x150.jpg 150w, https:\/\/fmgente.com.ar\/web\/wp-content\/uploads\/2024\/04\/c924c211-0de2-4039-be4e-24f6f115ec10.jpg 720w\" sizes=\"auto, (max-width: 300px) 100vw, 300px\" \/><br \/>\nTras el encuentro el Ministro se comprometi\u00f3 con nuestro Intendente a agilizar todas las gestiones para habilitar las nuevas instalaciones a la brevedad.<\/p>\n","protected":false},"excerpt":{"rendered":"<p>El Intendente Ciprian se reuni\u00f3 en privado con el Ministro de Educaci\u00f3n para acelerar la<\/p>\n","protected":false},"author":4,"featured_media":3730,"comment_status":"closed","ping_status":"closed","sticky":false,"template":"","format":"standard","meta":{"footnotes":""},"categories":[1],"tags":[1723,791],"class_list":["post-3738","post","type-post","status-publish","format-standard","has-post-thumbnail","hentry","category-regionales","tag-ipem-413","tag-sinsacate"],"yoast_head":"<!-- This site is optimized with the Yoast SEO plugin v27.4 - https:\/\/yoast.com\/product\/yoast-seo-wordpress\/ -->\n<title>El Intendente Ciprian se reuni\u00f3 en privado con el Ministro de Educaci\u00f3n para acelerar la entrega del edificio de Ipet 413 . - Fm Gente<\/title>\n<meta name=\"robots\" content=\"index, follow, max-snippet:-1, max-image-preview:large, max-video-preview:-1\" \/>\n<link rel=\"canonical\" href=\"https:\/\/fmgente.com.ar\/web\/el-intendente-ciprian-se-reunio-en-privado-con-el-ministro-de-educacion-para-acelerar-la-entrega-del-edificio-de-ipet-413\/\" \/>\n<meta property=\"og:locale\" content=\"es_ES\" \/>\n<meta property=\"og:type\" content=\"article\" \/>\n<meta property=\"og:title\" content=\"El Intendente Ciprian se reuni\u00f3 en privado con el Ministro de Educaci\u00f3n para acelerar la entrega del edificio de Ipet 413 . - Fm Gente\" \/>\n<meta property=\"og:description\" content=\"El Intendente Ciprian se reuni\u00f3 en privado con el Ministro de Educaci\u00f3n para acelerar la\" \/>\n<meta property=\"og:url\" content=\"https:\/\/fmgente.com.ar\/web\/el-intendente-ciprian-se-reunio-en-privado-con-el-ministro-de-educacion-para-acelerar-la-entrega-del-edificio-de-ipet-413\/\" \/>\n<meta property=\"og:site_name\" content=\"Fm Gente\" \/>\n<meta property=\"article:published_time\" content=\"2024-04-20T01:25:18+00:00\" \/>\n<meta property=\"og:image\" content=\"https:\/\/fmgente.com.ar\/web\/wp-content\/uploads\/2024\/04\/c924c211-0de2-4039-be4e-24f6f115ec10.jpg\" \/>\n\t<meta property=\"og:image:width\" content=\"720\" \/>\n\t<meta property=\"og:image:height\" content=\"720\" \/>\n\t<meta property=\"og:image:type\" content=\"image\/jpeg\" \/>\n<meta name=\"twitter:card\" content=\"summary_large_image\" \/>\n<meta name=\"twitter:label1\" content=\"Escrito por\" \/>\n\t<meta name=\"twitter:data1\" content=\"\" \/>\n\t<meta name=\"twitter:label2\" content=\"Tiempo de lectura\" \/>\n\t<meta name=\"twitter:data2\" content=\"1 minuto\" \/>\n<script type=\"application\/ld+json\" class=\"yoast-schema-graph\">{\"@context\":\"https:\\\/\\\/schema.org\",\"@graph\":[{\"@type\":\"Article\",\"@id\":\"https:\\\/\\\/fmgente.com.ar\\\/web\\\/el-intendente-ciprian-se-reunio-en-privado-con-el-ministro-de-educacion-para-acelerar-la-entrega-del-edificio-de-ipet-413\\\/#article\",\"isPartOf\":{\"@id\":\"https:\\\/\\\/fmgente.com.ar\\\/web\\\/el-intendente-ciprian-se-reunio-en-privado-con-el-ministro-de-educacion-para-acelerar-la-entrega-del-edificio-de-ipet-413\\\/\"},\"author\":{\"name\":\"\",\"@id\":\"\"},\"headline\":\"El Intendente Ciprian se reuni\u00f3 en privado con el Ministro de Educaci\u00f3n para acelerar la entrega del edificio de Ipet 413 .\",\"datePublished\":\"2024-04-20T01:25:18+00:00\",\"mainEntityOfPage\":{\"@id\":\"https:\\\/\\\/fmgente.com.ar\\\/web\\\/el-intendente-ciprian-se-reunio-en-privado-con-el-ministro-de-educacion-para-acelerar-la-entrega-del-edificio-de-ipet-413\\\/\"},\"wordCount\":140,\"publisher\":{\"@id\":\"https:\\\/\\\/fmgente.com.ar\\\/web\\\/#organization\"},\"image\":{\"@id\":\"https:\\\/\\\/fmgente.com.ar\\\/web\\\/el-intendente-ciprian-se-reunio-en-privado-con-el-ministro-de-educacion-para-acelerar-la-entrega-del-edificio-de-ipet-413\\\/#primaryimage\"},\"thumbnailUrl\":\"https:\\\/\\\/fmgente.com.ar\\\/web\\\/wp-content\\\/uploads\\\/2024\\\/04\\\/c924c211-0de2-4039-be4e-24f6f115ec10.jpg\",\"keywords\":[\"ipem 413\",\"Sinsacate\"],\"articleSection\":[\"REGIONALES\"],\"inLanguage\":\"es\"},{\"@type\":\"WebPage\",\"@id\":\"https:\\\/\\\/fmgente.com.ar\\\/web\\\/el-intendente-ciprian-se-reunio-en-privado-con-el-ministro-de-educacion-para-acelerar-la-entrega-del-edificio-de-ipet-413\\\/\",\"url\":\"https:\\\/\\\/fmgente.com.ar\\\/web\\\/el-intendente-ciprian-se-reunio-en-privado-con-el-ministro-de-educacion-para-acelerar-la-entrega-del-edificio-de-ipet-413\\\/\",\"name\":\"El Intendente Ciprian se reuni\u00f3 en privado con el Ministro de Educaci\u00f3n para acelerar la entrega del edificio de Ipet 413 . - Fm Gente\",\"isPartOf\":{\"@id\":\"https:\\\/\\\/fmgente.com.ar\\\/web\\\/#website\"},\"primaryImageOfPage\":{\"@id\":\"https:\\\/\\\/fmgente.com.ar\\\/web\\\/el-intendente-ciprian-se-reunio-en-privado-con-el-ministro-de-educacion-para-acelerar-la-entrega-del-edificio-de-ipet-413\\\/#primaryimage\"},\"image\":{\"@id\":\"https:\\\/\\\/fmgente.com.ar\\\/web\\\/el-intendente-ciprian-se-reunio-en-privado-con-el-ministro-de-educacion-para-acelerar-la-entrega-del-edificio-de-ipet-413\\\/#primaryimage\"},\"thumbnailUrl\":\"https:\\\/\\\/fmgente.com.ar\\\/web\\\/wp-content\\\/uploads\\\/2024\\\/04\\\/c924c211-0de2-4039-be4e-24f6f115ec10.jpg\",\"datePublished\":\"2024-04-20T01:25:18+00:00\",\"inLanguage\":\"es\",\"potentialAction\":[{\"@type\":\"ReadAction\",\"target\":[\"https:\\\/\\\/fmgente.com.ar\\\/web\\\/el-intendente-ciprian-se-reunio-en-privado-con-el-ministro-de-educacion-para-acelerar-la-entrega-del-edificio-de-ipet-413\\\/\"]}]},{\"@type\":\"ImageObject\",\"inLanguage\":\"es\",\"@id\":\"https:\\\/\\\/fmgente.com.ar\\\/web\\\/el-intendente-ciprian-se-reunio-en-privado-con-el-ministro-de-educacion-para-acelerar-la-entrega-del-edificio-de-ipet-413\\\/#primaryimage\",\"url\":\"https:\\\/\\\/fmgente.com.ar\\\/web\\\/wp-content\\\/uploads\\\/2024\\\/04\\\/c924c211-0de2-4039-be4e-24f6f115ec10.jpg\",\"contentUrl\":\"https:\\\/\\\/fmgente.com.ar\\\/web\\\/wp-content\\\/uploads\\\/2024\\\/04\\\/c924c211-0de2-4039-be4e-24f6f115ec10.jpg\",\"width\":720,\"height\":720},{\"@type\":\"WebSite\",\"@id\":\"https:\\\/\\\/fmgente.com.ar\\\/web\\\/#website\",\"url\":\"https:\\\/\\\/fmgente.com.ar\\\/web\\\/\",\"name\":\"Fm Gente\",\"description\":\"- Jes\u00fas Mar\u00eda\",\"publisher\":{\"@id\":\"https:\\\/\\\/fmgente.com.ar\\\/web\\\/#organization\"},\"potentialAction\":[{\"@type\":\"SearchAction\",\"target\":{\"@type\":\"EntryPoint\",\"urlTemplate\":\"https:\\\/\\\/fmgente.com.ar\\\/web\\\/?s={search_term_string}\"},\"query-input\":{\"@type\":\"PropertyValueSpecification\",\"valueRequired\":true,\"valueName\":\"search_term_string\"}}],\"inLanguage\":\"es\"},{\"@type\":\"Organization\",\"@id\":\"https:\\\/\\\/fmgente.com.ar\\\/web\\\/#organization\",\"name\":\"Fm Gente\",\"url\":\"https:\\\/\\\/fmgente.com.ar\\\/web\\\/\",\"logo\":{\"@type\":\"ImageObject\",\"inLanguage\":\"es\",\"@id\":\"https:\\\/\\\/fmgente.com.ar\\\/web\\\/#\\\/schema\\\/logo\\\/image\\\/\",\"url\":\"https:\\\/\\\/fmgente.com.ar\\\/web\\\/wp-content\\\/uploads\\\/2023\\\/07\\\/cropped-cropped-logo-sombra2.png\",\"contentUrl\":\"https:\\\/\\\/fmgente.com.ar\\\/web\\\/wp-content\\\/uploads\\\/2023\\\/07\\\/cropped-cropped-logo-sombra2.png\",\"width\":1782,\"height\":1782,\"caption\":\"Fm Gente\"},\"image\":{\"@id\":\"https:\\\/\\\/fmgente.com.ar\\\/web\\\/#\\\/schema\\\/logo\\\/image\\\/\"}},{\"@type\":\"Person\",\"@id\":\"\",\"url\":\"https:\\\/\\\/fmgente.com.ar\\\/web\\\/author\\\/\"}]}<\/script>\n<!-- \/ Yoast SEO plugin. -->","yoast_head_json":{"title":"El Intendente Ciprian se reuni\u00f3 en privado con el Ministro de Educaci\u00f3n para acelerar la entrega del edificio de Ipet 413 . - Fm Gente","robots":{"index":"index","follow":"follow","max-snippet":"max-snippet:-1","max-image-preview":"max-image-preview:large","max-video-preview":"max-video-preview:-1"},"canonical":"https:\/\/fmgente.com.ar\/web\/el-intendente-ciprian-se-reunio-en-privado-con-el-ministro-de-educacion-para-acelerar-la-entrega-del-edificio-de-ipet-413\/","og_locale":"es_ES","og_type":"article","og_title":"El Intendente Ciprian se reuni\u00f3 en privado con el Ministro de Educaci\u00f3n para acelerar la entrega del edificio de Ipet 413 . - Fm Gente","og_description":"El Intendente Ciprian se reuni\u00f3 en privado con el Ministro de Educaci\u00f3n para acelerar la","og_url":"https:\/\/fmgente.com.ar\/web\/el-intendente-ciprian-se-reunio-en-privado-con-el-ministro-de-educacion-para-acelerar-la-entrega-del-edificio-de-ipet-413\/","og_site_name":"Fm Gente","article_published_time":"2024-04-20T01:25:18+00:00","og_image":[{"width":720,"height":720,"url":"https:\/\/fmgente.com.ar\/web\/wp-content\/uploads\/2024\/04\/c924c211-0de2-4039-be4e-24f6f115ec10.jpg","type":"image\/jpeg"}],"twitter_card":"summary_large_image","twitter_misc":{"Escrito por":"","Tiempo de lectura":"1 minuto"},"schema":{"@context":"https:\/\/schema.org","@graph":[{"@type":"Article","@id":"https:\/\/fmgente.com.ar\/web\/el-intendente-ciprian-se-reunio-en-privado-con-el-ministro-de-educacion-para-acelerar-la-entrega-del-edificio-de-ipet-413\/#article","isPartOf":{"@id":"https:\/\/fmgente.com.ar\/web\/el-intendente-ciprian-se-reunio-en-privado-con-el-ministro-de-educacion-para-acelerar-la-entrega-del-edificio-de-ipet-413\/"},"author":{"name":"","@id":""},"headline":"El Intendente Ciprian se reuni\u00f3 en privado con el Ministro de Educaci\u00f3n para acelerar la entrega del edificio de Ipet 413 .","datePublished":"2024-04-20T01:25:18+00:00","mainEntityOfPage":{"@id":"https:\/\/fmgente.com.ar\/web\/el-intendente-ciprian-se-reunio-en-privado-con-el-ministro-de-educacion-para-acelerar-la-entrega-del-edificio-de-ipet-413\/"},"wordCount":140,"publisher":{"@id":"https:\/\/fmgente.com.ar\/web\/#organization"},"image":{"@id":"https:\/\/fmgente.com.ar\/web\/el-intendente-ciprian-se-reunio-en-privado-con-el-ministro-de-educacion-para-acelerar-la-entrega-del-edificio-de-ipet-413\/#primaryimage"},"thumbnailUrl":"https:\/\/fmgente.com.ar\/web\/wp-content\/uploads\/2024\/04\/c924c211-0de2-4039-be4e-24f6f115ec10.jpg","keywords":["ipem 413","Sinsacate"],"articleSection":["REGIONALES"],"inLanguage":"es"},{"@type":"WebPage","@id":"https:\/\/fmgente.com.ar\/web\/el-intendente-ciprian-se-reunio-en-privado-con-el-ministro-de-educacion-para-acelerar-la-entrega-del-edificio-de-ipet-413\/","url":"https:\/\/fmgente.com.ar\/web\/el-intendente-ciprian-se-reunio-en-privado-con-el-ministro-de-educacion-para-acelerar-la-entrega-del-edificio-de-ipet-413\/","name":"El Intendente Ciprian se reuni\u00f3 en privado con el Ministro de Educaci\u00f3n para acelerar la entrega del edificio de Ipet 413 . - Fm Gente","isPartOf":{"@id":"https:\/\/fmgente.com.ar\/web\/#website"},"primaryImageOfPage":{"@id":"https:\/\/fmgente.com.ar\/web\/el-intendente-ciprian-se-reunio-en-privado-con-el-ministro-de-educacion-para-acelerar-la-entrega-del-edificio-de-ipet-413\/#primaryimage"},"image":{"@id":"https:\/\/fmgente.com.ar\/web\/el-intendente-ciprian-se-reunio-en-privado-con-el-ministro-de-educacion-para-acelerar-la-entrega-del-edificio-de-ipet-413\/#primaryimage"},"thumbnailUrl":"https:\/\/fmgente.com.ar\/web\/wp-content\/uploads\/2024\/04\/c924c211-0de2-4039-be4e-24f6f115ec10.jpg","datePublished":"2024-04-20T01:25:18+00:00","inLanguage":"es","potentialAction":[{"@type":"ReadAction","target":["https:\/\/fmgente.com.ar\/web\/el-intendente-ciprian-se-reunio-en-privado-con-el-ministro-de-educacion-para-acelerar-la-entrega-del-edificio-de-ipet-413\/"]}]},{"@type":"ImageObject","inLanguage":"es","@id":"https:\/\/fmgente.com.ar\/web\/el-intendente-ciprian-se-reunio-en-privado-con-el-ministro-de-educacion-para-acelerar-la-entrega-del-edificio-de-ipet-413\/#primaryimage","url":"https:\/\/fmgente.com.ar\/web\/wp-content\/uploads\/2024\/04\/c924c211-0de2-4039-be4e-24f6f115ec10.jpg","contentUrl":"https:\/\/fmgente.com.ar\/web\/wp-content\/uploads\/2024\/04\/c924c211-0de2-4039-be4e-24f6f115ec10.jpg","width":720,"height":720},{"@type":"WebSite","@id":"https:\/\/fmgente.com.ar\/web\/#website","url":"https:\/\/fmgente.com.ar\/web\/","name":"Fm Gente","description":"- Jes\u00fas Mar\u00eda","publisher":{"@id":"https:\/\/fmgente.com.ar\/web\/#organization"},"potentialAction":[{"@type":"SearchAction","target":{"@type":"EntryPoint","urlTemplate":"https:\/\/fmgente.com.ar\/web\/?s={search_term_string}"},"query-input":{"@type":"PropertyValueSpecification","valueRequired":true,"valueName":"search_term_string"}}],"inLanguage":"es"},{"@type":"Organization","@id":"https:\/\/fmgente.com.ar\/web\/#organization","name":"Fm Gente","url":"https:\/\/fmgente.com.ar\/web\/","logo":{"@type":"ImageObject","inLanguage":"es","@id":"https:\/\/fmgente.com.ar\/web\/#\/schema\/logo\/image\/","url":"https:\/\/fmgente.com.ar\/web\/wp-content\/uploads\/2023\/07\/cropped-cropped-logo-sombra2.png","contentUrl":"https:\/\/fmgente.com.ar\/web\/wp-content\/uploads\/2023\/07\/cropped-cropped-logo-sombra2.png","width":1782,"height":1782,"caption":"Fm Gente"},"image":{"@id":"https:\/\/fmgente.com.ar\/web\/#\/schema\/logo\/image\/"}},{"@type":"Person","@id":"","url":"https:\/\/fmgente.com.ar\/web\/author\/"}]}},"_links":{"self":[{"href":"https:\/\/fmgente.com.ar\/web\/wp-json\/wp\/v2\/posts\/3738","targetHints":{"allow":["GET"]}}],"collection":[{"href":"https:\/\/fmgente.com.ar\/web\/wp-json\/wp\/v2\/posts"}],"about":[{"href":"https:\/\/fmgente.com.ar\/web\/wp-json\/wp\/v2\/types\/post"}],"author":[{"embeddable":true,"href":"https:\/\/fmgente.com.ar\/web\/wp-json\/wp\/v2\/users\/4"}],"replies":[{"embeddable":true,"href":"https:\/\/fmgente.com.ar\/web\/wp-json\/wp\/v2\/comments?post=3738"}],"version-history":[{"count":1,"href":"https:\/\/fmgente.com.ar\/web\/wp-json\/wp\/v2\/posts\/3738\/revisions"}],"predecessor-version":[{"id":3739,"href":"https:\/\/fmgente.com.ar\/web\/wp-json\/wp\/v2\/posts\/3738\/revisions\/3739"}],"wp:featuredmedia":[{"embeddable":true,"href":"https:\/\/fmgente.com.ar\/web\/wp-json\/wp\/v2\/media\/3730"}],"wp:attachment":[{"href":"https:\/\/fmgente.com.ar\/web\/wp-json\/wp\/v2\/media?parent=3738"}],"wp:term":[{"taxonomy":"category","embeddable":true,"href":"https:\/\/fmgente.com.ar\/web\/wp-json\/wp\/v2\/categories?post=3738"},{"taxonomy":"post_tag","embeddable":true,"href":"https:\/\/fmgente.com.ar\/web\/wp-json\/wp\/v2\/tags?post=3738"}],"curies":[{"name":"wp","href":"https:\/\/api.w.org\/{rel}","templated":true}]}}