{"id":3658,"date":"2024-03-29T09:58:14","date_gmt":"2024-03-29T12:58:14","guid":{"rendered":"https:\/\/fmgente.com.ar\/?p=3658"},"modified":"2024-03-29T09:58:14","modified_gmt":"2024-03-29T12:58:14","slug":"en-alta-gracia-llaryora-firmo-convenios-para-la-construccion-de-salas-de-jardines-de-infantes","status":"publish","type":"post","link":"https:\/\/fmgente.com.ar\/web\/en-alta-gracia-llaryora-firmo-convenios-para-la-construccion-de-salas-de-jardines-de-infantes\/","title":{"rendered":"En Alta Gracia, Llaryora firm\u00f3 convenios para la construcci\u00f3n de salas de jardines de infantes"},"content":{"rendered":"<article id=\"post-589785\" class=\"post-589785 post type-post status-publish format-standard has-post-thumbnail hentry category-informacion-general category-no-home ast-article-single\">\n<div class=\"ast-post-format- single-layout-1\">\n<div class=\"entry-content clear\">\n<p class=\" eplus-wrapper\">El Gobernador Mart\u00edn Llaryora firm\u00f3 importantes convenios que impactar\u00e1n positivamente en la educaci\u00f3n inicial y el desarrollo comunitario de Alta Gracia, en el departamento Santa Mar\u00eda.<\/p>\n<p class=\" eplus-wrapper\">Se trata de la construcci\u00f3n de salas de tres a\u00f1os para jardines de infantes, con una inversi\u00f3n significativa en tres establecimientos.<\/p>\n<p class=\" eplus-wrapper\">En Santiago de Liniers se construir\u00e1 una sala y galer\u00eda de vinculaci\u00f3n, cuya inversi\u00f3n ser\u00e1 de 53.558.055 pesos. Mientras que los establecimientos Merceditas de San Mart\u00edn y Comandante Espora, contar\u00e1n con una nueva sala para cada jard\u00edn, con una financiaci\u00f3n de 43.951.120 pesos en cada instituci\u00f3n.<\/p>\n<p class=\" eplus-wrapper\">En ese sentido, Llaryora sostuvo que\u00a0<em>\u201cm\u00e1s all\u00e1 de la crisis, en nuestra gesti\u00f3n queremos potenciar la educaci\u00f3n, innovar, desarrollar y construir nuevos espacios para los los m\u00e1s peque\u00f1os, para que desde la m\u00e1s temprana edad empiecen con la escolarizaci\u00f3n\u201d.<\/em><\/p>\n<p class=\" eplus-wrapper\">Seguidamente, el mandatario provincial firm\u00f3 junto al intendente Marcos Torres Lima el convenio del Programa Provincial de Fortalecimiento Educativo Territorial, iniciativa que busca mejorar la calidad educativa en todas las regiones de la provincia, generando espacios de trabajo conjunto entre municipios, comunas, escuelas y organizaciones.<\/p>\n<figure class=\" wp-block-image aligncenter size-large is-resized eplus-wrapper\"><img loading=\"lazy\" decoding=\"async\" class=\"wp-image-589788\" src=\"https:\/\/prensa.cba.gov.ar\/wp-content\/uploads\/2024\/03\/WhatsApp-Image-2024-03-28-at-21.03.38-1024x681.jpeg\" sizes=\"auto, (max-width: 1024px) 100vw, 1024px\" srcset=\"https:\/\/prensa.cba.gov.ar\/wp-content\/uploads\/2024\/03\/WhatsApp-Image-2024-03-28-at-21.03.38-1024x681.jpeg 1024w, https:\/\/prensa.cba.gov.ar\/wp-content\/uploads\/2024\/03\/WhatsApp-Image-2024-03-28-at-21.03.38-300x200.jpeg 300w, https:\/\/prensa.cba.gov.ar\/wp-content\/uploads\/2024\/03\/WhatsApp-Image-2024-03-28-at-21.03.38-768x511.jpeg 768w, https:\/\/prensa.cba.gov.ar\/wp-content\/uploads\/2024\/03\/WhatsApp-Image-2024-03-28-at-21.03.38-1536x1021.jpeg 1536w, https:\/\/prensa.cba.gov.ar\/wp-content\/uploads\/2024\/03\/WhatsApp-Image-2024-03-28-at-21.03.38.jpeg 1600w\" alt=\"\" width=\"1024\" height=\"681\" \/><\/figure>\n<p class=\" eplus-wrapper\"><em>\u201cFirmamos este convenio, que es un nuevo paradigma en materia educativa, queremos que los intendentes se sumen, colaboren y participen, con sugerencias y nuevas ideas, en la formaci\u00f3n acad\u00e9mica de los ni\u00f1os\u00bb,\u00a0<\/em>agreg\u00f3 el Gobernador.<\/p>\n<p class=\" eplus-wrapper\"><em>\u201cEsto es un desaf\u00edo para todos. Es un desaf\u00edo para los gobiernos locales y tambi\u00e9n para el sistema educativo que va a tener una mesa de coordinaci\u00f3n local y una mesa de coordinaci\u00f3n departamental, para trabajar diariamente y poder ir mejorando la educaci\u00f3n en cada una de las ciudades\u201d,\u00a0<\/em>agreg\u00f3 Llaryora.<\/p>\n<p class=\" eplus-wrapper\">En otro tramo de su discurso, el gobernador destac\u00f3 la importancia de cambiar el paradigma educativo,\u00a0<em>\u00abno solo en los jardines, en la escuela primaria y en la escuela secundaria. Todo se pone a trabajar en comunidad y los datos dejan de ser una cofrad\u00eda. Los datos empiezan a ser p\u00fablicos para la gesti\u00f3n local, porque la gesti\u00f3n local se suma a la educaci\u00f3n\u201d.<\/em><\/p>\n<p class=\" eplus-wrapper\">El intendente Torres agradeci\u00f3 el apoyo del gobierno provincial y adelant\u00f3 que fruto de este acuerdo\u00a0<em>\u201clos d\u00edas s\u00e1bados en cuatro colegios, con el esfuerzo municipal, garantizaremos que los chicos que comen de lunes a viernes en el PAICOR, lo puedan hacer los s\u00e1bados junto a su familia.\u201d<\/em><\/p>\n<p class=\" eplus-wrapper\">En la oportunidad, el Gobierno de la Provincia de C\u00f3rdoba, mediante el Banco de la Gente, otorg\u00f3 un total de 64 cr\u00e9ditos, destinados tanto para libre disponibilidad como para proyectos emprendedores, con una inversi\u00f3n total de $12.400.000.<\/p>\n<p class=\" eplus-wrapper\">A su vez, a trav\u00e9s del programa M\u00e1s Vida Digna, que contin\u00faa beneficiando a familias cordobesas, se entregaron 17 segundas cuotas, representando una inversi\u00f3n de $2.720.000.<\/p>\n<p class=\" eplus-wrapper\">Tambi\u00e9n se celebraron 10 escrituras sociales dentro de los barrios Nuevo Amanecer y Asociaci\u00f3n Mutual Carlos Mujica, en el marco del programa Tu Casa, Tu Escritura.<\/p>\n<p class=\" eplus-wrapper\">Estuvieron presentes adem\u00e1s, el ministro de Gobierno, Manuel Calvo; su par de Desarrollo Social y Promoci\u00f3n del Empleo, Laura Jure; el presidente de la Agencia C\u00f3rdoba Cultura, Ra\u00fal Sansica; la intendenta de Despe\u00f1aderos, Carolina Basualdo; legisladores y dem\u00e1s autoridades provinciales.<\/p>\n<\/div>\n<\/div>\n<\/article>\n<p><script async src=\"https:\/\/pagead2.googlesyndication.com\/pagead\/js\/adsbygoogle.js?client=ca-pub-6190387823963118\" crossorigin=\"anonymous\"><\/script><br \/>\n<!-- publi horizontal --><br \/>\n<ins class=\"adsbygoogle\" style=\"display: block;\" data-ad-client=\"ca-pub-6190387823963118\" data-ad-slot=\"1318105772\" data-ad-format=\"auto\" data-full-width-responsive=\"true\"><\/ins><br \/>\n<script>\n     (adsbygoogle = window.adsbygoogle || []).push({});\n<\/script><\/p>\n","protected":false},"excerpt":{"rendered":"<p>El Gobernador Mart\u00edn Llaryora firm\u00f3 importantes convenios que impactar\u00e1n positivamente en la educaci\u00f3n inicial y<\/p>\n","protected":false},"author":2,"featured_media":3659,"comment_status":"closed","ping_status":"closed","sticky":false,"template":"","format":"standard","meta":{"footnotes":""},"categories":[11],"tags":[714,1695,257,457,1064,120,23,20,1265,216,1238,1482,899,41,514,47,269,1673,1682,1653,147,1681,1671,99,1131,645,215,26,214,1676,612],"class_list":["post-3658","post","type-post","status-publish","format-standard","has-post-thumbnail","hentry","category-destacadas","tag-actividades","tag-aniversarios","tag-arte","tag-bomberos","tag-ciencia","tag-clima","tag-cordoba","tag-cultura","tag-dengue","tag-deportes","tag-educacion","tag-festivales","tag-gobierno-de-cordoba","tag-incendios","tag-legislatura","tag-llaryora","tag-maternidad","tag-ministerios","tag-mpf","tag-museos","tag-musica","tag-narcotrafico","tag-noticias","tag-obras","tag-policia-de-cordoba","tag-provincia-de-cordoba","tag-publicos","tag-salud","tag-servicios","tag-sindicatos","tag-turismo"],"yoast_head":"<!-- This site is optimized with the Yoast SEO plugin v27.4 - https:\/\/yoast.com\/product\/yoast-seo-wordpress\/ -->\n<title>En Alta Gracia, Llaryora firm\u00f3 convenios para la construcci\u00f3n de salas de jardines de infantes - Fm Gente<\/title>\n<meta name=\"robots\" content=\"index, follow, max-snippet:-1, max-image-preview:large, max-video-preview:-1\" \/>\n<link rel=\"canonical\" href=\"https:\/\/fmgente.com.ar\/web\/en-alta-gracia-llaryora-firmo-convenios-para-la-construccion-de-salas-de-jardines-de-infantes\/\" \/>\n<meta property=\"og:locale\" content=\"es_ES\" \/>\n<meta property=\"og:type\" content=\"article\" \/>\n<meta property=\"og:title\" content=\"En Alta Gracia, Llaryora firm\u00f3 convenios para la construcci\u00f3n de salas de jardines de infantes - Fm Gente\" \/>\n<meta property=\"og:description\" content=\"El Gobernador Mart\u00edn Llaryora firm\u00f3 importantes convenios que impactar\u00e1n positivamente en la educaci\u00f3n inicial y\" \/>\n<meta property=\"og:url\" content=\"https:\/\/fmgente.com.ar\/web\/en-alta-gracia-llaryora-firmo-convenios-para-la-construccion-de-salas-de-jardines-de-infantes\/\" \/>\n<meta property=\"og:site_name\" content=\"Fm Gente\" \/>\n<meta property=\"article:published_time\" content=\"2024-03-29T12:58:14+00:00\" \/>\n<meta property=\"og:image\" content=\"https:\/\/fmgente.com.ar\/web\/wp-content\/uploads\/2024\/03\/p7-7.jpeg\" \/>\n\t<meta property=\"og:image:width\" content=\"1507\" \/>\n\t<meta property=\"og:image:height\" content=\"1066\" \/>\n\t<meta property=\"og:image:type\" content=\"image\/jpeg\" \/>\n<meta name=\"author\" content=\"Adri\u00e1n Hern\u00e1ndez\" \/>\n<meta name=\"twitter:card\" content=\"summary_large_image\" \/>\n<meta name=\"twitter:label1\" content=\"Escrito por\" \/>\n\t<meta name=\"twitter:data1\" content=\"Adri\u00e1n Hern\u00e1ndez\" \/>\n\t<meta name=\"twitter:label2\" content=\"Tiempo de lectura\" \/>\n\t<meta name=\"twitter:data2\" content=\"3 minutos\" \/>\n<script type=\"application\/ld+json\" class=\"yoast-schema-graph\">{\"@context\":\"https:\\\/\\\/schema.org\",\"@graph\":[{\"@type\":\"Article\",\"@id\":\"https:\\\/\\\/fmgente.com.ar\\\/web\\\/en-alta-gracia-llaryora-firmo-convenios-para-la-construccion-de-salas-de-jardines-de-infantes\\\/#article\",\"isPartOf\":{\"@id\":\"https:\\\/\\\/fmgente.com.ar\\\/web\\\/en-alta-gracia-llaryora-firmo-convenios-para-la-construccion-de-salas-de-jardines-de-infantes\\\/\"},\"author\":{\"name\":\"Adri\u00e1n Hern\u00e1ndez\",\"@id\":\"https:\\\/\\\/fmgente.com.ar\\\/web\\\/#\\\/schema\\\/person\\\/ba03fa75c17effdaafbd6daa1d78c508\"},\"headline\":\"En Alta Gracia, Llaryora firm\u00f3 convenios para la construcci\u00f3n de salas de jardines de infantes\",\"datePublished\":\"2024-03-29T12:58:14+00:00\",\"mainEntityOfPage\":{\"@id\":\"https:\\\/\\\/fmgente.com.ar\\\/web\\\/en-alta-gracia-llaryora-firmo-convenios-para-la-construccion-de-salas-de-jardines-de-infantes\\\/\"},\"wordCount\":568,\"publisher\":{\"@id\":\"https:\\\/\\\/fmgente.com.ar\\\/web\\\/#organization\"},\"image\":{\"@id\":\"https:\\\/\\\/fmgente.com.ar\\\/web\\\/en-alta-gracia-llaryora-firmo-convenios-para-la-construccion-de-salas-de-jardines-de-infantes\\\/#primaryimage\"},\"thumbnailUrl\":\"https:\\\/\\\/fmgente.com.ar\\\/web\\\/wp-content\\\/uploads\\\/2024\\\/03\\\/p7-7.jpeg\",\"keywords\":[\"actividades\",\"aniversarios\",\"Arte\",\"Bomberos\",\"ciencia\",\"clima\",\"C\u00f3rdoba\",\"cultura\",\"dengue\",\"deportes\",\"educaci\u00f3n\",\"festivales\",\"Gobierno de C\u00f3rdoba\",\"incendios\",\"Legislatura\",\"Llaryora\",\"maternidad\",\"ministerios\",\"MPF\",\"museos\",\"m\u00fasica\",\"narcotr\u00e1fico\",\"noticias\",\"obras\",\"Polic\u00eda de c\u00f3rdoba\",\"Provincia de C\u00f3rdoba\",\"p\u00fablicos\",\"salud\",\"Servicios\",\"sindicatos\",\"turismo\"],\"articleSection\":[\"DESTACADAS\"],\"inLanguage\":\"es\"},{\"@type\":\"WebPage\",\"@id\":\"https:\\\/\\\/fmgente.com.ar\\\/web\\\/en-alta-gracia-llaryora-firmo-convenios-para-la-construccion-de-salas-de-jardines-de-infantes\\\/\",\"url\":\"https:\\\/\\\/fmgente.com.ar\\\/web\\\/en-alta-gracia-llaryora-firmo-convenios-para-la-construccion-de-salas-de-jardines-de-infantes\\\/\",\"name\":\"En Alta Gracia, Llaryora firm\u00f3 convenios para la construcci\u00f3n de salas de jardines de infantes - Fm Gente\",\"isPartOf\":{\"@id\":\"https:\\\/\\\/fmgente.com.ar\\\/web\\\/#website\"},\"primaryImageOfPage\":{\"@id\":\"https:\\\/\\\/fmgente.com.ar\\\/web\\\/en-alta-gracia-llaryora-firmo-convenios-para-la-construccion-de-salas-de-jardines-de-infantes\\\/#primaryimage\"},\"image\":{\"@id\":\"https:\\\/\\\/fmgente.com.ar\\\/web\\\/en-alta-gracia-llaryora-firmo-convenios-para-la-construccion-de-salas-de-jardines-de-infantes\\\/#primaryimage\"},\"thumbnailUrl\":\"https:\\\/\\\/fmgente.com.ar\\\/web\\\/wp-content\\\/uploads\\\/2024\\\/03\\\/p7-7.jpeg\",\"datePublished\":\"2024-03-29T12:58:14+00:00\",\"inLanguage\":\"es\",\"potentialAction\":[{\"@type\":\"ReadAction\",\"target\":[\"https:\\\/\\\/fmgente.com.ar\\\/web\\\/en-alta-gracia-llaryora-firmo-convenios-para-la-construccion-de-salas-de-jardines-de-infantes\\\/\"]}]},{\"@type\":\"ImageObject\",\"inLanguage\":\"es\",\"@id\":\"https:\\\/\\\/fmgente.com.ar\\\/web\\\/en-alta-gracia-llaryora-firmo-convenios-para-la-construccion-de-salas-de-jardines-de-infantes\\\/#primaryimage\",\"url\":\"https:\\\/\\\/fmgente.com.ar\\\/web\\\/wp-content\\\/uploads\\\/2024\\\/03\\\/p7-7.jpeg\",\"contentUrl\":\"https:\\\/\\\/fmgente.com.ar\\\/web\\\/wp-content\\\/uploads\\\/2024\\\/03\\\/p7-7.jpeg\",\"width\":1507,\"height\":1066},{\"@type\":\"WebSite\",\"@id\":\"https:\\\/\\\/fmgente.com.ar\\\/web\\\/#website\",\"url\":\"https:\\\/\\\/fmgente.com.ar\\\/web\\\/\",\"name\":\"Fm Gente\",\"description\":\"- Jes\u00fas Mar\u00eda\",\"publisher\":{\"@id\":\"https:\\\/\\\/fmgente.com.ar\\\/web\\\/#organization\"},\"potentialAction\":[{\"@type\":\"SearchAction\",\"target\":{\"@type\":\"EntryPoint\",\"urlTemplate\":\"https:\\\/\\\/fmgente.com.ar\\\/web\\\/?s={search_term_string}\"},\"query-input\":{\"@type\":\"PropertyValueSpecification\",\"valueRequired\":true,\"valueName\":\"search_term_string\"}}],\"inLanguage\":\"es\"},{\"@type\":\"Organization\",\"@id\":\"https:\\\/\\\/fmgente.com.ar\\\/web\\\/#organization\",\"name\":\"Fm Gente\",\"url\":\"https:\\\/\\\/fmgente.com.ar\\\/web\\\/\",\"logo\":{\"@type\":\"ImageObject\",\"inLanguage\":\"es\",\"@id\":\"https:\\\/\\\/fmgente.com.ar\\\/web\\\/#\\\/schema\\\/logo\\\/image\\\/\",\"url\":\"https:\\\/\\\/fmgente.com.ar\\\/web\\\/wp-content\\\/uploads\\\/2023\\\/07\\\/cropped-cropped-logo-sombra2.png\",\"contentUrl\":\"https:\\\/\\\/fmgente.com.ar\\\/web\\\/wp-content\\\/uploads\\\/2023\\\/07\\\/cropped-cropped-logo-sombra2.png\",\"width\":1782,\"height\":1782,\"caption\":\"Fm Gente\"},\"image\":{\"@id\":\"https:\\\/\\\/fmgente.com.ar\\\/web\\\/#\\\/schema\\\/logo\\\/image\\\/\"}},{\"@type\":\"Person\",\"@id\":\"https:\\\/\\\/fmgente.com.ar\\\/web\\\/#\\\/schema\\\/person\\\/ba03fa75c17effdaafbd6daa1d78c508\",\"name\":\"Adri\u00e1n Hern\u00e1ndez\",\"url\":\"https:\\\/\\\/fmgente.com.ar\\\/web\\\/author\\\/c1601891\\\/\"}]}<\/script>\n<!-- \/ Yoast SEO plugin. -->","yoast_head_json":{"title":"En Alta Gracia, Llaryora firm\u00f3 convenios para la construcci\u00f3n de salas de jardines de infantes - Fm Gente","robots":{"index":"index","follow":"follow","max-snippet":"max-snippet:-1","max-image-preview":"max-image-preview:large","max-video-preview":"max-video-preview:-1"},"canonical":"https:\/\/fmgente.com.ar\/web\/en-alta-gracia-llaryora-firmo-convenios-para-la-construccion-de-salas-de-jardines-de-infantes\/","og_locale":"es_ES","og_type":"article","og_title":"En Alta Gracia, Llaryora firm\u00f3 convenios para la construcci\u00f3n de salas de jardines de infantes - Fm Gente","og_description":"El Gobernador Mart\u00edn Llaryora firm\u00f3 importantes convenios que impactar\u00e1n positivamente en la educaci\u00f3n inicial y","og_url":"https:\/\/fmgente.com.ar\/web\/en-alta-gracia-llaryora-firmo-convenios-para-la-construccion-de-salas-de-jardines-de-infantes\/","og_site_name":"Fm Gente","article_published_time":"2024-03-29T12:58:14+00:00","og_image":[{"width":1507,"height":1066,"url":"https:\/\/fmgente.com.ar\/web\/wp-content\/uploads\/2024\/03\/p7-7.jpeg","type":"image\/jpeg"}],"author":"Adri\u00e1n Hern\u00e1ndez","twitter_card":"summary_large_image","twitter_misc":{"Escrito por":"Adri\u00e1n Hern\u00e1ndez","Tiempo de lectura":"3 minutos"},"schema":{"@context":"https:\/\/schema.org","@graph":[{"@type":"Article","@id":"https:\/\/fmgente.com.ar\/web\/en-alta-gracia-llaryora-firmo-convenios-para-la-construccion-de-salas-de-jardines-de-infantes\/#article","isPartOf":{"@id":"https:\/\/fmgente.com.ar\/web\/en-alta-gracia-llaryora-firmo-convenios-para-la-construccion-de-salas-de-jardines-de-infantes\/"},"author":{"name":"Adri\u00e1n Hern\u00e1ndez","@id":"https:\/\/fmgente.com.ar\/web\/#\/schema\/person\/ba03fa75c17effdaafbd6daa1d78c508"},"headline":"En Alta Gracia, Llaryora firm\u00f3 convenios para la construcci\u00f3n de salas de jardines de infantes","datePublished":"2024-03-29T12:58:14+00:00","mainEntityOfPage":{"@id":"https:\/\/fmgente.com.ar\/web\/en-alta-gracia-llaryora-firmo-convenios-para-la-construccion-de-salas-de-jardines-de-infantes\/"},"wordCount":568,"publisher":{"@id":"https:\/\/fmgente.com.ar\/web\/#organization"},"image":{"@id":"https:\/\/fmgente.com.ar\/web\/en-alta-gracia-llaryora-firmo-convenios-para-la-construccion-de-salas-de-jardines-de-infantes\/#primaryimage"},"thumbnailUrl":"https:\/\/fmgente.com.ar\/web\/wp-content\/uploads\/2024\/03\/p7-7.jpeg","keywords":["actividades","aniversarios","Arte","Bomberos","ciencia","clima","C\u00f3rdoba","cultura","dengue","deportes","educaci\u00f3n","festivales","Gobierno de C\u00f3rdoba","incendios","Legislatura","Llaryora","maternidad","ministerios","MPF","museos","m\u00fasica","narcotr\u00e1fico","noticias","obras","Polic\u00eda de c\u00f3rdoba","Provincia de C\u00f3rdoba","p\u00fablicos","salud","Servicios","sindicatos","turismo"],"articleSection":["DESTACADAS"],"inLanguage":"es"},{"@type":"WebPage","@id":"https:\/\/fmgente.com.ar\/web\/en-alta-gracia-llaryora-firmo-convenios-para-la-construccion-de-salas-de-jardines-de-infantes\/","url":"https:\/\/fmgente.com.ar\/web\/en-alta-gracia-llaryora-firmo-convenios-para-la-construccion-de-salas-de-jardines-de-infantes\/","name":"En Alta Gracia, Llaryora firm\u00f3 convenios para la construcci\u00f3n de salas de jardines de infantes - Fm Gente","isPartOf":{"@id":"https:\/\/fmgente.com.ar\/web\/#website"},"primaryImageOfPage":{"@id":"https:\/\/fmgente.com.ar\/web\/en-alta-gracia-llaryora-firmo-convenios-para-la-construccion-de-salas-de-jardines-de-infantes\/#primaryimage"},"image":{"@id":"https:\/\/fmgente.com.ar\/web\/en-alta-gracia-llaryora-firmo-convenios-para-la-construccion-de-salas-de-jardines-de-infantes\/#primaryimage"},"thumbnailUrl":"https:\/\/fmgente.com.ar\/web\/wp-content\/uploads\/2024\/03\/p7-7.jpeg","datePublished":"2024-03-29T12:58:14+00:00","inLanguage":"es","potentialAction":[{"@type":"ReadAction","target":["https:\/\/fmgente.com.ar\/web\/en-alta-gracia-llaryora-firmo-convenios-para-la-construccion-de-salas-de-jardines-de-infantes\/"]}]},{"@type":"ImageObject","inLanguage":"es","@id":"https:\/\/fmgente.com.ar\/web\/en-alta-gracia-llaryora-firmo-convenios-para-la-construccion-de-salas-de-jardines-de-infantes\/#primaryimage","url":"https:\/\/fmgente.com.ar\/web\/wp-content\/uploads\/2024\/03\/p7-7.jpeg","contentUrl":"https:\/\/fmgente.com.ar\/web\/wp-content\/uploads\/2024\/03\/p7-7.jpeg","width":1507,"height":1066},{"@type":"WebSite","@id":"https:\/\/fmgente.com.ar\/web\/#website","url":"https:\/\/fmgente.com.ar\/web\/","name":"Fm Gente","description":"- Jes\u00fas Mar\u00eda","publisher":{"@id":"https:\/\/fmgente.com.ar\/web\/#organization"},"potentialAction":[{"@type":"SearchAction","target":{"@type":"EntryPoint","urlTemplate":"https:\/\/fmgente.com.ar\/web\/?s={search_term_string}"},"query-input":{"@type":"PropertyValueSpecification","valueRequired":true,"valueName":"search_term_string"}}],"inLanguage":"es"},{"@type":"Organization","@id":"https:\/\/fmgente.com.ar\/web\/#organization","name":"Fm Gente","url":"https:\/\/fmgente.com.ar\/web\/","logo":{"@type":"ImageObject","inLanguage":"es","@id":"https:\/\/fmgente.com.ar\/web\/#\/schema\/logo\/image\/","url":"https:\/\/fmgente.com.ar\/web\/wp-content\/uploads\/2023\/07\/cropped-cropped-logo-sombra2.png","contentUrl":"https:\/\/fmgente.com.ar\/web\/wp-content\/uploads\/2023\/07\/cropped-cropped-logo-sombra2.png","width":1782,"height":1782,"caption":"Fm Gente"},"image":{"@id":"https:\/\/fmgente.com.ar\/web\/#\/schema\/logo\/image\/"}},{"@type":"Person","@id":"https:\/\/fmgente.com.ar\/web\/#\/schema\/person\/ba03fa75c17effdaafbd6daa1d78c508","name":"Adri\u00e1n Hern\u00e1ndez","url":"https:\/\/fmgente.com.ar\/web\/author\/c1601891\/"}]}},"_links":{"self":[{"href":"https:\/\/fmgente.com.ar\/web\/wp-json\/wp\/v2\/posts\/3658","targetHints":{"allow":["GET"]}}],"collection":[{"href":"https:\/\/fmgente.com.ar\/web\/wp-json\/wp\/v2\/posts"}],"about":[{"href":"https:\/\/fmgente.com.ar\/web\/wp-json\/wp\/v2\/types\/post"}],"author":[{"embeddable":true,"href":"https:\/\/fmgente.com.ar\/web\/wp-json\/wp\/v2\/users\/2"}],"replies":[{"embeddable":true,"href":"https:\/\/fmgente.com.ar\/web\/wp-json\/wp\/v2\/comments?post=3658"}],"version-history":[{"count":1,"href":"https:\/\/fmgente.com.ar\/web\/wp-json\/wp\/v2\/posts\/3658\/revisions"}],"predecessor-version":[{"id":3660,"href":"https:\/\/fmgente.com.ar\/web\/wp-json\/wp\/v2\/posts\/3658\/revisions\/3660"}],"wp:featuredmedia":[{"embeddable":true,"href":"https:\/\/fmgente.com.ar\/web\/wp-json\/wp\/v2\/media\/3659"}],"wp:attachment":[{"href":"https:\/\/fmgente.com.ar\/web\/wp-json\/wp\/v2\/media?parent=3658"}],"wp:term":[{"taxonomy":"category","embeddable":true,"href":"https:\/\/fmgente.com.ar\/web\/wp-json\/wp\/v2\/categories?post=3658"},{"taxonomy":"post_tag","embeddable":true,"href":"https:\/\/fmgente.com.ar\/web\/wp-json\/wp\/v2\/tags?post=3658"}],"curies":[{"name":"wp","href":"https:\/\/api.w.org\/{rel}","templated":true}]}}