{"id":3637,"date":"2024-03-29T09:37:17","date_gmt":"2024-03-29T12:37:17","guid":{"rendered":"https:\/\/fmgente.com.ar\/?p=3637"},"modified":"2024-03-29T09:37:17","modified_gmt":"2024-03-29T12:37:17","slug":"colonia-caroya-aprobo-el-uso-de-sistema-de-digitalizacion-de-la-obra-publica","status":"publish","type":"post","link":"https:\/\/fmgente.com.ar\/web\/colonia-caroya-aprobo-el-uso-de-sistema-de-digitalizacion-de-la-obra-publica\/","title":{"rendered":"Colonia Caroya aprob\u00f3 el uso de sistema de digitalizaci\u00f3n de la Obra P\u00fablica."},"content":{"rendered":"<p>El Concejo Deliberante de Colonia Caroya, este mi\u00e9rcoles 27 de marzo, en Sesi\u00f3n Ordinaria N\u00b06, aprob\u00f3 por unanimidad facultar al Departamento Ejecutivo \u201cpara que gestione el asesoramiento digital, t\u00e9cnico, econ\u00f3mico y el posterior aporte de recursos para la implementaci\u00f3n del sistema BIM en la obra p\u00fablica municipal\u201d.<\/p>\n<p>\u201cBIM\u201d, en sus siglas en ingl\u00e9s, se traduce como \u201cBuilding Information Modeling\u201d, lo que en espa\u00f1ol significa: \u201cModelado de informaci\u00f3n de construcci\u00f3n\u201d, y es un sistema que ya se utiliza en otros pa\u00edses del mundo para eficientizar y controlar los recursos de los que dispone la obra p\u00fablica.<\/p>\n<p>En concordancia, tambi\u00e9n se facult\u00f3 al Ejecutivo para que se implemente el \u201cSIBIM\u201d, es decir, el \u201cSistema de Implementaci\u00f3n del Bim\u201d del Ministerio de Obras Publicas de la Naci\u00f3n, \u201cpara el relevamiento, diagnostico, planificaci\u00f3n y desarrollo del sistema BIM\u201d.<\/p>\n<p>Entre otros beneficios, este sistema permitir\u00e1 a la municipalidad, confeccionar maquetas de informaci\u00f3n digital; hacer uso de las tecnolog\u00edas de recopilaci\u00f3n de datos como relevamiento digital topogr\u00e1fico, de entorno, de infraestructura o edificaci\u00f3n para la obtenci\u00f3n de documentaci\u00f3n, im\u00e1genes 3D, an\u00e1lisis, informaci\u00f3n, presupuestos, costos, entre otros.<\/p>\n<p>Todo lo mencionado, contribuye al an\u00e1lisis, transparencia y la anticipaci\u00f3n de errores u inconvenientes con el ahorro en las futuras construcciones de la infraestructura y edificaciones municipales.<\/p>\n<p><iframe loading=\"lazy\" title=\"EL CONCEJO APROB\u00d3 EL USO DE UN SISTEMA DE DIGITALIZACI\u00d3N DE LA OBRA P\u00daBLICA\" src=\"https:\/\/www.youtube.com\/embed\/O8JReuuz_Ho\" width=\"1250\" height=\"703\" frameborder=\"0\" allowfullscreen=\"allowfullscreen\" data-mce-fragment=\"1\"><\/iframe><\/p>\n<p><script async src=\"https:\/\/pagead2.googlesyndication.com\/pagead\/js\/adsbygoogle.js?client=ca-pub-6190387823963118\" crossorigin=\"anonymous\"><\/script><br \/>\n<!-- publi horizontal --><br \/>\n<ins class=\"adsbygoogle\" style=\"display: block;\" data-ad-client=\"ca-pub-6190387823963118\" data-ad-slot=\"1318105772\" data-ad-format=\"auto\" data-full-width-responsive=\"true\"><\/ins><br \/>\n<script>\n     (adsbygoogle = window.adsbygoogle || []).push({});\n<\/script><\/p>\n","protected":false},"excerpt":{"rendered":"<p>El Concejo Deliberante de Colonia Caroya, este mi\u00e9rcoles 27 de marzo, en Sesi\u00f3n Ordinaria N\u00b06,<\/p>\n","protected":false},"author":2,"featured_media":3638,"comment_status":"closed","ping_status":"closed","sticky":false,"template":"","format":"standard","meta":{"footnotes":""},"categories":[1],"tags":[714,457,120,303,1351,20,216,1238,249,92,793,99,1702,1699,1697,1696,1701,26,1700,791,1683,782],"class_list":["post-3637","post","type-post","status-publish","format-standard","has-post-thumbnail","hentry","category-regionales","tag-actividades","tag-bomberos","tag-clima","tag-colonia-caroya","tag-concejo-deliberante","tag-cultura","tag-deportes","tag-educacion","tag-fpa","tag-jesus-maria","tag-municipalidad","tag-obras","tag-ordenanzas","tag-parroquia","tag-policiales","tag-regionales","tag-religion","tag-salud","tag-semana-santa","tag-sinsacate","tag-sociedad-rural","tag-srjm"],"yoast_head":"<!-- This site is optimized with the Yoast SEO plugin v27.4 - https:\/\/yoast.com\/product\/yoast-seo-wordpress\/ -->\n<title>Colonia Caroya aprob\u00f3 el uso de sistema de digitalizaci\u00f3n de la Obra P\u00fablica. - Fm Gente<\/title>\n<meta name=\"robots\" content=\"index, follow, max-snippet:-1, max-image-preview:large, max-video-preview:-1\" \/>\n<link rel=\"canonical\" href=\"https:\/\/fmgente.com.ar\/web\/colonia-caroya-aprobo-el-uso-de-sistema-de-digitalizacion-de-la-obra-publica\/\" \/>\n<meta property=\"og:locale\" content=\"es_ES\" \/>\n<meta property=\"og:type\" content=\"article\" \/>\n<meta property=\"og:title\" content=\"Colonia Caroya aprob\u00f3 el uso de sistema de digitalizaci\u00f3n de la Obra P\u00fablica. - Fm Gente\" \/>\n<meta property=\"og:description\" content=\"El Concejo Deliberante de Colonia Caroya, este mi\u00e9rcoles 27 de marzo, en Sesi\u00f3n Ordinaria N\u00b06,\" \/>\n<meta property=\"og:url\" content=\"https:\/\/fmgente.com.ar\/web\/colonia-caroya-aprobo-el-uso-de-sistema-de-digitalizacion-de-la-obra-publica\/\" \/>\n<meta property=\"og:site_name\" content=\"Fm Gente\" \/>\n<meta property=\"article:published_time\" content=\"2024-03-29T12:37:17+00:00\" \/>\n<meta property=\"og:image\" content=\"https:\/\/fmgente.com.ar\/web\/wp-content\/uploads\/2024\/03\/cd2.png\" \/>\n\t<meta property=\"og:image:width\" content=\"1143\" \/>\n\t<meta property=\"og:image:height\" content=\"586\" \/>\n\t<meta property=\"og:image:type\" content=\"image\/png\" \/>\n<meta name=\"author\" content=\"Adri\u00e1n Hern\u00e1ndez\" \/>\n<meta name=\"twitter:card\" content=\"summary_large_image\" \/>\n<meta name=\"twitter:label1\" content=\"Escrito por\" \/>\n\t<meta name=\"twitter:data1\" content=\"Adri\u00e1n Hern\u00e1ndez\" \/>\n\t<meta name=\"twitter:label2\" content=\"Tiempo de lectura\" \/>\n\t<meta name=\"twitter:data2\" content=\"2 minutos\" \/>\n<script type=\"application\/ld+json\" class=\"yoast-schema-graph\">{\"@context\":\"https:\\\/\\\/schema.org\",\"@graph\":[{\"@type\":\"Article\",\"@id\":\"https:\\\/\\\/fmgente.com.ar\\\/web\\\/colonia-caroya-aprobo-el-uso-de-sistema-de-digitalizacion-de-la-obra-publica\\\/#article\",\"isPartOf\":{\"@id\":\"https:\\\/\\\/fmgente.com.ar\\\/web\\\/colonia-caroya-aprobo-el-uso-de-sistema-de-digitalizacion-de-la-obra-publica\\\/\"},\"author\":{\"name\":\"Adri\u00e1n Hern\u00e1ndez\",\"@id\":\"https:\\\/\\\/fmgente.com.ar\\\/web\\\/#\\\/schema\\\/person\\\/ba03fa75c17effdaafbd6daa1d78c508\"},\"headline\":\"Colonia Caroya aprob\u00f3 el uso de sistema de digitalizaci\u00f3n de la Obra P\u00fablica.\",\"datePublished\":\"2024-03-29T12:37:17+00:00\",\"mainEntityOfPage\":{\"@id\":\"https:\\\/\\\/fmgente.com.ar\\\/web\\\/colonia-caroya-aprobo-el-uso-de-sistema-de-digitalizacion-de-la-obra-publica\\\/\"},\"wordCount\":249,\"publisher\":{\"@id\":\"https:\\\/\\\/fmgente.com.ar\\\/web\\\/#organization\"},\"image\":{\"@id\":\"https:\\\/\\\/fmgente.com.ar\\\/web\\\/colonia-caroya-aprobo-el-uso-de-sistema-de-digitalizacion-de-la-obra-publica\\\/#primaryimage\"},\"thumbnailUrl\":\"https:\\\/\\\/fmgente.com.ar\\\/web\\\/wp-content\\\/uploads\\\/2024\\\/03\\\/cd2.png\",\"keywords\":[\"actividades\",\"Bomberos\",\"clima\",\"Colonia Caroya\",\"Concejo Deliberante\",\"cultura\",\"deportes\",\"educaci\u00f3n\",\"fpa\",\"Jes\u00fas Mar\u00eda\",\"Municipalidad\",\"obras\",\"ordenanzas\",\"Parroquia\",\"policiales\",\"regionales\",\"religi\u00f3n\",\"salud\",\"Semana Santa\",\"Sinsacate\",\"Sociedad Rural\",\"srjm\"],\"articleSection\":[\"REGIONALES\"],\"inLanguage\":\"es\"},{\"@type\":\"WebPage\",\"@id\":\"https:\\\/\\\/fmgente.com.ar\\\/web\\\/colonia-caroya-aprobo-el-uso-de-sistema-de-digitalizacion-de-la-obra-publica\\\/\",\"url\":\"https:\\\/\\\/fmgente.com.ar\\\/web\\\/colonia-caroya-aprobo-el-uso-de-sistema-de-digitalizacion-de-la-obra-publica\\\/\",\"name\":\"Colonia Caroya aprob\u00f3 el uso de sistema de digitalizaci\u00f3n de la Obra P\u00fablica. - Fm Gente\",\"isPartOf\":{\"@id\":\"https:\\\/\\\/fmgente.com.ar\\\/web\\\/#website\"},\"primaryImageOfPage\":{\"@id\":\"https:\\\/\\\/fmgente.com.ar\\\/web\\\/colonia-caroya-aprobo-el-uso-de-sistema-de-digitalizacion-de-la-obra-publica\\\/#primaryimage\"},\"image\":{\"@id\":\"https:\\\/\\\/fmgente.com.ar\\\/web\\\/colonia-caroya-aprobo-el-uso-de-sistema-de-digitalizacion-de-la-obra-publica\\\/#primaryimage\"},\"thumbnailUrl\":\"https:\\\/\\\/fmgente.com.ar\\\/web\\\/wp-content\\\/uploads\\\/2024\\\/03\\\/cd2.png\",\"datePublished\":\"2024-03-29T12:37:17+00:00\",\"inLanguage\":\"es\",\"potentialAction\":[{\"@type\":\"ReadAction\",\"target\":[\"https:\\\/\\\/fmgente.com.ar\\\/web\\\/colonia-caroya-aprobo-el-uso-de-sistema-de-digitalizacion-de-la-obra-publica\\\/\"]}]},{\"@type\":\"ImageObject\",\"inLanguage\":\"es\",\"@id\":\"https:\\\/\\\/fmgente.com.ar\\\/web\\\/colonia-caroya-aprobo-el-uso-de-sistema-de-digitalizacion-de-la-obra-publica\\\/#primaryimage\",\"url\":\"https:\\\/\\\/fmgente.com.ar\\\/web\\\/wp-content\\\/uploads\\\/2024\\\/03\\\/cd2.png\",\"contentUrl\":\"https:\\\/\\\/fmgente.com.ar\\\/web\\\/wp-content\\\/uploads\\\/2024\\\/03\\\/cd2.png\",\"width\":1143,\"height\":586},{\"@type\":\"WebSite\",\"@id\":\"https:\\\/\\\/fmgente.com.ar\\\/web\\\/#website\",\"url\":\"https:\\\/\\\/fmgente.com.ar\\\/web\\\/\",\"name\":\"Fm Gente\",\"description\":\"- Jes\u00fas Mar\u00eda\",\"publisher\":{\"@id\":\"https:\\\/\\\/fmgente.com.ar\\\/web\\\/#organization\"},\"potentialAction\":[{\"@type\":\"SearchAction\",\"target\":{\"@type\":\"EntryPoint\",\"urlTemplate\":\"https:\\\/\\\/fmgente.com.ar\\\/web\\\/?s={search_term_string}\"},\"query-input\":{\"@type\":\"PropertyValueSpecification\",\"valueRequired\":true,\"valueName\":\"search_term_string\"}}],\"inLanguage\":\"es\"},{\"@type\":\"Organization\",\"@id\":\"https:\\\/\\\/fmgente.com.ar\\\/web\\\/#organization\",\"name\":\"Fm Gente\",\"url\":\"https:\\\/\\\/fmgente.com.ar\\\/web\\\/\",\"logo\":{\"@type\":\"ImageObject\",\"inLanguage\":\"es\",\"@id\":\"https:\\\/\\\/fmgente.com.ar\\\/web\\\/#\\\/schema\\\/logo\\\/image\\\/\",\"url\":\"https:\\\/\\\/fmgente.com.ar\\\/web\\\/wp-content\\\/uploads\\\/2023\\\/07\\\/cropped-cropped-logo-sombra2.png\",\"contentUrl\":\"https:\\\/\\\/fmgente.com.ar\\\/web\\\/wp-content\\\/uploads\\\/2023\\\/07\\\/cropped-cropped-logo-sombra2.png\",\"width\":1782,\"height\":1782,\"caption\":\"Fm Gente\"},\"image\":{\"@id\":\"https:\\\/\\\/fmgente.com.ar\\\/web\\\/#\\\/schema\\\/logo\\\/image\\\/\"}},{\"@type\":\"Person\",\"@id\":\"https:\\\/\\\/fmgente.com.ar\\\/web\\\/#\\\/schema\\\/person\\\/ba03fa75c17effdaafbd6daa1d78c508\",\"name\":\"Adri\u00e1n Hern\u00e1ndez\",\"url\":\"https:\\\/\\\/fmgente.com.ar\\\/web\\\/author\\\/c1601891\\\/\"}]}<\/script>\n<!-- \/ Yoast SEO plugin. -->","yoast_head_json":{"title":"Colonia Caroya aprob\u00f3 el uso de sistema de digitalizaci\u00f3n de la Obra P\u00fablica. - Fm Gente","robots":{"index":"index","follow":"follow","max-snippet":"max-snippet:-1","max-image-preview":"max-image-preview:large","max-video-preview":"max-video-preview:-1"},"canonical":"https:\/\/fmgente.com.ar\/web\/colonia-caroya-aprobo-el-uso-de-sistema-de-digitalizacion-de-la-obra-publica\/","og_locale":"es_ES","og_type":"article","og_title":"Colonia Caroya aprob\u00f3 el uso de sistema de digitalizaci\u00f3n de la Obra P\u00fablica. - Fm Gente","og_description":"El Concejo Deliberante de Colonia Caroya, este mi\u00e9rcoles 27 de marzo, en Sesi\u00f3n Ordinaria N\u00b06,","og_url":"https:\/\/fmgente.com.ar\/web\/colonia-caroya-aprobo-el-uso-de-sistema-de-digitalizacion-de-la-obra-publica\/","og_site_name":"Fm Gente","article_published_time":"2024-03-29T12:37:17+00:00","og_image":[{"width":1143,"height":586,"url":"https:\/\/fmgente.com.ar\/web\/wp-content\/uploads\/2024\/03\/cd2.png","type":"image\/png"}],"author":"Adri\u00e1n Hern\u00e1ndez","twitter_card":"summary_large_image","twitter_misc":{"Escrito por":"Adri\u00e1n Hern\u00e1ndez","Tiempo de lectura":"2 minutos"},"schema":{"@context":"https:\/\/schema.org","@graph":[{"@type":"Article","@id":"https:\/\/fmgente.com.ar\/web\/colonia-caroya-aprobo-el-uso-de-sistema-de-digitalizacion-de-la-obra-publica\/#article","isPartOf":{"@id":"https:\/\/fmgente.com.ar\/web\/colonia-caroya-aprobo-el-uso-de-sistema-de-digitalizacion-de-la-obra-publica\/"},"author":{"name":"Adri\u00e1n Hern\u00e1ndez","@id":"https:\/\/fmgente.com.ar\/web\/#\/schema\/person\/ba03fa75c17effdaafbd6daa1d78c508"},"headline":"Colonia Caroya aprob\u00f3 el uso de sistema de digitalizaci\u00f3n de la Obra P\u00fablica.","datePublished":"2024-03-29T12:37:17+00:00","mainEntityOfPage":{"@id":"https:\/\/fmgente.com.ar\/web\/colonia-caroya-aprobo-el-uso-de-sistema-de-digitalizacion-de-la-obra-publica\/"},"wordCount":249,"publisher":{"@id":"https:\/\/fmgente.com.ar\/web\/#organization"},"image":{"@id":"https:\/\/fmgente.com.ar\/web\/colonia-caroya-aprobo-el-uso-de-sistema-de-digitalizacion-de-la-obra-publica\/#primaryimage"},"thumbnailUrl":"https:\/\/fmgente.com.ar\/web\/wp-content\/uploads\/2024\/03\/cd2.png","keywords":["actividades","Bomberos","clima","Colonia Caroya","Concejo Deliberante","cultura","deportes","educaci\u00f3n","fpa","Jes\u00fas Mar\u00eda","Municipalidad","obras","ordenanzas","Parroquia","policiales","regionales","religi\u00f3n","salud","Semana Santa","Sinsacate","Sociedad Rural","srjm"],"articleSection":["REGIONALES"],"inLanguage":"es"},{"@type":"WebPage","@id":"https:\/\/fmgente.com.ar\/web\/colonia-caroya-aprobo-el-uso-de-sistema-de-digitalizacion-de-la-obra-publica\/","url":"https:\/\/fmgente.com.ar\/web\/colonia-caroya-aprobo-el-uso-de-sistema-de-digitalizacion-de-la-obra-publica\/","name":"Colonia Caroya aprob\u00f3 el uso de sistema de digitalizaci\u00f3n de la Obra P\u00fablica. - Fm Gente","isPartOf":{"@id":"https:\/\/fmgente.com.ar\/web\/#website"},"primaryImageOfPage":{"@id":"https:\/\/fmgente.com.ar\/web\/colonia-caroya-aprobo-el-uso-de-sistema-de-digitalizacion-de-la-obra-publica\/#primaryimage"},"image":{"@id":"https:\/\/fmgente.com.ar\/web\/colonia-caroya-aprobo-el-uso-de-sistema-de-digitalizacion-de-la-obra-publica\/#primaryimage"},"thumbnailUrl":"https:\/\/fmgente.com.ar\/web\/wp-content\/uploads\/2024\/03\/cd2.png","datePublished":"2024-03-29T12:37:17+00:00","inLanguage":"es","potentialAction":[{"@type":"ReadAction","target":["https:\/\/fmgente.com.ar\/web\/colonia-caroya-aprobo-el-uso-de-sistema-de-digitalizacion-de-la-obra-publica\/"]}]},{"@type":"ImageObject","inLanguage":"es","@id":"https:\/\/fmgente.com.ar\/web\/colonia-caroya-aprobo-el-uso-de-sistema-de-digitalizacion-de-la-obra-publica\/#primaryimage","url":"https:\/\/fmgente.com.ar\/web\/wp-content\/uploads\/2024\/03\/cd2.png","contentUrl":"https:\/\/fmgente.com.ar\/web\/wp-content\/uploads\/2024\/03\/cd2.png","width":1143,"height":586},{"@type":"WebSite","@id":"https:\/\/fmgente.com.ar\/web\/#website","url":"https:\/\/fmgente.com.ar\/web\/","name":"Fm Gente","description":"- Jes\u00fas Mar\u00eda","publisher":{"@id":"https:\/\/fmgente.com.ar\/web\/#organization"},"potentialAction":[{"@type":"SearchAction","target":{"@type":"EntryPoint","urlTemplate":"https:\/\/fmgente.com.ar\/web\/?s={search_term_string}"},"query-input":{"@type":"PropertyValueSpecification","valueRequired":true,"valueName":"search_term_string"}}],"inLanguage":"es"},{"@type":"Organization","@id":"https:\/\/fmgente.com.ar\/web\/#organization","name":"Fm Gente","url":"https:\/\/fmgente.com.ar\/web\/","logo":{"@type":"ImageObject","inLanguage":"es","@id":"https:\/\/fmgente.com.ar\/web\/#\/schema\/logo\/image\/","url":"https:\/\/fmgente.com.ar\/web\/wp-content\/uploads\/2023\/07\/cropped-cropped-logo-sombra2.png","contentUrl":"https:\/\/fmgente.com.ar\/web\/wp-content\/uploads\/2023\/07\/cropped-cropped-logo-sombra2.png","width":1782,"height":1782,"caption":"Fm Gente"},"image":{"@id":"https:\/\/fmgente.com.ar\/web\/#\/schema\/logo\/image\/"}},{"@type":"Person","@id":"https:\/\/fmgente.com.ar\/web\/#\/schema\/person\/ba03fa75c17effdaafbd6daa1d78c508","name":"Adri\u00e1n Hern\u00e1ndez","url":"https:\/\/fmgente.com.ar\/web\/author\/c1601891\/"}]}},"_links":{"self":[{"href":"https:\/\/fmgente.com.ar\/web\/wp-json\/wp\/v2\/posts\/3637","targetHints":{"allow":["GET"]}}],"collection":[{"href":"https:\/\/fmgente.com.ar\/web\/wp-json\/wp\/v2\/posts"}],"about":[{"href":"https:\/\/fmgente.com.ar\/web\/wp-json\/wp\/v2\/types\/post"}],"author":[{"embeddable":true,"href":"https:\/\/fmgente.com.ar\/web\/wp-json\/wp\/v2\/users\/2"}],"replies":[{"embeddable":true,"href":"https:\/\/fmgente.com.ar\/web\/wp-json\/wp\/v2\/comments?post=3637"}],"version-history":[{"count":1,"href":"https:\/\/fmgente.com.ar\/web\/wp-json\/wp\/v2\/posts\/3637\/revisions"}],"predecessor-version":[{"id":3639,"href":"https:\/\/fmgente.com.ar\/web\/wp-json\/wp\/v2\/posts\/3637\/revisions\/3639"}],"wp:featuredmedia":[{"embeddable":true,"href":"https:\/\/fmgente.com.ar\/web\/wp-json\/wp\/v2\/media\/3638"}],"wp:attachment":[{"href":"https:\/\/fmgente.com.ar\/web\/wp-json\/wp\/v2\/media?parent=3637"}],"wp:term":[{"taxonomy":"category","embeddable":true,"href":"https:\/\/fmgente.com.ar\/web\/wp-json\/wp\/v2\/categories?post=3637"},{"taxonomy":"post_tag","embeddable":true,"href":"https:\/\/fmgente.com.ar\/web\/wp-json\/wp\/v2\/tags?post=3637"}],"curies":[{"name":"wp","href":"https:\/\/api.w.org\/{rel}","templated":true}]}}