{"id":3518,"date":"2024-03-26T10:47:57","date_gmt":"2024-03-26T13:47:57","guid":{"rendered":"https:\/\/fmgente.com.ar\/?p=3518"},"modified":"2024-03-26T10:47:57","modified_gmt":"2024-03-26T13:47:57","slug":"en-jesus-maria-el-via-crucis-se-hara-en-el-anfiteatro","status":"publish","type":"post","link":"https:\/\/fmgente.com.ar\/web\/en-jesus-maria-el-via-crucis-se-hara-en-el-anfiteatro\/","title":{"rendered":"En Jes\u00fas  Mar\u00eda el V\u00eda Crucis se har\u00e1 en el Anfiteatro"},"content":{"rendered":"<p>Un a\u00f1o m\u00e1s la Parroquia Jes\u00fas Mar\u00eda, prepara la representaci\u00f3n del V\u00eda Crucis en el Anfiteatro de Doma y Folclore. As\u00ed lo confirm\u00f3 el Padre Mario Sanchez, a los micr\u00f3fonos de Fm Gente, donde adem\u00e1s explic\u00f3 el significado de la vigilia y el no comer carne, uno de los sacrificios que conocemos para esta fecha. El p\u00e1rroco dej\u00f3 un pantallazo de las actividades religiosas que prepararon para esta semana santa.<\/p>\n<p>&nbsp;<\/p>\n<p><iframe loading=\"lazy\" title=\"Actividades religiosas por Semana Santa en Jes\u00fas Mar\u00eda. (Padre Mario Sanchez)\" src=\"https:\/\/www.youtube.com\/embed\/XVPgLWw7u6w\" width=\"1250\" height=\"703\" frameborder=\"0\" allowfullscreen=\"allowfullscreen\"><\/iframe><\/p>\n<p><script async src=\"https:\/\/pagead2.googlesyndication.com\/pagead\/js\/adsbygoogle.js?client=ca-pub-6190387823963118\" crossorigin=\"anonymous\"><\/script><br \/>\n<!-- publi horizontal --><br \/>\n<ins class=\"adsbygoogle\" style=\"display: block;\" data-ad-client=\"ca-pub-6190387823963118\" data-ad-slot=\"1318105772\" data-ad-format=\"auto\" data-full-width-responsive=\"true\"><\/ins><br \/>\n<script>\n     (adsbygoogle = window.adsbygoogle || []).push({});\n<\/script><\/p>\n","protected":false},"excerpt":{"rendered":"<p>Un a\u00f1o m\u00e1s la Parroquia Jes\u00fas Mar\u00eda, prepara la representaci\u00f3n del V\u00eda Crucis en el<\/p>\n","protected":false},"author":2,"featured_media":3519,"comment_status":"closed","ping_status":"closed","sticky":false,"template":"","format":"standard","meta":{"footnotes":""},"categories":[1],"tags":[714,457,120,303,20,216,1238,249,92,99,1698,1699,1697,1696,1701,26,1700,791],"class_list":["post-3518","post","type-post","status-publish","format-standard","has-post-thumbnail","hentry","category-regionales","tag-actividades","tag-bomberos","tag-clima","tag-colonia-caroya","tag-cultura","tag-deportes","tag-educacion","tag-fpa","tag-jesus-maria","tag-obras","tag-padre-mario-sanchez","tag-parroquia","tag-policiales","tag-regionales","tag-religion","tag-salud","tag-semana-santa","tag-sinsacate"],"yoast_head":"<!-- This site is optimized with the Yoast SEO plugin v27.4 - https:\/\/yoast.com\/product\/yoast-seo-wordpress\/ -->\n<title>En Jes\u00fas Mar\u00eda el V\u00eda Crucis se har\u00e1 en el Anfiteatro - Fm Gente<\/title>\n<meta name=\"robots\" content=\"index, follow, max-snippet:-1, max-image-preview:large, max-video-preview:-1\" \/>\n<link rel=\"canonical\" href=\"https:\/\/fmgente.com.ar\/web\/en-jesus-maria-el-via-crucis-se-hara-en-el-anfiteatro\/\" \/>\n<meta property=\"og:locale\" content=\"es_ES\" \/>\n<meta property=\"og:type\" content=\"article\" \/>\n<meta property=\"og:title\" content=\"En Jes\u00fas Mar\u00eda el V\u00eda Crucis se har\u00e1 en el Anfiteatro - Fm Gente\" \/>\n<meta property=\"og:description\" content=\"Un a\u00f1o m\u00e1s la Parroquia Jes\u00fas Mar\u00eda, prepara la representaci\u00f3n del V\u00eda Crucis en el\" \/>\n<meta property=\"og:url\" content=\"https:\/\/fmgente.com.ar\/web\/en-jesus-maria-el-via-crucis-se-hara-en-el-anfiteatro\/\" \/>\n<meta property=\"og:site_name\" content=\"Fm Gente\" \/>\n<meta property=\"article:published_time\" content=\"2024-03-26T13:47:57+00:00\" \/>\n<meta property=\"og:image\" content=\"https:\/\/fmgente.com.ar\/web\/wp-content\/uploads\/2024\/03\/parroquia.jpg\" \/>\n\t<meta property=\"og:image:width\" content=\"225\" \/>\n\t<meta property=\"og:image:height\" content=\"225\" \/>\n\t<meta property=\"og:image:type\" content=\"image\/jpeg\" \/>\n<meta name=\"author\" content=\"Adri\u00e1n Hern\u00e1ndez\" \/>\n<meta name=\"twitter:card\" content=\"summary_large_image\" \/>\n<meta name=\"twitter:label1\" content=\"Escrito por\" \/>\n\t<meta name=\"twitter:data1\" content=\"Adri\u00e1n Hern\u00e1ndez\" \/>\n\t<meta name=\"twitter:label2\" content=\"Tiempo de lectura\" \/>\n\t<meta name=\"twitter:data2\" content=\"1 minuto\" \/>\n<script type=\"application\/ld+json\" class=\"yoast-schema-graph\">{\"@context\":\"https:\\\/\\\/schema.org\",\"@graph\":[{\"@type\":\"Article\",\"@id\":\"https:\\\/\\\/fmgente.com.ar\\\/web\\\/en-jesus-maria-el-via-crucis-se-hara-en-el-anfiteatro\\\/#article\",\"isPartOf\":{\"@id\":\"https:\\\/\\\/fmgente.com.ar\\\/web\\\/en-jesus-maria-el-via-crucis-se-hara-en-el-anfiteatro\\\/\"},\"author\":{\"name\":\"Adri\u00e1n Hern\u00e1ndez\",\"@id\":\"https:\\\/\\\/fmgente.com.ar\\\/web\\\/#\\\/schema\\\/person\\\/ba03fa75c17effdaafbd6daa1d78c508\"},\"headline\":\"En Jes\u00fas Mar\u00eda el V\u00eda Crucis se har\u00e1 en el Anfiteatro\",\"datePublished\":\"2024-03-26T13:47:57+00:00\",\"mainEntityOfPage\":{\"@id\":\"https:\\\/\\\/fmgente.com.ar\\\/web\\\/en-jesus-maria-el-via-crucis-se-hara-en-el-anfiteatro\\\/\"},\"wordCount\":94,\"publisher\":{\"@id\":\"https:\\\/\\\/fmgente.com.ar\\\/web\\\/#organization\"},\"image\":{\"@id\":\"https:\\\/\\\/fmgente.com.ar\\\/web\\\/en-jesus-maria-el-via-crucis-se-hara-en-el-anfiteatro\\\/#primaryimage\"},\"thumbnailUrl\":\"https:\\\/\\\/fmgente.com.ar\\\/web\\\/wp-content\\\/uploads\\\/2024\\\/03\\\/parroquia.jpg\",\"keywords\":[\"actividades\",\"Bomberos\",\"clima\",\"Colonia Caroya\",\"cultura\",\"deportes\",\"educaci\u00f3n\",\"fpa\",\"Jes\u00fas Mar\u00eda\",\"obras\",\"Padre Mario Sanchez\",\"Parroquia\",\"policiales\",\"regionales\",\"religi\u00f3n\",\"salud\",\"Semana Santa\",\"Sinsacate\"],\"articleSection\":[\"REGIONALES\"],\"inLanguage\":\"es\"},{\"@type\":\"WebPage\",\"@id\":\"https:\\\/\\\/fmgente.com.ar\\\/web\\\/en-jesus-maria-el-via-crucis-se-hara-en-el-anfiteatro\\\/\",\"url\":\"https:\\\/\\\/fmgente.com.ar\\\/web\\\/en-jesus-maria-el-via-crucis-se-hara-en-el-anfiteatro\\\/\",\"name\":\"En Jes\u00fas Mar\u00eda el V\u00eda Crucis se har\u00e1 en el Anfiteatro - Fm Gente\",\"isPartOf\":{\"@id\":\"https:\\\/\\\/fmgente.com.ar\\\/web\\\/#website\"},\"primaryImageOfPage\":{\"@id\":\"https:\\\/\\\/fmgente.com.ar\\\/web\\\/en-jesus-maria-el-via-crucis-se-hara-en-el-anfiteatro\\\/#primaryimage\"},\"image\":{\"@id\":\"https:\\\/\\\/fmgente.com.ar\\\/web\\\/en-jesus-maria-el-via-crucis-se-hara-en-el-anfiteatro\\\/#primaryimage\"},\"thumbnailUrl\":\"https:\\\/\\\/fmgente.com.ar\\\/web\\\/wp-content\\\/uploads\\\/2024\\\/03\\\/parroquia.jpg\",\"datePublished\":\"2024-03-26T13:47:57+00:00\",\"inLanguage\":\"es\",\"potentialAction\":[{\"@type\":\"ReadAction\",\"target\":[\"https:\\\/\\\/fmgente.com.ar\\\/web\\\/en-jesus-maria-el-via-crucis-se-hara-en-el-anfiteatro\\\/\"]}]},{\"@type\":\"ImageObject\",\"inLanguage\":\"es\",\"@id\":\"https:\\\/\\\/fmgente.com.ar\\\/web\\\/en-jesus-maria-el-via-crucis-se-hara-en-el-anfiteatro\\\/#primaryimage\",\"url\":\"https:\\\/\\\/fmgente.com.ar\\\/web\\\/wp-content\\\/uploads\\\/2024\\\/03\\\/parroquia.jpg\",\"contentUrl\":\"https:\\\/\\\/fmgente.com.ar\\\/web\\\/wp-content\\\/uploads\\\/2024\\\/03\\\/parroquia.jpg\",\"width\":225,\"height\":225},{\"@type\":\"WebSite\",\"@id\":\"https:\\\/\\\/fmgente.com.ar\\\/web\\\/#website\",\"url\":\"https:\\\/\\\/fmgente.com.ar\\\/web\\\/\",\"name\":\"Fm Gente\",\"description\":\"- Jes\u00fas Mar\u00eda\",\"publisher\":{\"@id\":\"https:\\\/\\\/fmgente.com.ar\\\/web\\\/#organization\"},\"potentialAction\":[{\"@type\":\"SearchAction\",\"target\":{\"@type\":\"EntryPoint\",\"urlTemplate\":\"https:\\\/\\\/fmgente.com.ar\\\/web\\\/?s={search_term_string}\"},\"query-input\":{\"@type\":\"PropertyValueSpecification\",\"valueRequired\":true,\"valueName\":\"search_term_string\"}}],\"inLanguage\":\"es\"},{\"@type\":\"Organization\",\"@id\":\"https:\\\/\\\/fmgente.com.ar\\\/web\\\/#organization\",\"name\":\"Fm Gente\",\"url\":\"https:\\\/\\\/fmgente.com.ar\\\/web\\\/\",\"logo\":{\"@type\":\"ImageObject\",\"inLanguage\":\"es\",\"@id\":\"https:\\\/\\\/fmgente.com.ar\\\/web\\\/#\\\/schema\\\/logo\\\/image\\\/\",\"url\":\"https:\\\/\\\/fmgente.com.ar\\\/web\\\/wp-content\\\/uploads\\\/2023\\\/07\\\/cropped-cropped-logo-sombra2.png\",\"contentUrl\":\"https:\\\/\\\/fmgente.com.ar\\\/web\\\/wp-content\\\/uploads\\\/2023\\\/07\\\/cropped-cropped-logo-sombra2.png\",\"width\":1782,\"height\":1782,\"caption\":\"Fm Gente\"},\"image\":{\"@id\":\"https:\\\/\\\/fmgente.com.ar\\\/web\\\/#\\\/schema\\\/logo\\\/image\\\/\"}},{\"@type\":\"Person\",\"@id\":\"https:\\\/\\\/fmgente.com.ar\\\/web\\\/#\\\/schema\\\/person\\\/ba03fa75c17effdaafbd6daa1d78c508\",\"name\":\"Adri\u00e1n Hern\u00e1ndez\",\"url\":\"https:\\\/\\\/fmgente.com.ar\\\/web\\\/author\\\/c1601891\\\/\"}]}<\/script>\n<!-- \/ Yoast SEO plugin. -->","yoast_head_json":{"title":"En Jes\u00fas Mar\u00eda el V\u00eda Crucis se har\u00e1 en el Anfiteatro - Fm Gente","robots":{"index":"index","follow":"follow","max-snippet":"max-snippet:-1","max-image-preview":"max-image-preview:large","max-video-preview":"max-video-preview:-1"},"canonical":"https:\/\/fmgente.com.ar\/web\/en-jesus-maria-el-via-crucis-se-hara-en-el-anfiteatro\/","og_locale":"es_ES","og_type":"article","og_title":"En Jes\u00fas Mar\u00eda el V\u00eda Crucis se har\u00e1 en el Anfiteatro - Fm Gente","og_description":"Un a\u00f1o m\u00e1s la Parroquia Jes\u00fas Mar\u00eda, prepara la representaci\u00f3n del V\u00eda Crucis en el","og_url":"https:\/\/fmgente.com.ar\/web\/en-jesus-maria-el-via-crucis-se-hara-en-el-anfiteatro\/","og_site_name":"Fm Gente","article_published_time":"2024-03-26T13:47:57+00:00","og_image":[{"width":225,"height":225,"url":"https:\/\/fmgente.com.ar\/web\/wp-content\/uploads\/2024\/03\/parroquia.jpg","type":"image\/jpeg"}],"author":"Adri\u00e1n Hern\u00e1ndez","twitter_card":"summary_large_image","twitter_misc":{"Escrito por":"Adri\u00e1n Hern\u00e1ndez","Tiempo de lectura":"1 minuto"},"schema":{"@context":"https:\/\/schema.org","@graph":[{"@type":"Article","@id":"https:\/\/fmgente.com.ar\/web\/en-jesus-maria-el-via-crucis-se-hara-en-el-anfiteatro\/#article","isPartOf":{"@id":"https:\/\/fmgente.com.ar\/web\/en-jesus-maria-el-via-crucis-se-hara-en-el-anfiteatro\/"},"author":{"name":"Adri\u00e1n Hern\u00e1ndez","@id":"https:\/\/fmgente.com.ar\/web\/#\/schema\/person\/ba03fa75c17effdaafbd6daa1d78c508"},"headline":"En Jes\u00fas Mar\u00eda el V\u00eda Crucis se har\u00e1 en el Anfiteatro","datePublished":"2024-03-26T13:47:57+00:00","mainEntityOfPage":{"@id":"https:\/\/fmgente.com.ar\/web\/en-jesus-maria-el-via-crucis-se-hara-en-el-anfiteatro\/"},"wordCount":94,"publisher":{"@id":"https:\/\/fmgente.com.ar\/web\/#organization"},"image":{"@id":"https:\/\/fmgente.com.ar\/web\/en-jesus-maria-el-via-crucis-se-hara-en-el-anfiteatro\/#primaryimage"},"thumbnailUrl":"https:\/\/fmgente.com.ar\/web\/wp-content\/uploads\/2024\/03\/parroquia.jpg","keywords":["actividades","Bomberos","clima","Colonia Caroya","cultura","deportes","educaci\u00f3n","fpa","Jes\u00fas Mar\u00eda","obras","Padre Mario Sanchez","Parroquia","policiales","regionales","religi\u00f3n","salud","Semana Santa","Sinsacate"],"articleSection":["REGIONALES"],"inLanguage":"es"},{"@type":"WebPage","@id":"https:\/\/fmgente.com.ar\/web\/en-jesus-maria-el-via-crucis-se-hara-en-el-anfiteatro\/","url":"https:\/\/fmgente.com.ar\/web\/en-jesus-maria-el-via-crucis-se-hara-en-el-anfiteatro\/","name":"En Jes\u00fas Mar\u00eda el V\u00eda Crucis se har\u00e1 en el Anfiteatro - Fm Gente","isPartOf":{"@id":"https:\/\/fmgente.com.ar\/web\/#website"},"primaryImageOfPage":{"@id":"https:\/\/fmgente.com.ar\/web\/en-jesus-maria-el-via-crucis-se-hara-en-el-anfiteatro\/#primaryimage"},"image":{"@id":"https:\/\/fmgente.com.ar\/web\/en-jesus-maria-el-via-crucis-se-hara-en-el-anfiteatro\/#primaryimage"},"thumbnailUrl":"https:\/\/fmgente.com.ar\/web\/wp-content\/uploads\/2024\/03\/parroquia.jpg","datePublished":"2024-03-26T13:47:57+00:00","inLanguage":"es","potentialAction":[{"@type":"ReadAction","target":["https:\/\/fmgente.com.ar\/web\/en-jesus-maria-el-via-crucis-se-hara-en-el-anfiteatro\/"]}]},{"@type":"ImageObject","inLanguage":"es","@id":"https:\/\/fmgente.com.ar\/web\/en-jesus-maria-el-via-crucis-se-hara-en-el-anfiteatro\/#primaryimage","url":"https:\/\/fmgente.com.ar\/web\/wp-content\/uploads\/2024\/03\/parroquia.jpg","contentUrl":"https:\/\/fmgente.com.ar\/web\/wp-content\/uploads\/2024\/03\/parroquia.jpg","width":225,"height":225},{"@type":"WebSite","@id":"https:\/\/fmgente.com.ar\/web\/#website","url":"https:\/\/fmgente.com.ar\/web\/","name":"Fm Gente","description":"- Jes\u00fas Mar\u00eda","publisher":{"@id":"https:\/\/fmgente.com.ar\/web\/#organization"},"potentialAction":[{"@type":"SearchAction","target":{"@type":"EntryPoint","urlTemplate":"https:\/\/fmgente.com.ar\/web\/?s={search_term_string}"},"query-input":{"@type":"PropertyValueSpecification","valueRequired":true,"valueName":"search_term_string"}}],"inLanguage":"es"},{"@type":"Organization","@id":"https:\/\/fmgente.com.ar\/web\/#organization","name":"Fm Gente","url":"https:\/\/fmgente.com.ar\/web\/","logo":{"@type":"ImageObject","inLanguage":"es","@id":"https:\/\/fmgente.com.ar\/web\/#\/schema\/logo\/image\/","url":"https:\/\/fmgente.com.ar\/web\/wp-content\/uploads\/2023\/07\/cropped-cropped-logo-sombra2.png","contentUrl":"https:\/\/fmgente.com.ar\/web\/wp-content\/uploads\/2023\/07\/cropped-cropped-logo-sombra2.png","width":1782,"height":1782,"caption":"Fm Gente"},"image":{"@id":"https:\/\/fmgente.com.ar\/web\/#\/schema\/logo\/image\/"}},{"@type":"Person","@id":"https:\/\/fmgente.com.ar\/web\/#\/schema\/person\/ba03fa75c17effdaafbd6daa1d78c508","name":"Adri\u00e1n Hern\u00e1ndez","url":"https:\/\/fmgente.com.ar\/web\/author\/c1601891\/"}]}},"_links":{"self":[{"href":"https:\/\/fmgente.com.ar\/web\/wp-json\/wp\/v2\/posts\/3518","targetHints":{"allow":["GET"]}}],"collection":[{"href":"https:\/\/fmgente.com.ar\/web\/wp-json\/wp\/v2\/posts"}],"about":[{"href":"https:\/\/fmgente.com.ar\/web\/wp-json\/wp\/v2\/types\/post"}],"author":[{"embeddable":true,"href":"https:\/\/fmgente.com.ar\/web\/wp-json\/wp\/v2\/users\/2"}],"replies":[{"embeddable":true,"href":"https:\/\/fmgente.com.ar\/web\/wp-json\/wp\/v2\/comments?post=3518"}],"version-history":[{"count":2,"href":"https:\/\/fmgente.com.ar\/web\/wp-json\/wp\/v2\/posts\/3518\/revisions"}],"predecessor-version":[{"id":3521,"href":"https:\/\/fmgente.com.ar\/web\/wp-json\/wp\/v2\/posts\/3518\/revisions\/3521"}],"wp:featuredmedia":[{"embeddable":true,"href":"https:\/\/fmgente.com.ar\/web\/wp-json\/wp\/v2\/media\/3519"}],"wp:attachment":[{"href":"https:\/\/fmgente.com.ar\/web\/wp-json\/wp\/v2\/media?parent=3518"}],"wp:term":[{"taxonomy":"category","embeddable":true,"href":"https:\/\/fmgente.com.ar\/web\/wp-json\/wp\/v2\/categories?post=3518"},{"taxonomy":"post_tag","embeddable":true,"href":"https:\/\/fmgente.com.ar\/web\/wp-json\/wp\/v2\/tags?post=3518"}],"curies":[{"name":"wp","href":"https:\/\/api.w.org\/{rel}","templated":true}]}}