{"id":3282,"date":"2024-03-21T07:43:48","date_gmt":"2024-03-21T10:43:48","guid":{"rendered":"https:\/\/fmgente.com.ar\/?p=3282"},"modified":"2024-03-21T07:43:48","modified_gmt":"2024-03-21T10:43:48","slug":"megaoperativo-en-cordoba-13-detenidos-y-33-allanamientos","status":"publish","type":"post","link":"https:\/\/fmgente.com.ar\/web\/megaoperativo-en-cordoba-13-detenidos-y-33-allanamientos\/","title":{"rendered":"MEGAOPERATIVO EN C\u00d3RDOBA: 13 DETENIDOS Y 33 ALLANAMIENTOS"},"content":{"rendered":"<p>La Fiscal\u00eda de Instrucci\u00f3n del Distrito I Turno 2 de la ciudad de C\u00f3rdoba detuvo a 13 personas mayores de edad, 11 hombres y 2 mujeres en el marco de un megaoperativo que incluy\u00f3\u00a0 treinta y tres allanamientos.<\/p>\n<p>Los mismos se efectuaron en barrios Talleres Sud, Villa El Libertador, Villa Angelelli, Villa Paez, San Mart\u00edn, Estaci\u00f3n Flores, Malvinas Argentinas Segunda Secci\u00f3n, Alta C\u00f3rdoba Los Gigantes, Cooperativa 23 de Abril, IPV Villa Posse, Zona Rural Villa Posse, Villa Los Cuarenta Guasos, Zona Rural El Carmelo, Ciudad Evita, Panamericano, Yofre Norte, Yapey\u00fa, Empalme. 16 de Noviembre, Cooperativa Los Andes, y Marechal.<\/p>\n<p>Adem\u00e1s de las detenciones se logr\u00f3 el secuestro trece armas de fuego, entre ellas armas de pu\u00f1o y armas largas y cartuchos de distintos calibres.<\/p>\n<p><img loading=\"lazy\" decoding=\"async\" class=\"alignnone size-full wp-image-3283\" src=\"https:\/\/fmgente.com.ar\/wp-content\/uploads\/2024\/03\/mpf2-2.jpg\" alt=\"\" width=\"1080\" height=\"1920\" srcset=\"https:\/\/fmgente.com.ar\/web\/wp-content\/uploads\/2024\/03\/mpf2-2.jpg 1080w, https:\/\/fmgente.com.ar\/web\/wp-content\/uploads\/2024\/03\/mpf2-2-169x300.jpg 169w, https:\/\/fmgente.com.ar\/web\/wp-content\/uploads\/2024\/03\/mpf2-2-768x1365.jpg 768w, https:\/\/fmgente.com.ar\/web\/wp-content\/uploads\/2024\/03\/mpf2-2-864x1536.jpg 864w\" sizes=\"auto, (max-width: 1080px) 100vw, 1080px\" \/><\/p>\n<p><script async src=\"https:\/\/pagead2.googlesyndication.com\/pagead\/js\/adsbygoogle.js?client=ca-pub-6190387823963118\" crossorigin=\"anonymous\"><\/script><br \/>\n<!-- publi horizontal --><br \/>\n<ins class=\"adsbygoogle\" style=\"display: block;\" data-ad-client=\"ca-pub-6190387823963118\" data-ad-slot=\"1318105772\" data-ad-format=\"auto\" data-full-width-responsive=\"true\"><\/ins><br \/>\n<script>\n     (adsbygoogle = window.adsbygoogle || []).push({});\n<\/script><\/p>\n","protected":false},"excerpt":{"rendered":"<p>La Fiscal\u00eda de Instrucci\u00f3n del Distrito I Turno 2 de la ciudad de C\u00f3rdoba detuvo<\/p>\n","protected":false},"author":2,"featured_media":3283,"comment_status":"closed","ping_status":"closed","sticky":false,"template":"","format":"standard","meta":{"footnotes":""},"categories":[1],"tags":[714,290,120,303,20,216,1238,249,92,1469,1679,1682,793,1681,1671,99,1131,1015,232,26,791,1683,782,1678,408],"class_list":["post-3282","post","type-post","status-publish","format-standard","has-post-thumbnail","hentry","category-regionales","tag-actividades","tag-campo","tag-clima","tag-colonia-caroya","tag-cultura","tag-deportes","tag-educacion","tag-fpa","tag-jesus-maria","tag-jineteada","tag-locales","tag-mpf","tag-municipalidad","tag-narcotrafico","tag-noticias","tag-obras","tag-policia-de-cordoba","tag-region","tag-rural","tag-salud","tag-sinsacate","tag-sociedad-rural","tag-srjm","tag-tazas","tag-transporte"],"yoast_head":"<!-- This site is optimized with the Yoast SEO plugin v27.4 - https:\/\/yoast.com\/product\/yoast-seo-wordpress\/ -->\n<title>MEGAOPERATIVO EN C\u00d3RDOBA: 13 DETENIDOS Y 33 ALLANAMIENTOS - Fm Gente<\/title>\n<meta name=\"robots\" content=\"index, follow, max-snippet:-1, max-image-preview:large, max-video-preview:-1\" \/>\n<link rel=\"canonical\" href=\"https:\/\/fmgente.com.ar\/web\/megaoperativo-en-cordoba-13-detenidos-y-33-allanamientos\/\" \/>\n<meta property=\"og:locale\" content=\"es_ES\" \/>\n<meta property=\"og:type\" content=\"article\" \/>\n<meta property=\"og:title\" content=\"MEGAOPERATIVO EN C\u00d3RDOBA: 13 DETENIDOS Y 33 ALLANAMIENTOS - Fm Gente\" \/>\n<meta property=\"og:description\" content=\"La Fiscal\u00eda de Instrucci\u00f3n del Distrito I Turno 2 de la ciudad de C\u00f3rdoba detuvo\" \/>\n<meta property=\"og:url\" content=\"https:\/\/fmgente.com.ar\/web\/megaoperativo-en-cordoba-13-detenidos-y-33-allanamientos\/\" \/>\n<meta property=\"og:site_name\" content=\"Fm Gente\" \/>\n<meta property=\"article:published_time\" content=\"2024-03-21T10:43:48+00:00\" \/>\n<meta property=\"og:image\" content=\"https:\/\/fmgente.com.ar\/web\/wp-content\/uploads\/2024\/03\/mpf2-2.jpg\" \/>\n\t<meta property=\"og:image:width\" content=\"1080\" \/>\n\t<meta property=\"og:image:height\" content=\"1920\" \/>\n\t<meta property=\"og:image:type\" content=\"image\/jpeg\" \/>\n<meta name=\"author\" content=\"Adri\u00e1n Hern\u00e1ndez\" \/>\n<meta name=\"twitter:card\" content=\"summary_large_image\" \/>\n<meta name=\"twitter:label1\" content=\"Escrito por\" \/>\n\t<meta name=\"twitter:data1\" content=\"Adri\u00e1n Hern\u00e1ndez\" \/>\n\t<meta name=\"twitter:label2\" content=\"Tiempo de lectura\" \/>\n\t<meta name=\"twitter:data2\" content=\"1 minuto\" \/>\n<script type=\"application\/ld+json\" class=\"yoast-schema-graph\">{\"@context\":\"https:\\\/\\\/schema.org\",\"@graph\":[{\"@type\":\"Article\",\"@id\":\"https:\\\/\\\/fmgente.com.ar\\\/web\\\/megaoperativo-en-cordoba-13-detenidos-y-33-allanamientos\\\/#article\",\"isPartOf\":{\"@id\":\"https:\\\/\\\/fmgente.com.ar\\\/web\\\/megaoperativo-en-cordoba-13-detenidos-y-33-allanamientos\\\/\"},\"author\":{\"name\":\"Adri\u00e1n Hern\u00e1ndez\",\"@id\":\"https:\\\/\\\/fmgente.com.ar\\\/web\\\/#\\\/schema\\\/person\\\/ba03fa75c17effdaafbd6daa1d78c508\"},\"headline\":\"MEGAOPERATIVO EN C\u00d3RDOBA: 13 DETENIDOS Y 33 ALLANAMIENTOS\",\"datePublished\":\"2024-03-21T10:43:48+00:00\",\"mainEntityOfPage\":{\"@id\":\"https:\\\/\\\/fmgente.com.ar\\\/web\\\/megaoperativo-en-cordoba-13-detenidos-y-33-allanamientos\\\/\"},\"wordCount\":134,\"publisher\":{\"@id\":\"https:\\\/\\\/fmgente.com.ar\\\/web\\\/#organization\"},\"image\":{\"@id\":\"https:\\\/\\\/fmgente.com.ar\\\/web\\\/megaoperativo-en-cordoba-13-detenidos-y-33-allanamientos\\\/#primaryimage\"},\"thumbnailUrl\":\"https:\\\/\\\/fmgente.com.ar\\\/web\\\/wp-content\\\/uploads\\\/2024\\\/03\\\/mpf2-2.jpg\",\"keywords\":[\"actividades\",\"campo\",\"clima\",\"Colonia Caroya\",\"cultura\",\"deportes\",\"educaci\u00f3n\",\"fpa\",\"Jes\u00fas Mar\u00eda\",\"Jineteada\",\"locales\",\"MPF\",\"Municipalidad\",\"narcotr\u00e1fico\",\"noticias\",\"obras\",\"Polic\u00eda de c\u00f3rdoba\",\"regi\u00f3n\",\"rural\",\"salud\",\"Sinsacate\",\"Sociedad Rural\",\"srjm\",\"tazas\",\"transporte\"],\"articleSection\":[\"REGIONALES\"],\"inLanguage\":\"es\"},{\"@type\":\"WebPage\",\"@id\":\"https:\\\/\\\/fmgente.com.ar\\\/web\\\/megaoperativo-en-cordoba-13-detenidos-y-33-allanamientos\\\/\",\"url\":\"https:\\\/\\\/fmgente.com.ar\\\/web\\\/megaoperativo-en-cordoba-13-detenidos-y-33-allanamientos\\\/\",\"name\":\"MEGAOPERATIVO EN C\u00d3RDOBA: 13 DETENIDOS Y 33 ALLANAMIENTOS - Fm Gente\",\"isPartOf\":{\"@id\":\"https:\\\/\\\/fmgente.com.ar\\\/web\\\/#website\"},\"primaryImageOfPage\":{\"@id\":\"https:\\\/\\\/fmgente.com.ar\\\/web\\\/megaoperativo-en-cordoba-13-detenidos-y-33-allanamientos\\\/#primaryimage\"},\"image\":{\"@id\":\"https:\\\/\\\/fmgente.com.ar\\\/web\\\/megaoperativo-en-cordoba-13-detenidos-y-33-allanamientos\\\/#primaryimage\"},\"thumbnailUrl\":\"https:\\\/\\\/fmgente.com.ar\\\/web\\\/wp-content\\\/uploads\\\/2024\\\/03\\\/mpf2-2.jpg\",\"datePublished\":\"2024-03-21T10:43:48+00:00\",\"inLanguage\":\"es\",\"potentialAction\":[{\"@type\":\"ReadAction\",\"target\":[\"https:\\\/\\\/fmgente.com.ar\\\/web\\\/megaoperativo-en-cordoba-13-detenidos-y-33-allanamientos\\\/\"]}]},{\"@type\":\"ImageObject\",\"inLanguage\":\"es\",\"@id\":\"https:\\\/\\\/fmgente.com.ar\\\/web\\\/megaoperativo-en-cordoba-13-detenidos-y-33-allanamientos\\\/#primaryimage\",\"url\":\"https:\\\/\\\/fmgente.com.ar\\\/web\\\/wp-content\\\/uploads\\\/2024\\\/03\\\/mpf2-2.jpg\",\"contentUrl\":\"https:\\\/\\\/fmgente.com.ar\\\/web\\\/wp-content\\\/uploads\\\/2024\\\/03\\\/mpf2-2.jpg\",\"width\":1080,\"height\":1920},{\"@type\":\"WebSite\",\"@id\":\"https:\\\/\\\/fmgente.com.ar\\\/web\\\/#website\",\"url\":\"https:\\\/\\\/fmgente.com.ar\\\/web\\\/\",\"name\":\"Fm Gente\",\"description\":\"- Jes\u00fas Mar\u00eda\",\"publisher\":{\"@id\":\"https:\\\/\\\/fmgente.com.ar\\\/web\\\/#organization\"},\"potentialAction\":[{\"@type\":\"SearchAction\",\"target\":{\"@type\":\"EntryPoint\",\"urlTemplate\":\"https:\\\/\\\/fmgente.com.ar\\\/web\\\/?s={search_term_string}\"},\"query-input\":{\"@type\":\"PropertyValueSpecification\",\"valueRequired\":true,\"valueName\":\"search_term_string\"}}],\"inLanguage\":\"es\"},{\"@type\":\"Organization\",\"@id\":\"https:\\\/\\\/fmgente.com.ar\\\/web\\\/#organization\",\"name\":\"Fm Gente\",\"url\":\"https:\\\/\\\/fmgente.com.ar\\\/web\\\/\",\"logo\":{\"@type\":\"ImageObject\",\"inLanguage\":\"es\",\"@id\":\"https:\\\/\\\/fmgente.com.ar\\\/web\\\/#\\\/schema\\\/logo\\\/image\\\/\",\"url\":\"https:\\\/\\\/fmgente.com.ar\\\/web\\\/wp-content\\\/uploads\\\/2023\\\/07\\\/cropped-cropped-logo-sombra2.png\",\"contentUrl\":\"https:\\\/\\\/fmgente.com.ar\\\/web\\\/wp-content\\\/uploads\\\/2023\\\/07\\\/cropped-cropped-logo-sombra2.png\",\"width\":1782,\"height\":1782,\"caption\":\"Fm Gente\"},\"image\":{\"@id\":\"https:\\\/\\\/fmgente.com.ar\\\/web\\\/#\\\/schema\\\/logo\\\/image\\\/\"}},{\"@type\":\"Person\",\"@id\":\"https:\\\/\\\/fmgente.com.ar\\\/web\\\/#\\\/schema\\\/person\\\/ba03fa75c17effdaafbd6daa1d78c508\",\"name\":\"Adri\u00e1n Hern\u00e1ndez\",\"url\":\"https:\\\/\\\/fmgente.com.ar\\\/web\\\/author\\\/c1601891\\\/\"}]}<\/script>\n<!-- \/ Yoast SEO plugin. -->","yoast_head_json":{"title":"MEGAOPERATIVO EN C\u00d3RDOBA: 13 DETENIDOS Y 33 ALLANAMIENTOS - Fm Gente","robots":{"index":"index","follow":"follow","max-snippet":"max-snippet:-1","max-image-preview":"max-image-preview:large","max-video-preview":"max-video-preview:-1"},"canonical":"https:\/\/fmgente.com.ar\/web\/megaoperativo-en-cordoba-13-detenidos-y-33-allanamientos\/","og_locale":"es_ES","og_type":"article","og_title":"MEGAOPERATIVO EN C\u00d3RDOBA: 13 DETENIDOS Y 33 ALLANAMIENTOS - Fm Gente","og_description":"La Fiscal\u00eda de Instrucci\u00f3n del Distrito I Turno 2 de la ciudad de C\u00f3rdoba detuvo","og_url":"https:\/\/fmgente.com.ar\/web\/megaoperativo-en-cordoba-13-detenidos-y-33-allanamientos\/","og_site_name":"Fm Gente","article_published_time":"2024-03-21T10:43:48+00:00","og_image":[{"width":1080,"height":1920,"url":"https:\/\/fmgente.com.ar\/web\/wp-content\/uploads\/2024\/03\/mpf2-2.jpg","type":"image\/jpeg"}],"author":"Adri\u00e1n Hern\u00e1ndez","twitter_card":"summary_large_image","twitter_misc":{"Escrito por":"Adri\u00e1n Hern\u00e1ndez","Tiempo de lectura":"1 minuto"},"schema":{"@context":"https:\/\/schema.org","@graph":[{"@type":"Article","@id":"https:\/\/fmgente.com.ar\/web\/megaoperativo-en-cordoba-13-detenidos-y-33-allanamientos\/#article","isPartOf":{"@id":"https:\/\/fmgente.com.ar\/web\/megaoperativo-en-cordoba-13-detenidos-y-33-allanamientos\/"},"author":{"name":"Adri\u00e1n Hern\u00e1ndez","@id":"https:\/\/fmgente.com.ar\/web\/#\/schema\/person\/ba03fa75c17effdaafbd6daa1d78c508"},"headline":"MEGAOPERATIVO EN C\u00d3RDOBA: 13 DETENIDOS Y 33 ALLANAMIENTOS","datePublished":"2024-03-21T10:43:48+00:00","mainEntityOfPage":{"@id":"https:\/\/fmgente.com.ar\/web\/megaoperativo-en-cordoba-13-detenidos-y-33-allanamientos\/"},"wordCount":134,"publisher":{"@id":"https:\/\/fmgente.com.ar\/web\/#organization"},"image":{"@id":"https:\/\/fmgente.com.ar\/web\/megaoperativo-en-cordoba-13-detenidos-y-33-allanamientos\/#primaryimage"},"thumbnailUrl":"https:\/\/fmgente.com.ar\/web\/wp-content\/uploads\/2024\/03\/mpf2-2.jpg","keywords":["actividades","campo","clima","Colonia Caroya","cultura","deportes","educaci\u00f3n","fpa","Jes\u00fas Mar\u00eda","Jineteada","locales","MPF","Municipalidad","narcotr\u00e1fico","noticias","obras","Polic\u00eda de c\u00f3rdoba","regi\u00f3n","rural","salud","Sinsacate","Sociedad Rural","srjm","tazas","transporte"],"articleSection":["REGIONALES"],"inLanguage":"es"},{"@type":"WebPage","@id":"https:\/\/fmgente.com.ar\/web\/megaoperativo-en-cordoba-13-detenidos-y-33-allanamientos\/","url":"https:\/\/fmgente.com.ar\/web\/megaoperativo-en-cordoba-13-detenidos-y-33-allanamientos\/","name":"MEGAOPERATIVO EN C\u00d3RDOBA: 13 DETENIDOS Y 33 ALLANAMIENTOS - Fm Gente","isPartOf":{"@id":"https:\/\/fmgente.com.ar\/web\/#website"},"primaryImageOfPage":{"@id":"https:\/\/fmgente.com.ar\/web\/megaoperativo-en-cordoba-13-detenidos-y-33-allanamientos\/#primaryimage"},"image":{"@id":"https:\/\/fmgente.com.ar\/web\/megaoperativo-en-cordoba-13-detenidos-y-33-allanamientos\/#primaryimage"},"thumbnailUrl":"https:\/\/fmgente.com.ar\/web\/wp-content\/uploads\/2024\/03\/mpf2-2.jpg","datePublished":"2024-03-21T10:43:48+00:00","inLanguage":"es","potentialAction":[{"@type":"ReadAction","target":["https:\/\/fmgente.com.ar\/web\/megaoperativo-en-cordoba-13-detenidos-y-33-allanamientos\/"]}]},{"@type":"ImageObject","inLanguage":"es","@id":"https:\/\/fmgente.com.ar\/web\/megaoperativo-en-cordoba-13-detenidos-y-33-allanamientos\/#primaryimage","url":"https:\/\/fmgente.com.ar\/web\/wp-content\/uploads\/2024\/03\/mpf2-2.jpg","contentUrl":"https:\/\/fmgente.com.ar\/web\/wp-content\/uploads\/2024\/03\/mpf2-2.jpg","width":1080,"height":1920},{"@type":"WebSite","@id":"https:\/\/fmgente.com.ar\/web\/#website","url":"https:\/\/fmgente.com.ar\/web\/","name":"Fm Gente","description":"- Jes\u00fas Mar\u00eda","publisher":{"@id":"https:\/\/fmgente.com.ar\/web\/#organization"},"potentialAction":[{"@type":"SearchAction","target":{"@type":"EntryPoint","urlTemplate":"https:\/\/fmgente.com.ar\/web\/?s={search_term_string}"},"query-input":{"@type":"PropertyValueSpecification","valueRequired":true,"valueName":"search_term_string"}}],"inLanguage":"es"},{"@type":"Organization","@id":"https:\/\/fmgente.com.ar\/web\/#organization","name":"Fm Gente","url":"https:\/\/fmgente.com.ar\/web\/","logo":{"@type":"ImageObject","inLanguage":"es","@id":"https:\/\/fmgente.com.ar\/web\/#\/schema\/logo\/image\/","url":"https:\/\/fmgente.com.ar\/web\/wp-content\/uploads\/2023\/07\/cropped-cropped-logo-sombra2.png","contentUrl":"https:\/\/fmgente.com.ar\/web\/wp-content\/uploads\/2023\/07\/cropped-cropped-logo-sombra2.png","width":1782,"height":1782,"caption":"Fm Gente"},"image":{"@id":"https:\/\/fmgente.com.ar\/web\/#\/schema\/logo\/image\/"}},{"@type":"Person","@id":"https:\/\/fmgente.com.ar\/web\/#\/schema\/person\/ba03fa75c17effdaafbd6daa1d78c508","name":"Adri\u00e1n Hern\u00e1ndez","url":"https:\/\/fmgente.com.ar\/web\/author\/c1601891\/"}]}},"_links":{"self":[{"href":"https:\/\/fmgente.com.ar\/web\/wp-json\/wp\/v2\/posts\/3282","targetHints":{"allow":["GET"]}}],"collection":[{"href":"https:\/\/fmgente.com.ar\/web\/wp-json\/wp\/v2\/posts"}],"about":[{"href":"https:\/\/fmgente.com.ar\/web\/wp-json\/wp\/v2\/types\/post"}],"author":[{"embeddable":true,"href":"https:\/\/fmgente.com.ar\/web\/wp-json\/wp\/v2\/users\/2"}],"replies":[{"embeddable":true,"href":"https:\/\/fmgente.com.ar\/web\/wp-json\/wp\/v2\/comments?post=3282"}],"version-history":[{"count":1,"href":"https:\/\/fmgente.com.ar\/web\/wp-json\/wp\/v2\/posts\/3282\/revisions"}],"predecessor-version":[{"id":3284,"href":"https:\/\/fmgente.com.ar\/web\/wp-json\/wp\/v2\/posts\/3282\/revisions\/3284"}],"wp:featuredmedia":[{"embeddable":true,"href":"https:\/\/fmgente.com.ar\/web\/wp-json\/wp\/v2\/media\/3283"}],"wp:attachment":[{"href":"https:\/\/fmgente.com.ar\/web\/wp-json\/wp\/v2\/media?parent=3282"}],"wp:term":[{"taxonomy":"category","embeddable":true,"href":"https:\/\/fmgente.com.ar\/web\/wp-json\/wp\/v2\/categories?post=3282"},{"taxonomy":"post_tag","embeddable":true,"href":"https:\/\/fmgente.com.ar\/web\/wp-json\/wp\/v2\/tags?post=3282"}],"curies":[{"name":"wp","href":"https:\/\/api.w.org\/{rel}","templated":true}]}}