{"id":3168,"date":"2024-03-15T09:31:39","date_gmt":"2024-03-15T12:31:39","guid":{"rendered":"https:\/\/fmgente.com.ar\/?p=3168"},"modified":"2024-03-15T09:31:39","modified_gmt":"2024-03-15T12:31:39","slug":"productores-frutihorticolas-del-cinturon-verde-accedieron-al-programa-de-buenas-practicas-agropecuarias","status":"publish","type":"post","link":"https:\/\/fmgente.com.ar\/web\/productores-frutihorticolas-del-cinturon-verde-accedieron-al-programa-de-buenas-practicas-agropecuarias\/","title":{"rendered":"Productores frutihort\u00edcolas del cintur\u00f3n verde accedieron al programa de Buenas Pr\u00e1cticas Agropecuarias"},"content":{"rendered":"<article id=\"post-588637\" class=\"post-588637 post type-post status-publish format-standard has-post-thumbnail hentry category-campo category-informacion-general ast-article-single\">\n<div class=\"ast-post-format- single-layout-1\">\n<div class=\"entry-content clear\">\n<p class=\" eplus-wrapper\">El ministro de Bioagroindustria, Sergio Busso, encabez\u00f3 en el Mercado de Abasto el acto de entrega de aportes del programa de Buenas Pr\u00e1cticas Agropecuarias (BPAs) a productores y productoras de los departamentos Capital, Col\u00f3n, R\u00edo Primero, Punilla, Santa Mar\u00eda y Totoral por un total de 31.017.440 pesos.<\/p>\n<p class=\" eplus-wrapper\">Gran parte de los beneficiarios son productores frutihort\u00edcolas que desarrollan su actividad en el cintur\u00f3n verde y apuestan trabajar cada vez m\u00e1s de manera respetuosa y responsable con los recursos naturales y el ambiente.<\/p>\n<p class=\" eplus-wrapper\"><em>\u201cCada entrega de buenas pr\u00e1cticas es una alegr\u00eda y un reconocimiento a los hombres y mujeres que tranqueras adentro producen cuidando los recursos\u201d<\/em>, afirm\u00f3 Busso.<\/p>\n<figure class=\" wp-block-image aligncenter size-large is-resized eplus-wrapper\"><img loading=\"lazy\" decoding=\"async\" class=\"wp-image-588639\" src=\"https:\/\/prensa.cba.gov.ar\/wp-content\/uploads\/2024\/03\/WhatsApp-Image-2024-03-14-at-14.02.20.jpeg\" sizes=\"auto, (max-width: 875px) 100vw, 875px\" srcset=\"https:\/\/prensa.cba.gov.ar\/wp-content\/uploads\/2024\/03\/WhatsApp-Image-2024-03-14-at-14.02.20.jpeg 875w, https:\/\/prensa.cba.gov.ar\/wp-content\/uploads\/2024\/03\/WhatsApp-Image-2024-03-14-at-14.02.20-300x196.jpeg 300w, https:\/\/prensa.cba.gov.ar\/wp-content\/uploads\/2024\/03\/WhatsApp-Image-2024-03-14-at-14.02.20-768x502.jpeg 768w\" alt=\"\" width=\"875\" height=\"572\" \/><\/figure>\n<p class=\" eplus-wrapper\">En ese sentido, destac\u00f3 que el Mercado de Abasto es un lugar emblem\u00e1tico para la producci\u00f3n de alimentos y una muestra de la importancia de cultivar con responsabilidad y compromiso.<\/p>\n<p class=\" eplus-wrapper\">El programa BPAs, que est\u00e1 concluyendo su s\u00e9ptima edici\u00f3n y planificando la octava, cuenta con reconocimiento a nivel mundial a trav\u00e9s del Premio de Buenas Pr\u00e1cticas Regionales, establecido por la Organizaci\u00f3n de Regiones Unidas (ORU Fogar) y el Programa de las Naciones Unidas para el Desarrollo (PNUD); a los mejores casos de pol\u00edticas implementadas en el sector p\u00fablico.<\/p>\n<p class=\" eplus-wrapper\">Estuvieron presentes el viceintendente, Javier Pretto; los legisladores Miguel Siciliano, Nadia Fern\u00e1ndez, Juan Jos\u00e9 Blangino, V\u00edctor Molina; los secretarios de Ganader\u00eda y Agricultura y Recursos Naturales, Catalina Boetto y Marcos Blanda respectivamente; los subsecretarios de Agricultura Familiar y de Biodesarrollo e Innovaci\u00f3n Agropecuaria, Mariana Victoria Vigo y German Font; el director de Fortalecimiento Productivo Regional Santiago Dellarossa; la vicepresidenta de Aproduco, Adela Vel\u00e1squez; el presidente de Cartez, Patricio Kilmurray; e intendentes de localidades de los departamentos mencionados entre otros.<\/p>\n<\/div>\n<\/div>\n<\/article>\n<p><script async src=\"https:\/\/pagead2.googlesyndication.com\/pagead\/js\/adsbygoogle.js?client=ca-pub-6190387823963118\" crossorigin=\"anonymous\"><\/script><br \/>\n<!-- publi horizontal --><br \/>\n<ins class=\"adsbygoogle\" style=\"display: block;\" data-ad-client=\"ca-pub-6190387823963118\" data-ad-slot=\"1318105772\" data-ad-format=\"auto\" data-full-width-responsive=\"true\"><\/ins><br \/>\n<script>\n     (adsbygoogle = window.adsbygoogle || []).push({});\n<\/script><\/p>\n","protected":false},"excerpt":{"rendered":"<p>El ministro de Bioagroindustria, Sergio Busso, encabez\u00f3 en el Mercado de Abasto el acto de<\/p>\n","protected":false},"author":2,"featured_media":3169,"comment_status":"closed","ping_status":"closed","sticky":false,"template":"","format":"standard","meta":{"footnotes":""},"categories":[11],"tags":[714,257,457,1064,120,20,1265,216,1238,1482,899,41,514,47,269,1673,1653,1671,99,231,1672,1511,26,1304,1676,619,612,1277],"class_list":["post-3168","post","type-post","status-publish","format-standard","has-post-thumbnail","hentry","category-destacadas","tag-actividades","tag-arte","tag-bomberos","tag-ciencia","tag-clima","tag-cultura","tag-dengue","tag-deportes","tag-educacion","tag-festivales","tag-gobierno-de-cordoba","tag-incendios","tag-legislatura","tag-llaryora","tag-maternidad","tag-ministerios","tag-museos","tag-noticias","tag-obras","tag-policia","tag-programas","tag-provinciales","tag-salud","tag-servicios-publicos","tag-sindicatos","tag-tecnologia","tag-turismo","tag-verano"],"yoast_head":"<!-- This site is optimized with the Yoast SEO plugin v27.4 - https:\/\/yoast.com\/product\/yoast-seo-wordpress\/ -->\n<title>Productores frutihort\u00edcolas del cintur\u00f3n verde accedieron al programa de Buenas Pr\u00e1cticas Agropecuarias - Fm Gente<\/title>\n<meta name=\"robots\" content=\"index, follow, max-snippet:-1, max-image-preview:large, max-video-preview:-1\" \/>\n<link rel=\"canonical\" href=\"https:\/\/fmgente.com.ar\/web\/productores-frutihorticolas-del-cinturon-verde-accedieron-al-programa-de-buenas-practicas-agropecuarias\/\" \/>\n<meta property=\"og:locale\" content=\"es_ES\" \/>\n<meta property=\"og:type\" content=\"article\" \/>\n<meta property=\"og:title\" content=\"Productores frutihort\u00edcolas del cintur\u00f3n verde accedieron al programa de Buenas Pr\u00e1cticas Agropecuarias - Fm Gente\" \/>\n<meta property=\"og:description\" content=\"El ministro de Bioagroindustria, Sergio Busso, encabez\u00f3 en el Mercado de Abasto el acto de\" \/>\n<meta property=\"og:url\" content=\"https:\/\/fmgente.com.ar\/web\/productores-frutihorticolas-del-cinturon-verde-accedieron-al-programa-de-buenas-practicas-agropecuarias\/\" \/>\n<meta property=\"og:site_name\" content=\"Fm Gente\" \/>\n<meta property=\"article:published_time\" content=\"2024-03-15T12:31:39+00:00\" \/>\n<meta property=\"og:image\" content=\"https:\/\/fmgente.com.ar\/web\/wp-content\/uploads\/2024\/03\/p8-2.jpeg\" \/>\n\t<meta property=\"og:image:width\" content=\"1402\" \/>\n\t<meta property=\"og:image:height\" content=\"1039\" \/>\n\t<meta property=\"og:image:type\" content=\"image\/jpeg\" \/>\n<meta name=\"author\" content=\"Adri\u00e1n Hern\u00e1ndez\" \/>\n<meta name=\"twitter:card\" content=\"summary_large_image\" \/>\n<meta name=\"twitter:label1\" content=\"Escrito por\" \/>\n\t<meta name=\"twitter:data1\" content=\"Adri\u00e1n Hern\u00e1ndez\" \/>\n\t<meta name=\"twitter:label2\" content=\"Tiempo de lectura\" \/>\n\t<meta name=\"twitter:data2\" content=\"2 minutos\" \/>\n<script type=\"application\/ld+json\" class=\"yoast-schema-graph\">{\"@context\":\"https:\\\/\\\/schema.org\",\"@graph\":[{\"@type\":\"Article\",\"@id\":\"https:\\\/\\\/fmgente.com.ar\\\/web\\\/productores-frutihorticolas-del-cinturon-verde-accedieron-al-programa-de-buenas-practicas-agropecuarias\\\/#article\",\"isPartOf\":{\"@id\":\"https:\\\/\\\/fmgente.com.ar\\\/web\\\/productores-frutihorticolas-del-cinturon-verde-accedieron-al-programa-de-buenas-practicas-agropecuarias\\\/\"},\"author\":{\"name\":\"Adri\u00e1n Hern\u00e1ndez\",\"@id\":\"https:\\\/\\\/fmgente.com.ar\\\/web\\\/#\\\/schema\\\/person\\\/ba03fa75c17effdaafbd6daa1d78c508\"},\"headline\":\"Productores frutihort\u00edcolas del cintur\u00f3n verde accedieron al programa de Buenas Pr\u00e1cticas Agropecuarias\",\"datePublished\":\"2024-03-15T12:31:39+00:00\",\"mainEntityOfPage\":{\"@id\":\"https:\\\/\\\/fmgente.com.ar\\\/web\\\/productores-frutihorticolas-del-cinturon-verde-accedieron-al-programa-de-buenas-practicas-agropecuarias\\\/\"},\"wordCount\":310,\"publisher\":{\"@id\":\"https:\\\/\\\/fmgente.com.ar\\\/web\\\/#organization\"},\"image\":{\"@id\":\"https:\\\/\\\/fmgente.com.ar\\\/web\\\/productores-frutihorticolas-del-cinturon-verde-accedieron-al-programa-de-buenas-practicas-agropecuarias\\\/#primaryimage\"},\"thumbnailUrl\":\"https:\\\/\\\/fmgente.com.ar\\\/web\\\/wp-content\\\/uploads\\\/2024\\\/03\\\/p8-2.jpeg\",\"keywords\":[\"actividades\",\"Arte\",\"Bomberos\",\"ciencia\",\"clima\",\"cultura\",\"dengue\",\"deportes\",\"educaci\u00f3n\",\"festivales\",\"Gobierno de C\u00f3rdoba\",\"incendios\",\"Legislatura\",\"Llaryora\",\"maternidad\",\"ministerios\",\"museos\",\"noticias\",\"obras\",\"polic\u00eda\",\"programas\",\"provinciales\",\"salud\",\"Servicios P\u00fablicos\",\"sindicatos\",\"tecnolog\u00eda\",\"turismo\",\"verano\"],\"articleSection\":[\"DESTACADAS\"],\"inLanguage\":\"es\"},{\"@type\":\"WebPage\",\"@id\":\"https:\\\/\\\/fmgente.com.ar\\\/web\\\/productores-frutihorticolas-del-cinturon-verde-accedieron-al-programa-de-buenas-practicas-agropecuarias\\\/\",\"url\":\"https:\\\/\\\/fmgente.com.ar\\\/web\\\/productores-frutihorticolas-del-cinturon-verde-accedieron-al-programa-de-buenas-practicas-agropecuarias\\\/\",\"name\":\"Productores frutihort\u00edcolas del cintur\u00f3n verde accedieron al programa de Buenas Pr\u00e1cticas Agropecuarias - Fm Gente\",\"isPartOf\":{\"@id\":\"https:\\\/\\\/fmgente.com.ar\\\/web\\\/#website\"},\"primaryImageOfPage\":{\"@id\":\"https:\\\/\\\/fmgente.com.ar\\\/web\\\/productores-frutihorticolas-del-cinturon-verde-accedieron-al-programa-de-buenas-practicas-agropecuarias\\\/#primaryimage\"},\"image\":{\"@id\":\"https:\\\/\\\/fmgente.com.ar\\\/web\\\/productores-frutihorticolas-del-cinturon-verde-accedieron-al-programa-de-buenas-practicas-agropecuarias\\\/#primaryimage\"},\"thumbnailUrl\":\"https:\\\/\\\/fmgente.com.ar\\\/web\\\/wp-content\\\/uploads\\\/2024\\\/03\\\/p8-2.jpeg\",\"datePublished\":\"2024-03-15T12:31:39+00:00\",\"inLanguage\":\"es\",\"potentialAction\":[{\"@type\":\"ReadAction\",\"target\":[\"https:\\\/\\\/fmgente.com.ar\\\/web\\\/productores-frutihorticolas-del-cinturon-verde-accedieron-al-programa-de-buenas-practicas-agropecuarias\\\/\"]}]},{\"@type\":\"ImageObject\",\"inLanguage\":\"es\",\"@id\":\"https:\\\/\\\/fmgente.com.ar\\\/web\\\/productores-frutihorticolas-del-cinturon-verde-accedieron-al-programa-de-buenas-practicas-agropecuarias\\\/#primaryimage\",\"url\":\"https:\\\/\\\/fmgente.com.ar\\\/web\\\/wp-content\\\/uploads\\\/2024\\\/03\\\/p8-2.jpeg\",\"contentUrl\":\"https:\\\/\\\/fmgente.com.ar\\\/web\\\/wp-content\\\/uploads\\\/2024\\\/03\\\/p8-2.jpeg\",\"width\":1402,\"height\":1039},{\"@type\":\"WebSite\",\"@id\":\"https:\\\/\\\/fmgente.com.ar\\\/web\\\/#website\",\"url\":\"https:\\\/\\\/fmgente.com.ar\\\/web\\\/\",\"name\":\"Fm Gente\",\"description\":\"- Jes\u00fas Mar\u00eda\",\"publisher\":{\"@id\":\"https:\\\/\\\/fmgente.com.ar\\\/web\\\/#organization\"},\"potentialAction\":[{\"@type\":\"SearchAction\",\"target\":{\"@type\":\"EntryPoint\",\"urlTemplate\":\"https:\\\/\\\/fmgente.com.ar\\\/web\\\/?s={search_term_string}\"},\"query-input\":{\"@type\":\"PropertyValueSpecification\",\"valueRequired\":true,\"valueName\":\"search_term_string\"}}],\"inLanguage\":\"es\"},{\"@type\":\"Organization\",\"@id\":\"https:\\\/\\\/fmgente.com.ar\\\/web\\\/#organization\",\"name\":\"Fm Gente\",\"url\":\"https:\\\/\\\/fmgente.com.ar\\\/web\\\/\",\"logo\":{\"@type\":\"ImageObject\",\"inLanguage\":\"es\",\"@id\":\"https:\\\/\\\/fmgente.com.ar\\\/web\\\/#\\\/schema\\\/logo\\\/image\\\/\",\"url\":\"https:\\\/\\\/fmgente.com.ar\\\/web\\\/wp-content\\\/uploads\\\/2023\\\/07\\\/cropped-cropped-logo-sombra2.png\",\"contentUrl\":\"https:\\\/\\\/fmgente.com.ar\\\/web\\\/wp-content\\\/uploads\\\/2023\\\/07\\\/cropped-cropped-logo-sombra2.png\",\"width\":1782,\"height\":1782,\"caption\":\"Fm Gente\"},\"image\":{\"@id\":\"https:\\\/\\\/fmgente.com.ar\\\/web\\\/#\\\/schema\\\/logo\\\/image\\\/\"}},{\"@type\":\"Person\",\"@id\":\"https:\\\/\\\/fmgente.com.ar\\\/web\\\/#\\\/schema\\\/person\\\/ba03fa75c17effdaafbd6daa1d78c508\",\"name\":\"Adri\u00e1n Hern\u00e1ndez\",\"url\":\"https:\\\/\\\/fmgente.com.ar\\\/web\\\/author\\\/c1601891\\\/\"}]}<\/script>\n<!-- \/ Yoast SEO plugin. -->","yoast_head_json":{"title":"Productores frutihort\u00edcolas del cintur\u00f3n verde accedieron al programa de Buenas Pr\u00e1cticas Agropecuarias - Fm Gente","robots":{"index":"index","follow":"follow","max-snippet":"max-snippet:-1","max-image-preview":"max-image-preview:large","max-video-preview":"max-video-preview:-1"},"canonical":"https:\/\/fmgente.com.ar\/web\/productores-frutihorticolas-del-cinturon-verde-accedieron-al-programa-de-buenas-practicas-agropecuarias\/","og_locale":"es_ES","og_type":"article","og_title":"Productores frutihort\u00edcolas del cintur\u00f3n verde accedieron al programa de Buenas Pr\u00e1cticas Agropecuarias - Fm Gente","og_description":"El ministro de Bioagroindustria, Sergio Busso, encabez\u00f3 en el Mercado de Abasto el acto de","og_url":"https:\/\/fmgente.com.ar\/web\/productores-frutihorticolas-del-cinturon-verde-accedieron-al-programa-de-buenas-practicas-agropecuarias\/","og_site_name":"Fm Gente","article_published_time":"2024-03-15T12:31:39+00:00","og_image":[{"width":1402,"height":1039,"url":"https:\/\/fmgente.com.ar\/web\/wp-content\/uploads\/2024\/03\/p8-2.jpeg","type":"image\/jpeg"}],"author":"Adri\u00e1n Hern\u00e1ndez","twitter_card":"summary_large_image","twitter_misc":{"Escrito por":"Adri\u00e1n Hern\u00e1ndez","Tiempo de lectura":"2 minutos"},"schema":{"@context":"https:\/\/schema.org","@graph":[{"@type":"Article","@id":"https:\/\/fmgente.com.ar\/web\/productores-frutihorticolas-del-cinturon-verde-accedieron-al-programa-de-buenas-practicas-agropecuarias\/#article","isPartOf":{"@id":"https:\/\/fmgente.com.ar\/web\/productores-frutihorticolas-del-cinturon-verde-accedieron-al-programa-de-buenas-practicas-agropecuarias\/"},"author":{"name":"Adri\u00e1n Hern\u00e1ndez","@id":"https:\/\/fmgente.com.ar\/web\/#\/schema\/person\/ba03fa75c17effdaafbd6daa1d78c508"},"headline":"Productores frutihort\u00edcolas del cintur\u00f3n verde accedieron al programa de Buenas Pr\u00e1cticas Agropecuarias","datePublished":"2024-03-15T12:31:39+00:00","mainEntityOfPage":{"@id":"https:\/\/fmgente.com.ar\/web\/productores-frutihorticolas-del-cinturon-verde-accedieron-al-programa-de-buenas-practicas-agropecuarias\/"},"wordCount":310,"publisher":{"@id":"https:\/\/fmgente.com.ar\/web\/#organization"},"image":{"@id":"https:\/\/fmgente.com.ar\/web\/productores-frutihorticolas-del-cinturon-verde-accedieron-al-programa-de-buenas-practicas-agropecuarias\/#primaryimage"},"thumbnailUrl":"https:\/\/fmgente.com.ar\/web\/wp-content\/uploads\/2024\/03\/p8-2.jpeg","keywords":["actividades","Arte","Bomberos","ciencia","clima","cultura","dengue","deportes","educaci\u00f3n","festivales","Gobierno de C\u00f3rdoba","incendios","Legislatura","Llaryora","maternidad","ministerios","museos","noticias","obras","polic\u00eda","programas","provinciales","salud","Servicios P\u00fablicos","sindicatos","tecnolog\u00eda","turismo","verano"],"articleSection":["DESTACADAS"],"inLanguage":"es"},{"@type":"WebPage","@id":"https:\/\/fmgente.com.ar\/web\/productores-frutihorticolas-del-cinturon-verde-accedieron-al-programa-de-buenas-practicas-agropecuarias\/","url":"https:\/\/fmgente.com.ar\/web\/productores-frutihorticolas-del-cinturon-verde-accedieron-al-programa-de-buenas-practicas-agropecuarias\/","name":"Productores frutihort\u00edcolas del cintur\u00f3n verde accedieron al programa de Buenas Pr\u00e1cticas Agropecuarias - Fm Gente","isPartOf":{"@id":"https:\/\/fmgente.com.ar\/web\/#website"},"primaryImageOfPage":{"@id":"https:\/\/fmgente.com.ar\/web\/productores-frutihorticolas-del-cinturon-verde-accedieron-al-programa-de-buenas-practicas-agropecuarias\/#primaryimage"},"image":{"@id":"https:\/\/fmgente.com.ar\/web\/productores-frutihorticolas-del-cinturon-verde-accedieron-al-programa-de-buenas-practicas-agropecuarias\/#primaryimage"},"thumbnailUrl":"https:\/\/fmgente.com.ar\/web\/wp-content\/uploads\/2024\/03\/p8-2.jpeg","datePublished":"2024-03-15T12:31:39+00:00","inLanguage":"es","potentialAction":[{"@type":"ReadAction","target":["https:\/\/fmgente.com.ar\/web\/productores-frutihorticolas-del-cinturon-verde-accedieron-al-programa-de-buenas-practicas-agropecuarias\/"]}]},{"@type":"ImageObject","inLanguage":"es","@id":"https:\/\/fmgente.com.ar\/web\/productores-frutihorticolas-del-cinturon-verde-accedieron-al-programa-de-buenas-practicas-agropecuarias\/#primaryimage","url":"https:\/\/fmgente.com.ar\/web\/wp-content\/uploads\/2024\/03\/p8-2.jpeg","contentUrl":"https:\/\/fmgente.com.ar\/web\/wp-content\/uploads\/2024\/03\/p8-2.jpeg","width":1402,"height":1039},{"@type":"WebSite","@id":"https:\/\/fmgente.com.ar\/web\/#website","url":"https:\/\/fmgente.com.ar\/web\/","name":"Fm Gente","description":"- Jes\u00fas Mar\u00eda","publisher":{"@id":"https:\/\/fmgente.com.ar\/web\/#organization"},"potentialAction":[{"@type":"SearchAction","target":{"@type":"EntryPoint","urlTemplate":"https:\/\/fmgente.com.ar\/web\/?s={search_term_string}"},"query-input":{"@type":"PropertyValueSpecification","valueRequired":true,"valueName":"search_term_string"}}],"inLanguage":"es"},{"@type":"Organization","@id":"https:\/\/fmgente.com.ar\/web\/#organization","name":"Fm Gente","url":"https:\/\/fmgente.com.ar\/web\/","logo":{"@type":"ImageObject","inLanguage":"es","@id":"https:\/\/fmgente.com.ar\/web\/#\/schema\/logo\/image\/","url":"https:\/\/fmgente.com.ar\/web\/wp-content\/uploads\/2023\/07\/cropped-cropped-logo-sombra2.png","contentUrl":"https:\/\/fmgente.com.ar\/web\/wp-content\/uploads\/2023\/07\/cropped-cropped-logo-sombra2.png","width":1782,"height":1782,"caption":"Fm Gente"},"image":{"@id":"https:\/\/fmgente.com.ar\/web\/#\/schema\/logo\/image\/"}},{"@type":"Person","@id":"https:\/\/fmgente.com.ar\/web\/#\/schema\/person\/ba03fa75c17effdaafbd6daa1d78c508","name":"Adri\u00e1n Hern\u00e1ndez","url":"https:\/\/fmgente.com.ar\/web\/author\/c1601891\/"}]}},"_links":{"self":[{"href":"https:\/\/fmgente.com.ar\/web\/wp-json\/wp\/v2\/posts\/3168","targetHints":{"allow":["GET"]}}],"collection":[{"href":"https:\/\/fmgente.com.ar\/web\/wp-json\/wp\/v2\/posts"}],"about":[{"href":"https:\/\/fmgente.com.ar\/web\/wp-json\/wp\/v2\/types\/post"}],"author":[{"embeddable":true,"href":"https:\/\/fmgente.com.ar\/web\/wp-json\/wp\/v2\/users\/2"}],"replies":[{"embeddable":true,"href":"https:\/\/fmgente.com.ar\/web\/wp-json\/wp\/v2\/comments?post=3168"}],"version-history":[{"count":1,"href":"https:\/\/fmgente.com.ar\/web\/wp-json\/wp\/v2\/posts\/3168\/revisions"}],"predecessor-version":[{"id":3170,"href":"https:\/\/fmgente.com.ar\/web\/wp-json\/wp\/v2\/posts\/3168\/revisions\/3170"}],"wp:featuredmedia":[{"embeddable":true,"href":"https:\/\/fmgente.com.ar\/web\/wp-json\/wp\/v2\/media\/3169"}],"wp:attachment":[{"href":"https:\/\/fmgente.com.ar\/web\/wp-json\/wp\/v2\/media?parent=3168"}],"wp:term":[{"taxonomy":"category","embeddable":true,"href":"https:\/\/fmgente.com.ar\/web\/wp-json\/wp\/v2\/categories?post=3168"},{"taxonomy":"post_tag","embeddable":true,"href":"https:\/\/fmgente.com.ar\/web\/wp-json\/wp\/v2\/tags?post=3168"}],"curies":[{"name":"wp","href":"https:\/\/api.w.org\/{rel}","templated":true}]}}