{"id":3033,"date":"2024-03-12T08:14:58","date_gmt":"2024-03-12T11:14:58","guid":{"rendered":"https:\/\/fmgente.com.ar\/?p=3033"},"modified":"2024-03-12T08:14:58","modified_gmt":"2024-03-12T11:14:58","slug":"llaryora-apoyo-el-envio-de-las-fuerzas-armadas-a-rosario","status":"publish","type":"post","link":"https:\/\/fmgente.com.ar\/web\/llaryora-apoyo-el-envio-de-las-fuerzas-armadas-a-rosario\/","title":{"rendered":"Llaryora apoy\u00f3 el env\u00edo de las Fuerzas Armadas a Rosario"},"content":{"rendered":"<article id=\"post-588357\" class=\"post-588357 post type-post status-publish format-standard has-post-thumbnail hentry category-informacion-general category-no-home ast-article-single\">\n<div class=\"ast-post-format- single-layout-1\">\n<div class=\"entry-content clear\">\n<p class=\" eplus-wrapper\">Con la premisa \u201cRosario somos todos\u201d, Mart\u00edn Llaryora volvi\u00f3 a manifestar su solidaridad con los habitantes de la vecina provincia de Santa Fe y de Rosario en particular, adem\u00e1s de expresar su apoyo al gobernador Maximiliano Pullaro.<\/p>\n<p class=\" eplus-wrapper\"><em>\u201cQuiero solidarizarme con Santa Fe, sepan que tienen aqu\u00ed un gobernador que los acompa\u00f1a para que el Ej\u00e9rcito colabore en la seguridad interna argentina\u201d<\/em>, declar\u00f3 Llaryora en el marco del almuerzo organizado por la Fundaci\u00f3n Mediterr\u00e1nea.<\/p>\n<p class=\" eplus-wrapper\">El mandatario ratific\u00f3 as\u00ed la postura expresada este domingo a trav\u00e9s de la red social X.\u00a0<em>\u201cApoyo la decisi\u00f3n de la ministra @PatoBullrich de enviar Fuerzas de Seguridad Federales para no dar un paso atr\u00e1s y combatir al narcotr\u00e1fico\u201d,<\/em>\u00a0manifest\u00f3 en un posteo.<\/p>\n<p class=\" eplus-wrapper\"><em>\u201cSi ellos (por los narcotraficantes) ganan esta batalla, se van a fortalecer en una ciudad y van a ir por el resto. No hay que mezquinar, hay que ser solidarios, y hay que poner toda la fuerza de combate de la Argentina para que la gente de Rosario pueda salir a la calle\u201d,\u00a0<\/em>agreg\u00f3 hoy el gobernador.<\/p>\n<p class=\" eplus-wrapper\"><em>\u00abRosario somos todos\u201d,\u00a0<\/em>expres\u00f3 Llaryora, una frase que desde hace casi tres a\u00f1os utiliza para sintetizar la necesidad de contar con apoyos concretos para frenar el avance narco en esa ciudad.<\/p>\n<p><iframe loading=\"lazy\" title=\"Llaryora apoy\u00f3 el env\u00edo de las Fuerzas Armadas a Rosario\" src=\"https:\/\/www.youtube.com\/embed\/FWobGynlxDo\" width=\"565\" height=\"313\" frameborder=\"0\" allowfullscreen=\"allowfullscreen\" data-mce-fragment=\"1\"><\/iframe><\/p>\n<p class=\" eplus-wrapper\">\u201c<em>En aquel momento hice el planteo, y surgi\u00f3 una discusi\u00f3n enorme sobre la incorporaci\u00f3n de las Fuerzas Armadas, lo hice en la campa\u00f1a y lo hice antes de la campa\u00f1a, fui muy criticado y muchos me dec\u00edan que era imposible. Bueno, ahora es posible\u201d<\/em>, record\u00f3.<\/p>\n<p class=\" eplus-wrapper\"><em>\u201cFrente a estas organizaciones que superan muchas veces a la polic\u00eda, no solo por su capacidad de organizaci\u00f3n, sino tambi\u00e9n por su poder de fuego, se necesita el apoyo de las fuerzas federales. Esto no significa que nosotros no tengamos problemas, porque tenemos los mismos problemas que tiene toda la Argentina, pero hoy Rosario tiene una situaci\u00f3n totalmente distinta a la Argentina\u201d,<\/em>\u00a0concluy\u00f3 Llaryora.<\/p>\n<\/div>\n<\/div>\n<\/article>\n<p><script async src=\"https:\/\/pagead2.googlesyndication.com\/pagead\/js\/adsbygoogle.js?client=ca-pub-6190387823963118\" crossorigin=\"anonymous\"><\/script><br \/>\n<!-- publi horizontal --><br \/>\n<ins class=\"adsbygoogle\" style=\"display: block;\" data-ad-client=\"ca-pub-6190387823963118\" data-ad-slot=\"1318105772\" data-ad-format=\"auto\" data-full-width-responsive=\"true\"><\/ins><br \/>\n<script>\n     (adsbygoogle = window.adsbygoogle || []).push({});\n<\/script><\/p>\n","protected":false},"excerpt":{"rendered":"<p>Con la premisa \u201cRosario somos todos\u201d, Mart\u00edn Llaryora volvi\u00f3 a manifestar su solidaridad con los<\/p>\n","protected":false},"author":2,"featured_media":3034,"comment_status":"closed","ping_status":"closed","sticky":false,"template":"","format":"standard","meta":{"footnotes":""},"categories":[11],"tags":[714,257,457,1064,120,20,1265,216,1238,1482,899,41,514,47,269,1673,1653,1671,99,231,1672,1511,26,1304,1676,619,612,1277],"class_list":["post-3033","post","type-post","status-publish","format-standard","has-post-thumbnail","hentry","category-destacadas","tag-actividades","tag-arte","tag-bomberos","tag-ciencia","tag-clima","tag-cultura","tag-dengue","tag-deportes","tag-educacion","tag-festivales","tag-gobierno-de-cordoba","tag-incendios","tag-legislatura","tag-llaryora","tag-maternidad","tag-ministerios","tag-museos","tag-noticias","tag-obras","tag-policia","tag-programas","tag-provinciales","tag-salud","tag-servicios-publicos","tag-sindicatos","tag-tecnologia","tag-turismo","tag-verano"],"yoast_head":"<!-- This site is optimized with the Yoast SEO plugin v27.4 - https:\/\/yoast.com\/product\/yoast-seo-wordpress\/ -->\n<title>Llaryora apoy\u00f3 el env\u00edo de las Fuerzas Armadas a Rosario - Fm Gente<\/title>\n<meta name=\"robots\" content=\"index, follow, max-snippet:-1, max-image-preview:large, max-video-preview:-1\" \/>\n<link rel=\"canonical\" href=\"https:\/\/fmgente.com.ar\/web\/llaryora-apoyo-el-envio-de-las-fuerzas-armadas-a-rosario\/\" \/>\n<meta property=\"og:locale\" content=\"es_ES\" \/>\n<meta property=\"og:type\" content=\"article\" \/>\n<meta property=\"og:title\" content=\"Llaryora apoy\u00f3 el env\u00edo de las Fuerzas Armadas a Rosario - Fm Gente\" \/>\n<meta property=\"og:description\" content=\"Con la premisa \u201cRosario somos todos\u201d, Mart\u00edn Llaryora volvi\u00f3 a manifestar su solidaridad con los\" \/>\n<meta property=\"og:url\" content=\"https:\/\/fmgente.com.ar\/web\/llaryora-apoyo-el-envio-de-las-fuerzas-armadas-a-rosario\/\" \/>\n<meta property=\"og:site_name\" content=\"Fm Gente\" \/>\n<meta property=\"article:published_time\" content=\"2024-03-12T11:14:58+00:00\" \/>\n<meta property=\"og:image\" content=\"https:\/\/fmgente.com.ar\/web\/wp-content\/uploads\/2024\/03\/d3-4.jpeg\" \/>\n\t<meta property=\"og:image:width\" content=\"1066\" \/>\n\t<meta property=\"og:image:height\" content=\"703\" \/>\n\t<meta property=\"og:image:type\" content=\"image\/jpeg\" \/>\n<meta name=\"author\" content=\"Adri\u00e1n Hern\u00e1ndez\" \/>\n<meta name=\"twitter:card\" content=\"summary_large_image\" \/>\n<meta name=\"twitter:label1\" content=\"Escrito por\" \/>\n\t<meta name=\"twitter:data1\" content=\"Adri\u00e1n Hern\u00e1ndez\" \/>\n\t<meta name=\"twitter:label2\" content=\"Tiempo de lectura\" \/>\n\t<meta name=\"twitter:data2\" content=\"2 minutos\" \/>\n<script type=\"application\/ld+json\" class=\"yoast-schema-graph\">{\"@context\":\"https:\\\/\\\/schema.org\",\"@graph\":[{\"@type\":\"Article\",\"@id\":\"https:\\\/\\\/fmgente.com.ar\\\/web\\\/llaryora-apoyo-el-envio-de-las-fuerzas-armadas-a-rosario\\\/#article\",\"isPartOf\":{\"@id\":\"https:\\\/\\\/fmgente.com.ar\\\/web\\\/llaryora-apoyo-el-envio-de-las-fuerzas-armadas-a-rosario\\\/\"},\"author\":{\"name\":\"Adri\u00e1n Hern\u00e1ndez\",\"@id\":\"https:\\\/\\\/fmgente.com.ar\\\/web\\\/#\\\/schema\\\/person\\\/ba03fa75c17effdaafbd6daa1d78c508\"},\"headline\":\"Llaryora apoy\u00f3 el env\u00edo de las Fuerzas Armadas a Rosario\",\"datePublished\":\"2024-03-12T11:14:58+00:00\",\"mainEntityOfPage\":{\"@id\":\"https:\\\/\\\/fmgente.com.ar\\\/web\\\/llaryora-apoyo-el-envio-de-las-fuerzas-armadas-a-rosario\\\/\"},\"wordCount\":344,\"publisher\":{\"@id\":\"https:\\\/\\\/fmgente.com.ar\\\/web\\\/#organization\"},\"image\":{\"@id\":\"https:\\\/\\\/fmgente.com.ar\\\/web\\\/llaryora-apoyo-el-envio-de-las-fuerzas-armadas-a-rosario\\\/#primaryimage\"},\"thumbnailUrl\":\"https:\\\/\\\/fmgente.com.ar\\\/web\\\/wp-content\\\/uploads\\\/2024\\\/03\\\/d3-4.jpeg\",\"keywords\":[\"actividades\",\"Arte\",\"Bomberos\",\"ciencia\",\"clima\",\"cultura\",\"dengue\",\"deportes\",\"educaci\u00f3n\",\"festivales\",\"Gobierno de C\u00f3rdoba\",\"incendios\",\"Legislatura\",\"Llaryora\",\"maternidad\",\"ministerios\",\"museos\",\"noticias\",\"obras\",\"polic\u00eda\",\"programas\",\"provinciales\",\"salud\",\"Servicios P\u00fablicos\",\"sindicatos\",\"tecnolog\u00eda\",\"turismo\",\"verano\"],\"articleSection\":[\"DESTACADAS\"],\"inLanguage\":\"es\"},{\"@type\":\"WebPage\",\"@id\":\"https:\\\/\\\/fmgente.com.ar\\\/web\\\/llaryora-apoyo-el-envio-de-las-fuerzas-armadas-a-rosario\\\/\",\"url\":\"https:\\\/\\\/fmgente.com.ar\\\/web\\\/llaryora-apoyo-el-envio-de-las-fuerzas-armadas-a-rosario\\\/\",\"name\":\"Llaryora apoy\u00f3 el env\u00edo de las Fuerzas Armadas a Rosario - Fm Gente\",\"isPartOf\":{\"@id\":\"https:\\\/\\\/fmgente.com.ar\\\/web\\\/#website\"},\"primaryImageOfPage\":{\"@id\":\"https:\\\/\\\/fmgente.com.ar\\\/web\\\/llaryora-apoyo-el-envio-de-las-fuerzas-armadas-a-rosario\\\/#primaryimage\"},\"image\":{\"@id\":\"https:\\\/\\\/fmgente.com.ar\\\/web\\\/llaryora-apoyo-el-envio-de-las-fuerzas-armadas-a-rosario\\\/#primaryimage\"},\"thumbnailUrl\":\"https:\\\/\\\/fmgente.com.ar\\\/web\\\/wp-content\\\/uploads\\\/2024\\\/03\\\/d3-4.jpeg\",\"datePublished\":\"2024-03-12T11:14:58+00:00\",\"inLanguage\":\"es\",\"potentialAction\":[{\"@type\":\"ReadAction\",\"target\":[\"https:\\\/\\\/fmgente.com.ar\\\/web\\\/llaryora-apoyo-el-envio-de-las-fuerzas-armadas-a-rosario\\\/\"]}]},{\"@type\":\"ImageObject\",\"inLanguage\":\"es\",\"@id\":\"https:\\\/\\\/fmgente.com.ar\\\/web\\\/llaryora-apoyo-el-envio-de-las-fuerzas-armadas-a-rosario\\\/#primaryimage\",\"url\":\"https:\\\/\\\/fmgente.com.ar\\\/web\\\/wp-content\\\/uploads\\\/2024\\\/03\\\/d3-4.jpeg\",\"contentUrl\":\"https:\\\/\\\/fmgente.com.ar\\\/web\\\/wp-content\\\/uploads\\\/2024\\\/03\\\/d3-4.jpeg\",\"width\":1066,\"height\":703},{\"@type\":\"WebSite\",\"@id\":\"https:\\\/\\\/fmgente.com.ar\\\/web\\\/#website\",\"url\":\"https:\\\/\\\/fmgente.com.ar\\\/web\\\/\",\"name\":\"Fm Gente\",\"description\":\"- Jes\u00fas Mar\u00eda\",\"publisher\":{\"@id\":\"https:\\\/\\\/fmgente.com.ar\\\/web\\\/#organization\"},\"potentialAction\":[{\"@type\":\"SearchAction\",\"target\":{\"@type\":\"EntryPoint\",\"urlTemplate\":\"https:\\\/\\\/fmgente.com.ar\\\/web\\\/?s={search_term_string}\"},\"query-input\":{\"@type\":\"PropertyValueSpecification\",\"valueRequired\":true,\"valueName\":\"search_term_string\"}}],\"inLanguage\":\"es\"},{\"@type\":\"Organization\",\"@id\":\"https:\\\/\\\/fmgente.com.ar\\\/web\\\/#organization\",\"name\":\"Fm Gente\",\"url\":\"https:\\\/\\\/fmgente.com.ar\\\/web\\\/\",\"logo\":{\"@type\":\"ImageObject\",\"inLanguage\":\"es\",\"@id\":\"https:\\\/\\\/fmgente.com.ar\\\/web\\\/#\\\/schema\\\/logo\\\/image\\\/\",\"url\":\"https:\\\/\\\/fmgente.com.ar\\\/web\\\/wp-content\\\/uploads\\\/2023\\\/07\\\/cropped-cropped-logo-sombra2.png\",\"contentUrl\":\"https:\\\/\\\/fmgente.com.ar\\\/web\\\/wp-content\\\/uploads\\\/2023\\\/07\\\/cropped-cropped-logo-sombra2.png\",\"width\":1782,\"height\":1782,\"caption\":\"Fm Gente\"},\"image\":{\"@id\":\"https:\\\/\\\/fmgente.com.ar\\\/web\\\/#\\\/schema\\\/logo\\\/image\\\/\"}},{\"@type\":\"Person\",\"@id\":\"https:\\\/\\\/fmgente.com.ar\\\/web\\\/#\\\/schema\\\/person\\\/ba03fa75c17effdaafbd6daa1d78c508\",\"name\":\"Adri\u00e1n Hern\u00e1ndez\",\"url\":\"https:\\\/\\\/fmgente.com.ar\\\/web\\\/author\\\/c1601891\\\/\"}]}<\/script>\n<!-- \/ Yoast SEO plugin. -->","yoast_head_json":{"title":"Llaryora apoy\u00f3 el env\u00edo de las Fuerzas Armadas a Rosario - Fm Gente","robots":{"index":"index","follow":"follow","max-snippet":"max-snippet:-1","max-image-preview":"max-image-preview:large","max-video-preview":"max-video-preview:-1"},"canonical":"https:\/\/fmgente.com.ar\/web\/llaryora-apoyo-el-envio-de-las-fuerzas-armadas-a-rosario\/","og_locale":"es_ES","og_type":"article","og_title":"Llaryora apoy\u00f3 el env\u00edo de las Fuerzas Armadas a Rosario - Fm Gente","og_description":"Con la premisa \u201cRosario somos todos\u201d, Mart\u00edn Llaryora volvi\u00f3 a manifestar su solidaridad con los","og_url":"https:\/\/fmgente.com.ar\/web\/llaryora-apoyo-el-envio-de-las-fuerzas-armadas-a-rosario\/","og_site_name":"Fm Gente","article_published_time":"2024-03-12T11:14:58+00:00","og_image":[{"width":1066,"height":703,"url":"https:\/\/fmgente.com.ar\/web\/wp-content\/uploads\/2024\/03\/d3-4.jpeg","type":"image\/jpeg"}],"author":"Adri\u00e1n Hern\u00e1ndez","twitter_card":"summary_large_image","twitter_misc":{"Escrito por":"Adri\u00e1n Hern\u00e1ndez","Tiempo de lectura":"2 minutos"},"schema":{"@context":"https:\/\/schema.org","@graph":[{"@type":"Article","@id":"https:\/\/fmgente.com.ar\/web\/llaryora-apoyo-el-envio-de-las-fuerzas-armadas-a-rosario\/#article","isPartOf":{"@id":"https:\/\/fmgente.com.ar\/web\/llaryora-apoyo-el-envio-de-las-fuerzas-armadas-a-rosario\/"},"author":{"name":"Adri\u00e1n Hern\u00e1ndez","@id":"https:\/\/fmgente.com.ar\/web\/#\/schema\/person\/ba03fa75c17effdaafbd6daa1d78c508"},"headline":"Llaryora apoy\u00f3 el env\u00edo de las Fuerzas Armadas a Rosario","datePublished":"2024-03-12T11:14:58+00:00","mainEntityOfPage":{"@id":"https:\/\/fmgente.com.ar\/web\/llaryora-apoyo-el-envio-de-las-fuerzas-armadas-a-rosario\/"},"wordCount":344,"publisher":{"@id":"https:\/\/fmgente.com.ar\/web\/#organization"},"image":{"@id":"https:\/\/fmgente.com.ar\/web\/llaryora-apoyo-el-envio-de-las-fuerzas-armadas-a-rosario\/#primaryimage"},"thumbnailUrl":"https:\/\/fmgente.com.ar\/web\/wp-content\/uploads\/2024\/03\/d3-4.jpeg","keywords":["actividades","Arte","Bomberos","ciencia","clima","cultura","dengue","deportes","educaci\u00f3n","festivales","Gobierno de C\u00f3rdoba","incendios","Legislatura","Llaryora","maternidad","ministerios","museos","noticias","obras","polic\u00eda","programas","provinciales","salud","Servicios P\u00fablicos","sindicatos","tecnolog\u00eda","turismo","verano"],"articleSection":["DESTACADAS"],"inLanguage":"es"},{"@type":"WebPage","@id":"https:\/\/fmgente.com.ar\/web\/llaryora-apoyo-el-envio-de-las-fuerzas-armadas-a-rosario\/","url":"https:\/\/fmgente.com.ar\/web\/llaryora-apoyo-el-envio-de-las-fuerzas-armadas-a-rosario\/","name":"Llaryora apoy\u00f3 el env\u00edo de las Fuerzas Armadas a Rosario - Fm Gente","isPartOf":{"@id":"https:\/\/fmgente.com.ar\/web\/#website"},"primaryImageOfPage":{"@id":"https:\/\/fmgente.com.ar\/web\/llaryora-apoyo-el-envio-de-las-fuerzas-armadas-a-rosario\/#primaryimage"},"image":{"@id":"https:\/\/fmgente.com.ar\/web\/llaryora-apoyo-el-envio-de-las-fuerzas-armadas-a-rosario\/#primaryimage"},"thumbnailUrl":"https:\/\/fmgente.com.ar\/web\/wp-content\/uploads\/2024\/03\/d3-4.jpeg","datePublished":"2024-03-12T11:14:58+00:00","inLanguage":"es","potentialAction":[{"@type":"ReadAction","target":["https:\/\/fmgente.com.ar\/web\/llaryora-apoyo-el-envio-de-las-fuerzas-armadas-a-rosario\/"]}]},{"@type":"ImageObject","inLanguage":"es","@id":"https:\/\/fmgente.com.ar\/web\/llaryora-apoyo-el-envio-de-las-fuerzas-armadas-a-rosario\/#primaryimage","url":"https:\/\/fmgente.com.ar\/web\/wp-content\/uploads\/2024\/03\/d3-4.jpeg","contentUrl":"https:\/\/fmgente.com.ar\/web\/wp-content\/uploads\/2024\/03\/d3-4.jpeg","width":1066,"height":703},{"@type":"WebSite","@id":"https:\/\/fmgente.com.ar\/web\/#website","url":"https:\/\/fmgente.com.ar\/web\/","name":"Fm Gente","description":"- Jes\u00fas Mar\u00eda","publisher":{"@id":"https:\/\/fmgente.com.ar\/web\/#organization"},"potentialAction":[{"@type":"SearchAction","target":{"@type":"EntryPoint","urlTemplate":"https:\/\/fmgente.com.ar\/web\/?s={search_term_string}"},"query-input":{"@type":"PropertyValueSpecification","valueRequired":true,"valueName":"search_term_string"}}],"inLanguage":"es"},{"@type":"Organization","@id":"https:\/\/fmgente.com.ar\/web\/#organization","name":"Fm Gente","url":"https:\/\/fmgente.com.ar\/web\/","logo":{"@type":"ImageObject","inLanguage":"es","@id":"https:\/\/fmgente.com.ar\/web\/#\/schema\/logo\/image\/","url":"https:\/\/fmgente.com.ar\/web\/wp-content\/uploads\/2023\/07\/cropped-cropped-logo-sombra2.png","contentUrl":"https:\/\/fmgente.com.ar\/web\/wp-content\/uploads\/2023\/07\/cropped-cropped-logo-sombra2.png","width":1782,"height":1782,"caption":"Fm Gente"},"image":{"@id":"https:\/\/fmgente.com.ar\/web\/#\/schema\/logo\/image\/"}},{"@type":"Person","@id":"https:\/\/fmgente.com.ar\/web\/#\/schema\/person\/ba03fa75c17effdaafbd6daa1d78c508","name":"Adri\u00e1n Hern\u00e1ndez","url":"https:\/\/fmgente.com.ar\/web\/author\/c1601891\/"}]}},"_links":{"self":[{"href":"https:\/\/fmgente.com.ar\/web\/wp-json\/wp\/v2\/posts\/3033","targetHints":{"allow":["GET"]}}],"collection":[{"href":"https:\/\/fmgente.com.ar\/web\/wp-json\/wp\/v2\/posts"}],"about":[{"href":"https:\/\/fmgente.com.ar\/web\/wp-json\/wp\/v2\/types\/post"}],"author":[{"embeddable":true,"href":"https:\/\/fmgente.com.ar\/web\/wp-json\/wp\/v2\/users\/2"}],"replies":[{"embeddable":true,"href":"https:\/\/fmgente.com.ar\/web\/wp-json\/wp\/v2\/comments?post=3033"}],"version-history":[{"count":1,"href":"https:\/\/fmgente.com.ar\/web\/wp-json\/wp\/v2\/posts\/3033\/revisions"}],"predecessor-version":[{"id":3035,"href":"https:\/\/fmgente.com.ar\/web\/wp-json\/wp\/v2\/posts\/3033\/revisions\/3035"}],"wp:featuredmedia":[{"embeddable":true,"href":"https:\/\/fmgente.com.ar\/web\/wp-json\/wp\/v2\/media\/3034"}],"wp:attachment":[{"href":"https:\/\/fmgente.com.ar\/web\/wp-json\/wp\/v2\/media?parent=3033"}],"wp:term":[{"taxonomy":"category","embeddable":true,"href":"https:\/\/fmgente.com.ar\/web\/wp-json\/wp\/v2\/categories?post=3033"},{"taxonomy":"post_tag","embeddable":true,"href":"https:\/\/fmgente.com.ar\/web\/wp-json\/wp\/v2\/tags?post=3033"}],"curies":[{"name":"wp","href":"https:\/\/api.w.org\/{rel}","templated":true}]}}