{"id":3030,"date":"2024-03-12T08:13:20","date_gmt":"2024-03-12T11:13:20","guid":{"rendered":"https:\/\/fmgente.com.ar\/?p=3030"},"modified":"2024-03-12T08:13:20","modified_gmt":"2024-03-12T11:13:20","slug":"ciudad-de-cordoba-se-puso-en-marcha-la-guardia-urbana-municipal","status":"publish","type":"post","link":"https:\/\/fmgente.com.ar\/web\/ciudad-de-cordoba-se-puso-en-marcha-la-guardia-urbana-municipal\/","title":{"rendered":"Ciudad de C\u00f3rdoba: Se puso en marcha la Guardia Urbana Municipal"},"content":{"rendered":"<article id=\"post-588372\" class=\"post-588372 post type-post status-publish format-standard has-post-thumbnail hentry category-informacion-general category-no-home ast-article-single\">\n<div class=\"ast-post-format- single-layout-1\">\n<div class=\"entry-content clear\">\n<p class=\" eplus-wrapper\">El ministro de Seguridad, Juan Pablo Quinteros, junto al intendente de la ciudad de C\u00f3rdoba, Daniel Passerini, encabezaron el acto de lanzamiento de la Guardia Urbana municipal, que est\u00e1 compuesta por efectivos del Equipo T\u00e9cnico de Acci\u00f3n ante Cat\u00e1strofes (ETAC) y Promotores de Convivencia.<\/p>\n<p class=\" eplus-wrapper\">La puesta en marcha de este cuerpo preventivo se inscribe en la nueva Ley de Seguridad P\u00fablica y Ciudadana 10.954, que entre otros aspectos, contempla la integraci\u00f3n de los 427 municipios y comunas en el sistema p\u00fablico de seguridad. En esta l\u00ednea, la iniciativa prev\u00e9 la conformaci\u00f3n de Guardias Locales de Prevenci\u00f3n y Convivencia (GLP).<\/p>\n<p class=\" eplus-wrapper\">La ciudad de C\u00f3rdoba fue una de las primeras municipalidades en adherir al flamante marco normativo. A la fecha, ya se sumaron 135 municipios y comunas a la iniciativa, entre los que tambi\u00e9n se encuentran R\u00edo Cuarto, Villa Mar\u00eda, San Francisco, entre otros.<\/p>\n<p class=\" eplus-wrapper\"><em>\u201cEste es el fruto de un trabajo conjunto, planificado, programado y estrat\u00e9gico, que tiene en la Polic\u00eda de la Provincia de C\u00f3rdoba claramente su columna vertebral\u201d,\u00a0<\/em>resalt\u00f3 Quinteros.<\/p>\n<p class=\" eplus-wrapper\">El funcionario provincial remarc\u00f3 el car\u00e1cter auxiliar de las Guardias Locales con respecto a la Polic\u00eda de C\u00f3rdoba. Dichos cuerpos preventivos realizar\u00e1n su trabajo en zonas de baja conflictividad, permitiendo el desplazamiento de la fuerza policial a zonas cr\u00edticas.<\/p>\n<figure class=\" wp-block-image size-full eplus-wrapper\"><img loading=\"lazy\" decoding=\"async\" class=\"wp-image-588373\" src=\"https:\/\/prensa.cba.gov.ar\/wp-content\/uploads\/2024\/03\/DSC_0051.jpg\" sizes=\"auto, (max-width: 990px) 100vw, 990px\" srcset=\"https:\/\/prensa.cba.gov.ar\/wp-content\/uploads\/2024\/03\/DSC_0051.jpg 990w, https:\/\/prensa.cba.gov.ar\/wp-content\/uploads\/2024\/03\/DSC_0051-300x200.jpg 300w, https:\/\/prensa.cba.gov.ar\/wp-content\/uploads\/2024\/03\/DSC_0051-768x512.jpg 768w\" alt=\"\" width=\"990\" height=\"660\" \/><\/figure>\n<p class=\" eplus-wrapper\"><em>\u201cEn momentos donde la inseguridad es agenda p\u00fablica todos los d\u00edas, donde los hechos de violencia urbana claramente buscan condicionar la vida de nuestra gente, nosotros no vamos a mirar para otro lado\u201d,<\/em>\u00a0defini\u00f3 Passerini respecto a la presencia del Estado municipal en la seguridad.<\/p>\n<p class=\" eplus-wrapper\">En ese sentido, el intendente rescat\u00f3 la misi\u00f3n central de la nueva fuerza:\u00a0<em>\u201cVamos a cuidar a la gente para que, en cada lugar de la ciudad, los vecinos y vecinas de bien puedan ocupar los espacios p\u00fablicos, vivirlos y disfrutarlos\u201d.<\/em><\/p>\n<h4 class=\" wp-block-heading eplus-wrapper\"><strong>C\u00f3mo se funcionar\u00e1n las GLP en la Capital<\/strong><\/h4>\n<p class=\" eplus-wrapper\">El cuerpo preventivo cuenta con 400 agentes civiles capacitados y una flota de 70 veh\u00edculos. Patrullar\u00e1 las calles de la ciudad en 12 corredores que cubren sectores de las avenidas Gauss, Recta Martinoli, Tejeda, Rafael N\u00fa\u00f1ez, Sabattini, Ruta 20 y el boulevar Las Heras; adem\u00e1s de los barrios Yofre, Alta C\u00f3rdoba, San Vicente, Jard\u00edn y el Parque Sarmiento.<\/p>\n<p class=\" eplus-wrapper\">Las unidades m\u00f3viles estar\u00e1n comunicadas por radiofrecuencia con la Polic\u00eda de C\u00f3rdoba.<\/p>\n<h4 class=\" wp-block-heading eplus-wrapper\"><strong>Autoridades<\/strong><\/h4>\n<p class=\" eplus-wrapper\">Tambi\u00e9n estuvieron presentes en el acto, la vicegobernadora, Miryam Prunotto; el viceintendente de la ciudad de C\u00f3rdoba, Javier Pretto; el secretario de Seguridad y Prevenci\u00f3n Comunitaria, Claudio Vignetta; el jefe de Polic\u00eda, Leonardo Guti\u00e9rrez; el secretario de Prevenci\u00f3n y Coordinaci\u00f3n Institucional, Angel Bevilacqua; el subsecretario de Sistema Integrado de Seguridad P\u00fablica, Jos\u00e9 Gualdoni; y funcionarios de distintas \u00e1reas de la Municipalidad de C\u00f3rdoba.<\/p>\n<p class=\" eplus-wrapper\">\n<\/div>\n<\/div>\n<\/article>\n<p><script async src=\"https:\/\/pagead2.googlesyndication.com\/pagead\/js\/adsbygoogle.js?client=ca-pub-6190387823963118\" crossorigin=\"anonymous\"><\/script><br \/>\n<!-- publi horizontal --><br \/>\n<ins class=\"adsbygoogle\" style=\"display: block;\" data-ad-client=\"ca-pub-6190387823963118\" data-ad-slot=\"1318105772\" data-ad-format=\"auto\" data-full-width-responsive=\"true\"><\/ins><br \/>\n<script>\n     (adsbygoogle = window.adsbygoogle || []).push({});\n<\/script><\/p>\n","protected":false},"excerpt":{"rendered":"<p>El ministro de Seguridad, Juan Pablo Quinteros, junto al intendente de la ciudad de C\u00f3rdoba,<\/p>\n","protected":false},"author":2,"featured_media":3031,"comment_status":"closed","ping_status":"closed","sticky":false,"template":"","format":"standard","meta":{"footnotes":""},"categories":[11],"tags":[714,257,457,1064,120,20,1265,216,1238,1482,899,41,514,47,269,1673,1653,1671,99,231,1672,1511,26,1304,1676,619,612,1277],"class_list":["post-3030","post","type-post","status-publish","format-standard","has-post-thumbnail","hentry","category-destacadas","tag-actividades","tag-arte","tag-bomberos","tag-ciencia","tag-clima","tag-cultura","tag-dengue","tag-deportes","tag-educacion","tag-festivales","tag-gobierno-de-cordoba","tag-incendios","tag-legislatura","tag-llaryora","tag-maternidad","tag-ministerios","tag-museos","tag-noticias","tag-obras","tag-policia","tag-programas","tag-provinciales","tag-salud","tag-servicios-publicos","tag-sindicatos","tag-tecnologia","tag-turismo","tag-verano"],"yoast_head":"<!-- This site is optimized with the Yoast SEO plugin v27.4 - https:\/\/yoast.com\/product\/yoast-seo-wordpress\/ -->\n<title>Ciudad de C\u00f3rdoba: Se puso en marcha la Guardia Urbana Municipal - Fm Gente<\/title>\n<meta name=\"robots\" content=\"index, follow, max-snippet:-1, max-image-preview:large, max-video-preview:-1\" \/>\n<link rel=\"canonical\" href=\"https:\/\/fmgente.com.ar\/web\/ciudad-de-cordoba-se-puso-en-marcha-la-guardia-urbana-municipal\/\" \/>\n<meta property=\"og:locale\" content=\"es_ES\" \/>\n<meta property=\"og:type\" content=\"article\" \/>\n<meta property=\"og:title\" content=\"Ciudad de C\u00f3rdoba: Se puso en marcha la Guardia Urbana Municipal - Fm Gente\" \/>\n<meta property=\"og:description\" content=\"El ministro de Seguridad, Juan Pablo Quinteros, junto al intendente de la ciudad de C\u00f3rdoba,\" \/>\n<meta property=\"og:url\" content=\"https:\/\/fmgente.com.ar\/web\/ciudad-de-cordoba-se-puso-en-marcha-la-guardia-urbana-municipal\/\" \/>\n<meta property=\"og:site_name\" content=\"Fm Gente\" \/>\n<meta property=\"article:published_time\" content=\"2024-03-12T11:13:20+00:00\" \/>\n<meta property=\"og:image\" content=\"https:\/\/fmgente.com.ar\/web\/wp-content\/uploads\/2024\/03\/d2-4.jpg\" \/>\n\t<meta property=\"og:image:width\" content=\"990\" \/>\n\t<meta property=\"og:image:height\" content=\"660\" \/>\n\t<meta property=\"og:image:type\" content=\"image\/jpeg\" \/>\n<meta name=\"author\" content=\"Adri\u00e1n Hern\u00e1ndez\" \/>\n<meta name=\"twitter:card\" content=\"summary_large_image\" \/>\n<meta name=\"twitter:label1\" content=\"Escrito por\" \/>\n\t<meta name=\"twitter:data1\" content=\"Adri\u00e1n Hern\u00e1ndez\" \/>\n\t<meta name=\"twitter:label2\" content=\"Tiempo de lectura\" \/>\n\t<meta name=\"twitter:data2\" content=\"3 minutos\" \/>\n<script type=\"application\/ld+json\" class=\"yoast-schema-graph\">{\"@context\":\"https:\\\/\\\/schema.org\",\"@graph\":[{\"@type\":\"Article\",\"@id\":\"https:\\\/\\\/fmgente.com.ar\\\/web\\\/ciudad-de-cordoba-se-puso-en-marcha-la-guardia-urbana-municipal\\\/#article\",\"isPartOf\":{\"@id\":\"https:\\\/\\\/fmgente.com.ar\\\/web\\\/ciudad-de-cordoba-se-puso-en-marcha-la-guardia-urbana-municipal\\\/\"},\"author\":{\"name\":\"Adri\u00e1n Hern\u00e1ndez\",\"@id\":\"https:\\\/\\\/fmgente.com.ar\\\/web\\\/#\\\/schema\\\/person\\\/ba03fa75c17effdaafbd6daa1d78c508\"},\"headline\":\"Ciudad de C\u00f3rdoba: Se puso en marcha la Guardia Urbana Municipal\",\"datePublished\":\"2024-03-12T11:13:20+00:00\",\"mainEntityOfPage\":{\"@id\":\"https:\\\/\\\/fmgente.com.ar\\\/web\\\/ciudad-de-cordoba-se-puso-en-marcha-la-guardia-urbana-municipal\\\/\"},\"wordCount\":488,\"publisher\":{\"@id\":\"https:\\\/\\\/fmgente.com.ar\\\/web\\\/#organization\"},\"image\":{\"@id\":\"https:\\\/\\\/fmgente.com.ar\\\/web\\\/ciudad-de-cordoba-se-puso-en-marcha-la-guardia-urbana-municipal\\\/#primaryimage\"},\"thumbnailUrl\":\"https:\\\/\\\/fmgente.com.ar\\\/web\\\/wp-content\\\/uploads\\\/2024\\\/03\\\/d2-4.jpg\",\"keywords\":[\"actividades\",\"Arte\",\"Bomberos\",\"ciencia\",\"clima\",\"cultura\",\"dengue\",\"deportes\",\"educaci\u00f3n\",\"festivales\",\"Gobierno de C\u00f3rdoba\",\"incendios\",\"Legislatura\",\"Llaryora\",\"maternidad\",\"ministerios\",\"museos\",\"noticias\",\"obras\",\"polic\u00eda\",\"programas\",\"provinciales\",\"salud\",\"Servicios P\u00fablicos\",\"sindicatos\",\"tecnolog\u00eda\",\"turismo\",\"verano\"],\"articleSection\":[\"DESTACADAS\"],\"inLanguage\":\"es\"},{\"@type\":\"WebPage\",\"@id\":\"https:\\\/\\\/fmgente.com.ar\\\/web\\\/ciudad-de-cordoba-se-puso-en-marcha-la-guardia-urbana-municipal\\\/\",\"url\":\"https:\\\/\\\/fmgente.com.ar\\\/web\\\/ciudad-de-cordoba-se-puso-en-marcha-la-guardia-urbana-municipal\\\/\",\"name\":\"Ciudad de C\u00f3rdoba: Se puso en marcha la Guardia Urbana Municipal - Fm Gente\",\"isPartOf\":{\"@id\":\"https:\\\/\\\/fmgente.com.ar\\\/web\\\/#website\"},\"primaryImageOfPage\":{\"@id\":\"https:\\\/\\\/fmgente.com.ar\\\/web\\\/ciudad-de-cordoba-se-puso-en-marcha-la-guardia-urbana-municipal\\\/#primaryimage\"},\"image\":{\"@id\":\"https:\\\/\\\/fmgente.com.ar\\\/web\\\/ciudad-de-cordoba-se-puso-en-marcha-la-guardia-urbana-municipal\\\/#primaryimage\"},\"thumbnailUrl\":\"https:\\\/\\\/fmgente.com.ar\\\/web\\\/wp-content\\\/uploads\\\/2024\\\/03\\\/d2-4.jpg\",\"datePublished\":\"2024-03-12T11:13:20+00:00\",\"inLanguage\":\"es\",\"potentialAction\":[{\"@type\":\"ReadAction\",\"target\":[\"https:\\\/\\\/fmgente.com.ar\\\/web\\\/ciudad-de-cordoba-se-puso-en-marcha-la-guardia-urbana-municipal\\\/\"]}]},{\"@type\":\"ImageObject\",\"inLanguage\":\"es\",\"@id\":\"https:\\\/\\\/fmgente.com.ar\\\/web\\\/ciudad-de-cordoba-se-puso-en-marcha-la-guardia-urbana-municipal\\\/#primaryimage\",\"url\":\"https:\\\/\\\/fmgente.com.ar\\\/web\\\/wp-content\\\/uploads\\\/2024\\\/03\\\/d2-4.jpg\",\"contentUrl\":\"https:\\\/\\\/fmgente.com.ar\\\/web\\\/wp-content\\\/uploads\\\/2024\\\/03\\\/d2-4.jpg\",\"width\":990,\"height\":660},{\"@type\":\"WebSite\",\"@id\":\"https:\\\/\\\/fmgente.com.ar\\\/web\\\/#website\",\"url\":\"https:\\\/\\\/fmgente.com.ar\\\/web\\\/\",\"name\":\"Fm Gente\",\"description\":\"- Jes\u00fas Mar\u00eda\",\"publisher\":{\"@id\":\"https:\\\/\\\/fmgente.com.ar\\\/web\\\/#organization\"},\"potentialAction\":[{\"@type\":\"SearchAction\",\"target\":{\"@type\":\"EntryPoint\",\"urlTemplate\":\"https:\\\/\\\/fmgente.com.ar\\\/web\\\/?s={search_term_string}\"},\"query-input\":{\"@type\":\"PropertyValueSpecification\",\"valueRequired\":true,\"valueName\":\"search_term_string\"}}],\"inLanguage\":\"es\"},{\"@type\":\"Organization\",\"@id\":\"https:\\\/\\\/fmgente.com.ar\\\/web\\\/#organization\",\"name\":\"Fm Gente\",\"url\":\"https:\\\/\\\/fmgente.com.ar\\\/web\\\/\",\"logo\":{\"@type\":\"ImageObject\",\"inLanguage\":\"es\",\"@id\":\"https:\\\/\\\/fmgente.com.ar\\\/web\\\/#\\\/schema\\\/logo\\\/image\\\/\",\"url\":\"https:\\\/\\\/fmgente.com.ar\\\/web\\\/wp-content\\\/uploads\\\/2023\\\/07\\\/cropped-cropped-logo-sombra2.png\",\"contentUrl\":\"https:\\\/\\\/fmgente.com.ar\\\/web\\\/wp-content\\\/uploads\\\/2023\\\/07\\\/cropped-cropped-logo-sombra2.png\",\"width\":1782,\"height\":1782,\"caption\":\"Fm Gente\"},\"image\":{\"@id\":\"https:\\\/\\\/fmgente.com.ar\\\/web\\\/#\\\/schema\\\/logo\\\/image\\\/\"}},{\"@type\":\"Person\",\"@id\":\"https:\\\/\\\/fmgente.com.ar\\\/web\\\/#\\\/schema\\\/person\\\/ba03fa75c17effdaafbd6daa1d78c508\",\"name\":\"Adri\u00e1n Hern\u00e1ndez\",\"url\":\"https:\\\/\\\/fmgente.com.ar\\\/web\\\/author\\\/c1601891\\\/\"}]}<\/script>\n<!-- \/ Yoast SEO plugin. -->","yoast_head_json":{"title":"Ciudad de C\u00f3rdoba: Se puso en marcha la Guardia Urbana Municipal - Fm Gente","robots":{"index":"index","follow":"follow","max-snippet":"max-snippet:-1","max-image-preview":"max-image-preview:large","max-video-preview":"max-video-preview:-1"},"canonical":"https:\/\/fmgente.com.ar\/web\/ciudad-de-cordoba-se-puso-en-marcha-la-guardia-urbana-municipal\/","og_locale":"es_ES","og_type":"article","og_title":"Ciudad de C\u00f3rdoba: Se puso en marcha la Guardia Urbana Municipal - Fm Gente","og_description":"El ministro de Seguridad, Juan Pablo Quinteros, junto al intendente de la ciudad de C\u00f3rdoba,","og_url":"https:\/\/fmgente.com.ar\/web\/ciudad-de-cordoba-se-puso-en-marcha-la-guardia-urbana-municipal\/","og_site_name":"Fm Gente","article_published_time":"2024-03-12T11:13:20+00:00","og_image":[{"width":990,"height":660,"url":"https:\/\/fmgente.com.ar\/web\/wp-content\/uploads\/2024\/03\/d2-4.jpg","type":"image\/jpeg"}],"author":"Adri\u00e1n Hern\u00e1ndez","twitter_card":"summary_large_image","twitter_misc":{"Escrito por":"Adri\u00e1n Hern\u00e1ndez","Tiempo de lectura":"3 minutos"},"schema":{"@context":"https:\/\/schema.org","@graph":[{"@type":"Article","@id":"https:\/\/fmgente.com.ar\/web\/ciudad-de-cordoba-se-puso-en-marcha-la-guardia-urbana-municipal\/#article","isPartOf":{"@id":"https:\/\/fmgente.com.ar\/web\/ciudad-de-cordoba-se-puso-en-marcha-la-guardia-urbana-municipal\/"},"author":{"name":"Adri\u00e1n Hern\u00e1ndez","@id":"https:\/\/fmgente.com.ar\/web\/#\/schema\/person\/ba03fa75c17effdaafbd6daa1d78c508"},"headline":"Ciudad de C\u00f3rdoba: Se puso en marcha la Guardia Urbana Municipal","datePublished":"2024-03-12T11:13:20+00:00","mainEntityOfPage":{"@id":"https:\/\/fmgente.com.ar\/web\/ciudad-de-cordoba-se-puso-en-marcha-la-guardia-urbana-municipal\/"},"wordCount":488,"publisher":{"@id":"https:\/\/fmgente.com.ar\/web\/#organization"},"image":{"@id":"https:\/\/fmgente.com.ar\/web\/ciudad-de-cordoba-se-puso-en-marcha-la-guardia-urbana-municipal\/#primaryimage"},"thumbnailUrl":"https:\/\/fmgente.com.ar\/web\/wp-content\/uploads\/2024\/03\/d2-4.jpg","keywords":["actividades","Arte","Bomberos","ciencia","clima","cultura","dengue","deportes","educaci\u00f3n","festivales","Gobierno de C\u00f3rdoba","incendios","Legislatura","Llaryora","maternidad","ministerios","museos","noticias","obras","polic\u00eda","programas","provinciales","salud","Servicios P\u00fablicos","sindicatos","tecnolog\u00eda","turismo","verano"],"articleSection":["DESTACADAS"],"inLanguage":"es"},{"@type":"WebPage","@id":"https:\/\/fmgente.com.ar\/web\/ciudad-de-cordoba-se-puso-en-marcha-la-guardia-urbana-municipal\/","url":"https:\/\/fmgente.com.ar\/web\/ciudad-de-cordoba-se-puso-en-marcha-la-guardia-urbana-municipal\/","name":"Ciudad de C\u00f3rdoba: Se puso en marcha la Guardia Urbana Municipal - Fm Gente","isPartOf":{"@id":"https:\/\/fmgente.com.ar\/web\/#website"},"primaryImageOfPage":{"@id":"https:\/\/fmgente.com.ar\/web\/ciudad-de-cordoba-se-puso-en-marcha-la-guardia-urbana-municipal\/#primaryimage"},"image":{"@id":"https:\/\/fmgente.com.ar\/web\/ciudad-de-cordoba-se-puso-en-marcha-la-guardia-urbana-municipal\/#primaryimage"},"thumbnailUrl":"https:\/\/fmgente.com.ar\/web\/wp-content\/uploads\/2024\/03\/d2-4.jpg","datePublished":"2024-03-12T11:13:20+00:00","inLanguage":"es","potentialAction":[{"@type":"ReadAction","target":["https:\/\/fmgente.com.ar\/web\/ciudad-de-cordoba-se-puso-en-marcha-la-guardia-urbana-municipal\/"]}]},{"@type":"ImageObject","inLanguage":"es","@id":"https:\/\/fmgente.com.ar\/web\/ciudad-de-cordoba-se-puso-en-marcha-la-guardia-urbana-municipal\/#primaryimage","url":"https:\/\/fmgente.com.ar\/web\/wp-content\/uploads\/2024\/03\/d2-4.jpg","contentUrl":"https:\/\/fmgente.com.ar\/web\/wp-content\/uploads\/2024\/03\/d2-4.jpg","width":990,"height":660},{"@type":"WebSite","@id":"https:\/\/fmgente.com.ar\/web\/#website","url":"https:\/\/fmgente.com.ar\/web\/","name":"Fm Gente","description":"- Jes\u00fas Mar\u00eda","publisher":{"@id":"https:\/\/fmgente.com.ar\/web\/#organization"},"potentialAction":[{"@type":"SearchAction","target":{"@type":"EntryPoint","urlTemplate":"https:\/\/fmgente.com.ar\/web\/?s={search_term_string}"},"query-input":{"@type":"PropertyValueSpecification","valueRequired":true,"valueName":"search_term_string"}}],"inLanguage":"es"},{"@type":"Organization","@id":"https:\/\/fmgente.com.ar\/web\/#organization","name":"Fm Gente","url":"https:\/\/fmgente.com.ar\/web\/","logo":{"@type":"ImageObject","inLanguage":"es","@id":"https:\/\/fmgente.com.ar\/web\/#\/schema\/logo\/image\/","url":"https:\/\/fmgente.com.ar\/web\/wp-content\/uploads\/2023\/07\/cropped-cropped-logo-sombra2.png","contentUrl":"https:\/\/fmgente.com.ar\/web\/wp-content\/uploads\/2023\/07\/cropped-cropped-logo-sombra2.png","width":1782,"height":1782,"caption":"Fm Gente"},"image":{"@id":"https:\/\/fmgente.com.ar\/web\/#\/schema\/logo\/image\/"}},{"@type":"Person","@id":"https:\/\/fmgente.com.ar\/web\/#\/schema\/person\/ba03fa75c17effdaafbd6daa1d78c508","name":"Adri\u00e1n Hern\u00e1ndez","url":"https:\/\/fmgente.com.ar\/web\/author\/c1601891\/"}]}},"_links":{"self":[{"href":"https:\/\/fmgente.com.ar\/web\/wp-json\/wp\/v2\/posts\/3030","targetHints":{"allow":["GET"]}}],"collection":[{"href":"https:\/\/fmgente.com.ar\/web\/wp-json\/wp\/v2\/posts"}],"about":[{"href":"https:\/\/fmgente.com.ar\/web\/wp-json\/wp\/v2\/types\/post"}],"author":[{"embeddable":true,"href":"https:\/\/fmgente.com.ar\/web\/wp-json\/wp\/v2\/users\/2"}],"replies":[{"embeddable":true,"href":"https:\/\/fmgente.com.ar\/web\/wp-json\/wp\/v2\/comments?post=3030"}],"version-history":[{"count":1,"href":"https:\/\/fmgente.com.ar\/web\/wp-json\/wp\/v2\/posts\/3030\/revisions"}],"predecessor-version":[{"id":3032,"href":"https:\/\/fmgente.com.ar\/web\/wp-json\/wp\/v2\/posts\/3030\/revisions\/3032"}],"wp:featuredmedia":[{"embeddable":true,"href":"https:\/\/fmgente.com.ar\/web\/wp-json\/wp\/v2\/media\/3031"}],"wp:attachment":[{"href":"https:\/\/fmgente.com.ar\/web\/wp-json\/wp\/v2\/media?parent=3030"}],"wp:term":[{"taxonomy":"category","embeddable":true,"href":"https:\/\/fmgente.com.ar\/web\/wp-json\/wp\/v2\/categories?post=3030"},{"taxonomy":"post_tag","embeddable":true,"href":"https:\/\/fmgente.com.ar\/web\/wp-json\/wp\/v2\/tags?post=3030"}],"curies":[{"name":"wp","href":"https:\/\/api.w.org\/{rel}","templated":true}]}}