{"id":3027,"date":"2024-03-12T08:10:59","date_gmt":"2024-03-12T11:10:59","guid":{"rendered":"https:\/\/fmgente.com.ar\/?p=3027"},"modified":"2024-03-12T08:10:59","modified_gmt":"2024-03-12T11:10:59","slug":"llaryora-en-la-mediterranea-acompanamos-el-cambio-pero-defendiendo-a-los-cordobeses","status":"publish","type":"post","link":"https:\/\/fmgente.com.ar\/web\/llaryora-en-la-mediterranea-acompanamos-el-cambio-pero-defendiendo-a-los-cordobeses\/","title":{"rendered":"Llaryora en la Mediterr\u00e1nea: \u00abAcompa\u00f1amos el cambio, pero defendiendo a los cordobeses\u00bb"},"content":{"rendered":"<article id=\"post-588352\" class=\"post-588352 post type-post status-publish format-standard has-post-thumbnail hentry category-informacion-general category-no-home tag-martin-llaryora tag-plan-productivo ast-article-single\">\n<div class=\"ast-post-format- single-layout-1\">\n<div class=\"entry-content clear\">\n<p class=\" eplus-wrapper\">El gobernador Mart\u00edn Llaryora disert\u00f3 este lunes como invitado especial de los tradicionales almuerzos que lleva adelante la Fundaci\u00f3n Mediterr\u00e1nea.<\/p>\n<p class=\" eplus-wrapper\">Durante el encuentro, desarrollado en el Hotel Quinto Centenario de la Ciudad de C\u00f3rdoba, el mandatario provincial resumi\u00f3 algunas de las medidas implementadas por su gesti\u00f3n para hacer frente a la crisis econ\u00f3mica que afecta al pa\u00eds.<\/p>\n<p class=\" eplus-wrapper\">En este sentido, record\u00f3 que, tras la reuni\u00f3n con el Presidente Javier Milei, en diciembre, su administraci\u00f3n tom\u00f3 medidas urgentes para acompa\u00f1ar el plan fiscal del gobierno nacional:\u00a0<em>\u201cHab\u00eda que tomar medidas de shock, como hizo el Presidente\u201d<\/em>, explic\u00f3 Llaryora, y sostuvo que a partir de esas iniciativas\u00a0<em>\u201choy la Provincia se sostiene, a\u00fan con la ca\u00edda de la recaudaci\u00f3n, a partir del esfuerzo y las decisiones tomadas en aquel momento\u201d.<\/em><\/p>\n<p class=\" eplus-wrapper\"><em>\u00abM\u00e1s all\u00e1 -continu\u00f3- de tener la suerte de haber heredado una provincia excelentemente administrada por Juan Schiaretti, muchos a veces no entendieron o era dif\u00edcil de explicar por qu\u00e9 tomamos tantas medidas que ten\u00edan que ver con garantizar la eficiencia del Estado provincial\u201d.<\/em><\/p>\n<figure class=\" wp-block-image aligncenter size-large is-resized eplus-wrapper\"><img loading=\"lazy\" decoding=\"async\" class=\"wp-image-588353\" src=\"https:\/\/prensa.cba.gov.ar\/wp-content\/uploads\/2024\/03\/WhatsApp-Image-2024-03-11-at-18.28.33-1024x675.jpeg\" sizes=\"auto, (max-width: 1024px) 100vw, 1024px\" srcset=\"https:\/\/prensa.cba.gov.ar\/wp-content\/uploads\/2024\/03\/WhatsApp-Image-2024-03-11-at-18.28.33-1024x675.jpeg 1024w, https:\/\/prensa.cba.gov.ar\/wp-content\/uploads\/2024\/03\/WhatsApp-Image-2024-03-11-at-18.28.33-300x198.jpeg 300w, https:\/\/prensa.cba.gov.ar\/wp-content\/uploads\/2024\/03\/WhatsApp-Image-2024-03-11-at-18.28.33-768x506.jpeg 768w, https:\/\/prensa.cba.gov.ar\/wp-content\/uploads\/2024\/03\/WhatsApp-Image-2024-03-11-at-18.28.33.jpeg 1066w\" alt=\"\" width=\"1024\" height=\"675\" \/><\/figure>\n<p class=\" eplus-wrapper\">El gobernador se refiri\u00f3 as\u00ed a la suba de los aportes para la Caja de Jubilaciones y la Obra Social de los empleados p\u00fablicos de la Provincia, adem\u00e1s de los acuerdos colaborativos firmados con 10 de los 11 gremios estatales.\u00a0<em>\u201cAl faltarle el incentivo docente nos descompens\u00f3 la negociaci\u00f3n\u201d,<\/em>\u00a0lament\u00f3 respecto a las negociaciones con la UEPC, el \u00fanico sindicato que a\u00fan no acord\u00f3 su pauta salarial.<\/p>\n<p class=\" eplus-wrapper\">Llaryora volvi\u00f3 a destacar el rol del Estado para acompa\u00f1ar el desarrollo de cada sector, en particular en momentos de dificultades.\u00a0<em>\u00abNo vamos a dejar ninguna actividad abandonada, vamos a apoyar y sostener a todas las actividades\u201d<\/em>, defini\u00f3.<\/p>\n<p class=\" eplus-wrapper\">Como ejemplos mencion\u00f3 la ampliaci\u00f3n de los boletos sociales, el\u00a0<a href=\"https:\/\/prensa.cba.gov.ar\/gobierno\/la-provincia-anuncio-facilidades-para-el-pago-de-las-facturas-de-energia-electrica\/\">plan de facilidades<\/a>\u00a0para el pago de facturas de energ\u00eda el\u00e9ctrica y las inversiones para reforzar el sistema de salud, cuyo aumento de la demanda es actualmente de casi el 30 por ciento.<\/p>\n<p class=\" eplus-wrapper\">Adem\u00e1s, destac\u00f3 el sostenimiento de la obra p\u00fablica en toda la provincia, un rubro que hoy da empleo a m\u00e1s de 10.000 personas.<\/p>\n<p><iframe loading=\"lazy\" title=\"Llaryora en la Mediterr\u00e1nea: &quot;Acompa\u00f1amos el cambio, pero defendiendo a los cordobeses\u201d\" src=\"https:\/\/www.youtube.com\/embed\/TuYQoLF40T4\" width=\"565\" height=\"313\" frameborder=\"0\" allowfullscreen=\"allowfullscreen\" data-mce-fragment=\"1\"><\/iframe><\/p>\n<p class=\" eplus-wrapper\">En la misma l\u00ednea, agradeci\u00f3 a los empresarios:\u00a0<em>\u201cS\u00e9 que muchos de ustedes, pese a la ca\u00edda de la producci\u00f3n, sostienen a sus empleados. Yo les quiero agradecer por ese gesto\u201d.<\/em><\/p>\n<p class=\" eplus-wrapper\">El mandatario provincial volvi\u00f3 a pedir medidas que apunten a un plan productivo para acompa\u00f1ar y morigerar los efectos recesivos que provoca el ajuste fiscal que lleva adelante el gobierno nacional.<\/p>\n<p class=\" eplus-wrapper\"><em>\u201cEl Presidente no es culpable de la situaci\u00f3n que hered\u00f3, est\u00e1 claro que hab\u00eda que hacer cambios\u201d<\/em>, dijo Llaryora, y afirm\u00f3 que\u00a0<em>\u201cnosotros vamos a acompa\u00f1ar la voluntad de cambio, pero defendiendo los intereses de los cordobeses\u201d.<\/em><\/p>\n<p class=\" eplus-wrapper\">Al respecto, dijo que esa ser\u00e1 la postura que C\u00f3rdoba tendr\u00e1 en el Pacto de Mayo, y aprovech\u00f3 para reiterar el pedido de ampliar la convocatoria a sectores de la producci\u00f3n y el trabajo.<\/p>\n<p class=\" eplus-wrapper\">Estuvieron presentes la presidenta de la Fundaci\u00f3n Mediterr\u00e1nea, Mar\u00eda P\u00eda Astori; la vicegobernadora, Myrian Prunotto; el intendente de la Ciudad de C\u00f3rdoba, Daniel Passerini; la senadora, Alejandra Vigo; y la diputada, Alejandra Torres; entre otras autoridades.<\/p>\n<\/div>\n<\/div>\n<\/article>\n<p><script async src=\"https:\/\/pagead2.googlesyndication.com\/pagead\/js\/adsbygoogle.js?client=ca-pub-6190387823963118\" crossorigin=\"anonymous\"><\/script><br \/>\n<!-- publi horizontal --><br \/>\n<ins class=\"adsbygoogle\" style=\"display: block;\" data-ad-client=\"ca-pub-6190387823963118\" data-ad-slot=\"1318105772\" data-ad-format=\"auto\" data-full-width-responsive=\"true\"><\/ins><br \/>\n<script>\n     (adsbygoogle = window.adsbygoogle || []).push({});\n<\/script><\/p>\n","protected":false},"excerpt":{"rendered":"<p>El gobernador Mart\u00edn Llaryora disert\u00f3 este lunes como invitado especial de los tradicionales almuerzos que<\/p>\n","protected":false},"author":2,"featured_media":3028,"comment_status":"closed","ping_status":"closed","sticky":false,"template":"","format":"standard","meta":{"footnotes":""},"categories":[11],"tags":[714,257,457,1064,120,20,1265,216,1238,1482,899,41,514,47,269,1673,1653,1671,99,231,1672,1511,26,1304,1676,619,612,1277],"class_list":["post-3027","post","type-post","status-publish","format-standard","has-post-thumbnail","hentry","category-destacadas","tag-actividades","tag-arte","tag-bomberos","tag-ciencia","tag-clima","tag-cultura","tag-dengue","tag-deportes","tag-educacion","tag-festivales","tag-gobierno-de-cordoba","tag-incendios","tag-legislatura","tag-llaryora","tag-maternidad","tag-ministerios","tag-museos","tag-noticias","tag-obras","tag-policia","tag-programas","tag-provinciales","tag-salud","tag-servicios-publicos","tag-sindicatos","tag-tecnologia","tag-turismo","tag-verano"],"yoast_head":"<!-- This site is optimized with the Yoast SEO plugin v27.4 - https:\/\/yoast.com\/product\/yoast-seo-wordpress\/ -->\n<title>Llaryora en la Mediterr\u00e1nea: \u00abAcompa\u00f1amos el cambio, pero defendiendo a los cordobeses\u00bb - Fm Gente<\/title>\n<meta name=\"robots\" content=\"index, follow, max-snippet:-1, max-image-preview:large, max-video-preview:-1\" \/>\n<link rel=\"canonical\" href=\"https:\/\/fmgente.com.ar\/web\/llaryora-en-la-mediterranea-acompanamos-el-cambio-pero-defendiendo-a-los-cordobeses\/\" \/>\n<meta property=\"og:locale\" content=\"es_ES\" \/>\n<meta property=\"og:type\" content=\"article\" \/>\n<meta property=\"og:title\" content=\"Llaryora en la Mediterr\u00e1nea: \u00abAcompa\u00f1amos el cambio, pero defendiendo a los cordobeses\u00bb - Fm Gente\" \/>\n<meta property=\"og:description\" content=\"El gobernador Mart\u00edn Llaryora disert\u00f3 este lunes como invitado especial de los tradicionales almuerzos que\" \/>\n<meta property=\"og:url\" content=\"https:\/\/fmgente.com.ar\/web\/llaryora-en-la-mediterranea-acompanamos-el-cambio-pero-defendiendo-a-los-cordobeses\/\" \/>\n<meta property=\"og:site_name\" content=\"Fm Gente\" \/>\n<meta property=\"article:published_time\" content=\"2024-03-12T11:10:59+00:00\" \/>\n<meta property=\"og:image\" content=\"https:\/\/fmgente.com.ar\/web\/wp-content\/uploads\/2024\/03\/d1-4.jpeg\" \/>\n\t<meta property=\"og:image:width\" content=\"1341\" \/>\n\t<meta property=\"og:image:height\" content=\"896\" \/>\n\t<meta property=\"og:image:type\" content=\"image\/jpeg\" \/>\n<meta name=\"author\" content=\"Adri\u00e1n Hern\u00e1ndez\" \/>\n<meta name=\"twitter:card\" content=\"summary_large_image\" \/>\n<meta name=\"twitter:label1\" content=\"Escrito por\" \/>\n\t<meta name=\"twitter:data1\" content=\"Adri\u00e1n Hern\u00e1ndez\" \/>\n\t<meta name=\"twitter:label2\" content=\"Tiempo de lectura\" \/>\n\t<meta name=\"twitter:data2\" content=\"3 minutos\" \/>\n<script type=\"application\/ld+json\" class=\"yoast-schema-graph\">{\"@context\":\"https:\\\/\\\/schema.org\",\"@graph\":[{\"@type\":\"Article\",\"@id\":\"https:\\\/\\\/fmgente.com.ar\\\/web\\\/llaryora-en-la-mediterranea-acompanamos-el-cambio-pero-defendiendo-a-los-cordobeses\\\/#article\",\"isPartOf\":{\"@id\":\"https:\\\/\\\/fmgente.com.ar\\\/web\\\/llaryora-en-la-mediterranea-acompanamos-el-cambio-pero-defendiendo-a-los-cordobeses\\\/\"},\"author\":{\"name\":\"Adri\u00e1n Hern\u00e1ndez\",\"@id\":\"https:\\\/\\\/fmgente.com.ar\\\/web\\\/#\\\/schema\\\/person\\\/ba03fa75c17effdaafbd6daa1d78c508\"},\"headline\":\"Llaryora en la Mediterr\u00e1nea: \u00abAcompa\u00f1amos el cambio, pero defendiendo a los cordobeses\u00bb\",\"datePublished\":\"2024-03-12T11:10:59+00:00\",\"mainEntityOfPage\":{\"@id\":\"https:\\\/\\\/fmgente.com.ar\\\/web\\\/llaryora-en-la-mediterranea-acompanamos-el-cambio-pero-defendiendo-a-los-cordobeses\\\/\"},\"wordCount\":564,\"publisher\":{\"@id\":\"https:\\\/\\\/fmgente.com.ar\\\/web\\\/#organization\"},\"image\":{\"@id\":\"https:\\\/\\\/fmgente.com.ar\\\/web\\\/llaryora-en-la-mediterranea-acompanamos-el-cambio-pero-defendiendo-a-los-cordobeses\\\/#primaryimage\"},\"thumbnailUrl\":\"https:\\\/\\\/fmgente.com.ar\\\/web\\\/wp-content\\\/uploads\\\/2024\\\/03\\\/d1-4.jpeg\",\"keywords\":[\"actividades\",\"Arte\",\"Bomberos\",\"ciencia\",\"clima\",\"cultura\",\"dengue\",\"deportes\",\"educaci\u00f3n\",\"festivales\",\"Gobierno de C\u00f3rdoba\",\"incendios\",\"Legislatura\",\"Llaryora\",\"maternidad\",\"ministerios\",\"museos\",\"noticias\",\"obras\",\"polic\u00eda\",\"programas\",\"provinciales\",\"salud\",\"Servicios P\u00fablicos\",\"sindicatos\",\"tecnolog\u00eda\",\"turismo\",\"verano\"],\"articleSection\":[\"DESTACADAS\"],\"inLanguage\":\"es\"},{\"@type\":\"WebPage\",\"@id\":\"https:\\\/\\\/fmgente.com.ar\\\/web\\\/llaryora-en-la-mediterranea-acompanamos-el-cambio-pero-defendiendo-a-los-cordobeses\\\/\",\"url\":\"https:\\\/\\\/fmgente.com.ar\\\/web\\\/llaryora-en-la-mediterranea-acompanamos-el-cambio-pero-defendiendo-a-los-cordobeses\\\/\",\"name\":\"Llaryora en la Mediterr\u00e1nea: \u00abAcompa\u00f1amos el cambio, pero defendiendo a los cordobeses\u00bb - Fm Gente\",\"isPartOf\":{\"@id\":\"https:\\\/\\\/fmgente.com.ar\\\/web\\\/#website\"},\"primaryImageOfPage\":{\"@id\":\"https:\\\/\\\/fmgente.com.ar\\\/web\\\/llaryora-en-la-mediterranea-acompanamos-el-cambio-pero-defendiendo-a-los-cordobeses\\\/#primaryimage\"},\"image\":{\"@id\":\"https:\\\/\\\/fmgente.com.ar\\\/web\\\/llaryora-en-la-mediterranea-acompanamos-el-cambio-pero-defendiendo-a-los-cordobeses\\\/#primaryimage\"},\"thumbnailUrl\":\"https:\\\/\\\/fmgente.com.ar\\\/web\\\/wp-content\\\/uploads\\\/2024\\\/03\\\/d1-4.jpeg\",\"datePublished\":\"2024-03-12T11:10:59+00:00\",\"inLanguage\":\"es\",\"potentialAction\":[{\"@type\":\"ReadAction\",\"target\":[\"https:\\\/\\\/fmgente.com.ar\\\/web\\\/llaryora-en-la-mediterranea-acompanamos-el-cambio-pero-defendiendo-a-los-cordobeses\\\/\"]}]},{\"@type\":\"ImageObject\",\"inLanguage\":\"es\",\"@id\":\"https:\\\/\\\/fmgente.com.ar\\\/web\\\/llaryora-en-la-mediterranea-acompanamos-el-cambio-pero-defendiendo-a-los-cordobeses\\\/#primaryimage\",\"url\":\"https:\\\/\\\/fmgente.com.ar\\\/web\\\/wp-content\\\/uploads\\\/2024\\\/03\\\/d1-4.jpeg\",\"contentUrl\":\"https:\\\/\\\/fmgente.com.ar\\\/web\\\/wp-content\\\/uploads\\\/2024\\\/03\\\/d1-4.jpeg\",\"width\":1341,\"height\":896},{\"@type\":\"WebSite\",\"@id\":\"https:\\\/\\\/fmgente.com.ar\\\/web\\\/#website\",\"url\":\"https:\\\/\\\/fmgente.com.ar\\\/web\\\/\",\"name\":\"Fm Gente\",\"description\":\"- Jes\u00fas Mar\u00eda\",\"publisher\":{\"@id\":\"https:\\\/\\\/fmgente.com.ar\\\/web\\\/#organization\"},\"potentialAction\":[{\"@type\":\"SearchAction\",\"target\":{\"@type\":\"EntryPoint\",\"urlTemplate\":\"https:\\\/\\\/fmgente.com.ar\\\/web\\\/?s={search_term_string}\"},\"query-input\":{\"@type\":\"PropertyValueSpecification\",\"valueRequired\":true,\"valueName\":\"search_term_string\"}}],\"inLanguage\":\"es\"},{\"@type\":\"Organization\",\"@id\":\"https:\\\/\\\/fmgente.com.ar\\\/web\\\/#organization\",\"name\":\"Fm Gente\",\"url\":\"https:\\\/\\\/fmgente.com.ar\\\/web\\\/\",\"logo\":{\"@type\":\"ImageObject\",\"inLanguage\":\"es\",\"@id\":\"https:\\\/\\\/fmgente.com.ar\\\/web\\\/#\\\/schema\\\/logo\\\/image\\\/\",\"url\":\"https:\\\/\\\/fmgente.com.ar\\\/web\\\/wp-content\\\/uploads\\\/2023\\\/07\\\/cropped-cropped-logo-sombra2.png\",\"contentUrl\":\"https:\\\/\\\/fmgente.com.ar\\\/web\\\/wp-content\\\/uploads\\\/2023\\\/07\\\/cropped-cropped-logo-sombra2.png\",\"width\":1782,\"height\":1782,\"caption\":\"Fm Gente\"},\"image\":{\"@id\":\"https:\\\/\\\/fmgente.com.ar\\\/web\\\/#\\\/schema\\\/logo\\\/image\\\/\"}},{\"@type\":\"Person\",\"@id\":\"https:\\\/\\\/fmgente.com.ar\\\/web\\\/#\\\/schema\\\/person\\\/ba03fa75c17effdaafbd6daa1d78c508\",\"name\":\"Adri\u00e1n Hern\u00e1ndez\",\"url\":\"https:\\\/\\\/fmgente.com.ar\\\/web\\\/author\\\/c1601891\\\/\"}]}<\/script>\n<!-- \/ Yoast SEO plugin. -->","yoast_head_json":{"title":"Llaryora en la Mediterr\u00e1nea: \u00abAcompa\u00f1amos el cambio, pero defendiendo a los cordobeses\u00bb - Fm Gente","robots":{"index":"index","follow":"follow","max-snippet":"max-snippet:-1","max-image-preview":"max-image-preview:large","max-video-preview":"max-video-preview:-1"},"canonical":"https:\/\/fmgente.com.ar\/web\/llaryora-en-la-mediterranea-acompanamos-el-cambio-pero-defendiendo-a-los-cordobeses\/","og_locale":"es_ES","og_type":"article","og_title":"Llaryora en la Mediterr\u00e1nea: \u00abAcompa\u00f1amos el cambio, pero defendiendo a los cordobeses\u00bb - Fm Gente","og_description":"El gobernador Mart\u00edn Llaryora disert\u00f3 este lunes como invitado especial de los tradicionales almuerzos que","og_url":"https:\/\/fmgente.com.ar\/web\/llaryora-en-la-mediterranea-acompanamos-el-cambio-pero-defendiendo-a-los-cordobeses\/","og_site_name":"Fm Gente","article_published_time":"2024-03-12T11:10:59+00:00","og_image":[{"width":1341,"height":896,"url":"https:\/\/fmgente.com.ar\/web\/wp-content\/uploads\/2024\/03\/d1-4.jpeg","type":"image\/jpeg"}],"author":"Adri\u00e1n Hern\u00e1ndez","twitter_card":"summary_large_image","twitter_misc":{"Escrito por":"Adri\u00e1n Hern\u00e1ndez","Tiempo de lectura":"3 minutos"},"schema":{"@context":"https:\/\/schema.org","@graph":[{"@type":"Article","@id":"https:\/\/fmgente.com.ar\/web\/llaryora-en-la-mediterranea-acompanamos-el-cambio-pero-defendiendo-a-los-cordobeses\/#article","isPartOf":{"@id":"https:\/\/fmgente.com.ar\/web\/llaryora-en-la-mediterranea-acompanamos-el-cambio-pero-defendiendo-a-los-cordobeses\/"},"author":{"name":"Adri\u00e1n Hern\u00e1ndez","@id":"https:\/\/fmgente.com.ar\/web\/#\/schema\/person\/ba03fa75c17effdaafbd6daa1d78c508"},"headline":"Llaryora en la Mediterr\u00e1nea: \u00abAcompa\u00f1amos el cambio, pero defendiendo a los cordobeses\u00bb","datePublished":"2024-03-12T11:10:59+00:00","mainEntityOfPage":{"@id":"https:\/\/fmgente.com.ar\/web\/llaryora-en-la-mediterranea-acompanamos-el-cambio-pero-defendiendo-a-los-cordobeses\/"},"wordCount":564,"publisher":{"@id":"https:\/\/fmgente.com.ar\/web\/#organization"},"image":{"@id":"https:\/\/fmgente.com.ar\/web\/llaryora-en-la-mediterranea-acompanamos-el-cambio-pero-defendiendo-a-los-cordobeses\/#primaryimage"},"thumbnailUrl":"https:\/\/fmgente.com.ar\/web\/wp-content\/uploads\/2024\/03\/d1-4.jpeg","keywords":["actividades","Arte","Bomberos","ciencia","clima","cultura","dengue","deportes","educaci\u00f3n","festivales","Gobierno de C\u00f3rdoba","incendios","Legislatura","Llaryora","maternidad","ministerios","museos","noticias","obras","polic\u00eda","programas","provinciales","salud","Servicios P\u00fablicos","sindicatos","tecnolog\u00eda","turismo","verano"],"articleSection":["DESTACADAS"],"inLanguage":"es"},{"@type":"WebPage","@id":"https:\/\/fmgente.com.ar\/web\/llaryora-en-la-mediterranea-acompanamos-el-cambio-pero-defendiendo-a-los-cordobeses\/","url":"https:\/\/fmgente.com.ar\/web\/llaryora-en-la-mediterranea-acompanamos-el-cambio-pero-defendiendo-a-los-cordobeses\/","name":"Llaryora en la Mediterr\u00e1nea: \u00abAcompa\u00f1amos el cambio, pero defendiendo a los cordobeses\u00bb - Fm Gente","isPartOf":{"@id":"https:\/\/fmgente.com.ar\/web\/#website"},"primaryImageOfPage":{"@id":"https:\/\/fmgente.com.ar\/web\/llaryora-en-la-mediterranea-acompanamos-el-cambio-pero-defendiendo-a-los-cordobeses\/#primaryimage"},"image":{"@id":"https:\/\/fmgente.com.ar\/web\/llaryora-en-la-mediterranea-acompanamos-el-cambio-pero-defendiendo-a-los-cordobeses\/#primaryimage"},"thumbnailUrl":"https:\/\/fmgente.com.ar\/web\/wp-content\/uploads\/2024\/03\/d1-4.jpeg","datePublished":"2024-03-12T11:10:59+00:00","inLanguage":"es","potentialAction":[{"@type":"ReadAction","target":["https:\/\/fmgente.com.ar\/web\/llaryora-en-la-mediterranea-acompanamos-el-cambio-pero-defendiendo-a-los-cordobeses\/"]}]},{"@type":"ImageObject","inLanguage":"es","@id":"https:\/\/fmgente.com.ar\/web\/llaryora-en-la-mediterranea-acompanamos-el-cambio-pero-defendiendo-a-los-cordobeses\/#primaryimage","url":"https:\/\/fmgente.com.ar\/web\/wp-content\/uploads\/2024\/03\/d1-4.jpeg","contentUrl":"https:\/\/fmgente.com.ar\/web\/wp-content\/uploads\/2024\/03\/d1-4.jpeg","width":1341,"height":896},{"@type":"WebSite","@id":"https:\/\/fmgente.com.ar\/web\/#website","url":"https:\/\/fmgente.com.ar\/web\/","name":"Fm Gente","description":"- Jes\u00fas Mar\u00eda","publisher":{"@id":"https:\/\/fmgente.com.ar\/web\/#organization"},"potentialAction":[{"@type":"SearchAction","target":{"@type":"EntryPoint","urlTemplate":"https:\/\/fmgente.com.ar\/web\/?s={search_term_string}"},"query-input":{"@type":"PropertyValueSpecification","valueRequired":true,"valueName":"search_term_string"}}],"inLanguage":"es"},{"@type":"Organization","@id":"https:\/\/fmgente.com.ar\/web\/#organization","name":"Fm Gente","url":"https:\/\/fmgente.com.ar\/web\/","logo":{"@type":"ImageObject","inLanguage":"es","@id":"https:\/\/fmgente.com.ar\/web\/#\/schema\/logo\/image\/","url":"https:\/\/fmgente.com.ar\/web\/wp-content\/uploads\/2023\/07\/cropped-cropped-logo-sombra2.png","contentUrl":"https:\/\/fmgente.com.ar\/web\/wp-content\/uploads\/2023\/07\/cropped-cropped-logo-sombra2.png","width":1782,"height":1782,"caption":"Fm Gente"},"image":{"@id":"https:\/\/fmgente.com.ar\/web\/#\/schema\/logo\/image\/"}},{"@type":"Person","@id":"https:\/\/fmgente.com.ar\/web\/#\/schema\/person\/ba03fa75c17effdaafbd6daa1d78c508","name":"Adri\u00e1n Hern\u00e1ndez","url":"https:\/\/fmgente.com.ar\/web\/author\/c1601891\/"}]}},"_links":{"self":[{"href":"https:\/\/fmgente.com.ar\/web\/wp-json\/wp\/v2\/posts\/3027","targetHints":{"allow":["GET"]}}],"collection":[{"href":"https:\/\/fmgente.com.ar\/web\/wp-json\/wp\/v2\/posts"}],"about":[{"href":"https:\/\/fmgente.com.ar\/web\/wp-json\/wp\/v2\/types\/post"}],"author":[{"embeddable":true,"href":"https:\/\/fmgente.com.ar\/web\/wp-json\/wp\/v2\/users\/2"}],"replies":[{"embeddable":true,"href":"https:\/\/fmgente.com.ar\/web\/wp-json\/wp\/v2\/comments?post=3027"}],"version-history":[{"count":1,"href":"https:\/\/fmgente.com.ar\/web\/wp-json\/wp\/v2\/posts\/3027\/revisions"}],"predecessor-version":[{"id":3029,"href":"https:\/\/fmgente.com.ar\/web\/wp-json\/wp\/v2\/posts\/3027\/revisions\/3029"}],"wp:featuredmedia":[{"embeddable":true,"href":"https:\/\/fmgente.com.ar\/web\/wp-json\/wp\/v2\/media\/3028"}],"wp:attachment":[{"href":"https:\/\/fmgente.com.ar\/web\/wp-json\/wp\/v2\/media?parent=3027"}],"wp:term":[{"taxonomy":"category","embeddable":true,"href":"https:\/\/fmgente.com.ar\/web\/wp-json\/wp\/v2\/categories?post=3027"},{"taxonomy":"post_tag","embeddable":true,"href":"https:\/\/fmgente.com.ar\/web\/wp-json\/wp\/v2\/tags?post=3027"}],"curies":[{"name":"wp","href":"https:\/\/api.w.org\/{rel}","templated":true}]}}