{"id":3024,"date":"2024-03-12T08:08:28","date_gmt":"2024-03-12T11:08:28","guid":{"rendered":"https:\/\/fmgente.com.ar\/?p=3024"},"modified":"2024-03-12T08:08:28","modified_gmt":"2024-03-12T11:08:28","slug":"terminal-de-omnibus-de-cordoba-mujer-detenida-por-transportar-droga-a-mina-clavero","status":"publish","type":"post","link":"https:\/\/fmgente.com.ar\/web\/terminal-de-omnibus-de-cordoba-mujer-detenida-por-transportar-droga-a-mina-clavero\/","title":{"rendered":"TERMINAL DE \u00d3MNIBUS DE C\u00d3RDOBA: MUJER DETENIDA POR TRANSPORTAR DROGA A MINA CLAVERO"},"content":{"rendered":"<p>En el marco de una investigaci\u00f3n liderada por el Ministerio P\u00fablico Fiscal, la Fuerza Policial Antinarcotr\u00e1fico llev\u00f3 a cabo la detenci\u00f3n de una mujer mayor de edad en la ciudad de C\u00f3rdoba.<\/p>\n<p>Los investigadores de la FPA procedieron a aprehender a una mujer de 54 a\u00f1os, instantes previos a subir a un colectivo en la terminal nueva de C\u00f3rdoba con destino a Mina Clavero. Durante el palpado preventivo, se descubrieron entre sus pertenencias varios envoltorios de coca\u00edna, dinero (59.070) y elementos de inter\u00e9s para la investigaci\u00f3n.<\/p>\n<p>La totalidad del operativo estuvo bajo la supervisi\u00f3n de la Fiscal\u00eda de Lucha Contra el Narcotr\u00e1fico del Primer Turno, la cual orden\u00f3 el traslado de la detenida a sede judicial por presunta infracci\u00f3n a la Ley Nacional de Estupefacientes.<\/p>\n<p>&nbsp;<\/p>\n<p><img loading=\"lazy\" decoding=\"async\" class=\"alignnone wp-image-44274\" src=\"https:\/\/www.mpfcordoba.gob.ar\/wp-content\/uploads\/2024\/03\/WhatsApp-Image-2024-03-11-at-12.00.50-PM-1-940x664.jpeg\" sizes=\"auto, (max-width: 655px) 100vw, 655px\" srcset=\"https:\/\/www.mpfcordoba.gob.ar\/wp-content\/uploads\/2024\/03\/WhatsApp-Image-2024-03-11-at-12.00.50-PM-1-940x664.jpeg?v=1710169880 940w, https:\/\/www.mpfcordoba.gob.ar\/wp-content\/uploads\/2024\/03\/WhatsApp-Image-2024-03-11-at-12.00.50-PM-1-768x542.jpeg?v=1710169880 768w, https:\/\/www.mpfcordoba.gob.ar\/wp-content\/uploads\/2024\/03\/WhatsApp-Image-2024-03-11-at-12.00.50-PM-1.jpeg?v=1710169880 1126w\" alt=\"\" width=\"655\" height=\"463\" \/>\u00a0<img loading=\"lazy\" decoding=\"async\" class=\"alignnone wp-image-44275\" src=\"https:\/\/www.mpfcordoba.gob.ar\/wp-content\/uploads\/2024\/03\/WhatsApp-Image-2024-03-11-at-12.00.47-PM-1-940x701.jpeg\" sizes=\"auto, (max-width: 655px) 100vw, 655px\" srcset=\"https:\/\/www.mpfcordoba.gob.ar\/wp-content\/uploads\/2024\/03\/WhatsApp-Image-2024-03-11-at-12.00.47-PM-1-940x701.jpeg?v=1710169883 940w, https:\/\/www.mpfcordoba.gob.ar\/wp-content\/uploads\/2024\/03\/WhatsApp-Image-2024-03-11-at-12.00.47-PM-1-768x573.jpeg?v=1710169883 768w, https:\/\/www.mpfcordoba.gob.ar\/wp-content\/uploads\/2024\/03\/WhatsApp-Image-2024-03-11-at-12.00.47-PM-1.jpeg?v=1710169883 1171w\" alt=\"\" width=\"655\" height=\"488\" \/><\/p>\n<p><script async src=\"https:\/\/pagead2.googlesyndication.com\/pagead\/js\/adsbygoogle.js?client=ca-pub-6190387823963118\" crossorigin=\"anonymous\"><\/script><br \/>\n<!-- publi horizontal --><br \/>\n<ins class=\"adsbygoogle\" style=\"display: block;\" data-ad-client=\"ca-pub-6190387823963118\" data-ad-slot=\"1318105772\" data-ad-format=\"auto\" data-full-width-responsive=\"true\"><\/ins><br \/>\n<script>\n     (adsbygoogle = window.adsbygoogle || []).push({});\n<\/script><\/p>\n","protected":false},"excerpt":{"rendered":"<p>En el marco de una investigaci\u00f3n liderada por el Ministerio P\u00fablico Fiscal, la Fuerza Policial<\/p>\n","protected":false},"author":2,"featured_media":3025,"comment_status":"closed","ping_status":"closed","sticky":false,"template":"","format":"standard","meta":{"footnotes":""},"categories":[1],"tags":[714,120,303,20,216,1238,249,92,1469,1679,1682,793,1681,1671,99,1131,1015,26,791,1678,408],"class_list":["post-3024","post","type-post","status-publish","format-standard","has-post-thumbnail","hentry","category-regionales","tag-actividades","tag-clima","tag-colonia-caroya","tag-cultura","tag-deportes","tag-educacion","tag-fpa","tag-jesus-maria","tag-jineteada","tag-locales","tag-mpf","tag-municipalidad","tag-narcotrafico","tag-noticias","tag-obras","tag-policia-de-cordoba","tag-region","tag-salud","tag-sinsacate","tag-tazas","tag-transporte"],"yoast_head":"<!-- This site is optimized with the Yoast SEO plugin v27.4 - https:\/\/yoast.com\/product\/yoast-seo-wordpress\/ -->\n<title>TERMINAL DE \u00d3MNIBUS DE C\u00d3RDOBA: MUJER DETENIDA POR TRANSPORTAR DROGA A MINA CLAVERO - Fm Gente<\/title>\n<meta name=\"robots\" content=\"index, follow, max-snippet:-1, max-image-preview:large, max-video-preview:-1\" \/>\n<link rel=\"canonical\" href=\"https:\/\/fmgente.com.ar\/web\/terminal-de-omnibus-de-cordoba-mujer-detenida-por-transportar-droga-a-mina-clavero\/\" \/>\n<meta property=\"og:locale\" content=\"es_ES\" \/>\n<meta property=\"og:type\" content=\"article\" \/>\n<meta property=\"og:title\" content=\"TERMINAL DE \u00d3MNIBUS DE C\u00d3RDOBA: MUJER DETENIDA POR TRANSPORTAR DROGA A MINA CLAVERO - Fm Gente\" \/>\n<meta property=\"og:description\" content=\"En el marco de una investigaci\u00f3n liderada por el Ministerio P\u00fablico Fiscal, la Fuerza Policial\" \/>\n<meta property=\"og:url\" content=\"https:\/\/fmgente.com.ar\/web\/terminal-de-omnibus-de-cordoba-mujer-detenida-por-transportar-droga-a-mina-clavero\/\" \/>\n<meta property=\"og:site_name\" content=\"Fm Gente\" \/>\n<meta property=\"article:published_time\" content=\"2024-03-12T11:08:28+00:00\" \/>\n<meta property=\"og:image\" content=\"https:\/\/fmgente.com.ar\/web\/wp-content\/uploads\/2024\/03\/mpf1-4.jpeg\" \/>\n\t<meta property=\"og:image:width\" content=\"1171\" \/>\n\t<meta property=\"og:image:height\" content=\"873\" \/>\n\t<meta property=\"og:image:type\" content=\"image\/jpeg\" \/>\n<meta name=\"author\" content=\"Adri\u00e1n Hern\u00e1ndez\" \/>\n<meta name=\"twitter:card\" content=\"summary_large_image\" \/>\n<meta name=\"twitter:label1\" content=\"Escrito por\" \/>\n\t<meta name=\"twitter:data1\" content=\"Adri\u00e1n Hern\u00e1ndez\" \/>\n\t<meta name=\"twitter:label2\" content=\"Tiempo de lectura\" \/>\n\t<meta name=\"twitter:data2\" content=\"2 minutos\" \/>\n<script type=\"application\/ld+json\" class=\"yoast-schema-graph\">{\"@context\":\"https:\\\/\\\/schema.org\",\"@graph\":[{\"@type\":\"Article\",\"@id\":\"https:\\\/\\\/fmgente.com.ar\\\/web\\\/terminal-de-omnibus-de-cordoba-mujer-detenida-por-transportar-droga-a-mina-clavero\\\/#article\",\"isPartOf\":{\"@id\":\"https:\\\/\\\/fmgente.com.ar\\\/web\\\/terminal-de-omnibus-de-cordoba-mujer-detenida-por-transportar-droga-a-mina-clavero\\\/\"},\"author\":{\"name\":\"Adri\u00e1n Hern\u00e1ndez\",\"@id\":\"https:\\\/\\\/fmgente.com.ar\\\/web\\\/#\\\/schema\\\/person\\\/ba03fa75c17effdaafbd6daa1d78c508\"},\"headline\":\"TERMINAL DE \u00d3MNIBUS DE C\u00d3RDOBA: MUJER DETENIDA POR TRANSPORTAR DROGA A MINA CLAVERO\",\"datePublished\":\"2024-03-12T11:08:28+00:00\",\"mainEntityOfPage\":{\"@id\":\"https:\\\/\\\/fmgente.com.ar\\\/web\\\/terminal-de-omnibus-de-cordoba-mujer-detenida-por-transportar-droga-a-mina-clavero\\\/\"},\"wordCount\":152,\"publisher\":{\"@id\":\"https:\\\/\\\/fmgente.com.ar\\\/web\\\/#organization\"},\"image\":{\"@id\":\"https:\\\/\\\/fmgente.com.ar\\\/web\\\/terminal-de-omnibus-de-cordoba-mujer-detenida-por-transportar-droga-a-mina-clavero\\\/#primaryimage\"},\"thumbnailUrl\":\"https:\\\/\\\/fmgente.com.ar\\\/web\\\/wp-content\\\/uploads\\\/2024\\\/03\\\/mpf1-4.jpeg\",\"keywords\":[\"actividades\",\"clima\",\"Colonia Caroya\",\"cultura\",\"deportes\",\"educaci\u00f3n\",\"fpa\",\"Jes\u00fas Mar\u00eda\",\"Jineteada\",\"locales\",\"MPF\",\"Municipalidad\",\"narcotr\u00e1fico\",\"noticias\",\"obras\",\"Polic\u00eda de c\u00f3rdoba\",\"regi\u00f3n\",\"salud\",\"Sinsacate\",\"tazas\",\"transporte\"],\"articleSection\":[\"REGIONALES\"],\"inLanguage\":\"es\"},{\"@type\":\"WebPage\",\"@id\":\"https:\\\/\\\/fmgente.com.ar\\\/web\\\/terminal-de-omnibus-de-cordoba-mujer-detenida-por-transportar-droga-a-mina-clavero\\\/\",\"url\":\"https:\\\/\\\/fmgente.com.ar\\\/web\\\/terminal-de-omnibus-de-cordoba-mujer-detenida-por-transportar-droga-a-mina-clavero\\\/\",\"name\":\"TERMINAL DE \u00d3MNIBUS DE C\u00d3RDOBA: MUJER DETENIDA POR TRANSPORTAR DROGA A MINA CLAVERO - Fm Gente\",\"isPartOf\":{\"@id\":\"https:\\\/\\\/fmgente.com.ar\\\/web\\\/#website\"},\"primaryImageOfPage\":{\"@id\":\"https:\\\/\\\/fmgente.com.ar\\\/web\\\/terminal-de-omnibus-de-cordoba-mujer-detenida-por-transportar-droga-a-mina-clavero\\\/#primaryimage\"},\"image\":{\"@id\":\"https:\\\/\\\/fmgente.com.ar\\\/web\\\/terminal-de-omnibus-de-cordoba-mujer-detenida-por-transportar-droga-a-mina-clavero\\\/#primaryimage\"},\"thumbnailUrl\":\"https:\\\/\\\/fmgente.com.ar\\\/web\\\/wp-content\\\/uploads\\\/2024\\\/03\\\/mpf1-4.jpeg\",\"datePublished\":\"2024-03-12T11:08:28+00:00\",\"inLanguage\":\"es\",\"potentialAction\":[{\"@type\":\"ReadAction\",\"target\":[\"https:\\\/\\\/fmgente.com.ar\\\/web\\\/terminal-de-omnibus-de-cordoba-mujer-detenida-por-transportar-droga-a-mina-clavero\\\/\"]}]},{\"@type\":\"ImageObject\",\"inLanguage\":\"es\",\"@id\":\"https:\\\/\\\/fmgente.com.ar\\\/web\\\/terminal-de-omnibus-de-cordoba-mujer-detenida-por-transportar-droga-a-mina-clavero\\\/#primaryimage\",\"url\":\"https:\\\/\\\/fmgente.com.ar\\\/web\\\/wp-content\\\/uploads\\\/2024\\\/03\\\/mpf1-4.jpeg\",\"contentUrl\":\"https:\\\/\\\/fmgente.com.ar\\\/web\\\/wp-content\\\/uploads\\\/2024\\\/03\\\/mpf1-4.jpeg\",\"width\":1171,\"height\":873},{\"@type\":\"WebSite\",\"@id\":\"https:\\\/\\\/fmgente.com.ar\\\/web\\\/#website\",\"url\":\"https:\\\/\\\/fmgente.com.ar\\\/web\\\/\",\"name\":\"Fm Gente\",\"description\":\"- Jes\u00fas Mar\u00eda\",\"publisher\":{\"@id\":\"https:\\\/\\\/fmgente.com.ar\\\/web\\\/#organization\"},\"potentialAction\":[{\"@type\":\"SearchAction\",\"target\":{\"@type\":\"EntryPoint\",\"urlTemplate\":\"https:\\\/\\\/fmgente.com.ar\\\/web\\\/?s={search_term_string}\"},\"query-input\":{\"@type\":\"PropertyValueSpecification\",\"valueRequired\":true,\"valueName\":\"search_term_string\"}}],\"inLanguage\":\"es\"},{\"@type\":\"Organization\",\"@id\":\"https:\\\/\\\/fmgente.com.ar\\\/web\\\/#organization\",\"name\":\"Fm Gente\",\"url\":\"https:\\\/\\\/fmgente.com.ar\\\/web\\\/\",\"logo\":{\"@type\":\"ImageObject\",\"inLanguage\":\"es\",\"@id\":\"https:\\\/\\\/fmgente.com.ar\\\/web\\\/#\\\/schema\\\/logo\\\/image\\\/\",\"url\":\"https:\\\/\\\/fmgente.com.ar\\\/web\\\/wp-content\\\/uploads\\\/2023\\\/07\\\/cropped-cropped-logo-sombra2.png\",\"contentUrl\":\"https:\\\/\\\/fmgente.com.ar\\\/web\\\/wp-content\\\/uploads\\\/2023\\\/07\\\/cropped-cropped-logo-sombra2.png\",\"width\":1782,\"height\":1782,\"caption\":\"Fm Gente\"},\"image\":{\"@id\":\"https:\\\/\\\/fmgente.com.ar\\\/web\\\/#\\\/schema\\\/logo\\\/image\\\/\"}},{\"@type\":\"Person\",\"@id\":\"https:\\\/\\\/fmgente.com.ar\\\/web\\\/#\\\/schema\\\/person\\\/ba03fa75c17effdaafbd6daa1d78c508\",\"name\":\"Adri\u00e1n Hern\u00e1ndez\",\"url\":\"https:\\\/\\\/fmgente.com.ar\\\/web\\\/author\\\/c1601891\\\/\"}]}<\/script>\n<!-- \/ Yoast SEO plugin. -->","yoast_head_json":{"title":"TERMINAL DE \u00d3MNIBUS DE C\u00d3RDOBA: MUJER DETENIDA POR TRANSPORTAR DROGA A MINA CLAVERO - Fm Gente","robots":{"index":"index","follow":"follow","max-snippet":"max-snippet:-1","max-image-preview":"max-image-preview:large","max-video-preview":"max-video-preview:-1"},"canonical":"https:\/\/fmgente.com.ar\/web\/terminal-de-omnibus-de-cordoba-mujer-detenida-por-transportar-droga-a-mina-clavero\/","og_locale":"es_ES","og_type":"article","og_title":"TERMINAL DE \u00d3MNIBUS DE C\u00d3RDOBA: MUJER DETENIDA POR TRANSPORTAR DROGA A MINA CLAVERO - Fm Gente","og_description":"En el marco de una investigaci\u00f3n liderada por el Ministerio P\u00fablico Fiscal, la Fuerza Policial","og_url":"https:\/\/fmgente.com.ar\/web\/terminal-de-omnibus-de-cordoba-mujer-detenida-por-transportar-droga-a-mina-clavero\/","og_site_name":"Fm Gente","article_published_time":"2024-03-12T11:08:28+00:00","og_image":[{"width":1171,"height":873,"url":"https:\/\/fmgente.com.ar\/web\/wp-content\/uploads\/2024\/03\/mpf1-4.jpeg","type":"image\/jpeg"}],"author":"Adri\u00e1n Hern\u00e1ndez","twitter_card":"summary_large_image","twitter_misc":{"Escrito por":"Adri\u00e1n Hern\u00e1ndez","Tiempo de lectura":"2 minutos"},"schema":{"@context":"https:\/\/schema.org","@graph":[{"@type":"Article","@id":"https:\/\/fmgente.com.ar\/web\/terminal-de-omnibus-de-cordoba-mujer-detenida-por-transportar-droga-a-mina-clavero\/#article","isPartOf":{"@id":"https:\/\/fmgente.com.ar\/web\/terminal-de-omnibus-de-cordoba-mujer-detenida-por-transportar-droga-a-mina-clavero\/"},"author":{"name":"Adri\u00e1n Hern\u00e1ndez","@id":"https:\/\/fmgente.com.ar\/web\/#\/schema\/person\/ba03fa75c17effdaafbd6daa1d78c508"},"headline":"TERMINAL DE \u00d3MNIBUS DE C\u00d3RDOBA: MUJER DETENIDA POR TRANSPORTAR DROGA A MINA CLAVERO","datePublished":"2024-03-12T11:08:28+00:00","mainEntityOfPage":{"@id":"https:\/\/fmgente.com.ar\/web\/terminal-de-omnibus-de-cordoba-mujer-detenida-por-transportar-droga-a-mina-clavero\/"},"wordCount":152,"publisher":{"@id":"https:\/\/fmgente.com.ar\/web\/#organization"},"image":{"@id":"https:\/\/fmgente.com.ar\/web\/terminal-de-omnibus-de-cordoba-mujer-detenida-por-transportar-droga-a-mina-clavero\/#primaryimage"},"thumbnailUrl":"https:\/\/fmgente.com.ar\/web\/wp-content\/uploads\/2024\/03\/mpf1-4.jpeg","keywords":["actividades","clima","Colonia Caroya","cultura","deportes","educaci\u00f3n","fpa","Jes\u00fas Mar\u00eda","Jineteada","locales","MPF","Municipalidad","narcotr\u00e1fico","noticias","obras","Polic\u00eda de c\u00f3rdoba","regi\u00f3n","salud","Sinsacate","tazas","transporte"],"articleSection":["REGIONALES"],"inLanguage":"es"},{"@type":"WebPage","@id":"https:\/\/fmgente.com.ar\/web\/terminal-de-omnibus-de-cordoba-mujer-detenida-por-transportar-droga-a-mina-clavero\/","url":"https:\/\/fmgente.com.ar\/web\/terminal-de-omnibus-de-cordoba-mujer-detenida-por-transportar-droga-a-mina-clavero\/","name":"TERMINAL DE \u00d3MNIBUS DE C\u00d3RDOBA: MUJER DETENIDA POR TRANSPORTAR DROGA A MINA CLAVERO - Fm Gente","isPartOf":{"@id":"https:\/\/fmgente.com.ar\/web\/#website"},"primaryImageOfPage":{"@id":"https:\/\/fmgente.com.ar\/web\/terminal-de-omnibus-de-cordoba-mujer-detenida-por-transportar-droga-a-mina-clavero\/#primaryimage"},"image":{"@id":"https:\/\/fmgente.com.ar\/web\/terminal-de-omnibus-de-cordoba-mujer-detenida-por-transportar-droga-a-mina-clavero\/#primaryimage"},"thumbnailUrl":"https:\/\/fmgente.com.ar\/web\/wp-content\/uploads\/2024\/03\/mpf1-4.jpeg","datePublished":"2024-03-12T11:08:28+00:00","inLanguage":"es","potentialAction":[{"@type":"ReadAction","target":["https:\/\/fmgente.com.ar\/web\/terminal-de-omnibus-de-cordoba-mujer-detenida-por-transportar-droga-a-mina-clavero\/"]}]},{"@type":"ImageObject","inLanguage":"es","@id":"https:\/\/fmgente.com.ar\/web\/terminal-de-omnibus-de-cordoba-mujer-detenida-por-transportar-droga-a-mina-clavero\/#primaryimage","url":"https:\/\/fmgente.com.ar\/web\/wp-content\/uploads\/2024\/03\/mpf1-4.jpeg","contentUrl":"https:\/\/fmgente.com.ar\/web\/wp-content\/uploads\/2024\/03\/mpf1-4.jpeg","width":1171,"height":873},{"@type":"WebSite","@id":"https:\/\/fmgente.com.ar\/web\/#website","url":"https:\/\/fmgente.com.ar\/web\/","name":"Fm Gente","description":"- Jes\u00fas Mar\u00eda","publisher":{"@id":"https:\/\/fmgente.com.ar\/web\/#organization"},"potentialAction":[{"@type":"SearchAction","target":{"@type":"EntryPoint","urlTemplate":"https:\/\/fmgente.com.ar\/web\/?s={search_term_string}"},"query-input":{"@type":"PropertyValueSpecification","valueRequired":true,"valueName":"search_term_string"}}],"inLanguage":"es"},{"@type":"Organization","@id":"https:\/\/fmgente.com.ar\/web\/#organization","name":"Fm Gente","url":"https:\/\/fmgente.com.ar\/web\/","logo":{"@type":"ImageObject","inLanguage":"es","@id":"https:\/\/fmgente.com.ar\/web\/#\/schema\/logo\/image\/","url":"https:\/\/fmgente.com.ar\/web\/wp-content\/uploads\/2023\/07\/cropped-cropped-logo-sombra2.png","contentUrl":"https:\/\/fmgente.com.ar\/web\/wp-content\/uploads\/2023\/07\/cropped-cropped-logo-sombra2.png","width":1782,"height":1782,"caption":"Fm Gente"},"image":{"@id":"https:\/\/fmgente.com.ar\/web\/#\/schema\/logo\/image\/"}},{"@type":"Person","@id":"https:\/\/fmgente.com.ar\/web\/#\/schema\/person\/ba03fa75c17effdaafbd6daa1d78c508","name":"Adri\u00e1n Hern\u00e1ndez","url":"https:\/\/fmgente.com.ar\/web\/author\/c1601891\/"}]}},"_links":{"self":[{"href":"https:\/\/fmgente.com.ar\/web\/wp-json\/wp\/v2\/posts\/3024","targetHints":{"allow":["GET"]}}],"collection":[{"href":"https:\/\/fmgente.com.ar\/web\/wp-json\/wp\/v2\/posts"}],"about":[{"href":"https:\/\/fmgente.com.ar\/web\/wp-json\/wp\/v2\/types\/post"}],"author":[{"embeddable":true,"href":"https:\/\/fmgente.com.ar\/web\/wp-json\/wp\/v2\/users\/2"}],"replies":[{"embeddable":true,"href":"https:\/\/fmgente.com.ar\/web\/wp-json\/wp\/v2\/comments?post=3024"}],"version-history":[{"count":1,"href":"https:\/\/fmgente.com.ar\/web\/wp-json\/wp\/v2\/posts\/3024\/revisions"}],"predecessor-version":[{"id":3026,"href":"https:\/\/fmgente.com.ar\/web\/wp-json\/wp\/v2\/posts\/3024\/revisions\/3026"}],"wp:featuredmedia":[{"embeddable":true,"href":"https:\/\/fmgente.com.ar\/web\/wp-json\/wp\/v2\/media\/3025"}],"wp:attachment":[{"href":"https:\/\/fmgente.com.ar\/web\/wp-json\/wp\/v2\/media?parent=3024"}],"wp:term":[{"taxonomy":"category","embeddable":true,"href":"https:\/\/fmgente.com.ar\/web\/wp-json\/wp\/v2\/categories?post=3024"},{"taxonomy":"post_tag","embeddable":true,"href":"https:\/\/fmgente.com.ar\/web\/wp-json\/wp\/v2\/tags?post=3024"}],"curies":[{"name":"wp","href":"https:\/\/api.w.org\/{rel}","templated":true}]}}