{"id":297,"date":"2023-06-30T08:48:29","date_gmt":"2023-06-30T11:48:29","guid":{"rendered":"https:\/\/fmgente.com.ar\/?p=297"},"modified":"2023-07-14T18:49:14","modified_gmt":"2023-07-14T21:49:14","slug":"los-detuvieron-por-vender-drogas-en-una-escuela-nocturna","status":"publish","type":"post","link":"https:\/\/fmgente.com.ar\/web\/los-detuvieron-por-vender-drogas-en-una-escuela-nocturna\/","title":{"rendered":"Los detuvieron por vender drogas en una escuela nocturna."},"content":{"rendered":"<p>En una investigaci\u00f3n dirigida por el Ministerio P\u00fablico Fiscal, la Fuerza Policial Antinarcotr\u00e1fico desbarat\u00f3 un punto de venta, detuvo a dos narcomenudistas mayores de edad e incaut\u00f3 estupefacientes en la ciudad de De\u00e1n Funes.<\/p>\n<p>&nbsp;<\/p>\n<p>El fiscal de lucha contra el narcotr\u00e1fico, Ronan Sobejano, nos ampl\u00eda esta informaci\u00f3n:<\/p>\n<p><iframe loading=\"lazy\" title=\"YouTube video player\" src=\"https:\/\/www.youtube.com\/embed\/u4hC3eVsJAA\" width=\"560\" height=\"315\" frameborder=\"0\" allowfullscreen=\"allowfullscreen\" data-mce-fragment=\"1\"><\/iframe><\/p>\n<p>&nbsp;<\/p>\n<p>El allanamiento, con la colaboraci\u00f3n de Polic\u00eda de C\u00f3rdoba en el per\u00edmetro externo, fue llevado a cabo sobre calle Fernando Fader s\/n de barrio La Pileta de la ciudad cabecera del departamento Ischil\u00edn. La vivienda queda a escasos metros de la escuela primaria.<\/p>\n<p>En el punto de venta cerrado, con destacada labor de los investigadores de la Fuerza, se logr\u00f3 el secuestro de varias dosis de marihuana, una balanza digital, dinero, un autom\u00f3vil marca Volkswagen y elementos aparentemente de fraccionamiento de sustancias il\u00edcitas.<\/p>\n<p>Vale destacar que ambos investigados comercializaban drogas con la modalidad delivery, a los alumnos de una escuela nocturna de la ciudad.<\/p>\n<p>Autoridades de la Fiscal\u00eda de Lucha contra el Narcotr\u00e1fico de De\u00e1n Funes, ordenaron la remisi\u00f3n de lo incautado y el traslado de los aprehendidos a sede judicial por Comercializaci\u00f3n Agravada de Estupefacientes.<\/p>\n<p><a href=\"https:\/\/fmgente.com.ar\/wp-content\/uploads\/2023\/07\/WhatsApp-Image-2023-06-30-at-07.17.07-1.jpeg\"><img loading=\"lazy\" decoding=\"async\" class=\"alignnone wp-image-298\" src=\"https:\/\/fmgente.com.ar\/wp-content\/uploads\/2023\/07\/WhatsApp-Image-2023-06-30-at-07.17.07-1.jpeg\" alt=\"\" width=\"721\" height=\"406\" srcset=\"https:\/\/fmgente.com.ar\/web\/wp-content\/uploads\/2023\/07\/WhatsApp-Image-2023-06-30-at-07.17.07-1.jpeg 1600w, https:\/\/fmgente.com.ar\/web\/wp-content\/uploads\/2023\/07\/WhatsApp-Image-2023-06-30-at-07.17.07-1-300x169.jpeg 300w, https:\/\/fmgente.com.ar\/web\/wp-content\/uploads\/2023\/07\/WhatsApp-Image-2023-06-30-at-07.17.07-1-1024x576.jpeg 1024w, https:\/\/fmgente.com.ar\/web\/wp-content\/uploads\/2023\/07\/WhatsApp-Image-2023-06-30-at-07.17.07-1-768x432.jpeg 768w, https:\/\/fmgente.com.ar\/web\/wp-content\/uploads\/2023\/07\/WhatsApp-Image-2023-06-30-at-07.17.07-1-1536x864.jpeg 1536w\" sizes=\"auto, (max-width: 721px) 100vw, 721px\" \/><\/a><\/p>\n","protected":false},"excerpt":{"rendered":"<p>En una investigaci\u00f3n dirigida por el Ministerio P\u00fablico Fiscal, la Fuerza Policial Antinarcotr\u00e1fico desbarat\u00f3 un<\/p>\n","protected":false},"author":2,"featured_media":299,"comment_status":"closed","ping_status":"closed","sticky":false,"template":"","format":"video","meta":{"footnotes":""},"categories":[11],"tags":[230,283,286,249,284,285],"class_list":["post-297","post","type-post","status-publish","format-video","has-post-thumbnail","hentry","category-destacadas","tag-allanamiento","tag-drogas","tag-estupefacientes","tag-fpa","tag-ischilin","tag-punto-de-venta","post_format-post-format-video"],"yoast_head":"<!-- This site is optimized with the Yoast SEO plugin v27.4 - https:\/\/yoast.com\/product\/yoast-seo-wordpress\/ -->\n<title>Los detuvieron por vender drogas en una escuela nocturna. - Fm Gente<\/title>\n<meta name=\"robots\" content=\"index, follow, max-snippet:-1, max-image-preview:large, max-video-preview:-1\" \/>\n<link rel=\"canonical\" href=\"https:\/\/fmgente.com.ar\/web\/los-detuvieron-por-vender-drogas-en-una-escuela-nocturna\/\" \/>\n<meta property=\"og:locale\" content=\"es_ES\" \/>\n<meta property=\"og:type\" content=\"article\" \/>\n<meta property=\"og:title\" content=\"Los detuvieron por vender drogas en una escuela nocturna. - Fm Gente\" \/>\n<meta property=\"og:description\" content=\"En una investigaci\u00f3n dirigida por el Ministerio P\u00fablico Fiscal, la Fuerza Policial Antinarcotr\u00e1fico desbarat\u00f3 un\" \/>\n<meta property=\"og:url\" content=\"https:\/\/fmgente.com.ar\/web\/los-detuvieron-por-vender-drogas-en-una-escuela-nocturna\/\" \/>\n<meta property=\"og:site_name\" content=\"Fm Gente\" \/>\n<meta property=\"article:published_time\" content=\"2023-06-30T11:48:29+00:00\" \/>\n<meta property=\"article:modified_time\" content=\"2023-07-14T21:49:14+00:00\" \/>\n<meta property=\"og:image\" content=\"https:\/\/fmgente.com.ar\/web\/wp-content\/uploads\/2023\/07\/WhatsApp-Image-2023-06-30-at-07.17.07-640x360-1.jpeg\" \/>\n\t<meta property=\"og:image:width\" content=\"640\" \/>\n\t<meta property=\"og:image:height\" content=\"360\" \/>\n\t<meta property=\"og:image:type\" content=\"image\/jpeg\" \/>\n<meta name=\"author\" content=\"Adri\u00e1n Hern\u00e1ndez\" \/>\n<meta name=\"twitter:card\" content=\"summary_large_image\" \/>\n<meta name=\"twitter:label1\" content=\"Escrito por\" \/>\n\t<meta name=\"twitter:data1\" content=\"Adri\u00e1n Hern\u00e1ndez\" \/>\n\t<meta name=\"twitter:label2\" content=\"Tiempo de lectura\" \/>\n\t<meta name=\"twitter:data2\" content=\"2 minutos\" \/>\n<script type=\"application\/ld+json\" class=\"yoast-schema-graph\">{\"@context\":\"https:\\\/\\\/schema.org\",\"@graph\":[{\"@type\":\"Article\",\"@id\":\"https:\\\/\\\/fmgente.com.ar\\\/web\\\/los-detuvieron-por-vender-drogas-en-una-escuela-nocturna\\\/#article\",\"isPartOf\":{\"@id\":\"https:\\\/\\\/fmgente.com.ar\\\/web\\\/los-detuvieron-por-vender-drogas-en-una-escuela-nocturna\\\/\"},\"author\":{\"name\":\"Adri\u00e1n Hern\u00e1ndez\",\"@id\":\"https:\\\/\\\/fmgente.com.ar\\\/web\\\/#\\\/schema\\\/person\\\/ba03fa75c17effdaafbd6daa1d78c508\"},\"headline\":\"Los detuvieron por vender drogas en una escuela nocturna.\",\"datePublished\":\"2023-06-30T11:48:29+00:00\",\"dateModified\":\"2023-07-14T21:49:14+00:00\",\"mainEntityOfPage\":{\"@id\":\"https:\\\/\\\/fmgente.com.ar\\\/web\\\/los-detuvieron-por-vender-drogas-en-una-escuela-nocturna\\\/\"},\"wordCount\":214,\"publisher\":{\"@id\":\"https:\\\/\\\/fmgente.com.ar\\\/web\\\/#organization\"},\"image\":{\"@id\":\"https:\\\/\\\/fmgente.com.ar\\\/web\\\/los-detuvieron-por-vender-drogas-en-una-escuela-nocturna\\\/#primaryimage\"},\"thumbnailUrl\":\"https:\\\/\\\/fmgente.com.ar\\\/web\\\/wp-content\\\/uploads\\\/2023\\\/07\\\/WhatsApp-Image-2023-06-30-at-07.17.07-640x360-1.jpeg\",\"keywords\":[\"allanamiento\",\"drogas\",\"estupefacientes\",\"fpa\",\"ischilin\",\"punto de venta\"],\"articleSection\":[\"DESTACADAS\"],\"inLanguage\":\"es\"},{\"@type\":\"WebPage\",\"@id\":\"https:\\\/\\\/fmgente.com.ar\\\/web\\\/los-detuvieron-por-vender-drogas-en-una-escuela-nocturna\\\/\",\"url\":\"https:\\\/\\\/fmgente.com.ar\\\/web\\\/los-detuvieron-por-vender-drogas-en-una-escuela-nocturna\\\/\",\"name\":\"Los detuvieron por vender drogas en una escuela nocturna. - Fm Gente\",\"isPartOf\":{\"@id\":\"https:\\\/\\\/fmgente.com.ar\\\/web\\\/#website\"},\"primaryImageOfPage\":{\"@id\":\"https:\\\/\\\/fmgente.com.ar\\\/web\\\/los-detuvieron-por-vender-drogas-en-una-escuela-nocturna\\\/#primaryimage\"},\"image\":{\"@id\":\"https:\\\/\\\/fmgente.com.ar\\\/web\\\/los-detuvieron-por-vender-drogas-en-una-escuela-nocturna\\\/#primaryimage\"},\"thumbnailUrl\":\"https:\\\/\\\/fmgente.com.ar\\\/web\\\/wp-content\\\/uploads\\\/2023\\\/07\\\/WhatsApp-Image-2023-06-30-at-07.17.07-640x360-1.jpeg\",\"datePublished\":\"2023-06-30T11:48:29+00:00\",\"dateModified\":\"2023-07-14T21:49:14+00:00\",\"inLanguage\":\"es\",\"potentialAction\":[{\"@type\":\"ReadAction\",\"target\":[\"https:\\\/\\\/fmgente.com.ar\\\/web\\\/los-detuvieron-por-vender-drogas-en-una-escuela-nocturna\\\/\"]}]},{\"@type\":\"ImageObject\",\"inLanguage\":\"es\",\"@id\":\"https:\\\/\\\/fmgente.com.ar\\\/web\\\/los-detuvieron-por-vender-drogas-en-una-escuela-nocturna\\\/#primaryimage\",\"url\":\"https:\\\/\\\/fmgente.com.ar\\\/web\\\/wp-content\\\/uploads\\\/2023\\\/07\\\/WhatsApp-Image-2023-06-30-at-07.17.07-640x360-1.jpeg\",\"contentUrl\":\"https:\\\/\\\/fmgente.com.ar\\\/web\\\/wp-content\\\/uploads\\\/2023\\\/07\\\/WhatsApp-Image-2023-06-30-at-07.17.07-640x360-1.jpeg\",\"width\":640,\"height\":360},{\"@type\":\"WebSite\",\"@id\":\"https:\\\/\\\/fmgente.com.ar\\\/web\\\/#website\",\"url\":\"https:\\\/\\\/fmgente.com.ar\\\/web\\\/\",\"name\":\"Fm Gente\",\"description\":\"- Jes\u00fas Mar\u00eda\",\"publisher\":{\"@id\":\"https:\\\/\\\/fmgente.com.ar\\\/web\\\/#organization\"},\"potentialAction\":[{\"@type\":\"SearchAction\",\"target\":{\"@type\":\"EntryPoint\",\"urlTemplate\":\"https:\\\/\\\/fmgente.com.ar\\\/web\\\/?s={search_term_string}\"},\"query-input\":{\"@type\":\"PropertyValueSpecification\",\"valueRequired\":true,\"valueName\":\"search_term_string\"}}],\"inLanguage\":\"es\"},{\"@type\":\"Organization\",\"@id\":\"https:\\\/\\\/fmgente.com.ar\\\/web\\\/#organization\",\"name\":\"Fm Gente\",\"url\":\"https:\\\/\\\/fmgente.com.ar\\\/web\\\/\",\"logo\":{\"@type\":\"ImageObject\",\"inLanguage\":\"es\",\"@id\":\"https:\\\/\\\/fmgente.com.ar\\\/web\\\/#\\\/schema\\\/logo\\\/image\\\/\",\"url\":\"https:\\\/\\\/fmgente.com.ar\\\/web\\\/wp-content\\\/uploads\\\/2023\\\/07\\\/cropped-cropped-logo-sombra2.png\",\"contentUrl\":\"https:\\\/\\\/fmgente.com.ar\\\/web\\\/wp-content\\\/uploads\\\/2023\\\/07\\\/cropped-cropped-logo-sombra2.png\",\"width\":1782,\"height\":1782,\"caption\":\"Fm Gente\"},\"image\":{\"@id\":\"https:\\\/\\\/fmgente.com.ar\\\/web\\\/#\\\/schema\\\/logo\\\/image\\\/\"}},{\"@type\":\"Person\",\"@id\":\"https:\\\/\\\/fmgente.com.ar\\\/web\\\/#\\\/schema\\\/person\\\/ba03fa75c17effdaafbd6daa1d78c508\",\"name\":\"Adri\u00e1n Hern\u00e1ndez\",\"url\":\"https:\\\/\\\/fmgente.com.ar\\\/web\\\/author\\\/c1601891\\\/\"}]}<\/script>\n<!-- \/ Yoast SEO plugin. -->","yoast_head_json":{"title":"Los detuvieron por vender drogas en una escuela nocturna. - Fm Gente","robots":{"index":"index","follow":"follow","max-snippet":"max-snippet:-1","max-image-preview":"max-image-preview:large","max-video-preview":"max-video-preview:-1"},"canonical":"https:\/\/fmgente.com.ar\/web\/los-detuvieron-por-vender-drogas-en-una-escuela-nocturna\/","og_locale":"es_ES","og_type":"article","og_title":"Los detuvieron por vender drogas en una escuela nocturna. - Fm Gente","og_description":"En una investigaci\u00f3n dirigida por el Ministerio P\u00fablico Fiscal, la Fuerza Policial Antinarcotr\u00e1fico desbarat\u00f3 un","og_url":"https:\/\/fmgente.com.ar\/web\/los-detuvieron-por-vender-drogas-en-una-escuela-nocturna\/","og_site_name":"Fm Gente","article_published_time":"2023-06-30T11:48:29+00:00","article_modified_time":"2023-07-14T21:49:14+00:00","og_image":[{"width":640,"height":360,"url":"https:\/\/fmgente.com.ar\/web\/wp-content\/uploads\/2023\/07\/WhatsApp-Image-2023-06-30-at-07.17.07-640x360-1.jpeg","type":"image\/jpeg"}],"author":"Adri\u00e1n Hern\u00e1ndez","twitter_card":"summary_large_image","twitter_misc":{"Escrito por":"Adri\u00e1n Hern\u00e1ndez","Tiempo de lectura":"2 minutos"},"schema":{"@context":"https:\/\/schema.org","@graph":[{"@type":"Article","@id":"https:\/\/fmgente.com.ar\/web\/los-detuvieron-por-vender-drogas-en-una-escuela-nocturna\/#article","isPartOf":{"@id":"https:\/\/fmgente.com.ar\/web\/los-detuvieron-por-vender-drogas-en-una-escuela-nocturna\/"},"author":{"name":"Adri\u00e1n Hern\u00e1ndez","@id":"https:\/\/fmgente.com.ar\/web\/#\/schema\/person\/ba03fa75c17effdaafbd6daa1d78c508"},"headline":"Los detuvieron por vender drogas en una escuela nocturna.","datePublished":"2023-06-30T11:48:29+00:00","dateModified":"2023-07-14T21:49:14+00:00","mainEntityOfPage":{"@id":"https:\/\/fmgente.com.ar\/web\/los-detuvieron-por-vender-drogas-en-una-escuela-nocturna\/"},"wordCount":214,"publisher":{"@id":"https:\/\/fmgente.com.ar\/web\/#organization"},"image":{"@id":"https:\/\/fmgente.com.ar\/web\/los-detuvieron-por-vender-drogas-en-una-escuela-nocturna\/#primaryimage"},"thumbnailUrl":"https:\/\/fmgente.com.ar\/web\/wp-content\/uploads\/2023\/07\/WhatsApp-Image-2023-06-30-at-07.17.07-640x360-1.jpeg","keywords":["allanamiento","drogas","estupefacientes","fpa","ischilin","punto de venta"],"articleSection":["DESTACADAS"],"inLanguage":"es"},{"@type":"WebPage","@id":"https:\/\/fmgente.com.ar\/web\/los-detuvieron-por-vender-drogas-en-una-escuela-nocturna\/","url":"https:\/\/fmgente.com.ar\/web\/los-detuvieron-por-vender-drogas-en-una-escuela-nocturna\/","name":"Los detuvieron por vender drogas en una escuela nocturna. - Fm Gente","isPartOf":{"@id":"https:\/\/fmgente.com.ar\/web\/#website"},"primaryImageOfPage":{"@id":"https:\/\/fmgente.com.ar\/web\/los-detuvieron-por-vender-drogas-en-una-escuela-nocturna\/#primaryimage"},"image":{"@id":"https:\/\/fmgente.com.ar\/web\/los-detuvieron-por-vender-drogas-en-una-escuela-nocturna\/#primaryimage"},"thumbnailUrl":"https:\/\/fmgente.com.ar\/web\/wp-content\/uploads\/2023\/07\/WhatsApp-Image-2023-06-30-at-07.17.07-640x360-1.jpeg","datePublished":"2023-06-30T11:48:29+00:00","dateModified":"2023-07-14T21:49:14+00:00","inLanguage":"es","potentialAction":[{"@type":"ReadAction","target":["https:\/\/fmgente.com.ar\/web\/los-detuvieron-por-vender-drogas-en-una-escuela-nocturna\/"]}]},{"@type":"ImageObject","inLanguage":"es","@id":"https:\/\/fmgente.com.ar\/web\/los-detuvieron-por-vender-drogas-en-una-escuela-nocturna\/#primaryimage","url":"https:\/\/fmgente.com.ar\/web\/wp-content\/uploads\/2023\/07\/WhatsApp-Image-2023-06-30-at-07.17.07-640x360-1.jpeg","contentUrl":"https:\/\/fmgente.com.ar\/web\/wp-content\/uploads\/2023\/07\/WhatsApp-Image-2023-06-30-at-07.17.07-640x360-1.jpeg","width":640,"height":360},{"@type":"WebSite","@id":"https:\/\/fmgente.com.ar\/web\/#website","url":"https:\/\/fmgente.com.ar\/web\/","name":"Fm Gente","description":"- Jes\u00fas Mar\u00eda","publisher":{"@id":"https:\/\/fmgente.com.ar\/web\/#organization"},"potentialAction":[{"@type":"SearchAction","target":{"@type":"EntryPoint","urlTemplate":"https:\/\/fmgente.com.ar\/web\/?s={search_term_string}"},"query-input":{"@type":"PropertyValueSpecification","valueRequired":true,"valueName":"search_term_string"}}],"inLanguage":"es"},{"@type":"Organization","@id":"https:\/\/fmgente.com.ar\/web\/#organization","name":"Fm Gente","url":"https:\/\/fmgente.com.ar\/web\/","logo":{"@type":"ImageObject","inLanguage":"es","@id":"https:\/\/fmgente.com.ar\/web\/#\/schema\/logo\/image\/","url":"https:\/\/fmgente.com.ar\/web\/wp-content\/uploads\/2023\/07\/cropped-cropped-logo-sombra2.png","contentUrl":"https:\/\/fmgente.com.ar\/web\/wp-content\/uploads\/2023\/07\/cropped-cropped-logo-sombra2.png","width":1782,"height":1782,"caption":"Fm Gente"},"image":{"@id":"https:\/\/fmgente.com.ar\/web\/#\/schema\/logo\/image\/"}},{"@type":"Person","@id":"https:\/\/fmgente.com.ar\/web\/#\/schema\/person\/ba03fa75c17effdaafbd6daa1d78c508","name":"Adri\u00e1n Hern\u00e1ndez","url":"https:\/\/fmgente.com.ar\/web\/author\/c1601891\/"}]}},"_links":{"self":[{"href":"https:\/\/fmgente.com.ar\/web\/wp-json\/wp\/v2\/posts\/297","targetHints":{"allow":["GET"]}}],"collection":[{"href":"https:\/\/fmgente.com.ar\/web\/wp-json\/wp\/v2\/posts"}],"about":[{"href":"https:\/\/fmgente.com.ar\/web\/wp-json\/wp\/v2\/types\/post"}],"author":[{"embeddable":true,"href":"https:\/\/fmgente.com.ar\/web\/wp-json\/wp\/v2\/users\/2"}],"replies":[{"embeddable":true,"href":"https:\/\/fmgente.com.ar\/web\/wp-json\/wp\/v2\/comments?post=297"}],"version-history":[{"count":1,"href":"https:\/\/fmgente.com.ar\/web\/wp-json\/wp\/v2\/posts\/297\/revisions"}],"predecessor-version":[{"id":300,"href":"https:\/\/fmgente.com.ar\/web\/wp-json\/wp\/v2\/posts\/297\/revisions\/300"}],"wp:featuredmedia":[{"embeddable":true,"href":"https:\/\/fmgente.com.ar\/web\/wp-json\/wp\/v2\/media\/299"}],"wp:attachment":[{"href":"https:\/\/fmgente.com.ar\/web\/wp-json\/wp\/v2\/media?parent=297"}],"wp:term":[{"taxonomy":"category","embeddable":true,"href":"https:\/\/fmgente.com.ar\/web\/wp-json\/wp\/v2\/categories?post=297"},{"taxonomy":"post_tag","embeddable":true,"href":"https:\/\/fmgente.com.ar\/web\/wp-json\/wp\/v2\/tags?post=297"}],"curies":[{"name":"wp","href":"https:\/\/api.w.org\/{rel}","templated":true}]}}