{"id":2846,"date":"2024-03-05T09:12:42","date_gmt":"2024-03-05T12:12:42","guid":{"rendered":"https:\/\/fmgente.com.ar\/?p=2846"},"modified":"2024-03-05T09:12:42","modified_gmt":"2024-03-05T12:12:42","slug":"produccion-y-sustentabilidad-una-empresa-local-fabrica-durmientes-con-plastico-reciclado","status":"publish","type":"post","link":"https:\/\/fmgente.com.ar\/web\/produccion-y-sustentabilidad-una-empresa-local-fabrica-durmientes-con-plastico-reciclado\/","title":{"rendered":"Producci\u00f3n y sustentabilidad: una empresa local fabrica durmientes con pl\u00e1stico reciclado"},"content":{"rendered":"<article id=\"post-587799\" class=\"post-587799 post type-post status-publish format-standard has-post-thumbnail hentry category-ciencia-y-tecnologia category-informacion-general ast-article-single\">\n<div class=\"ast-post-format- single-layout-1\">\n<div class=\"entry-content clear\">\n<p class=\" eplus-wrapper\">El Ministro de Producci\u00f3n, Ciencia e Innovaci\u00f3n Tecnol\u00f3gica, Pedro Dellarossa, visit\u00f3 la planta y dialog\u00f3 con las autoridades.<\/p>\n<p class=\" eplus-wrapper\">Dellarossa se interioriz\u00f3 sobre los procesos productivos que lleva adelante la empresa. Tambi\u00e9n dialogaron sobre los distintos planes y programas que tiene en marcha la Provincia para el desarrollo productivo sustentable.<\/p>\n<p class=\" eplus-wrapper\"><em>\u201cCircularis est\u00e1 en proceso de fabricar cuatro durmientes de ferrocarril por hora. Antes fabricaban uno, pero necesitan much\u00edsima m\u00e1s inversi\u00f3n para fabricar la cantidad de durmientes que el ferrocarril necesita\u201d<\/em>, se\u00f1al\u00f3 el funcionario.<\/p>\n<p class=\" eplus-wrapper\">Dellarossa destac\u00f3 que la firma actualmente est\u00e1 en conversaciones con ferrocarriles chilenos para poder exportar los durmientes, y expres\u00f3:\u00a0<em>\u00abEsto nos llena de orgullo ya que genera mano de obra, trabajo, inventiva in\u00e9dita y mucha proyecci\u00f3n de escala a futuro\u201d.<\/em><\/p>\n<figure class=\" wp-block-gallery has-nested-images columns-default is-cropped eplus-wrapper wp-block-gallery-1 is-layout-flex wp-block-gallery-is-layout-flex\">\n<figure class=\" wp-block-image size-large eplus-wrapper\"><a href=\"https:\/\/prensa.cba.gov.ar\/wp-content\/uploads\/2024\/03\/WhatsApp-Image-2024-03-04-at-09.58.30.jpeg\"><img loading=\"lazy\" decoding=\"async\" class=\"wp-image-587808\" src=\"https:\/\/prensa.cba.gov.ar\/wp-content\/uploads\/2024\/03\/WhatsApp-Image-2024-03-04-at-09.58.30.jpeg\" sizes=\"auto, (max-width: 1024px) 100vw, 1024px\" srcset=\"https:\/\/prensa.cba.gov.ar\/wp-content\/uploads\/2024\/03\/WhatsApp-Image-2024-03-04-at-09.58.30.jpeg 1024w, https:\/\/prensa.cba.gov.ar\/wp-content\/uploads\/2024\/03\/WhatsApp-Image-2024-03-04-at-09.58.30-300x169.jpeg 300w, https:\/\/prensa.cba.gov.ar\/wp-content\/uploads\/2024\/03\/WhatsApp-Image-2024-03-04-at-09.58.30-768x432.jpeg 768w\" alt=\"\" width=\"1024\" height=\"576\" data-id=\"587808\" \/><\/a><\/figure>\n<figure class=\" wp-block-image size-large eplus-wrapper\"><a href=\"https:\/\/prensa.cba.gov.ar\/wp-content\/uploads\/2024\/03\/WhatsApp-Image-2024-03-04-at-09.58.29.jpeg\"><img loading=\"lazy\" decoding=\"async\" class=\"wp-image-587809\" src=\"https:\/\/prensa.cba.gov.ar\/wp-content\/uploads\/2024\/03\/WhatsApp-Image-2024-03-04-at-09.58.29-1024x576.jpeg\" sizes=\"auto, (max-width: 1024px) 100vw, 1024px\" srcset=\"https:\/\/prensa.cba.gov.ar\/wp-content\/uploads\/2024\/03\/WhatsApp-Image-2024-03-04-at-09.58.29-1024x576.jpeg 1024w, https:\/\/prensa.cba.gov.ar\/wp-content\/uploads\/2024\/03\/WhatsApp-Image-2024-03-04-at-09.58.29-300x169.jpeg 300w, https:\/\/prensa.cba.gov.ar\/wp-content\/uploads\/2024\/03\/WhatsApp-Image-2024-03-04-at-09.58.29-768x432.jpeg 768w, https:\/\/prensa.cba.gov.ar\/wp-content\/uploads\/2024\/03\/WhatsApp-Image-2024-03-04-at-09.58.29-1536x864.jpeg 1536w, https:\/\/prensa.cba.gov.ar\/wp-content\/uploads\/2024\/03\/WhatsApp-Image-2024-03-04-at-09.58.29.jpeg 1600w\" alt=\"\" width=\"1024\" height=\"576\" data-id=\"587809\" \/><\/a><\/figure>\n<\/figure>\n<p class=\" eplus-wrapper\">En este contexto, Circularis se encuentra en un proceso de articulaci\u00f3n con diferentes organizaciones y sectores del Estado provincial, con la finalidad de poder potenciar la capacidad instalada y aumentar la producci\u00f3n. En la actualidad, la firma cordobesa cuenta con 200 empresas cooperativas con las que comercializa materiales pl\u00e1sticos para poder reciclarlos y convertirlos en durmientes ferroviarios.<\/p>\n<p class=\" eplus-wrapper\">La empresa, que naci\u00f3 en Monte Cristo, se destaca por su compromiso con el medio ambiente y la econom\u00eda circular, ya que se dedica a recuperar materiales desechados para fabricar nuevos. La firma cordobesa sobresali\u00f3 por su fabricaci\u00f3n de durmientes para los ferrocarriles de Trenes Argentinos.<\/p>\n<p class=\" eplus-wrapper\">Durante la visita a la planta, el ministro estuvo acompa\u00f1ado por el Secretario de Industria, Ignacio Tovo, y fueron recibidos por Ra\u00fal Frola, director ejecutivo, y Giuliano D. Frola, socio gerente.<\/p>\n<figure class=\" wp-block-image aligncenter size-large is-resized eplus-wrapper\"><img loading=\"lazy\" decoding=\"async\" class=\"wp-image-587810\" src=\"https:\/\/prensa.cba.gov.ar\/wp-content\/uploads\/2024\/03\/WhatsApp-Image-2024-03-04-at-09.58.31-1024x682.jpeg\" sizes=\"auto, (max-width: 1024px) 100vw, 1024px\" srcset=\"https:\/\/prensa.cba.gov.ar\/wp-content\/uploads\/2024\/03\/WhatsApp-Image-2024-03-04-at-09.58.31-1024x682.jpeg 1024w, https:\/\/prensa.cba.gov.ar\/wp-content\/uploads\/2024\/03\/WhatsApp-Image-2024-03-04-at-09.58.31-300x200.jpeg 300w, https:\/\/prensa.cba.gov.ar\/wp-content\/uploads\/2024\/03\/WhatsApp-Image-2024-03-04-at-09.58.31-768x512.jpeg 768w, https:\/\/prensa.cba.gov.ar\/wp-content\/uploads\/2024\/03\/WhatsApp-Image-2024-03-04-at-09.58.31-1536x1023.jpeg 1536w, https:\/\/prensa.cba.gov.ar\/wp-content\/uploads\/2024\/03\/WhatsApp-Image-2024-03-04-at-09.58.31.jpeg 1600w\" alt=\"\" width=\"1024\" height=\"682\" \/><\/figure>\n<h3 class=\" wp-block-heading eplus-wrapper\">El v\u00ednculo con Trenes Argentinos: Una sociedad sustentable<\/h3>\n<p class=\" eplus-wrapper\">Circularis gan\u00f3 una licitaci\u00f3n que a\u00fan mantiene con Trenes Argentinos. La empresa estatal propuso la suplantaci\u00f3n de los t\u00edpicos durmientes de quebracho que fueron sustituidos por pl\u00e1stico reciclado fabricado por la unidad de negocio T-WOOD, perteneciente a la marca de Monte Cristo.<\/p>\n<p class=\" eplus-wrapper\">El v\u00ednculo con la empresa ferroviaria nacional se trata de un proyecto que lleva a\u00f1os de desarrollo, un v\u00ednculo que persiste y se sostiene en el tiempo pese a la situaci\u00f3n coyuntural del momento. Los lazos con Tren Argentinos tambi\u00e9n es una posibilidad que permite mejorar la infraestructura ferroviaria del pa\u00eds reduciendo el enterramiento de los residuos pl\u00e1sticos y la tala de \u00e1rboles.<\/p>\n<p class=\" eplus-wrapper\">Circularis tambi\u00e9n opera con cinco unidades de negocios centradas en el reciclaje y revalorizaci\u00f3n de materiales, como la fabricaci\u00f3n de productos textiles, recuperaci\u00f3n de maderas, conversi\u00f3n de materiales desechados, entre otros.<\/p>\n<\/div>\n<\/div>\n<\/article>\n<p><script async src=\"https:\/\/pagead2.googlesyndication.com\/pagead\/js\/adsbygoogle.js?client=ca-pub-6190387823963118\" crossorigin=\"anonymous\"><\/script><br \/>\n<!-- publi horizontal --><br \/>\n<ins class=\"adsbygoogle\" style=\"display: block;\" data-ad-client=\"ca-pub-6190387823963118\" data-ad-slot=\"1318105772\" data-ad-format=\"auto\" data-full-width-responsive=\"true\"><\/ins><br \/>\n<script>\n     (adsbygoogle = window.adsbygoogle || []).push({});\n<\/script><\/p>\n","protected":false},"excerpt":{"rendered":"<p>El Ministro de Producci\u00f3n, Ciencia e Innovaci\u00f3n Tecnol\u00f3gica, Pedro Dellarossa, visit\u00f3 la planta y dialog\u00f3<\/p>\n","protected":false},"author":2,"featured_media":2847,"comment_status":"closed","ping_status":"closed","sticky":false,"template":"","format":"standard","meta":{"footnotes":""},"categories":[11],"tags":[714,257,457,1064,120,20,1265,216,1238,1482,899,41,514,47,269,1673,1653,1671,99,231,1672,1511,26,1304,1676,619,612,1277],"class_list":["post-2846","post","type-post","status-publish","format-standard","has-post-thumbnail","hentry","category-destacadas","tag-actividades","tag-arte","tag-bomberos","tag-ciencia","tag-clima","tag-cultura","tag-dengue","tag-deportes","tag-educacion","tag-festivales","tag-gobierno-de-cordoba","tag-incendios","tag-legislatura","tag-llaryora","tag-maternidad","tag-ministerios","tag-museos","tag-noticias","tag-obras","tag-policia","tag-programas","tag-provinciales","tag-salud","tag-servicios-publicos","tag-sindicatos","tag-tecnologia","tag-turismo","tag-verano"],"yoast_head":"<!-- This site is optimized with the Yoast SEO plugin v27.4 - https:\/\/yoast.com\/product\/yoast-seo-wordpress\/ -->\n<title>Producci\u00f3n y sustentabilidad: una empresa local fabrica durmientes con pl\u00e1stico reciclado - Fm Gente<\/title>\n<meta name=\"robots\" content=\"index, follow, max-snippet:-1, max-image-preview:large, max-video-preview:-1\" \/>\n<link rel=\"canonical\" href=\"https:\/\/fmgente.com.ar\/web\/produccion-y-sustentabilidad-una-empresa-local-fabrica-durmientes-con-plastico-reciclado\/\" \/>\n<meta property=\"og:locale\" content=\"es_ES\" \/>\n<meta property=\"og:type\" content=\"article\" \/>\n<meta property=\"og:title\" content=\"Producci\u00f3n y sustentabilidad: una empresa local fabrica durmientes con pl\u00e1stico reciclado - Fm Gente\" \/>\n<meta property=\"og:description\" content=\"El Ministro de Producci\u00f3n, Ciencia e Innovaci\u00f3n Tecnol\u00f3gica, Pedro Dellarossa, visit\u00f3 la planta y dialog\u00f3\" \/>\n<meta property=\"og:url\" content=\"https:\/\/fmgente.com.ar\/web\/produccion-y-sustentabilidad-una-empresa-local-fabrica-durmientes-con-plastico-reciclado\/\" \/>\n<meta property=\"og:site_name\" content=\"Fm Gente\" \/>\n<meta property=\"article:published_time\" content=\"2024-03-05T12:12:42+00:00\" \/>\n<meta property=\"og:image\" content=\"https:\/\/fmgente.com.ar\/web\/wp-content\/uploads\/2024\/03\/d1.jpeg\" \/>\n\t<meta property=\"og:image:width\" content=\"1600\" \/>\n\t<meta property=\"og:image:height\" content=\"1027\" \/>\n\t<meta property=\"og:image:type\" content=\"image\/jpeg\" \/>\n<meta name=\"author\" content=\"Adri\u00e1n Hern\u00e1ndez\" \/>\n<meta name=\"twitter:card\" content=\"summary_large_image\" \/>\n<meta name=\"twitter:label1\" content=\"Escrito por\" \/>\n\t<meta name=\"twitter:data1\" content=\"Adri\u00e1n Hern\u00e1ndez\" \/>\n\t<meta name=\"twitter:label2\" content=\"Tiempo de lectura\" \/>\n\t<meta name=\"twitter:data2\" content=\"3 minutos\" \/>\n<script type=\"application\/ld+json\" class=\"yoast-schema-graph\">{\"@context\":\"https:\\\/\\\/schema.org\",\"@graph\":[{\"@type\":\"Article\",\"@id\":\"https:\\\/\\\/fmgente.com.ar\\\/web\\\/produccion-y-sustentabilidad-una-empresa-local-fabrica-durmientes-con-plastico-reciclado\\\/#article\",\"isPartOf\":{\"@id\":\"https:\\\/\\\/fmgente.com.ar\\\/web\\\/produccion-y-sustentabilidad-una-empresa-local-fabrica-durmientes-con-plastico-reciclado\\\/\"},\"author\":{\"name\":\"Adri\u00e1n Hern\u00e1ndez\",\"@id\":\"https:\\\/\\\/fmgente.com.ar\\\/web\\\/#\\\/schema\\\/person\\\/ba03fa75c17effdaafbd6daa1d78c508\"},\"headline\":\"Producci\u00f3n y sustentabilidad: una empresa local fabrica durmientes con pl\u00e1stico reciclado\",\"datePublished\":\"2024-03-05T12:12:42+00:00\",\"mainEntityOfPage\":{\"@id\":\"https:\\\/\\\/fmgente.com.ar\\\/web\\\/produccion-y-sustentabilidad-una-empresa-local-fabrica-durmientes-con-plastico-reciclado\\\/\"},\"wordCount\":447,\"publisher\":{\"@id\":\"https:\\\/\\\/fmgente.com.ar\\\/web\\\/#organization\"},\"image\":{\"@id\":\"https:\\\/\\\/fmgente.com.ar\\\/web\\\/produccion-y-sustentabilidad-una-empresa-local-fabrica-durmientes-con-plastico-reciclado\\\/#primaryimage\"},\"thumbnailUrl\":\"https:\\\/\\\/fmgente.com.ar\\\/web\\\/wp-content\\\/uploads\\\/2024\\\/03\\\/d1.jpeg\",\"keywords\":[\"actividades\",\"Arte\",\"Bomberos\",\"ciencia\",\"clima\",\"cultura\",\"dengue\",\"deportes\",\"educaci\u00f3n\",\"festivales\",\"Gobierno de C\u00f3rdoba\",\"incendios\",\"Legislatura\",\"Llaryora\",\"maternidad\",\"ministerios\",\"museos\",\"noticias\",\"obras\",\"polic\u00eda\",\"programas\",\"provinciales\",\"salud\",\"Servicios P\u00fablicos\",\"sindicatos\",\"tecnolog\u00eda\",\"turismo\",\"verano\"],\"articleSection\":[\"DESTACADAS\"],\"inLanguage\":\"es\"},{\"@type\":\"WebPage\",\"@id\":\"https:\\\/\\\/fmgente.com.ar\\\/web\\\/produccion-y-sustentabilidad-una-empresa-local-fabrica-durmientes-con-plastico-reciclado\\\/\",\"url\":\"https:\\\/\\\/fmgente.com.ar\\\/web\\\/produccion-y-sustentabilidad-una-empresa-local-fabrica-durmientes-con-plastico-reciclado\\\/\",\"name\":\"Producci\u00f3n y sustentabilidad: una empresa local fabrica durmientes con pl\u00e1stico reciclado - Fm Gente\",\"isPartOf\":{\"@id\":\"https:\\\/\\\/fmgente.com.ar\\\/web\\\/#website\"},\"primaryImageOfPage\":{\"@id\":\"https:\\\/\\\/fmgente.com.ar\\\/web\\\/produccion-y-sustentabilidad-una-empresa-local-fabrica-durmientes-con-plastico-reciclado\\\/#primaryimage\"},\"image\":{\"@id\":\"https:\\\/\\\/fmgente.com.ar\\\/web\\\/produccion-y-sustentabilidad-una-empresa-local-fabrica-durmientes-con-plastico-reciclado\\\/#primaryimage\"},\"thumbnailUrl\":\"https:\\\/\\\/fmgente.com.ar\\\/web\\\/wp-content\\\/uploads\\\/2024\\\/03\\\/d1.jpeg\",\"datePublished\":\"2024-03-05T12:12:42+00:00\",\"inLanguage\":\"es\",\"potentialAction\":[{\"@type\":\"ReadAction\",\"target\":[\"https:\\\/\\\/fmgente.com.ar\\\/web\\\/produccion-y-sustentabilidad-una-empresa-local-fabrica-durmientes-con-plastico-reciclado\\\/\"]}]},{\"@type\":\"ImageObject\",\"inLanguage\":\"es\",\"@id\":\"https:\\\/\\\/fmgente.com.ar\\\/web\\\/produccion-y-sustentabilidad-una-empresa-local-fabrica-durmientes-con-plastico-reciclado\\\/#primaryimage\",\"url\":\"https:\\\/\\\/fmgente.com.ar\\\/web\\\/wp-content\\\/uploads\\\/2024\\\/03\\\/d1.jpeg\",\"contentUrl\":\"https:\\\/\\\/fmgente.com.ar\\\/web\\\/wp-content\\\/uploads\\\/2024\\\/03\\\/d1.jpeg\",\"width\":1600,\"height\":1027},{\"@type\":\"WebSite\",\"@id\":\"https:\\\/\\\/fmgente.com.ar\\\/web\\\/#website\",\"url\":\"https:\\\/\\\/fmgente.com.ar\\\/web\\\/\",\"name\":\"Fm Gente\",\"description\":\"- Jes\u00fas Mar\u00eda\",\"publisher\":{\"@id\":\"https:\\\/\\\/fmgente.com.ar\\\/web\\\/#organization\"},\"potentialAction\":[{\"@type\":\"SearchAction\",\"target\":{\"@type\":\"EntryPoint\",\"urlTemplate\":\"https:\\\/\\\/fmgente.com.ar\\\/web\\\/?s={search_term_string}\"},\"query-input\":{\"@type\":\"PropertyValueSpecification\",\"valueRequired\":true,\"valueName\":\"search_term_string\"}}],\"inLanguage\":\"es\"},{\"@type\":\"Organization\",\"@id\":\"https:\\\/\\\/fmgente.com.ar\\\/web\\\/#organization\",\"name\":\"Fm Gente\",\"url\":\"https:\\\/\\\/fmgente.com.ar\\\/web\\\/\",\"logo\":{\"@type\":\"ImageObject\",\"inLanguage\":\"es\",\"@id\":\"https:\\\/\\\/fmgente.com.ar\\\/web\\\/#\\\/schema\\\/logo\\\/image\\\/\",\"url\":\"https:\\\/\\\/fmgente.com.ar\\\/web\\\/wp-content\\\/uploads\\\/2023\\\/07\\\/cropped-cropped-logo-sombra2.png\",\"contentUrl\":\"https:\\\/\\\/fmgente.com.ar\\\/web\\\/wp-content\\\/uploads\\\/2023\\\/07\\\/cropped-cropped-logo-sombra2.png\",\"width\":1782,\"height\":1782,\"caption\":\"Fm Gente\"},\"image\":{\"@id\":\"https:\\\/\\\/fmgente.com.ar\\\/web\\\/#\\\/schema\\\/logo\\\/image\\\/\"}},{\"@type\":\"Person\",\"@id\":\"https:\\\/\\\/fmgente.com.ar\\\/web\\\/#\\\/schema\\\/person\\\/ba03fa75c17effdaafbd6daa1d78c508\",\"name\":\"Adri\u00e1n Hern\u00e1ndez\",\"url\":\"https:\\\/\\\/fmgente.com.ar\\\/web\\\/author\\\/c1601891\\\/\"}]}<\/script>\n<!-- \/ Yoast SEO plugin. -->","yoast_head_json":{"title":"Producci\u00f3n y sustentabilidad: una empresa local fabrica durmientes con pl\u00e1stico reciclado - Fm Gente","robots":{"index":"index","follow":"follow","max-snippet":"max-snippet:-1","max-image-preview":"max-image-preview:large","max-video-preview":"max-video-preview:-1"},"canonical":"https:\/\/fmgente.com.ar\/web\/produccion-y-sustentabilidad-una-empresa-local-fabrica-durmientes-con-plastico-reciclado\/","og_locale":"es_ES","og_type":"article","og_title":"Producci\u00f3n y sustentabilidad: una empresa local fabrica durmientes con pl\u00e1stico reciclado - Fm Gente","og_description":"El Ministro de Producci\u00f3n, Ciencia e Innovaci\u00f3n Tecnol\u00f3gica, Pedro Dellarossa, visit\u00f3 la planta y dialog\u00f3","og_url":"https:\/\/fmgente.com.ar\/web\/produccion-y-sustentabilidad-una-empresa-local-fabrica-durmientes-con-plastico-reciclado\/","og_site_name":"Fm Gente","article_published_time":"2024-03-05T12:12:42+00:00","og_image":[{"width":1600,"height":1027,"url":"https:\/\/fmgente.com.ar\/web\/wp-content\/uploads\/2024\/03\/d1.jpeg","type":"image\/jpeg"}],"author":"Adri\u00e1n Hern\u00e1ndez","twitter_card":"summary_large_image","twitter_misc":{"Escrito por":"Adri\u00e1n Hern\u00e1ndez","Tiempo de lectura":"3 minutos"},"schema":{"@context":"https:\/\/schema.org","@graph":[{"@type":"Article","@id":"https:\/\/fmgente.com.ar\/web\/produccion-y-sustentabilidad-una-empresa-local-fabrica-durmientes-con-plastico-reciclado\/#article","isPartOf":{"@id":"https:\/\/fmgente.com.ar\/web\/produccion-y-sustentabilidad-una-empresa-local-fabrica-durmientes-con-plastico-reciclado\/"},"author":{"name":"Adri\u00e1n Hern\u00e1ndez","@id":"https:\/\/fmgente.com.ar\/web\/#\/schema\/person\/ba03fa75c17effdaafbd6daa1d78c508"},"headline":"Producci\u00f3n y sustentabilidad: una empresa local fabrica durmientes con pl\u00e1stico reciclado","datePublished":"2024-03-05T12:12:42+00:00","mainEntityOfPage":{"@id":"https:\/\/fmgente.com.ar\/web\/produccion-y-sustentabilidad-una-empresa-local-fabrica-durmientes-con-plastico-reciclado\/"},"wordCount":447,"publisher":{"@id":"https:\/\/fmgente.com.ar\/web\/#organization"},"image":{"@id":"https:\/\/fmgente.com.ar\/web\/produccion-y-sustentabilidad-una-empresa-local-fabrica-durmientes-con-plastico-reciclado\/#primaryimage"},"thumbnailUrl":"https:\/\/fmgente.com.ar\/web\/wp-content\/uploads\/2024\/03\/d1.jpeg","keywords":["actividades","Arte","Bomberos","ciencia","clima","cultura","dengue","deportes","educaci\u00f3n","festivales","Gobierno de C\u00f3rdoba","incendios","Legislatura","Llaryora","maternidad","ministerios","museos","noticias","obras","polic\u00eda","programas","provinciales","salud","Servicios P\u00fablicos","sindicatos","tecnolog\u00eda","turismo","verano"],"articleSection":["DESTACADAS"],"inLanguage":"es"},{"@type":"WebPage","@id":"https:\/\/fmgente.com.ar\/web\/produccion-y-sustentabilidad-una-empresa-local-fabrica-durmientes-con-plastico-reciclado\/","url":"https:\/\/fmgente.com.ar\/web\/produccion-y-sustentabilidad-una-empresa-local-fabrica-durmientes-con-plastico-reciclado\/","name":"Producci\u00f3n y sustentabilidad: una empresa local fabrica durmientes con pl\u00e1stico reciclado - Fm Gente","isPartOf":{"@id":"https:\/\/fmgente.com.ar\/web\/#website"},"primaryImageOfPage":{"@id":"https:\/\/fmgente.com.ar\/web\/produccion-y-sustentabilidad-una-empresa-local-fabrica-durmientes-con-plastico-reciclado\/#primaryimage"},"image":{"@id":"https:\/\/fmgente.com.ar\/web\/produccion-y-sustentabilidad-una-empresa-local-fabrica-durmientes-con-plastico-reciclado\/#primaryimage"},"thumbnailUrl":"https:\/\/fmgente.com.ar\/web\/wp-content\/uploads\/2024\/03\/d1.jpeg","datePublished":"2024-03-05T12:12:42+00:00","inLanguage":"es","potentialAction":[{"@type":"ReadAction","target":["https:\/\/fmgente.com.ar\/web\/produccion-y-sustentabilidad-una-empresa-local-fabrica-durmientes-con-plastico-reciclado\/"]}]},{"@type":"ImageObject","inLanguage":"es","@id":"https:\/\/fmgente.com.ar\/web\/produccion-y-sustentabilidad-una-empresa-local-fabrica-durmientes-con-plastico-reciclado\/#primaryimage","url":"https:\/\/fmgente.com.ar\/web\/wp-content\/uploads\/2024\/03\/d1.jpeg","contentUrl":"https:\/\/fmgente.com.ar\/web\/wp-content\/uploads\/2024\/03\/d1.jpeg","width":1600,"height":1027},{"@type":"WebSite","@id":"https:\/\/fmgente.com.ar\/web\/#website","url":"https:\/\/fmgente.com.ar\/web\/","name":"Fm Gente","description":"- Jes\u00fas Mar\u00eda","publisher":{"@id":"https:\/\/fmgente.com.ar\/web\/#organization"},"potentialAction":[{"@type":"SearchAction","target":{"@type":"EntryPoint","urlTemplate":"https:\/\/fmgente.com.ar\/web\/?s={search_term_string}"},"query-input":{"@type":"PropertyValueSpecification","valueRequired":true,"valueName":"search_term_string"}}],"inLanguage":"es"},{"@type":"Organization","@id":"https:\/\/fmgente.com.ar\/web\/#organization","name":"Fm Gente","url":"https:\/\/fmgente.com.ar\/web\/","logo":{"@type":"ImageObject","inLanguage":"es","@id":"https:\/\/fmgente.com.ar\/web\/#\/schema\/logo\/image\/","url":"https:\/\/fmgente.com.ar\/web\/wp-content\/uploads\/2023\/07\/cropped-cropped-logo-sombra2.png","contentUrl":"https:\/\/fmgente.com.ar\/web\/wp-content\/uploads\/2023\/07\/cropped-cropped-logo-sombra2.png","width":1782,"height":1782,"caption":"Fm Gente"},"image":{"@id":"https:\/\/fmgente.com.ar\/web\/#\/schema\/logo\/image\/"}},{"@type":"Person","@id":"https:\/\/fmgente.com.ar\/web\/#\/schema\/person\/ba03fa75c17effdaafbd6daa1d78c508","name":"Adri\u00e1n Hern\u00e1ndez","url":"https:\/\/fmgente.com.ar\/web\/author\/c1601891\/"}]}},"_links":{"self":[{"href":"https:\/\/fmgente.com.ar\/web\/wp-json\/wp\/v2\/posts\/2846","targetHints":{"allow":["GET"]}}],"collection":[{"href":"https:\/\/fmgente.com.ar\/web\/wp-json\/wp\/v2\/posts"}],"about":[{"href":"https:\/\/fmgente.com.ar\/web\/wp-json\/wp\/v2\/types\/post"}],"author":[{"embeddable":true,"href":"https:\/\/fmgente.com.ar\/web\/wp-json\/wp\/v2\/users\/2"}],"replies":[{"embeddable":true,"href":"https:\/\/fmgente.com.ar\/web\/wp-json\/wp\/v2\/comments?post=2846"}],"version-history":[{"count":1,"href":"https:\/\/fmgente.com.ar\/web\/wp-json\/wp\/v2\/posts\/2846\/revisions"}],"predecessor-version":[{"id":2848,"href":"https:\/\/fmgente.com.ar\/web\/wp-json\/wp\/v2\/posts\/2846\/revisions\/2848"}],"wp:featuredmedia":[{"embeddable":true,"href":"https:\/\/fmgente.com.ar\/web\/wp-json\/wp\/v2\/media\/2847"}],"wp:attachment":[{"href":"https:\/\/fmgente.com.ar\/web\/wp-json\/wp\/v2\/media?parent=2846"}],"wp:term":[{"taxonomy":"category","embeddable":true,"href":"https:\/\/fmgente.com.ar\/web\/wp-json\/wp\/v2\/categories?post=2846"},{"taxonomy":"post_tag","embeddable":true,"href":"https:\/\/fmgente.com.ar\/web\/wp-json\/wp\/v2\/tags?post=2846"}],"curies":[{"name":"wp","href":"https:\/\/api.w.org\/{rel}","templated":true}]}}