{"id":2786,"date":"2024-03-04T09:59:56","date_gmt":"2024-03-04T12:59:56","guid":{"rendered":"https:\/\/fmgente.com.ar\/?p=2786"},"modified":"2024-03-04T09:59:56","modified_gmt":"2024-03-04T12:59:56","slug":"comenzo-la-campana-de-vacunacion-para-embarazadas-contra-el-virus-sincicial-respiratorio","status":"publish","type":"post","link":"https:\/\/fmgente.com.ar\/web\/comenzo-la-campana-de-vacunacion-para-embarazadas-contra-el-virus-sincicial-respiratorio\/","title":{"rendered":"Comenz\u00f3 la campa\u00f1a de vacunaci\u00f3n para embarazadas contra el virus Sincicial Respiratorio"},"content":{"rendered":"<article id=\"post-587796\" class=\"post-587796 post type-post status-publish format-standard has-post-thumbnail hentry category-informacion-general category-no-home category-salud-2 ast-article-single\">\n<div class=\"ast-post-format- single-layout-1\">\n<div class=\"entry-content clear\">\n<p class=\" eplus-wrapper\">El Ministerio de Salud recuerda que el pasado viernes comenz\u00f3 la aplicaci\u00f3n de la vacuna contra el Virus Sincicial Respiratorio (VSR) dirigida a embarazadas, entre las semanas 32 y 36 de gestaci\u00f3n, en la red de vacunatorios habilitados en toda la provincia.<\/p>\n<p class=\" eplus-wrapper\">La campa\u00f1a, que se extiende hasta el 31 de julio, tiene como objetivo proteger al beb\u00e9 durante los primeros meses de vida contra las formas graves de infecci\u00f3n por virus sincicial respiratorio, causante principal de bronquiolitis y neumon\u00edas en esa etapa.<\/p>\n<p class=\" eplus-wrapper\">Mediante esta inmunizaci\u00f3n, la persona gestante transfiere anticuerpos a trav\u00e9s de la placenta y luego a trav\u00e9s de la lactancia al beb\u00e9.<\/p>\n<p class=\" eplus-wrapper\">Vale destacar que puede colocarse junto con cualquiera de las otras vacunas indicadas durante el embarazo (triple bacteriana acelular, antigripal, COVID-19 y hepatitis B).<\/p>\n<p class=\" eplus-wrapper\">La vacuna se aplica de forma gratuita y obligatoria en la red de vacunatorios habilitados en toda la provincia.<\/p>\n<h3 class=\" wp-block-heading eplus-wrapper\">Sobre el VSR<\/h3>\n<p class=\" eplus-wrapper\">El VSR es el causante de la mayor\u00eda de las infecciones respiratorias agudas bajas (IRAB) en la infancia y de las internaciones por esta causa.<\/p>\n<p class=\" eplus-wrapper\">En menores de un a\u00f1o, la bronquiolitis es la forma m\u00e1s severa de presentaci\u00f3n de este virus, que puede ocurrir en ni\u00f1os previamente sanos, sin comorbilidades.<\/p>\n<p><img loading=\"lazy\" decoding=\"async\" class=\"alignnone size-full wp-image-2787\" src=\"https:\/\/fmgente.com.ar\/wp-content\/uploads\/2024\/03\/p1.jpg\" alt=\"\" width=\"990\" height=\"660\" srcset=\"https:\/\/fmgente.com.ar\/web\/wp-content\/uploads\/2024\/03\/p1.jpg 990w, https:\/\/fmgente.com.ar\/web\/wp-content\/uploads\/2024\/03\/p1-300x200.jpg 300w, https:\/\/fmgente.com.ar\/web\/wp-content\/uploads\/2024\/03\/p1-768x512.jpg 768w, https:\/\/fmgente.com.ar\/web\/wp-content\/uploads\/2024\/03\/p1-600x400.jpg 600w\" sizes=\"auto, (max-width: 990px) 100vw, 990px\" \/><\/p>\n<\/div>\n<\/div>\n<\/article>\n<p><script async src=\"https:\/\/pagead2.googlesyndication.com\/pagead\/js\/adsbygoogle.js?client=ca-pub-6190387823963118\" crossorigin=\"anonymous\"><\/script><br \/>\n<!-- publi horizontal --><br \/>\n<ins class=\"adsbygoogle\" style=\"display: block;\" data-ad-client=\"ca-pub-6190387823963118\" data-ad-slot=\"1318105772\" data-ad-format=\"auto\" data-full-width-responsive=\"true\"><\/ins><br \/>\n<script>\n     (adsbygoogle = window.adsbygoogle || []).push({});\n<\/script><\/p>\n","protected":false},"excerpt":{"rendered":"<p>El Ministerio de Salud recuerda que el pasado viernes comenz\u00f3 la aplicaci\u00f3n de la vacuna<\/p>\n","protected":false},"author":2,"featured_media":2787,"comment_status":"closed","ping_status":"closed","sticky":false,"template":"","format":"standard","meta":{"footnotes":""},"categories":[1],"tags":[714,257,457,1064,120,20,1265,216,1238,1482,899,41,514,47,269,1673,1653,1671,99,231,1672,1511,26,1304,1676,619,612,1277],"class_list":["post-2786","post","type-post","status-publish","format-standard","has-post-thumbnail","hentry","category-regionales","tag-actividades","tag-arte","tag-bomberos","tag-ciencia","tag-clima","tag-cultura","tag-dengue","tag-deportes","tag-educacion","tag-festivales","tag-gobierno-de-cordoba","tag-incendios","tag-legislatura","tag-llaryora","tag-maternidad","tag-ministerios","tag-museos","tag-noticias","tag-obras","tag-policia","tag-programas","tag-provinciales","tag-salud","tag-servicios-publicos","tag-sindicatos","tag-tecnologia","tag-turismo","tag-verano"],"yoast_head":"<!-- This site is optimized with the Yoast SEO plugin v27.4 - https:\/\/yoast.com\/product\/yoast-seo-wordpress\/ -->\n<title>Comenz\u00f3 la campa\u00f1a de vacunaci\u00f3n para embarazadas contra el virus Sincicial Respiratorio - Fm Gente<\/title>\n<meta name=\"robots\" content=\"index, follow, max-snippet:-1, max-image-preview:large, max-video-preview:-1\" \/>\n<link rel=\"canonical\" href=\"https:\/\/fmgente.com.ar\/web\/comenzo-la-campana-de-vacunacion-para-embarazadas-contra-el-virus-sincicial-respiratorio\/\" \/>\n<meta property=\"og:locale\" content=\"es_ES\" \/>\n<meta property=\"og:type\" content=\"article\" \/>\n<meta property=\"og:title\" content=\"Comenz\u00f3 la campa\u00f1a de vacunaci\u00f3n para embarazadas contra el virus Sincicial Respiratorio - Fm Gente\" \/>\n<meta property=\"og:description\" content=\"El Ministerio de Salud recuerda que el pasado viernes comenz\u00f3 la aplicaci\u00f3n de la vacuna\" \/>\n<meta property=\"og:url\" content=\"https:\/\/fmgente.com.ar\/web\/comenzo-la-campana-de-vacunacion-para-embarazadas-contra-el-virus-sincicial-respiratorio\/\" \/>\n<meta property=\"og:site_name\" content=\"Fm Gente\" \/>\n<meta property=\"article:published_time\" content=\"2024-03-04T12:59:56+00:00\" \/>\n<meta property=\"og:image\" content=\"https:\/\/fmgente.com.ar\/web\/wp-content\/uploads\/2024\/03\/p1.jpg\" \/>\n\t<meta property=\"og:image:width\" content=\"990\" \/>\n\t<meta property=\"og:image:height\" content=\"660\" \/>\n\t<meta property=\"og:image:type\" content=\"image\/jpeg\" \/>\n<meta name=\"author\" content=\"Adri\u00e1n Hern\u00e1ndez\" \/>\n<meta name=\"twitter:card\" content=\"summary_large_image\" \/>\n<meta name=\"twitter:label1\" content=\"Escrito por\" \/>\n\t<meta name=\"twitter:data1\" content=\"Adri\u00e1n Hern\u00e1ndez\" \/>\n\t<meta name=\"twitter:label2\" content=\"Tiempo de lectura\" \/>\n\t<meta name=\"twitter:data2\" content=\"2 minutos\" \/>\n<script type=\"application\/ld+json\" class=\"yoast-schema-graph\">{\"@context\":\"https:\\\/\\\/schema.org\",\"@graph\":[{\"@type\":\"Article\",\"@id\":\"https:\\\/\\\/fmgente.com.ar\\\/web\\\/comenzo-la-campana-de-vacunacion-para-embarazadas-contra-el-virus-sincicial-respiratorio\\\/#article\",\"isPartOf\":{\"@id\":\"https:\\\/\\\/fmgente.com.ar\\\/web\\\/comenzo-la-campana-de-vacunacion-para-embarazadas-contra-el-virus-sincicial-respiratorio\\\/\"},\"author\":{\"name\":\"Adri\u00e1n Hern\u00e1ndez\",\"@id\":\"https:\\\/\\\/fmgente.com.ar\\\/web\\\/#\\\/schema\\\/person\\\/ba03fa75c17effdaafbd6daa1d78c508\"},\"headline\":\"Comenz\u00f3 la campa\u00f1a de vacunaci\u00f3n para embarazadas contra el virus Sincicial Respiratorio\",\"datePublished\":\"2024-03-04T12:59:56+00:00\",\"mainEntityOfPage\":{\"@id\":\"https:\\\/\\\/fmgente.com.ar\\\/web\\\/comenzo-la-campana-de-vacunacion-para-embarazadas-contra-el-virus-sincicial-respiratorio\\\/\"},\"wordCount\":226,\"publisher\":{\"@id\":\"https:\\\/\\\/fmgente.com.ar\\\/web\\\/#organization\"},\"image\":{\"@id\":\"https:\\\/\\\/fmgente.com.ar\\\/web\\\/comenzo-la-campana-de-vacunacion-para-embarazadas-contra-el-virus-sincicial-respiratorio\\\/#primaryimage\"},\"thumbnailUrl\":\"https:\\\/\\\/fmgente.com.ar\\\/web\\\/wp-content\\\/uploads\\\/2024\\\/03\\\/p1.jpg\",\"keywords\":[\"actividades\",\"Arte\",\"Bomberos\",\"ciencia\",\"clima\",\"cultura\",\"dengue\",\"deportes\",\"educaci\u00f3n\",\"festivales\",\"Gobierno de C\u00f3rdoba\",\"incendios\",\"Legislatura\",\"Llaryora\",\"maternidad\",\"ministerios\",\"museos\",\"noticias\",\"obras\",\"polic\u00eda\",\"programas\",\"provinciales\",\"salud\",\"Servicios P\u00fablicos\",\"sindicatos\",\"tecnolog\u00eda\",\"turismo\",\"verano\"],\"articleSection\":[\"REGIONALES\"],\"inLanguage\":\"es\"},{\"@type\":\"WebPage\",\"@id\":\"https:\\\/\\\/fmgente.com.ar\\\/web\\\/comenzo-la-campana-de-vacunacion-para-embarazadas-contra-el-virus-sincicial-respiratorio\\\/\",\"url\":\"https:\\\/\\\/fmgente.com.ar\\\/web\\\/comenzo-la-campana-de-vacunacion-para-embarazadas-contra-el-virus-sincicial-respiratorio\\\/\",\"name\":\"Comenz\u00f3 la campa\u00f1a de vacunaci\u00f3n para embarazadas contra el virus Sincicial Respiratorio - Fm Gente\",\"isPartOf\":{\"@id\":\"https:\\\/\\\/fmgente.com.ar\\\/web\\\/#website\"},\"primaryImageOfPage\":{\"@id\":\"https:\\\/\\\/fmgente.com.ar\\\/web\\\/comenzo-la-campana-de-vacunacion-para-embarazadas-contra-el-virus-sincicial-respiratorio\\\/#primaryimage\"},\"image\":{\"@id\":\"https:\\\/\\\/fmgente.com.ar\\\/web\\\/comenzo-la-campana-de-vacunacion-para-embarazadas-contra-el-virus-sincicial-respiratorio\\\/#primaryimage\"},\"thumbnailUrl\":\"https:\\\/\\\/fmgente.com.ar\\\/web\\\/wp-content\\\/uploads\\\/2024\\\/03\\\/p1.jpg\",\"datePublished\":\"2024-03-04T12:59:56+00:00\",\"inLanguage\":\"es\",\"potentialAction\":[{\"@type\":\"ReadAction\",\"target\":[\"https:\\\/\\\/fmgente.com.ar\\\/web\\\/comenzo-la-campana-de-vacunacion-para-embarazadas-contra-el-virus-sincicial-respiratorio\\\/\"]}]},{\"@type\":\"ImageObject\",\"inLanguage\":\"es\",\"@id\":\"https:\\\/\\\/fmgente.com.ar\\\/web\\\/comenzo-la-campana-de-vacunacion-para-embarazadas-contra-el-virus-sincicial-respiratorio\\\/#primaryimage\",\"url\":\"https:\\\/\\\/fmgente.com.ar\\\/web\\\/wp-content\\\/uploads\\\/2024\\\/03\\\/p1.jpg\",\"contentUrl\":\"https:\\\/\\\/fmgente.com.ar\\\/web\\\/wp-content\\\/uploads\\\/2024\\\/03\\\/p1.jpg\",\"width\":990,\"height\":660},{\"@type\":\"WebSite\",\"@id\":\"https:\\\/\\\/fmgente.com.ar\\\/web\\\/#website\",\"url\":\"https:\\\/\\\/fmgente.com.ar\\\/web\\\/\",\"name\":\"Fm Gente\",\"description\":\"- Jes\u00fas Mar\u00eda\",\"publisher\":{\"@id\":\"https:\\\/\\\/fmgente.com.ar\\\/web\\\/#organization\"},\"potentialAction\":[{\"@type\":\"SearchAction\",\"target\":{\"@type\":\"EntryPoint\",\"urlTemplate\":\"https:\\\/\\\/fmgente.com.ar\\\/web\\\/?s={search_term_string}\"},\"query-input\":{\"@type\":\"PropertyValueSpecification\",\"valueRequired\":true,\"valueName\":\"search_term_string\"}}],\"inLanguage\":\"es\"},{\"@type\":\"Organization\",\"@id\":\"https:\\\/\\\/fmgente.com.ar\\\/web\\\/#organization\",\"name\":\"Fm Gente\",\"url\":\"https:\\\/\\\/fmgente.com.ar\\\/web\\\/\",\"logo\":{\"@type\":\"ImageObject\",\"inLanguage\":\"es\",\"@id\":\"https:\\\/\\\/fmgente.com.ar\\\/web\\\/#\\\/schema\\\/logo\\\/image\\\/\",\"url\":\"https:\\\/\\\/fmgente.com.ar\\\/web\\\/wp-content\\\/uploads\\\/2023\\\/07\\\/cropped-cropped-logo-sombra2.png\",\"contentUrl\":\"https:\\\/\\\/fmgente.com.ar\\\/web\\\/wp-content\\\/uploads\\\/2023\\\/07\\\/cropped-cropped-logo-sombra2.png\",\"width\":1782,\"height\":1782,\"caption\":\"Fm Gente\"},\"image\":{\"@id\":\"https:\\\/\\\/fmgente.com.ar\\\/web\\\/#\\\/schema\\\/logo\\\/image\\\/\"}},{\"@type\":\"Person\",\"@id\":\"https:\\\/\\\/fmgente.com.ar\\\/web\\\/#\\\/schema\\\/person\\\/ba03fa75c17effdaafbd6daa1d78c508\",\"name\":\"Adri\u00e1n Hern\u00e1ndez\",\"url\":\"https:\\\/\\\/fmgente.com.ar\\\/web\\\/author\\\/c1601891\\\/\"}]}<\/script>\n<!-- \/ Yoast SEO plugin. -->","yoast_head_json":{"title":"Comenz\u00f3 la campa\u00f1a de vacunaci\u00f3n para embarazadas contra el virus Sincicial Respiratorio - Fm Gente","robots":{"index":"index","follow":"follow","max-snippet":"max-snippet:-1","max-image-preview":"max-image-preview:large","max-video-preview":"max-video-preview:-1"},"canonical":"https:\/\/fmgente.com.ar\/web\/comenzo-la-campana-de-vacunacion-para-embarazadas-contra-el-virus-sincicial-respiratorio\/","og_locale":"es_ES","og_type":"article","og_title":"Comenz\u00f3 la campa\u00f1a de vacunaci\u00f3n para embarazadas contra el virus Sincicial Respiratorio - Fm Gente","og_description":"El Ministerio de Salud recuerda que el pasado viernes comenz\u00f3 la aplicaci\u00f3n de la vacuna","og_url":"https:\/\/fmgente.com.ar\/web\/comenzo-la-campana-de-vacunacion-para-embarazadas-contra-el-virus-sincicial-respiratorio\/","og_site_name":"Fm Gente","article_published_time":"2024-03-04T12:59:56+00:00","og_image":[{"width":990,"height":660,"url":"https:\/\/fmgente.com.ar\/web\/wp-content\/uploads\/2024\/03\/p1.jpg","type":"image\/jpeg"}],"author":"Adri\u00e1n Hern\u00e1ndez","twitter_card":"summary_large_image","twitter_misc":{"Escrito por":"Adri\u00e1n Hern\u00e1ndez","Tiempo de lectura":"2 minutos"},"schema":{"@context":"https:\/\/schema.org","@graph":[{"@type":"Article","@id":"https:\/\/fmgente.com.ar\/web\/comenzo-la-campana-de-vacunacion-para-embarazadas-contra-el-virus-sincicial-respiratorio\/#article","isPartOf":{"@id":"https:\/\/fmgente.com.ar\/web\/comenzo-la-campana-de-vacunacion-para-embarazadas-contra-el-virus-sincicial-respiratorio\/"},"author":{"name":"Adri\u00e1n Hern\u00e1ndez","@id":"https:\/\/fmgente.com.ar\/web\/#\/schema\/person\/ba03fa75c17effdaafbd6daa1d78c508"},"headline":"Comenz\u00f3 la campa\u00f1a de vacunaci\u00f3n para embarazadas contra el virus Sincicial Respiratorio","datePublished":"2024-03-04T12:59:56+00:00","mainEntityOfPage":{"@id":"https:\/\/fmgente.com.ar\/web\/comenzo-la-campana-de-vacunacion-para-embarazadas-contra-el-virus-sincicial-respiratorio\/"},"wordCount":226,"publisher":{"@id":"https:\/\/fmgente.com.ar\/web\/#organization"},"image":{"@id":"https:\/\/fmgente.com.ar\/web\/comenzo-la-campana-de-vacunacion-para-embarazadas-contra-el-virus-sincicial-respiratorio\/#primaryimage"},"thumbnailUrl":"https:\/\/fmgente.com.ar\/web\/wp-content\/uploads\/2024\/03\/p1.jpg","keywords":["actividades","Arte","Bomberos","ciencia","clima","cultura","dengue","deportes","educaci\u00f3n","festivales","Gobierno de C\u00f3rdoba","incendios","Legislatura","Llaryora","maternidad","ministerios","museos","noticias","obras","polic\u00eda","programas","provinciales","salud","Servicios P\u00fablicos","sindicatos","tecnolog\u00eda","turismo","verano"],"articleSection":["REGIONALES"],"inLanguage":"es"},{"@type":"WebPage","@id":"https:\/\/fmgente.com.ar\/web\/comenzo-la-campana-de-vacunacion-para-embarazadas-contra-el-virus-sincicial-respiratorio\/","url":"https:\/\/fmgente.com.ar\/web\/comenzo-la-campana-de-vacunacion-para-embarazadas-contra-el-virus-sincicial-respiratorio\/","name":"Comenz\u00f3 la campa\u00f1a de vacunaci\u00f3n para embarazadas contra el virus Sincicial Respiratorio - Fm Gente","isPartOf":{"@id":"https:\/\/fmgente.com.ar\/web\/#website"},"primaryImageOfPage":{"@id":"https:\/\/fmgente.com.ar\/web\/comenzo-la-campana-de-vacunacion-para-embarazadas-contra-el-virus-sincicial-respiratorio\/#primaryimage"},"image":{"@id":"https:\/\/fmgente.com.ar\/web\/comenzo-la-campana-de-vacunacion-para-embarazadas-contra-el-virus-sincicial-respiratorio\/#primaryimage"},"thumbnailUrl":"https:\/\/fmgente.com.ar\/web\/wp-content\/uploads\/2024\/03\/p1.jpg","datePublished":"2024-03-04T12:59:56+00:00","inLanguage":"es","potentialAction":[{"@type":"ReadAction","target":["https:\/\/fmgente.com.ar\/web\/comenzo-la-campana-de-vacunacion-para-embarazadas-contra-el-virus-sincicial-respiratorio\/"]}]},{"@type":"ImageObject","inLanguage":"es","@id":"https:\/\/fmgente.com.ar\/web\/comenzo-la-campana-de-vacunacion-para-embarazadas-contra-el-virus-sincicial-respiratorio\/#primaryimage","url":"https:\/\/fmgente.com.ar\/web\/wp-content\/uploads\/2024\/03\/p1.jpg","contentUrl":"https:\/\/fmgente.com.ar\/web\/wp-content\/uploads\/2024\/03\/p1.jpg","width":990,"height":660},{"@type":"WebSite","@id":"https:\/\/fmgente.com.ar\/web\/#website","url":"https:\/\/fmgente.com.ar\/web\/","name":"Fm Gente","description":"- Jes\u00fas Mar\u00eda","publisher":{"@id":"https:\/\/fmgente.com.ar\/web\/#organization"},"potentialAction":[{"@type":"SearchAction","target":{"@type":"EntryPoint","urlTemplate":"https:\/\/fmgente.com.ar\/web\/?s={search_term_string}"},"query-input":{"@type":"PropertyValueSpecification","valueRequired":true,"valueName":"search_term_string"}}],"inLanguage":"es"},{"@type":"Organization","@id":"https:\/\/fmgente.com.ar\/web\/#organization","name":"Fm Gente","url":"https:\/\/fmgente.com.ar\/web\/","logo":{"@type":"ImageObject","inLanguage":"es","@id":"https:\/\/fmgente.com.ar\/web\/#\/schema\/logo\/image\/","url":"https:\/\/fmgente.com.ar\/web\/wp-content\/uploads\/2023\/07\/cropped-cropped-logo-sombra2.png","contentUrl":"https:\/\/fmgente.com.ar\/web\/wp-content\/uploads\/2023\/07\/cropped-cropped-logo-sombra2.png","width":1782,"height":1782,"caption":"Fm Gente"},"image":{"@id":"https:\/\/fmgente.com.ar\/web\/#\/schema\/logo\/image\/"}},{"@type":"Person","@id":"https:\/\/fmgente.com.ar\/web\/#\/schema\/person\/ba03fa75c17effdaafbd6daa1d78c508","name":"Adri\u00e1n Hern\u00e1ndez","url":"https:\/\/fmgente.com.ar\/web\/author\/c1601891\/"}]}},"_links":{"self":[{"href":"https:\/\/fmgente.com.ar\/web\/wp-json\/wp\/v2\/posts\/2786","targetHints":{"allow":["GET"]}}],"collection":[{"href":"https:\/\/fmgente.com.ar\/web\/wp-json\/wp\/v2\/posts"}],"about":[{"href":"https:\/\/fmgente.com.ar\/web\/wp-json\/wp\/v2\/types\/post"}],"author":[{"embeddable":true,"href":"https:\/\/fmgente.com.ar\/web\/wp-json\/wp\/v2\/users\/2"}],"replies":[{"embeddable":true,"href":"https:\/\/fmgente.com.ar\/web\/wp-json\/wp\/v2\/comments?post=2786"}],"version-history":[{"count":1,"href":"https:\/\/fmgente.com.ar\/web\/wp-json\/wp\/v2\/posts\/2786\/revisions"}],"predecessor-version":[{"id":2788,"href":"https:\/\/fmgente.com.ar\/web\/wp-json\/wp\/v2\/posts\/2786\/revisions\/2788"}],"wp:featuredmedia":[{"embeddable":true,"href":"https:\/\/fmgente.com.ar\/web\/wp-json\/wp\/v2\/media\/2787"}],"wp:attachment":[{"href":"https:\/\/fmgente.com.ar\/web\/wp-json\/wp\/v2\/media?parent=2786"}],"wp:term":[{"taxonomy":"category","embeddable":true,"href":"https:\/\/fmgente.com.ar\/web\/wp-json\/wp\/v2\/categories?post=2786"},{"taxonomy":"post_tag","embeddable":true,"href":"https:\/\/fmgente.com.ar\/web\/wp-json\/wp\/v2\/tags?post=2786"}],"curies":[{"name":"wp","href":"https:\/\/api.w.org\/{rel}","templated":true}]}}