{"id":2783,"date":"2024-03-04T09:56:24","date_gmt":"2024-03-04T12:56:24","guid":{"rendered":"https:\/\/fmgente.com.ar\/?p=2783"},"modified":"2024-03-04T09:56:24","modified_gmt":"2024-03-04T12:56:24","slug":"villa-allende-fpa-desarticulo-una-banda-familiar-que-utilizaba-un-taller-de-autos-y-una-despensa-como-patalla-para-la-venta-de-drogas","status":"publish","type":"post","link":"https:\/\/fmgente.com.ar\/web\/villa-allende-fpa-desarticulo-una-banda-familiar-que-utilizaba-un-taller-de-autos-y-una-despensa-como-patalla-para-la-venta-de-drogas\/","title":{"rendered":"VILLA ALLENDE: FPA DESARTICUL\u00d3 UNA BANDA FAMILIAR QUE UTILIZABA UN TALLER DE AUTOS Y UNA DESPENSA COMO PATALLA PARA LA VENTA DE DROGAS"},"content":{"rendered":"<p>Efectivos de la Fuerza Policial Antinarcotr\u00e1fico efectuaron un operativo en barrio La Cruz de la ciudad de Villa Allende donde se detuvo a un sujeto y tres mujeres mayores de edad por infracci\u00f3n a la Ley Nacional de Estupefacientes 23.737.<\/p>\n<p>El dispositivo se desarroll\u00f3 en un inmueble de calle Chacabuco al 1000 del barrio ubicado al sudoeste de la ciudad del departamento Col\u00f3n. Personal de la Compa\u00f1\u00eda de Intervenciones Especiales (C.I.E) cont\u00f3 con la colaboraci\u00f3n de personal de Seguridad Ciudadana y Polic\u00eda de C\u00f3rdoba en la seguridad del per\u00edmetro externo a la morada.<\/p>\n<p>En el domicilio, investigadores de la FPA junto a canes detectores de narc\u00f3ticos de la Divisi\u00f3n K-9, lograron el secuestro de 140 dosis de coca\u00edna, varias dosis de marihuana, dos veh\u00edculos, documentaci\u00f3n y elementos de inter\u00e9s para la causa.<\/p>\n<p>Cabe mencionar que, seg\u00fan investigaciones, los aprehendidos ser\u00edan una banda familiar dedicada a la venta de estupefacientes liderada por el padre (56), su esposa (43) y sus dos hijas (26 y 20). A su vez, dicha banda se val\u00eda de dos comercios un taller mec\u00e1nico y una despensa (ubicadas en el mismo domicilio y separados por entradas independientes) como pantalla para la comercializaci\u00f3n de estupefacientes.<\/p>\n<p>La totalidad del dispositivo estuvo supervisada por la Fiscal\u00eda de Lucha Contra el Narcotr\u00e1fico del Primer Turno, quienes ordenaron el traslado de los investigados a sede judicial por infracci\u00f3n a la Ley Nacional de Estupefacientes 23.737.<\/p>\n<p><img loading=\"lazy\" decoding=\"async\" class=\"alignnone wp-image-44127\" src=\"https:\/\/www.mpfcordoba.gob.ar\/wp-content\/uploads\/2024\/03\/WhatsApp-Image-2024-03-02-at-12.04.04-940x844.jpeg\" sizes=\"auto, (max-width: 500px) 100vw, 500px\" srcset=\"https:\/\/www.mpfcordoba.gob.ar\/wp-content\/uploads\/2024\/03\/WhatsApp-Image-2024-03-02-at-12.04.04-940x844.jpeg?v=1709428403 940w, https:\/\/www.mpfcordoba.gob.ar\/wp-content\/uploads\/2024\/03\/WhatsApp-Image-2024-03-02-at-12.04.04-768x689.jpeg?v=1709428403 768w, https:\/\/www.mpfcordoba.gob.ar\/wp-content\/uploads\/2024\/03\/WhatsApp-Image-2024-03-02-at-12.04.04.jpeg?v=1709428403 1200w\" alt=\"\" width=\"500\" height=\"449\" \/><br \/>\n<img loading=\"lazy\" decoding=\"async\" class=\"alignnone wp-image-44126\" src=\"https:\/\/www.mpfcordoba.gob.ar\/wp-content\/uploads\/2024\/03\/WhatsApp-Image-2024-03-02-at-12.03.29-940x423.jpeg\" sizes=\"auto, (max-width: 500px) 100vw, 500px\" srcset=\"https:\/\/www.mpfcordoba.gob.ar\/wp-content\/uploads\/2024\/03\/WhatsApp-Image-2024-03-02-at-12.03.29-940x423.jpeg?v=1709428400 940w, https:\/\/www.mpfcordoba.gob.ar\/wp-content\/uploads\/2024\/03\/WhatsApp-Image-2024-03-02-at-12.03.29-768x346.jpeg?v=1709428400 768w, https:\/\/www.mpfcordoba.gob.ar\/wp-content\/uploads\/2024\/03\/WhatsApp-Image-2024-03-02-at-12.03.29-1536x691.jpeg?v=1709428400 1536w, https:\/\/www.mpfcordoba.gob.ar\/wp-content\/uploads\/2024\/03\/WhatsApp-Image-2024-03-02-at-12.03.29.jpeg?v=1709428400 1600w\" alt=\"\" width=\"500\" height=\"225\" \/><br \/>\n<img loading=\"lazy\" decoding=\"async\" class=\"alignnone wp-image-44125\" src=\"https:\/\/www.mpfcordoba.gob.ar\/wp-content\/uploads\/2024\/03\/WhatsApp-Image-2024-03-02-at-12.15.25-940x707.jpeg\" sizes=\"auto, (max-width: 500px) 100vw, 500px\" srcset=\"https:\/\/www.mpfcordoba.gob.ar\/wp-content\/uploads\/2024\/03\/WhatsApp-Image-2024-03-02-at-12.15.25-940x707.jpeg?v=1709428398 940w, https:\/\/www.mpfcordoba.gob.ar\/wp-content\/uploads\/2024\/03\/WhatsApp-Image-2024-03-02-at-12.15.25-768x578.jpeg?v=1709428398 768w, https:\/\/www.mpfcordoba.gob.ar\/wp-content\/uploads\/2024\/03\/WhatsApp-Image-2024-03-02-at-12.15.25-1536x1156.jpeg?v=1709428398 1536w, https:\/\/www.mpfcordoba.gob.ar\/wp-content\/uploads\/2024\/03\/WhatsApp-Image-2024-03-02-at-12.15.25.jpeg?v=1709428398 1600w\" alt=\"\" width=\"500\" height=\"376\" \/><\/p>\n<p><script async src=\"https:\/\/pagead2.googlesyndication.com\/pagead\/js\/adsbygoogle.js?client=ca-pub-6190387823963118\" crossorigin=\"anonymous\"><\/script><br \/>\n<!-- publi horizontal --><br \/>\n<ins class=\"adsbygoogle\" style=\"display: block;\" data-ad-client=\"ca-pub-6190387823963118\" data-ad-slot=\"1318105772\" data-ad-format=\"auto\" data-full-width-responsive=\"true\"><\/ins><br \/>\n<script>\n     (adsbygoogle = window.adsbygoogle || []).push({});\n<\/script><\/p>\n","protected":false},"excerpt":{"rendered":"<p>Efectivos de la Fuerza Policial Antinarcotr\u00e1fico efectuaron un operativo en barrio La Cruz de la<\/p>\n","protected":false},"author":2,"featured_media":2784,"comment_status":"closed","ping_status":"closed","sticky":false,"template":"","format":"standard","meta":{"footnotes":""},"categories":[1],"tags":[714,120,303,20,1238,249,92,1469,1679,1682,793,1681,1671,99,1131,1015,26,791,1678,408],"class_list":["post-2783","post","type-post","status-publish","format-standard","has-post-thumbnail","hentry","category-regionales","tag-actividades","tag-clima","tag-colonia-caroya","tag-cultura","tag-educacion","tag-fpa","tag-jesus-maria","tag-jineteada","tag-locales","tag-mpf","tag-municipalidad","tag-narcotrafico","tag-noticias","tag-obras","tag-policia-de-cordoba","tag-region","tag-salud","tag-sinsacate","tag-tazas","tag-transporte"],"yoast_head":"<!-- This site is optimized with the Yoast SEO plugin v27.4 - https:\/\/yoast.com\/product\/yoast-seo-wordpress\/ -->\n<title>VILLA ALLENDE: FPA DESARTICUL\u00d3 UNA BANDA FAMILIAR QUE UTILIZABA UN TALLER DE AUTOS Y UNA DESPENSA COMO PATALLA PARA LA VENTA DE DROGAS - Fm Gente<\/title>\n<meta name=\"robots\" content=\"index, follow, max-snippet:-1, max-image-preview:large, max-video-preview:-1\" \/>\n<link rel=\"canonical\" href=\"https:\/\/fmgente.com.ar\/web\/villa-allende-fpa-desarticulo-una-banda-familiar-que-utilizaba-un-taller-de-autos-y-una-despensa-como-patalla-para-la-venta-de-drogas\/\" \/>\n<meta property=\"og:locale\" content=\"es_ES\" \/>\n<meta property=\"og:type\" content=\"article\" \/>\n<meta property=\"og:title\" content=\"VILLA ALLENDE: FPA DESARTICUL\u00d3 UNA BANDA FAMILIAR QUE UTILIZABA UN TALLER DE AUTOS Y UNA DESPENSA COMO PATALLA PARA LA VENTA DE DROGAS - Fm Gente\" \/>\n<meta property=\"og:description\" content=\"Efectivos de la Fuerza Policial Antinarcotr\u00e1fico efectuaron un operativo en barrio La Cruz de la\" \/>\n<meta property=\"og:url\" content=\"https:\/\/fmgente.com.ar\/web\/villa-allende-fpa-desarticulo-una-banda-familiar-que-utilizaba-un-taller-de-autos-y-una-despensa-como-patalla-para-la-venta-de-drogas\/\" \/>\n<meta property=\"og:site_name\" content=\"Fm Gente\" \/>\n<meta property=\"article:published_time\" content=\"2024-03-04T12:56:24+00:00\" \/>\n<meta property=\"og:image\" content=\"https:\/\/fmgente.com.ar\/web\/wp-content\/uploads\/2024\/03\/mpf4.jpeg\" \/>\n\t<meta property=\"og:image:width\" content=\"1600\" \/>\n\t<meta property=\"og:image:height\" content=\"1204\" \/>\n\t<meta property=\"og:image:type\" content=\"image\/jpeg\" \/>\n<meta name=\"author\" content=\"Adri\u00e1n Hern\u00e1ndez\" \/>\n<meta name=\"twitter:card\" content=\"summary_large_image\" \/>\n<meta name=\"twitter:label1\" content=\"Escrito por\" \/>\n\t<meta name=\"twitter:data1\" content=\"Adri\u00e1n Hern\u00e1ndez\" \/>\n\t<meta name=\"twitter:label2\" content=\"Tiempo de lectura\" \/>\n\t<meta name=\"twitter:data2\" content=\"2 minutos\" \/>\n<script type=\"application\/ld+json\" class=\"yoast-schema-graph\">{\"@context\":\"https:\\\/\\\/schema.org\",\"@graph\":[{\"@type\":\"Article\",\"@id\":\"https:\\\/\\\/fmgente.com.ar\\\/web\\\/villa-allende-fpa-desarticulo-una-banda-familiar-que-utilizaba-un-taller-de-autos-y-una-despensa-como-patalla-para-la-venta-de-drogas\\\/#article\",\"isPartOf\":{\"@id\":\"https:\\\/\\\/fmgente.com.ar\\\/web\\\/villa-allende-fpa-desarticulo-una-banda-familiar-que-utilizaba-un-taller-de-autos-y-una-despensa-como-patalla-para-la-venta-de-drogas\\\/\"},\"author\":{\"name\":\"Adri\u00e1n Hern\u00e1ndez\",\"@id\":\"https:\\\/\\\/fmgente.com.ar\\\/web\\\/#\\\/schema\\\/person\\\/ba03fa75c17effdaafbd6daa1d78c508\"},\"headline\":\"VILLA ALLENDE: FPA DESARTICUL\u00d3 UNA BANDA FAMILIAR QUE UTILIZABA UN TALLER DE AUTOS Y UNA DESPENSA COMO PATALLA PARA LA VENTA DE DROGAS\",\"datePublished\":\"2024-03-04T12:56:24+00:00\",\"mainEntityOfPage\":{\"@id\":\"https:\\\/\\\/fmgente.com.ar\\\/web\\\/villa-allende-fpa-desarticulo-una-banda-familiar-que-utilizaba-un-taller-de-autos-y-una-despensa-como-patalla-para-la-venta-de-drogas\\\/\"},\"wordCount\":272,\"publisher\":{\"@id\":\"https:\\\/\\\/fmgente.com.ar\\\/web\\\/#organization\"},\"image\":{\"@id\":\"https:\\\/\\\/fmgente.com.ar\\\/web\\\/villa-allende-fpa-desarticulo-una-banda-familiar-que-utilizaba-un-taller-de-autos-y-una-despensa-como-patalla-para-la-venta-de-drogas\\\/#primaryimage\"},\"thumbnailUrl\":\"https:\\\/\\\/fmgente.com.ar\\\/web\\\/wp-content\\\/uploads\\\/2024\\\/03\\\/mpf4.jpeg\",\"keywords\":[\"actividades\",\"clima\",\"Colonia Caroya\",\"cultura\",\"educaci\u00f3n\",\"fpa\",\"Jes\u00fas Mar\u00eda\",\"Jineteada\",\"locales\",\"MPF\",\"Municipalidad\",\"narcotr\u00e1fico\",\"noticias\",\"obras\",\"Polic\u00eda de c\u00f3rdoba\",\"regi\u00f3n\",\"salud\",\"Sinsacate\",\"tazas\",\"transporte\"],\"articleSection\":[\"REGIONALES\"],\"inLanguage\":\"es\"},{\"@type\":\"WebPage\",\"@id\":\"https:\\\/\\\/fmgente.com.ar\\\/web\\\/villa-allende-fpa-desarticulo-una-banda-familiar-que-utilizaba-un-taller-de-autos-y-una-despensa-como-patalla-para-la-venta-de-drogas\\\/\",\"url\":\"https:\\\/\\\/fmgente.com.ar\\\/web\\\/villa-allende-fpa-desarticulo-una-banda-familiar-que-utilizaba-un-taller-de-autos-y-una-despensa-como-patalla-para-la-venta-de-drogas\\\/\",\"name\":\"VILLA ALLENDE: FPA DESARTICUL\u00d3 UNA BANDA FAMILIAR QUE UTILIZABA UN TALLER DE AUTOS Y UNA DESPENSA COMO PATALLA PARA LA VENTA DE DROGAS - Fm Gente\",\"isPartOf\":{\"@id\":\"https:\\\/\\\/fmgente.com.ar\\\/web\\\/#website\"},\"primaryImageOfPage\":{\"@id\":\"https:\\\/\\\/fmgente.com.ar\\\/web\\\/villa-allende-fpa-desarticulo-una-banda-familiar-que-utilizaba-un-taller-de-autos-y-una-despensa-como-patalla-para-la-venta-de-drogas\\\/#primaryimage\"},\"image\":{\"@id\":\"https:\\\/\\\/fmgente.com.ar\\\/web\\\/villa-allende-fpa-desarticulo-una-banda-familiar-que-utilizaba-un-taller-de-autos-y-una-despensa-como-patalla-para-la-venta-de-drogas\\\/#primaryimage\"},\"thumbnailUrl\":\"https:\\\/\\\/fmgente.com.ar\\\/web\\\/wp-content\\\/uploads\\\/2024\\\/03\\\/mpf4.jpeg\",\"datePublished\":\"2024-03-04T12:56:24+00:00\",\"inLanguage\":\"es\",\"potentialAction\":[{\"@type\":\"ReadAction\",\"target\":[\"https:\\\/\\\/fmgente.com.ar\\\/web\\\/villa-allende-fpa-desarticulo-una-banda-familiar-que-utilizaba-un-taller-de-autos-y-una-despensa-como-patalla-para-la-venta-de-drogas\\\/\"]}]},{\"@type\":\"ImageObject\",\"inLanguage\":\"es\",\"@id\":\"https:\\\/\\\/fmgente.com.ar\\\/web\\\/villa-allende-fpa-desarticulo-una-banda-familiar-que-utilizaba-un-taller-de-autos-y-una-despensa-como-patalla-para-la-venta-de-drogas\\\/#primaryimage\",\"url\":\"https:\\\/\\\/fmgente.com.ar\\\/web\\\/wp-content\\\/uploads\\\/2024\\\/03\\\/mpf4.jpeg\",\"contentUrl\":\"https:\\\/\\\/fmgente.com.ar\\\/web\\\/wp-content\\\/uploads\\\/2024\\\/03\\\/mpf4.jpeg\",\"width\":1600,\"height\":1204},{\"@type\":\"WebSite\",\"@id\":\"https:\\\/\\\/fmgente.com.ar\\\/web\\\/#website\",\"url\":\"https:\\\/\\\/fmgente.com.ar\\\/web\\\/\",\"name\":\"Fm Gente\",\"description\":\"- Jes\u00fas Mar\u00eda\",\"publisher\":{\"@id\":\"https:\\\/\\\/fmgente.com.ar\\\/web\\\/#organization\"},\"potentialAction\":[{\"@type\":\"SearchAction\",\"target\":{\"@type\":\"EntryPoint\",\"urlTemplate\":\"https:\\\/\\\/fmgente.com.ar\\\/web\\\/?s={search_term_string}\"},\"query-input\":{\"@type\":\"PropertyValueSpecification\",\"valueRequired\":true,\"valueName\":\"search_term_string\"}}],\"inLanguage\":\"es\"},{\"@type\":\"Organization\",\"@id\":\"https:\\\/\\\/fmgente.com.ar\\\/web\\\/#organization\",\"name\":\"Fm Gente\",\"url\":\"https:\\\/\\\/fmgente.com.ar\\\/web\\\/\",\"logo\":{\"@type\":\"ImageObject\",\"inLanguage\":\"es\",\"@id\":\"https:\\\/\\\/fmgente.com.ar\\\/web\\\/#\\\/schema\\\/logo\\\/image\\\/\",\"url\":\"https:\\\/\\\/fmgente.com.ar\\\/web\\\/wp-content\\\/uploads\\\/2023\\\/07\\\/cropped-cropped-logo-sombra2.png\",\"contentUrl\":\"https:\\\/\\\/fmgente.com.ar\\\/web\\\/wp-content\\\/uploads\\\/2023\\\/07\\\/cropped-cropped-logo-sombra2.png\",\"width\":1782,\"height\":1782,\"caption\":\"Fm Gente\"},\"image\":{\"@id\":\"https:\\\/\\\/fmgente.com.ar\\\/web\\\/#\\\/schema\\\/logo\\\/image\\\/\"}},{\"@type\":\"Person\",\"@id\":\"https:\\\/\\\/fmgente.com.ar\\\/web\\\/#\\\/schema\\\/person\\\/ba03fa75c17effdaafbd6daa1d78c508\",\"name\":\"Adri\u00e1n Hern\u00e1ndez\",\"url\":\"https:\\\/\\\/fmgente.com.ar\\\/web\\\/author\\\/c1601891\\\/\"}]}<\/script>\n<!-- \/ Yoast SEO plugin. -->","yoast_head_json":{"title":"VILLA ALLENDE: FPA DESARTICUL\u00d3 UNA BANDA FAMILIAR QUE UTILIZABA UN TALLER DE AUTOS Y UNA DESPENSA COMO PATALLA PARA LA VENTA DE DROGAS - Fm Gente","robots":{"index":"index","follow":"follow","max-snippet":"max-snippet:-1","max-image-preview":"max-image-preview:large","max-video-preview":"max-video-preview:-1"},"canonical":"https:\/\/fmgente.com.ar\/web\/villa-allende-fpa-desarticulo-una-banda-familiar-que-utilizaba-un-taller-de-autos-y-una-despensa-como-patalla-para-la-venta-de-drogas\/","og_locale":"es_ES","og_type":"article","og_title":"VILLA ALLENDE: FPA DESARTICUL\u00d3 UNA BANDA FAMILIAR QUE UTILIZABA UN TALLER DE AUTOS Y UNA DESPENSA COMO PATALLA PARA LA VENTA DE DROGAS - Fm Gente","og_description":"Efectivos de la Fuerza Policial Antinarcotr\u00e1fico efectuaron un operativo en barrio La Cruz de la","og_url":"https:\/\/fmgente.com.ar\/web\/villa-allende-fpa-desarticulo-una-banda-familiar-que-utilizaba-un-taller-de-autos-y-una-despensa-como-patalla-para-la-venta-de-drogas\/","og_site_name":"Fm Gente","article_published_time":"2024-03-04T12:56:24+00:00","og_image":[{"width":1600,"height":1204,"url":"https:\/\/fmgente.com.ar\/web\/wp-content\/uploads\/2024\/03\/mpf4.jpeg","type":"image\/jpeg"}],"author":"Adri\u00e1n Hern\u00e1ndez","twitter_card":"summary_large_image","twitter_misc":{"Escrito por":"Adri\u00e1n Hern\u00e1ndez","Tiempo de lectura":"2 minutos"},"schema":{"@context":"https:\/\/schema.org","@graph":[{"@type":"Article","@id":"https:\/\/fmgente.com.ar\/web\/villa-allende-fpa-desarticulo-una-banda-familiar-que-utilizaba-un-taller-de-autos-y-una-despensa-como-patalla-para-la-venta-de-drogas\/#article","isPartOf":{"@id":"https:\/\/fmgente.com.ar\/web\/villa-allende-fpa-desarticulo-una-banda-familiar-que-utilizaba-un-taller-de-autos-y-una-despensa-como-patalla-para-la-venta-de-drogas\/"},"author":{"name":"Adri\u00e1n Hern\u00e1ndez","@id":"https:\/\/fmgente.com.ar\/web\/#\/schema\/person\/ba03fa75c17effdaafbd6daa1d78c508"},"headline":"VILLA ALLENDE: FPA DESARTICUL\u00d3 UNA BANDA FAMILIAR QUE UTILIZABA UN TALLER DE AUTOS Y UNA DESPENSA COMO PATALLA PARA LA VENTA DE DROGAS","datePublished":"2024-03-04T12:56:24+00:00","mainEntityOfPage":{"@id":"https:\/\/fmgente.com.ar\/web\/villa-allende-fpa-desarticulo-una-banda-familiar-que-utilizaba-un-taller-de-autos-y-una-despensa-como-patalla-para-la-venta-de-drogas\/"},"wordCount":272,"publisher":{"@id":"https:\/\/fmgente.com.ar\/web\/#organization"},"image":{"@id":"https:\/\/fmgente.com.ar\/web\/villa-allende-fpa-desarticulo-una-banda-familiar-que-utilizaba-un-taller-de-autos-y-una-despensa-como-patalla-para-la-venta-de-drogas\/#primaryimage"},"thumbnailUrl":"https:\/\/fmgente.com.ar\/web\/wp-content\/uploads\/2024\/03\/mpf4.jpeg","keywords":["actividades","clima","Colonia Caroya","cultura","educaci\u00f3n","fpa","Jes\u00fas Mar\u00eda","Jineteada","locales","MPF","Municipalidad","narcotr\u00e1fico","noticias","obras","Polic\u00eda de c\u00f3rdoba","regi\u00f3n","salud","Sinsacate","tazas","transporte"],"articleSection":["REGIONALES"],"inLanguage":"es"},{"@type":"WebPage","@id":"https:\/\/fmgente.com.ar\/web\/villa-allende-fpa-desarticulo-una-banda-familiar-que-utilizaba-un-taller-de-autos-y-una-despensa-como-patalla-para-la-venta-de-drogas\/","url":"https:\/\/fmgente.com.ar\/web\/villa-allende-fpa-desarticulo-una-banda-familiar-que-utilizaba-un-taller-de-autos-y-una-despensa-como-patalla-para-la-venta-de-drogas\/","name":"VILLA ALLENDE: FPA DESARTICUL\u00d3 UNA BANDA FAMILIAR QUE UTILIZABA UN TALLER DE AUTOS Y UNA DESPENSA COMO PATALLA PARA LA VENTA DE DROGAS - Fm Gente","isPartOf":{"@id":"https:\/\/fmgente.com.ar\/web\/#website"},"primaryImageOfPage":{"@id":"https:\/\/fmgente.com.ar\/web\/villa-allende-fpa-desarticulo-una-banda-familiar-que-utilizaba-un-taller-de-autos-y-una-despensa-como-patalla-para-la-venta-de-drogas\/#primaryimage"},"image":{"@id":"https:\/\/fmgente.com.ar\/web\/villa-allende-fpa-desarticulo-una-banda-familiar-que-utilizaba-un-taller-de-autos-y-una-despensa-como-patalla-para-la-venta-de-drogas\/#primaryimage"},"thumbnailUrl":"https:\/\/fmgente.com.ar\/web\/wp-content\/uploads\/2024\/03\/mpf4.jpeg","datePublished":"2024-03-04T12:56:24+00:00","inLanguage":"es","potentialAction":[{"@type":"ReadAction","target":["https:\/\/fmgente.com.ar\/web\/villa-allende-fpa-desarticulo-una-banda-familiar-que-utilizaba-un-taller-de-autos-y-una-despensa-como-patalla-para-la-venta-de-drogas\/"]}]},{"@type":"ImageObject","inLanguage":"es","@id":"https:\/\/fmgente.com.ar\/web\/villa-allende-fpa-desarticulo-una-banda-familiar-que-utilizaba-un-taller-de-autos-y-una-despensa-como-patalla-para-la-venta-de-drogas\/#primaryimage","url":"https:\/\/fmgente.com.ar\/web\/wp-content\/uploads\/2024\/03\/mpf4.jpeg","contentUrl":"https:\/\/fmgente.com.ar\/web\/wp-content\/uploads\/2024\/03\/mpf4.jpeg","width":1600,"height":1204},{"@type":"WebSite","@id":"https:\/\/fmgente.com.ar\/web\/#website","url":"https:\/\/fmgente.com.ar\/web\/","name":"Fm Gente","description":"- Jes\u00fas Mar\u00eda","publisher":{"@id":"https:\/\/fmgente.com.ar\/web\/#organization"},"potentialAction":[{"@type":"SearchAction","target":{"@type":"EntryPoint","urlTemplate":"https:\/\/fmgente.com.ar\/web\/?s={search_term_string}"},"query-input":{"@type":"PropertyValueSpecification","valueRequired":true,"valueName":"search_term_string"}}],"inLanguage":"es"},{"@type":"Organization","@id":"https:\/\/fmgente.com.ar\/web\/#organization","name":"Fm Gente","url":"https:\/\/fmgente.com.ar\/web\/","logo":{"@type":"ImageObject","inLanguage":"es","@id":"https:\/\/fmgente.com.ar\/web\/#\/schema\/logo\/image\/","url":"https:\/\/fmgente.com.ar\/web\/wp-content\/uploads\/2023\/07\/cropped-cropped-logo-sombra2.png","contentUrl":"https:\/\/fmgente.com.ar\/web\/wp-content\/uploads\/2023\/07\/cropped-cropped-logo-sombra2.png","width":1782,"height":1782,"caption":"Fm Gente"},"image":{"@id":"https:\/\/fmgente.com.ar\/web\/#\/schema\/logo\/image\/"}},{"@type":"Person","@id":"https:\/\/fmgente.com.ar\/web\/#\/schema\/person\/ba03fa75c17effdaafbd6daa1d78c508","name":"Adri\u00e1n Hern\u00e1ndez","url":"https:\/\/fmgente.com.ar\/web\/author\/c1601891\/"}]}},"_links":{"self":[{"href":"https:\/\/fmgente.com.ar\/web\/wp-json\/wp\/v2\/posts\/2783","targetHints":{"allow":["GET"]}}],"collection":[{"href":"https:\/\/fmgente.com.ar\/web\/wp-json\/wp\/v2\/posts"}],"about":[{"href":"https:\/\/fmgente.com.ar\/web\/wp-json\/wp\/v2\/types\/post"}],"author":[{"embeddable":true,"href":"https:\/\/fmgente.com.ar\/web\/wp-json\/wp\/v2\/users\/2"}],"replies":[{"embeddable":true,"href":"https:\/\/fmgente.com.ar\/web\/wp-json\/wp\/v2\/comments?post=2783"}],"version-history":[{"count":1,"href":"https:\/\/fmgente.com.ar\/web\/wp-json\/wp\/v2\/posts\/2783\/revisions"}],"predecessor-version":[{"id":2785,"href":"https:\/\/fmgente.com.ar\/web\/wp-json\/wp\/v2\/posts\/2783\/revisions\/2785"}],"wp:featuredmedia":[{"embeddable":true,"href":"https:\/\/fmgente.com.ar\/web\/wp-json\/wp\/v2\/media\/2784"}],"wp:attachment":[{"href":"https:\/\/fmgente.com.ar\/web\/wp-json\/wp\/v2\/media?parent=2783"}],"wp:term":[{"taxonomy":"category","embeddable":true,"href":"https:\/\/fmgente.com.ar\/web\/wp-json\/wp\/v2\/categories?post=2783"},{"taxonomy":"post_tag","embeddable":true,"href":"https:\/\/fmgente.com.ar\/web\/wp-json\/wp\/v2\/tags?post=2783"}],"curies":[{"name":"wp","href":"https:\/\/api.w.org\/{rel}","templated":true}]}}