{"id":263,"date":"2023-07-13T10:35:45","date_gmt":"2023-07-13T13:35:45","guid":{"rendered":"https:\/\/fmgente.com.ar\/?p=263"},"modified":"2023-07-13T10:35:45","modified_gmt":"2023-07-13T13:35:45","slug":"la-provincia-presento-ante-naciones-unidas-su-modelo-de-desarrollo-sostenible","status":"publish","type":"post","link":"https:\/\/fmgente.com.ar\/web\/la-provincia-presento-ante-naciones-unidas-su-modelo-de-desarrollo-sostenible\/","title":{"rendered":"La Provincia present\u00f3 ante Naciones Unidas su modelo de desarrollo sostenible"},"content":{"rendered":"<p>El Gobierno de la Provincia de C\u00f3rdoba, representado por la ministra de Coordinaci\u00f3n, Silvina Rivero, comparti\u00f3 su\u00a0<strong>experiencia en la implementaci\u00f3n de pol\u00edticas p\u00fablicas que impulsan el desarrollo sostenible a nivel local,\u00a0<\/strong>en el marco de uno de los eventos paralelos que integran el\u00a0<strong>Foro Pol\u00edtico de Alto Nivel<\/strong>\u00a0que tiene lugar en la sede de\u00a0<strong>Naciones Unidas<\/strong>\u00a0en Nueva York (o HLPF por sus siglas en ingl\u00e9s).<\/p>\n<p>El HLPF es el\u00a0<strong>encuentro m\u00e1s importante a nivel mundial<\/strong>\u00a0en el cual las naciones se re\u00fanen para analizar y evaluar los esfuerzos hacia la consecuci\u00f3n de la Agenda 2030 para el Desarrollo Sostenible. C\u00f3rdoba fue especialmente invitada a participar y el segmento central tuvo entre sus oradores al gobernador Juan Schiaretti, quien este martes mantuvo adem\u00e1s reuniones con inversores, tenedores de deuda y ejecutivos del JP Morgan, el banco m\u00e1s grande de Estados Unidos.<\/p>\n<p>En el evento, la ministra coordinadora present\u00f3 el\u00a0<strong>modelo de desarrollo cordob\u00e9s<\/strong>\u00a0que\u00a0<em>\u201cpone especial \u00e9nfasis en la generaci\u00f3n de empleo genuino y de calidad, como gran traccionador de la movilidad social ascendente\u201d\u00a0<\/em>y destac\u00f3 la importancia del\u00a0<strong>desarrollo de alianzas<\/strong>\u00a0con los municipios y con el sector privado, las universidades y la sociedad civil para la puesta en marcha de pol\u00edticas p\u00fablicas que impulsen el progreso.<\/p>\n<p><em>\u201cHay tres aspectos que para la Provincia son claves al momento de dise\u00f1ar e implementar pol\u00edticas p\u00fablicas: el primero son las\u00a0<strong>alianzas p\u00fablico-privadas<\/strong>\u00a0a trav\u00e9s de las cuales hemos promovido la creaci\u00f3n de Agencias, sociedades mixtas que cuentan con directorios integrados por representantes del sector p\u00fablico-privado-acad\u00e9mico y capitales accionarios y financiamiento provenientes del Estado y de privados\u201d,<\/em>\u00a0comenz\u00f3 diciendo Rivero. Cit\u00f3 como ejemplos a la Agencia ProC\u00f3rdoba, dedicada a la promoci\u00f3n del comercio internacional y de la internacionalizaci\u00f3n de las empresas cordobesas; la Agencia Innovar y Emprender, que busca promover el desarrollo de emprendimientos de base tecnol\u00f3gica; la Agencia Conectividad C\u00f3rdoba, que apunta a asegurar una infraestructura de conectividad eficiente y promover la inclusi\u00f3n digital, y la Agencia Competitividad C\u00f3rdoba, cuyo objetivo es impulsar el desarrollo competitivo de las empresas cordobesas.<\/p>\n<p>Mencion\u00f3 como segundo aspecto la ejecuci\u00f3n de\u00a0<strong>obras de infraestructura\u00a0<\/strong>necesarias para el desarrollo econ\u00f3mico de las comunidades regionales, llevadas a cabo junto a los gobiernos locales y las entidades productivas, tal como las ejecutadas a trav\u00e9s del\u00a0<em>Consorcio Caminero \u00danico<\/em>, que ha permitido la mejora y el mantenimiento de la red vial en toda la regi\u00f3n; el\u00a0<em>Plan de Acueductos Troncales<\/em>\u00a0para llevar agua a cada rinc\u00f3n de la provincia y los\u00a0<em>gasoductos troncales<\/em>\u00a0que permitieron conectar a la red de gas natural a 995.000 cordobeses de 240 localidades.<\/p>\n<p><em>\u201cEsta infraestructura nos permiti\u00f3, entre otras cosas, avanzar con la conexi\u00f3n de 1.000 empresas; la creaci\u00f3n de 54 Parques Industriales que contribuyen al ordenamiento urbano, a la concentraci\u00f3n de servicios y a la sinergia entre empresas de rubros similares; y la conectividad ya que con el tendido de gasoductos se desplegaron m\u00e1s de 2.400 kil\u00f3metros de fibra \u00f3ptica\u201d,\u00a0<\/em>precis\u00f3 Rivero. Y culmin\u00f3:\u00a0<em>\u201cEstas iniciativas se complementan con marcos normativos que fomentan la promoci\u00f3n de nuevas empresas y la innovaci\u00f3n productiva, social y territorial, tales como las leyes de Promoci\u00f3n y Desarrollo Industrial para Pymes; de Promoci\u00f3n Industrial y Desarrollo de Cl\u00fasteres productivos y de Promoci\u00f3n de la Econom\u00eda del Conocimiento\u201d. \u00a0<\/em><\/p>\n<p>Por \u00faltimo, Rivero insisti\u00f3 en el\u00a0<em>\u201crol clave que tienen los gobiernos regionales a la hora de generar las condiciones que necesitan los gobiernos locales para enfrentar los desaf\u00edos que marca la Agenda 2030\u201d.<\/em><\/p>\n<p>La actividad fue co-organizada por Regions4 Sustainable Development, una red internacional de gobiernos regionales para el desarrollo sostenible, y la regi\u00f3n de Flandes, en la franja norte de B\u00e9lgica. Participaron Jan Jambon, Ministro Presidente de Flandes; Rashid El-Abdi, presidente de Rabat Sal\u00e9-K\u00e9nitra (Marruecos); Sayda Melina Rodr\u00edguez G\u00f3mez, Secretaria de Desarrollo Sostenible de Yucat\u00e1n (M\u00e9xico); Jonan Fern\u00e1ndez, Secretario General de Transici\u00f3n Social y Agenda 2030 del Pa\u00eds Vasco (Espa\u00f1a); Moussa Koyat\u00e9, Presidente de Gossas (Senegal); Meritxell Serret, Ministra de Asuntos Exteriores y de la Uni\u00f3n Europea, Catalu\u00f1a (Espa\u00f1a); Jonatas Souza da Trindade, Ministro de Medio Ambiente de Sao Paulo (Brasil); Giorgio Maione, Ministro de Medio Ambiente y Clima de Lombard\u00eda (Italia) y Benoit Charette, Ministro de Medio Ambiente de Qu\u00e9bec (Canad\u00e1).<\/p>\n","protected":false},"excerpt":{"rendered":"<p>El Gobierno de la Provincia de C\u00f3rdoba, representado por la ministra de Coordinaci\u00f3n, Silvina Rivero,<\/p>\n","protected":false},"author":2,"featured_media":264,"comment_status":"closed","ping_status":"closed","sticky":false,"template":"","format":"standard","meta":{"footnotes":""},"categories":[11],"tags":[],"class_list":["post-263","post","type-post","status-publish","format-standard","has-post-thumbnail","hentry","category-destacadas"],"yoast_head":"<!-- This site is optimized with the Yoast SEO plugin v27.4 - https:\/\/yoast.com\/product\/yoast-seo-wordpress\/ -->\n<title>La Provincia present\u00f3 ante Naciones Unidas su modelo de desarrollo sostenible - Fm Gente<\/title>\n<meta name=\"robots\" content=\"index, follow, max-snippet:-1, max-image-preview:large, max-video-preview:-1\" \/>\n<link rel=\"canonical\" href=\"https:\/\/fmgente.com.ar\/web\/la-provincia-presento-ante-naciones-unidas-su-modelo-de-desarrollo-sostenible\/\" \/>\n<meta property=\"og:locale\" content=\"es_ES\" \/>\n<meta property=\"og:type\" content=\"article\" \/>\n<meta property=\"og:title\" content=\"La Provincia present\u00f3 ante Naciones Unidas su modelo de desarrollo sostenible - Fm Gente\" \/>\n<meta property=\"og:description\" content=\"El Gobierno de la Provincia de C\u00f3rdoba, representado por la ministra de Coordinaci\u00f3n, Silvina Rivero,\" \/>\n<meta property=\"og:url\" content=\"https:\/\/fmgente.com.ar\/web\/la-provincia-presento-ante-naciones-unidas-su-modelo-de-desarrollo-sostenible\/\" \/>\n<meta property=\"og:site_name\" content=\"Fm Gente\" \/>\n<meta property=\"article:published_time\" content=\"2023-07-13T13:35:45+00:00\" \/>\n<meta property=\"og:image\" content=\"https:\/\/fmgente.com.ar\/web\/wp-content\/uploads\/2023\/07\/silvina.jpg\" \/>\n\t<meta property=\"og:image:width\" content=\"990\" \/>\n\t<meta property=\"og:image:height\" content=\"660\" \/>\n\t<meta property=\"og:image:type\" content=\"image\/jpeg\" \/>\n<meta name=\"author\" content=\"Adri\u00e1n Hern\u00e1ndez\" \/>\n<meta name=\"twitter:card\" content=\"summary_large_image\" \/>\n<meta name=\"twitter:label1\" content=\"Escrito por\" \/>\n\t<meta name=\"twitter:data1\" content=\"Adri\u00e1n Hern\u00e1ndez\" \/>\n\t<meta name=\"twitter:label2\" content=\"Tiempo de lectura\" \/>\n\t<meta name=\"twitter:data2\" content=\"4 minutos\" \/>\n<script type=\"application\/ld+json\" class=\"yoast-schema-graph\">{\"@context\":\"https:\\\/\\\/schema.org\",\"@graph\":[{\"@type\":\"Article\",\"@id\":\"https:\\\/\\\/fmgente.com.ar\\\/web\\\/la-provincia-presento-ante-naciones-unidas-su-modelo-de-desarrollo-sostenible\\\/#article\",\"isPartOf\":{\"@id\":\"https:\\\/\\\/fmgente.com.ar\\\/web\\\/la-provincia-presento-ante-naciones-unidas-su-modelo-de-desarrollo-sostenible\\\/\"},\"author\":{\"name\":\"Adri\u00e1n Hern\u00e1ndez\",\"@id\":\"https:\\\/\\\/fmgente.com.ar\\\/web\\\/#\\\/schema\\\/person\\\/ba03fa75c17effdaafbd6daa1d78c508\"},\"headline\":\"La Provincia present\u00f3 ante Naciones Unidas su modelo de desarrollo sostenible\",\"datePublished\":\"2023-07-13T13:35:45+00:00\",\"mainEntityOfPage\":{\"@id\":\"https:\\\/\\\/fmgente.com.ar\\\/web\\\/la-provincia-presento-ante-naciones-unidas-su-modelo-de-desarrollo-sostenible\\\/\"},\"wordCount\":765,\"publisher\":{\"@id\":\"https:\\\/\\\/fmgente.com.ar\\\/web\\\/#organization\"},\"image\":{\"@id\":\"https:\\\/\\\/fmgente.com.ar\\\/web\\\/la-provincia-presento-ante-naciones-unidas-su-modelo-de-desarrollo-sostenible\\\/#primaryimage\"},\"thumbnailUrl\":\"https:\\\/\\\/fmgente.com.ar\\\/web\\\/wp-content\\\/uploads\\\/2023\\\/07\\\/silvina.jpg\",\"articleSection\":[\"DESTACADAS\"],\"inLanguage\":\"es\"},{\"@type\":\"WebPage\",\"@id\":\"https:\\\/\\\/fmgente.com.ar\\\/web\\\/la-provincia-presento-ante-naciones-unidas-su-modelo-de-desarrollo-sostenible\\\/\",\"url\":\"https:\\\/\\\/fmgente.com.ar\\\/web\\\/la-provincia-presento-ante-naciones-unidas-su-modelo-de-desarrollo-sostenible\\\/\",\"name\":\"La Provincia present\u00f3 ante Naciones Unidas su modelo de desarrollo sostenible - Fm Gente\",\"isPartOf\":{\"@id\":\"https:\\\/\\\/fmgente.com.ar\\\/web\\\/#website\"},\"primaryImageOfPage\":{\"@id\":\"https:\\\/\\\/fmgente.com.ar\\\/web\\\/la-provincia-presento-ante-naciones-unidas-su-modelo-de-desarrollo-sostenible\\\/#primaryimage\"},\"image\":{\"@id\":\"https:\\\/\\\/fmgente.com.ar\\\/web\\\/la-provincia-presento-ante-naciones-unidas-su-modelo-de-desarrollo-sostenible\\\/#primaryimage\"},\"thumbnailUrl\":\"https:\\\/\\\/fmgente.com.ar\\\/web\\\/wp-content\\\/uploads\\\/2023\\\/07\\\/silvina.jpg\",\"datePublished\":\"2023-07-13T13:35:45+00:00\",\"inLanguage\":\"es\",\"potentialAction\":[{\"@type\":\"ReadAction\",\"target\":[\"https:\\\/\\\/fmgente.com.ar\\\/web\\\/la-provincia-presento-ante-naciones-unidas-su-modelo-de-desarrollo-sostenible\\\/\"]}]},{\"@type\":\"ImageObject\",\"inLanguage\":\"es\",\"@id\":\"https:\\\/\\\/fmgente.com.ar\\\/web\\\/la-provincia-presento-ante-naciones-unidas-su-modelo-de-desarrollo-sostenible\\\/#primaryimage\",\"url\":\"https:\\\/\\\/fmgente.com.ar\\\/web\\\/wp-content\\\/uploads\\\/2023\\\/07\\\/silvina.jpg\",\"contentUrl\":\"https:\\\/\\\/fmgente.com.ar\\\/web\\\/wp-content\\\/uploads\\\/2023\\\/07\\\/silvina.jpg\",\"width\":990,\"height\":660},{\"@type\":\"WebSite\",\"@id\":\"https:\\\/\\\/fmgente.com.ar\\\/web\\\/#website\",\"url\":\"https:\\\/\\\/fmgente.com.ar\\\/web\\\/\",\"name\":\"Fm Gente\",\"description\":\"- Jes\u00fas Mar\u00eda\",\"publisher\":{\"@id\":\"https:\\\/\\\/fmgente.com.ar\\\/web\\\/#organization\"},\"potentialAction\":[{\"@type\":\"SearchAction\",\"target\":{\"@type\":\"EntryPoint\",\"urlTemplate\":\"https:\\\/\\\/fmgente.com.ar\\\/web\\\/?s={search_term_string}\"},\"query-input\":{\"@type\":\"PropertyValueSpecification\",\"valueRequired\":true,\"valueName\":\"search_term_string\"}}],\"inLanguage\":\"es\"},{\"@type\":\"Organization\",\"@id\":\"https:\\\/\\\/fmgente.com.ar\\\/web\\\/#organization\",\"name\":\"Fm Gente\",\"url\":\"https:\\\/\\\/fmgente.com.ar\\\/web\\\/\",\"logo\":{\"@type\":\"ImageObject\",\"inLanguage\":\"es\",\"@id\":\"https:\\\/\\\/fmgente.com.ar\\\/web\\\/#\\\/schema\\\/logo\\\/image\\\/\",\"url\":\"https:\\\/\\\/fmgente.com.ar\\\/web\\\/wp-content\\\/uploads\\\/2023\\\/07\\\/cropped-cropped-logo-sombra2.png\",\"contentUrl\":\"https:\\\/\\\/fmgente.com.ar\\\/web\\\/wp-content\\\/uploads\\\/2023\\\/07\\\/cropped-cropped-logo-sombra2.png\",\"width\":1782,\"height\":1782,\"caption\":\"Fm Gente\"},\"image\":{\"@id\":\"https:\\\/\\\/fmgente.com.ar\\\/web\\\/#\\\/schema\\\/logo\\\/image\\\/\"}},{\"@type\":\"Person\",\"@id\":\"https:\\\/\\\/fmgente.com.ar\\\/web\\\/#\\\/schema\\\/person\\\/ba03fa75c17effdaafbd6daa1d78c508\",\"name\":\"Adri\u00e1n Hern\u00e1ndez\",\"url\":\"https:\\\/\\\/fmgente.com.ar\\\/web\\\/author\\\/c1601891\\\/\"}]}<\/script>\n<!-- \/ Yoast SEO plugin. -->","yoast_head_json":{"title":"La Provincia present\u00f3 ante Naciones Unidas su modelo de desarrollo sostenible - Fm Gente","robots":{"index":"index","follow":"follow","max-snippet":"max-snippet:-1","max-image-preview":"max-image-preview:large","max-video-preview":"max-video-preview:-1"},"canonical":"https:\/\/fmgente.com.ar\/web\/la-provincia-presento-ante-naciones-unidas-su-modelo-de-desarrollo-sostenible\/","og_locale":"es_ES","og_type":"article","og_title":"La Provincia present\u00f3 ante Naciones Unidas su modelo de desarrollo sostenible - Fm Gente","og_description":"El Gobierno de la Provincia de C\u00f3rdoba, representado por la ministra de Coordinaci\u00f3n, Silvina Rivero,","og_url":"https:\/\/fmgente.com.ar\/web\/la-provincia-presento-ante-naciones-unidas-su-modelo-de-desarrollo-sostenible\/","og_site_name":"Fm Gente","article_published_time":"2023-07-13T13:35:45+00:00","og_image":[{"width":990,"height":660,"url":"https:\/\/fmgente.com.ar\/web\/wp-content\/uploads\/2023\/07\/silvina.jpg","type":"image\/jpeg"}],"author":"Adri\u00e1n Hern\u00e1ndez","twitter_card":"summary_large_image","twitter_misc":{"Escrito por":"Adri\u00e1n Hern\u00e1ndez","Tiempo de lectura":"4 minutos"},"schema":{"@context":"https:\/\/schema.org","@graph":[{"@type":"Article","@id":"https:\/\/fmgente.com.ar\/web\/la-provincia-presento-ante-naciones-unidas-su-modelo-de-desarrollo-sostenible\/#article","isPartOf":{"@id":"https:\/\/fmgente.com.ar\/web\/la-provincia-presento-ante-naciones-unidas-su-modelo-de-desarrollo-sostenible\/"},"author":{"name":"Adri\u00e1n Hern\u00e1ndez","@id":"https:\/\/fmgente.com.ar\/web\/#\/schema\/person\/ba03fa75c17effdaafbd6daa1d78c508"},"headline":"La Provincia present\u00f3 ante Naciones Unidas su modelo de desarrollo sostenible","datePublished":"2023-07-13T13:35:45+00:00","mainEntityOfPage":{"@id":"https:\/\/fmgente.com.ar\/web\/la-provincia-presento-ante-naciones-unidas-su-modelo-de-desarrollo-sostenible\/"},"wordCount":765,"publisher":{"@id":"https:\/\/fmgente.com.ar\/web\/#organization"},"image":{"@id":"https:\/\/fmgente.com.ar\/web\/la-provincia-presento-ante-naciones-unidas-su-modelo-de-desarrollo-sostenible\/#primaryimage"},"thumbnailUrl":"https:\/\/fmgente.com.ar\/web\/wp-content\/uploads\/2023\/07\/silvina.jpg","articleSection":["DESTACADAS"],"inLanguage":"es"},{"@type":"WebPage","@id":"https:\/\/fmgente.com.ar\/web\/la-provincia-presento-ante-naciones-unidas-su-modelo-de-desarrollo-sostenible\/","url":"https:\/\/fmgente.com.ar\/web\/la-provincia-presento-ante-naciones-unidas-su-modelo-de-desarrollo-sostenible\/","name":"La Provincia present\u00f3 ante Naciones Unidas su modelo de desarrollo sostenible - Fm Gente","isPartOf":{"@id":"https:\/\/fmgente.com.ar\/web\/#website"},"primaryImageOfPage":{"@id":"https:\/\/fmgente.com.ar\/web\/la-provincia-presento-ante-naciones-unidas-su-modelo-de-desarrollo-sostenible\/#primaryimage"},"image":{"@id":"https:\/\/fmgente.com.ar\/web\/la-provincia-presento-ante-naciones-unidas-su-modelo-de-desarrollo-sostenible\/#primaryimage"},"thumbnailUrl":"https:\/\/fmgente.com.ar\/web\/wp-content\/uploads\/2023\/07\/silvina.jpg","datePublished":"2023-07-13T13:35:45+00:00","inLanguage":"es","potentialAction":[{"@type":"ReadAction","target":["https:\/\/fmgente.com.ar\/web\/la-provincia-presento-ante-naciones-unidas-su-modelo-de-desarrollo-sostenible\/"]}]},{"@type":"ImageObject","inLanguage":"es","@id":"https:\/\/fmgente.com.ar\/web\/la-provincia-presento-ante-naciones-unidas-su-modelo-de-desarrollo-sostenible\/#primaryimage","url":"https:\/\/fmgente.com.ar\/web\/wp-content\/uploads\/2023\/07\/silvina.jpg","contentUrl":"https:\/\/fmgente.com.ar\/web\/wp-content\/uploads\/2023\/07\/silvina.jpg","width":990,"height":660},{"@type":"WebSite","@id":"https:\/\/fmgente.com.ar\/web\/#website","url":"https:\/\/fmgente.com.ar\/web\/","name":"Fm Gente","description":"- Jes\u00fas Mar\u00eda","publisher":{"@id":"https:\/\/fmgente.com.ar\/web\/#organization"},"potentialAction":[{"@type":"SearchAction","target":{"@type":"EntryPoint","urlTemplate":"https:\/\/fmgente.com.ar\/web\/?s={search_term_string}"},"query-input":{"@type":"PropertyValueSpecification","valueRequired":true,"valueName":"search_term_string"}}],"inLanguage":"es"},{"@type":"Organization","@id":"https:\/\/fmgente.com.ar\/web\/#organization","name":"Fm Gente","url":"https:\/\/fmgente.com.ar\/web\/","logo":{"@type":"ImageObject","inLanguage":"es","@id":"https:\/\/fmgente.com.ar\/web\/#\/schema\/logo\/image\/","url":"https:\/\/fmgente.com.ar\/web\/wp-content\/uploads\/2023\/07\/cropped-cropped-logo-sombra2.png","contentUrl":"https:\/\/fmgente.com.ar\/web\/wp-content\/uploads\/2023\/07\/cropped-cropped-logo-sombra2.png","width":1782,"height":1782,"caption":"Fm Gente"},"image":{"@id":"https:\/\/fmgente.com.ar\/web\/#\/schema\/logo\/image\/"}},{"@type":"Person","@id":"https:\/\/fmgente.com.ar\/web\/#\/schema\/person\/ba03fa75c17effdaafbd6daa1d78c508","name":"Adri\u00e1n Hern\u00e1ndez","url":"https:\/\/fmgente.com.ar\/web\/author\/c1601891\/"}]}},"_links":{"self":[{"href":"https:\/\/fmgente.com.ar\/web\/wp-json\/wp\/v2\/posts\/263","targetHints":{"allow":["GET"]}}],"collection":[{"href":"https:\/\/fmgente.com.ar\/web\/wp-json\/wp\/v2\/posts"}],"about":[{"href":"https:\/\/fmgente.com.ar\/web\/wp-json\/wp\/v2\/types\/post"}],"author":[{"embeddable":true,"href":"https:\/\/fmgente.com.ar\/web\/wp-json\/wp\/v2\/users\/2"}],"replies":[{"embeddable":true,"href":"https:\/\/fmgente.com.ar\/web\/wp-json\/wp\/v2\/comments?post=263"}],"version-history":[{"count":1,"href":"https:\/\/fmgente.com.ar\/web\/wp-json\/wp\/v2\/posts\/263\/revisions"}],"predecessor-version":[{"id":265,"href":"https:\/\/fmgente.com.ar\/web\/wp-json\/wp\/v2\/posts\/263\/revisions\/265"}],"wp:featuredmedia":[{"embeddable":true,"href":"https:\/\/fmgente.com.ar\/web\/wp-json\/wp\/v2\/media\/264"}],"wp:attachment":[{"href":"https:\/\/fmgente.com.ar\/web\/wp-json\/wp\/v2\/media?parent=263"}],"wp:term":[{"taxonomy":"category","embeddable":true,"href":"https:\/\/fmgente.com.ar\/web\/wp-json\/wp\/v2\/categories?post=263"},{"taxonomy":"post_tag","embeddable":true,"href":"https:\/\/fmgente.com.ar\/web\/wp-json\/wp\/v2\/tags?post=263"}],"curies":[{"name":"wp","href":"https:\/\/api.w.org\/{rel}","templated":true}]}}