{"id":257,"date":"2023-07-13T10:31:37","date_gmt":"2023-07-13T13:31:37","guid":{"rendered":"https:\/\/fmgente.com.ar\/?p=257"},"modified":"2023-07-13T10:31:37","modified_gmt":"2023-07-13T13:31:37","slug":"policia-ambiental-frena-tres-desmontes-en-el-norte-y-noroeste-provincial","status":"publish","type":"post","link":"https:\/\/fmgente.com.ar\/web\/policia-ambiental-frena-tres-desmontes-en-el-norte-y-noroeste-provincial\/","title":{"rendered":"Polic\u00eda Ambiental frena tres desmontes en el norte y noroeste provincial"},"content":{"rendered":"<article id=\"post-559649\" class=\"post-559649 post type-post status-publish format-standard has-post-thumbnail hentry category-ambiente category-informacion-general category-no-home tag-bosque-nativo tag-control-forestal tag-policia-ambiental ast-article-single\">\n<div class=\"ast-post-format- single-layout-1\">\n<div class=\"entry-content clear\">\n<p>En diferentes operativos realizados, personal de\u00a0<a href=\"https:\/\/ambiente.cba.gov.ar\/policia-ambiental\/\" target=\"_blank\" rel=\"noreferrer noopener\"><strong>Polic\u00eda Ambiental<\/strong><\/a><strong>\u00a0del Gobierno de la Provincia de C\u00f3rdoba<\/strong>, fren\u00f3 tres desmontes ilegales en el norte y noroeste provincial. Los procedimientos se efectuaron en los departamentos de Cruz del Eje, Tulumba y San Alberto luego de recibir denuncias alertando estas situaciones.<\/p>\n<p>En la localidad de San Vicente, departamento San Alberto, la inspectora de la repartici\u00f3n del Ministerio de Coordinaci\u00f3n constat\u00f3 que en la propiedad denunciada se hab\u00eda realizado una intervenci\u00f3n forestal irregular de bosque nativo, afectando especies de algarrobo, tala, tusca y tala churqui.<\/p>\n<p>Luego otra comitiva se dirigi\u00f3 a la localidad de La Esperanza, en el departamento Tulumba y verific\u00f3 un desmonte total no autorizado afectando especies de quebracho blanco, brea, cha\u00f1ar, garabato, tusca, entre otras.<\/p>\n<figure class=\"wp-block-gallery has-nested-images columns-default is-cropped wp-block-gallery-1 is-layout-flex\">\n<figure class=\"wp-block-image size-large\"><img loading=\"lazy\" decoding=\"async\" class=\"wp-image-559653\" src=\"https:\/\/prensa.cba.gov.ar\/wp-content\/uploads\/2023\/07\/2-2.jpg\" alt=\"\" width=\"990\" height=\"660\" data-id=\"559653\" \/><\/figure>\n<figure class=\"wp-block-image size-large\"><img loading=\"lazy\" decoding=\"async\" class=\"wp-image-559652\" src=\"https:\/\/prensa.cba.gov.ar\/wp-content\/uploads\/2023\/07\/3-2.jpg\" alt=\"\" width=\"990\" height=\"659\" data-id=\"559652\" \/><\/figure>\n<\/figure>\n<p>Finalmente, en Villa de Soto, departamento Cruz del Eje, los agentes verificaron un desmonte total sobre especies nativas como quebracho blanco, brea, chilca y garabato.<\/p>\n<p>Ante estas situaciones, la Polic\u00eda Ambiental labr\u00f3 las actas correspondientes por infringir la\u00a0<a href=\"https:\/\/ambiente.cba.gov.ar\/normativa-ambiental\/\" target=\"_blank\" rel=\"noreferrer noopener\">normativa ambiental\u00a0<\/a>y coloc\u00f3 la faja de cese preventivo y precautorio de las actividades en el ingreso de las propiedades.<\/p>\n<p>En caso de detectar intervenciones forestales que puedan da\u00f1ar el ambiente, te recordamos que pod\u00e9s realizar la denuncia de la siguiente manera: por tel\u00e9fono al 0800-777-0220 \u00f3 0351-4420924 (lun a vie de 8 a 20 h); por WhatsApp a 3513108709 \u00f3 351-7551998 (solo mensajes); por mail<a href=\"https:\/\/prensa.cba.gov.ar\/Users\/27271669270\/Downloads\/policia.ambiental@cba.gov.ar\">\u00a0<\/a>policia.ambiental@cba.gov.ar; por<a href=\"https:\/\/denunciaspoliciaambiental.cba.gov.ar\/front\/denuncia.html\">\u00a0Ciudadano Digital<\/a>\u00a0o por el portal web<a href=\"https:\/\/ambiente.cba.gov.ar\/\">\u00a0ambiente.cba.gov.ar.<\/a><\/p>\n<\/div>\n<\/div>\n<\/article>\n","protected":false},"excerpt":{"rendered":"<p>En diferentes operativos realizados, personal de\u00a0Polic\u00eda Ambiental\u00a0del Gobierno de la Provincia de C\u00f3rdoba, fren\u00f3 tres<\/p>\n","protected":false},"author":2,"featured_media":258,"comment_status":"closed","ping_status":"closed","sticky":false,"template":"","format":"standard","meta":{"footnotes":""},"categories":[11],"tags":[],"class_list":["post-257","post","type-post","status-publish","format-standard","has-post-thumbnail","hentry","category-destacadas"],"yoast_head":"<!-- This site is optimized with the Yoast SEO plugin v27.4 - https:\/\/yoast.com\/product\/yoast-seo-wordpress\/ -->\n<title>Polic\u00eda Ambiental frena tres desmontes en el norte y noroeste provincial - Fm Gente<\/title>\n<meta name=\"robots\" content=\"index, follow, max-snippet:-1, max-image-preview:large, max-video-preview:-1\" \/>\n<link rel=\"canonical\" href=\"https:\/\/fmgente.com.ar\/web\/policia-ambiental-frena-tres-desmontes-en-el-norte-y-noroeste-provincial\/\" \/>\n<meta property=\"og:locale\" content=\"es_ES\" \/>\n<meta property=\"og:type\" content=\"article\" \/>\n<meta property=\"og:title\" content=\"Polic\u00eda Ambiental frena tres desmontes en el norte y noroeste provincial - Fm Gente\" \/>\n<meta property=\"og:description\" content=\"En diferentes operativos realizados, personal de\u00a0Polic\u00eda Ambiental\u00a0del Gobierno de la Provincia de C\u00f3rdoba, fren\u00f3 tres\" \/>\n<meta property=\"og:url\" content=\"https:\/\/fmgente.com.ar\/web\/policia-ambiental-frena-tres-desmontes-en-el-norte-y-noroeste-provincial\/\" \/>\n<meta property=\"og:site_name\" content=\"Fm Gente\" \/>\n<meta property=\"article:published_time\" content=\"2023-07-13T13:31:37+00:00\" \/>\n<meta property=\"og:image\" content=\"https:\/\/fmgente.com.ar\/web\/wp-content\/uploads\/2023\/07\/1-2.jpg\" \/>\n\t<meta property=\"og:image:width\" content=\"990\" \/>\n\t<meta property=\"og:image:height\" content=\"660\" \/>\n\t<meta property=\"og:image:type\" content=\"image\/jpeg\" \/>\n<meta name=\"author\" content=\"Adri\u00e1n Hern\u00e1ndez\" \/>\n<meta name=\"twitter:card\" content=\"summary_large_image\" \/>\n<meta name=\"twitter:label1\" content=\"Escrito por\" \/>\n\t<meta name=\"twitter:data1\" content=\"Adri\u00e1n Hern\u00e1ndez\" \/>\n\t<meta name=\"twitter:label2\" content=\"Tiempo de lectura\" \/>\n\t<meta name=\"twitter:data2\" content=\"2 minutos\" \/>\n<script type=\"application\/ld+json\" class=\"yoast-schema-graph\">{\"@context\":\"https:\\\/\\\/schema.org\",\"@graph\":[{\"@type\":\"Article\",\"@id\":\"https:\\\/\\\/fmgente.com.ar\\\/web\\\/policia-ambiental-frena-tres-desmontes-en-el-norte-y-noroeste-provincial\\\/#article\",\"isPartOf\":{\"@id\":\"https:\\\/\\\/fmgente.com.ar\\\/web\\\/policia-ambiental-frena-tres-desmontes-en-el-norte-y-noroeste-provincial\\\/\"},\"author\":{\"name\":\"Adri\u00e1n Hern\u00e1ndez\",\"@id\":\"https:\\\/\\\/fmgente.com.ar\\\/web\\\/#\\\/schema\\\/person\\\/ba03fa75c17effdaafbd6daa1d78c508\"},\"headline\":\"Polic\u00eda Ambiental frena tres desmontes en el norte y noroeste provincial\",\"datePublished\":\"2023-07-13T13:31:37+00:00\",\"mainEntityOfPage\":{\"@id\":\"https:\\\/\\\/fmgente.com.ar\\\/web\\\/policia-ambiental-frena-tres-desmontes-en-el-norte-y-noroeste-provincial\\\/\"},\"wordCount\":263,\"publisher\":{\"@id\":\"https:\\\/\\\/fmgente.com.ar\\\/web\\\/#organization\"},\"image\":{\"@id\":\"https:\\\/\\\/fmgente.com.ar\\\/web\\\/policia-ambiental-frena-tres-desmontes-en-el-norte-y-noroeste-provincial\\\/#primaryimage\"},\"thumbnailUrl\":\"https:\\\/\\\/fmgente.com.ar\\\/web\\\/wp-content\\\/uploads\\\/2023\\\/07\\\/1-2.jpg\",\"articleSection\":[\"DESTACADAS\"],\"inLanguage\":\"es\"},{\"@type\":\"WebPage\",\"@id\":\"https:\\\/\\\/fmgente.com.ar\\\/web\\\/policia-ambiental-frena-tres-desmontes-en-el-norte-y-noroeste-provincial\\\/\",\"url\":\"https:\\\/\\\/fmgente.com.ar\\\/web\\\/policia-ambiental-frena-tres-desmontes-en-el-norte-y-noroeste-provincial\\\/\",\"name\":\"Polic\u00eda Ambiental frena tres desmontes en el norte y noroeste provincial - Fm Gente\",\"isPartOf\":{\"@id\":\"https:\\\/\\\/fmgente.com.ar\\\/web\\\/#website\"},\"primaryImageOfPage\":{\"@id\":\"https:\\\/\\\/fmgente.com.ar\\\/web\\\/policia-ambiental-frena-tres-desmontes-en-el-norte-y-noroeste-provincial\\\/#primaryimage\"},\"image\":{\"@id\":\"https:\\\/\\\/fmgente.com.ar\\\/web\\\/policia-ambiental-frena-tres-desmontes-en-el-norte-y-noroeste-provincial\\\/#primaryimage\"},\"thumbnailUrl\":\"https:\\\/\\\/fmgente.com.ar\\\/web\\\/wp-content\\\/uploads\\\/2023\\\/07\\\/1-2.jpg\",\"datePublished\":\"2023-07-13T13:31:37+00:00\",\"inLanguage\":\"es\",\"potentialAction\":[{\"@type\":\"ReadAction\",\"target\":[\"https:\\\/\\\/fmgente.com.ar\\\/web\\\/policia-ambiental-frena-tres-desmontes-en-el-norte-y-noroeste-provincial\\\/\"]}]},{\"@type\":\"ImageObject\",\"inLanguage\":\"es\",\"@id\":\"https:\\\/\\\/fmgente.com.ar\\\/web\\\/policia-ambiental-frena-tres-desmontes-en-el-norte-y-noroeste-provincial\\\/#primaryimage\",\"url\":\"https:\\\/\\\/fmgente.com.ar\\\/web\\\/wp-content\\\/uploads\\\/2023\\\/07\\\/1-2.jpg\",\"contentUrl\":\"https:\\\/\\\/fmgente.com.ar\\\/web\\\/wp-content\\\/uploads\\\/2023\\\/07\\\/1-2.jpg\",\"width\":990,\"height\":660},{\"@type\":\"WebSite\",\"@id\":\"https:\\\/\\\/fmgente.com.ar\\\/web\\\/#website\",\"url\":\"https:\\\/\\\/fmgente.com.ar\\\/web\\\/\",\"name\":\"Fm Gente\",\"description\":\"- Jes\u00fas Mar\u00eda\",\"publisher\":{\"@id\":\"https:\\\/\\\/fmgente.com.ar\\\/web\\\/#organization\"},\"potentialAction\":[{\"@type\":\"SearchAction\",\"target\":{\"@type\":\"EntryPoint\",\"urlTemplate\":\"https:\\\/\\\/fmgente.com.ar\\\/web\\\/?s={search_term_string}\"},\"query-input\":{\"@type\":\"PropertyValueSpecification\",\"valueRequired\":true,\"valueName\":\"search_term_string\"}}],\"inLanguage\":\"es\"},{\"@type\":\"Organization\",\"@id\":\"https:\\\/\\\/fmgente.com.ar\\\/web\\\/#organization\",\"name\":\"Fm Gente\",\"url\":\"https:\\\/\\\/fmgente.com.ar\\\/web\\\/\",\"logo\":{\"@type\":\"ImageObject\",\"inLanguage\":\"es\",\"@id\":\"https:\\\/\\\/fmgente.com.ar\\\/web\\\/#\\\/schema\\\/logo\\\/image\\\/\",\"url\":\"https:\\\/\\\/fmgente.com.ar\\\/web\\\/wp-content\\\/uploads\\\/2023\\\/07\\\/cropped-cropped-logo-sombra2.png\",\"contentUrl\":\"https:\\\/\\\/fmgente.com.ar\\\/web\\\/wp-content\\\/uploads\\\/2023\\\/07\\\/cropped-cropped-logo-sombra2.png\",\"width\":1782,\"height\":1782,\"caption\":\"Fm Gente\"},\"image\":{\"@id\":\"https:\\\/\\\/fmgente.com.ar\\\/web\\\/#\\\/schema\\\/logo\\\/image\\\/\"}},{\"@type\":\"Person\",\"@id\":\"https:\\\/\\\/fmgente.com.ar\\\/web\\\/#\\\/schema\\\/person\\\/ba03fa75c17effdaafbd6daa1d78c508\",\"name\":\"Adri\u00e1n Hern\u00e1ndez\",\"url\":\"https:\\\/\\\/fmgente.com.ar\\\/web\\\/author\\\/c1601891\\\/\"}]}<\/script>\n<!-- \/ Yoast SEO plugin. -->","yoast_head_json":{"title":"Polic\u00eda Ambiental frena tres desmontes en el norte y noroeste provincial - Fm Gente","robots":{"index":"index","follow":"follow","max-snippet":"max-snippet:-1","max-image-preview":"max-image-preview:large","max-video-preview":"max-video-preview:-1"},"canonical":"https:\/\/fmgente.com.ar\/web\/policia-ambiental-frena-tres-desmontes-en-el-norte-y-noroeste-provincial\/","og_locale":"es_ES","og_type":"article","og_title":"Polic\u00eda Ambiental frena tres desmontes en el norte y noroeste provincial - Fm Gente","og_description":"En diferentes operativos realizados, personal de\u00a0Polic\u00eda Ambiental\u00a0del Gobierno de la Provincia de C\u00f3rdoba, fren\u00f3 tres","og_url":"https:\/\/fmgente.com.ar\/web\/policia-ambiental-frena-tres-desmontes-en-el-norte-y-noroeste-provincial\/","og_site_name":"Fm Gente","article_published_time":"2023-07-13T13:31:37+00:00","og_image":[{"width":990,"height":660,"url":"https:\/\/fmgente.com.ar\/web\/wp-content\/uploads\/2023\/07\/1-2.jpg","type":"image\/jpeg"}],"author":"Adri\u00e1n Hern\u00e1ndez","twitter_card":"summary_large_image","twitter_misc":{"Escrito por":"Adri\u00e1n Hern\u00e1ndez","Tiempo de lectura":"2 minutos"},"schema":{"@context":"https:\/\/schema.org","@graph":[{"@type":"Article","@id":"https:\/\/fmgente.com.ar\/web\/policia-ambiental-frena-tres-desmontes-en-el-norte-y-noroeste-provincial\/#article","isPartOf":{"@id":"https:\/\/fmgente.com.ar\/web\/policia-ambiental-frena-tres-desmontes-en-el-norte-y-noroeste-provincial\/"},"author":{"name":"Adri\u00e1n Hern\u00e1ndez","@id":"https:\/\/fmgente.com.ar\/web\/#\/schema\/person\/ba03fa75c17effdaafbd6daa1d78c508"},"headline":"Polic\u00eda Ambiental frena tres desmontes en el norte y noroeste provincial","datePublished":"2023-07-13T13:31:37+00:00","mainEntityOfPage":{"@id":"https:\/\/fmgente.com.ar\/web\/policia-ambiental-frena-tres-desmontes-en-el-norte-y-noroeste-provincial\/"},"wordCount":263,"publisher":{"@id":"https:\/\/fmgente.com.ar\/web\/#organization"},"image":{"@id":"https:\/\/fmgente.com.ar\/web\/policia-ambiental-frena-tres-desmontes-en-el-norte-y-noroeste-provincial\/#primaryimage"},"thumbnailUrl":"https:\/\/fmgente.com.ar\/web\/wp-content\/uploads\/2023\/07\/1-2.jpg","articleSection":["DESTACADAS"],"inLanguage":"es"},{"@type":"WebPage","@id":"https:\/\/fmgente.com.ar\/web\/policia-ambiental-frena-tres-desmontes-en-el-norte-y-noroeste-provincial\/","url":"https:\/\/fmgente.com.ar\/web\/policia-ambiental-frena-tres-desmontes-en-el-norte-y-noroeste-provincial\/","name":"Polic\u00eda Ambiental frena tres desmontes en el norte y noroeste provincial - Fm Gente","isPartOf":{"@id":"https:\/\/fmgente.com.ar\/web\/#website"},"primaryImageOfPage":{"@id":"https:\/\/fmgente.com.ar\/web\/policia-ambiental-frena-tres-desmontes-en-el-norte-y-noroeste-provincial\/#primaryimage"},"image":{"@id":"https:\/\/fmgente.com.ar\/web\/policia-ambiental-frena-tres-desmontes-en-el-norte-y-noroeste-provincial\/#primaryimage"},"thumbnailUrl":"https:\/\/fmgente.com.ar\/web\/wp-content\/uploads\/2023\/07\/1-2.jpg","datePublished":"2023-07-13T13:31:37+00:00","inLanguage":"es","potentialAction":[{"@type":"ReadAction","target":["https:\/\/fmgente.com.ar\/web\/policia-ambiental-frena-tres-desmontes-en-el-norte-y-noroeste-provincial\/"]}]},{"@type":"ImageObject","inLanguage":"es","@id":"https:\/\/fmgente.com.ar\/web\/policia-ambiental-frena-tres-desmontes-en-el-norte-y-noroeste-provincial\/#primaryimage","url":"https:\/\/fmgente.com.ar\/web\/wp-content\/uploads\/2023\/07\/1-2.jpg","contentUrl":"https:\/\/fmgente.com.ar\/web\/wp-content\/uploads\/2023\/07\/1-2.jpg","width":990,"height":660},{"@type":"WebSite","@id":"https:\/\/fmgente.com.ar\/web\/#website","url":"https:\/\/fmgente.com.ar\/web\/","name":"Fm Gente","description":"- Jes\u00fas Mar\u00eda","publisher":{"@id":"https:\/\/fmgente.com.ar\/web\/#organization"},"potentialAction":[{"@type":"SearchAction","target":{"@type":"EntryPoint","urlTemplate":"https:\/\/fmgente.com.ar\/web\/?s={search_term_string}"},"query-input":{"@type":"PropertyValueSpecification","valueRequired":true,"valueName":"search_term_string"}}],"inLanguage":"es"},{"@type":"Organization","@id":"https:\/\/fmgente.com.ar\/web\/#organization","name":"Fm Gente","url":"https:\/\/fmgente.com.ar\/web\/","logo":{"@type":"ImageObject","inLanguage":"es","@id":"https:\/\/fmgente.com.ar\/web\/#\/schema\/logo\/image\/","url":"https:\/\/fmgente.com.ar\/web\/wp-content\/uploads\/2023\/07\/cropped-cropped-logo-sombra2.png","contentUrl":"https:\/\/fmgente.com.ar\/web\/wp-content\/uploads\/2023\/07\/cropped-cropped-logo-sombra2.png","width":1782,"height":1782,"caption":"Fm Gente"},"image":{"@id":"https:\/\/fmgente.com.ar\/web\/#\/schema\/logo\/image\/"}},{"@type":"Person","@id":"https:\/\/fmgente.com.ar\/web\/#\/schema\/person\/ba03fa75c17effdaafbd6daa1d78c508","name":"Adri\u00e1n Hern\u00e1ndez","url":"https:\/\/fmgente.com.ar\/web\/author\/c1601891\/"}]}},"_links":{"self":[{"href":"https:\/\/fmgente.com.ar\/web\/wp-json\/wp\/v2\/posts\/257","targetHints":{"allow":["GET"]}}],"collection":[{"href":"https:\/\/fmgente.com.ar\/web\/wp-json\/wp\/v2\/posts"}],"about":[{"href":"https:\/\/fmgente.com.ar\/web\/wp-json\/wp\/v2\/types\/post"}],"author":[{"embeddable":true,"href":"https:\/\/fmgente.com.ar\/web\/wp-json\/wp\/v2\/users\/2"}],"replies":[{"embeddable":true,"href":"https:\/\/fmgente.com.ar\/web\/wp-json\/wp\/v2\/comments?post=257"}],"version-history":[{"count":1,"href":"https:\/\/fmgente.com.ar\/web\/wp-json\/wp\/v2\/posts\/257\/revisions"}],"predecessor-version":[{"id":259,"href":"https:\/\/fmgente.com.ar\/web\/wp-json\/wp\/v2\/posts\/257\/revisions\/259"}],"wp:featuredmedia":[{"embeddable":true,"href":"https:\/\/fmgente.com.ar\/web\/wp-json\/wp\/v2\/media\/258"}],"wp:attachment":[{"href":"https:\/\/fmgente.com.ar\/web\/wp-json\/wp\/v2\/media?parent=257"}],"wp:term":[{"taxonomy":"category","embeddable":true,"href":"https:\/\/fmgente.com.ar\/web\/wp-json\/wp\/v2\/categories?post=257"},{"taxonomy":"post_tag","embeddable":true,"href":"https:\/\/fmgente.com.ar\/web\/wp-json\/wp\/v2\/tags?post=257"}],"curies":[{"name":"wp","href":"https:\/\/api.w.org\/{rel}","templated":true}]}}