{"id":253,"date":"2023-07-12T08:04:38","date_gmt":"2023-07-12T11:04:38","guid":{"rendered":"https:\/\/fmgente.com.ar\/?p=253"},"modified":"2023-07-12T08:04:52","modified_gmt":"2023-07-12T11:04:52","slug":"blondi-la-pelicula-de-dolores-fonzi-se-presenta-en-el-cine-arte-cordoba","status":"publish","type":"post","link":"https:\/\/fmgente.com.ar\/web\/blondi-la-pelicula-de-dolores-fonzi-se-presenta-en-el-cine-arte-cordoba\/","title":{"rendered":"Blondi: la pel\u00edcula de Dolores Fonzi se presenta en el Cine Arte C\u00f3rdoba"},"content":{"rendered":"<article id=\"post-559438\" class=\"post-559438 post type-post status-publish format-standard has-post-thumbnail hentry category-cultura-y-espectaculos category-informacion-general tag-blondi tag-cine tag-cine-arte-cordoba ast-article-single\">\n<div class=\"ast-post-format- single-layout-1\">\n<div class=\"entry-content clear\">\n<p>Dolores Fonzi debuta como directora en\u00a0Blondi, pel\u00edcula que adem\u00e1s coescribi\u00f3 y protagoniza. Tras su estreno en salas comerciales, la producci\u00f3n se podr\u00e1 ver en pantalla grande del martes 11 al viernes 14 de julio, en el Cine Arte C\u00f3rdoba (27 de Abril 275, C\u00f3rdoba).<\/p>\n<p>El largometraje, que tiene una duraci\u00f3n de 87 minutos, est\u00e1 enfocado en la vida de dos personajes con un v\u00ednculo peculiar. As\u00ed adelanta la sinopsis oficial: \u201c<em>Blondi y Mirko parecen una pareja ideal. Les encanta vivir juntos, escuchan la misma m\u00fasica, ven las mismas pel\u00edculas, les gusta fumar porros, ir a conciertos, tener los mismos amigos, todo es perfecto entre ellos\u2026 pero, aunque parecen casi de la misma edad, Blondi es la mam\u00e1 de Mirko<\/em>\u201d.<\/p>\n<figure class=\"wp-block-gallery has-nested-images columns-default is-cropped has-lightbox wp-block-gallery-1 is-layout-flex lightbox-0 \">\n<figure class=\"wp-block-image size-large\"><img loading=\"lazy\" decoding=\"async\" class=\"wp-image-559439\" src=\"https:\/\/prensa.cba.gov.ar\/wp-content\/uploads\/2023\/07\/blondi-3.jpg\" alt=\"\" width=\"1297\" height=\"791\" data-id=\"559439\" \/><\/figure>\n<figure class=\"wp-block-image size-large\"><img loading=\"lazy\" decoding=\"async\" class=\"wp-image-559440\" src=\"https:\/\/prensa.cba.gov.ar\/wp-content\/uploads\/2023\/07\/blondi-2.jpg\" alt=\"\" width=\"1200\" height=\"675\" data-id=\"559440\" \/><\/figure>\n<figure class=\"wp-block-image size-large\"><img loading=\"lazy\" decoding=\"async\" class=\"wp-image-559441\" src=\"https:\/\/prensa.cba.gov.ar\/wp-content\/uploads\/2023\/07\/blondi-1.jpg\" alt=\"\" width=\"1200\" height=\"740\" data-id=\"559441\" \/><\/figure>\n<\/figure>\n<p>La pel\u00edcula estuvo nominada en la pasada edici\u00f3n del Buenos Aires Festival Internacional de Cine Independiente (BAFICI), en la secci\u00f3n oficial de la competencia internacional. Adem\u00e1s, se llev\u00f3 el reconocimiento a mejor actuaci\u00f3n de elenco.<\/p>\n<p>El reparto est\u00e1 formado por Dolores Fonzi, como Blondi; Toto Rovito, en el papel de Mirko; Carla Peterson, en el rol Martina; Rita Cortese, como Pepa; y Leonardo Sbaraglia, en la piel de Eduardo.<\/p>\n<h4 class=\"wp-block-heading\">Funciones y entradas<\/h4>\n<p><strong>Blondi<\/strong>\u00a0se presenta el martes 11 de julio a las 21 horas y repite el mi\u00e9rcoles 12 (19 horas), jueves 13 (19 horas) y viernes 14 (17 horas). Las funciones son en Cine Arte C\u00f3rdoba (27 de Abril 275), con una entrada general de $ 700, y para jubilados $ 600. Se consiguen en la boleter\u00eda del lugar.<\/p>\n<p><iframe loading=\"lazy\" title=\"YouTube video player\" src=\"https:\/\/www.youtube.com\/embed\/294xzotg9fI\" width=\"560\" height=\"315\" frameborder=\"0\" allowfullscreen=\"allowfullscreen\" data-mce-fragment=\"1\"><\/iframe><\/p>\n<\/div>\n<\/div>\n<\/article>\n","protected":false},"excerpt":{"rendered":"<p>Dolores Fonzi debuta como directora en\u00a0Blondi, pel\u00edcula que adem\u00e1s coescribi\u00f3 y protagoniza. Tras su estreno<\/p>\n","protected":false},"author":2,"featured_media":254,"comment_status":"closed","ping_status":"closed","sticky":false,"template":"","format":"video","meta":{"footnotes":""},"categories":[11],"tags":[257,253,256,23,255,254],"class_list":["post-253","post","type-post","status-publish","format-video","has-post-thumbnail","hentry","category-destacadas","tag-arte","tag-blondi","tag-cine","tag-cordoba","tag-dolores-fonsi","tag-pelicula","post_format-post-format-video"],"yoast_head":"<!-- This site is optimized with the Yoast SEO plugin v27.4 - https:\/\/yoast.com\/product\/yoast-seo-wordpress\/ -->\n<title>Blondi: la pel\u00edcula de Dolores Fonzi se presenta en el Cine Arte C\u00f3rdoba - Fm Gente<\/title>\n<meta name=\"robots\" content=\"index, follow, max-snippet:-1, max-image-preview:large, max-video-preview:-1\" \/>\n<link rel=\"canonical\" href=\"https:\/\/fmgente.com.ar\/web\/blondi-la-pelicula-de-dolores-fonzi-se-presenta-en-el-cine-arte-cordoba\/\" \/>\n<meta property=\"og:locale\" content=\"es_ES\" \/>\n<meta property=\"og:type\" content=\"article\" \/>\n<meta property=\"og:title\" content=\"Blondi: la pel\u00edcula de Dolores Fonzi se presenta en el Cine Arte C\u00f3rdoba - Fm Gente\" \/>\n<meta property=\"og:description\" content=\"Dolores Fonzi debuta como directora en\u00a0Blondi, pel\u00edcula que adem\u00e1s coescribi\u00f3 y protagoniza. Tras su estreno\" \/>\n<meta property=\"og:url\" content=\"https:\/\/fmgente.com.ar\/web\/blondi-la-pelicula-de-dolores-fonzi-se-presenta-en-el-cine-arte-cordoba\/\" \/>\n<meta property=\"og:site_name\" content=\"Fm Gente\" \/>\n<meta property=\"article:published_time\" content=\"2023-07-12T11:04:38+00:00\" \/>\n<meta property=\"article:modified_time\" content=\"2023-07-12T11:04:52+00:00\" \/>\n<meta property=\"og:image\" content=\"https:\/\/fmgente.com.ar\/web\/wp-content\/uploads\/2023\/07\/Blondi-1.jpg\" \/>\n\t<meta property=\"og:image:width\" content=\"990\" \/>\n\t<meta property=\"og:image:height\" content=\"660\" \/>\n\t<meta property=\"og:image:type\" content=\"image\/jpeg\" \/>\n<meta name=\"author\" content=\"Adri\u00e1n Hern\u00e1ndez\" \/>\n<meta name=\"twitter:card\" content=\"summary_large_image\" \/>\n<meta name=\"twitter:label1\" content=\"Escrito por\" \/>\n\t<meta name=\"twitter:data1\" content=\"Adri\u00e1n Hern\u00e1ndez\" \/>\n\t<meta name=\"twitter:label2\" content=\"Tiempo de lectura\" \/>\n\t<meta name=\"twitter:data2\" content=\"2 minutos\" \/>\n<script type=\"application\/ld+json\" class=\"yoast-schema-graph\">{\"@context\":\"https:\\\/\\\/schema.org\",\"@graph\":[{\"@type\":\"Article\",\"@id\":\"https:\\\/\\\/fmgente.com.ar\\\/web\\\/blondi-la-pelicula-de-dolores-fonzi-se-presenta-en-el-cine-arte-cordoba\\\/#article\",\"isPartOf\":{\"@id\":\"https:\\\/\\\/fmgente.com.ar\\\/web\\\/blondi-la-pelicula-de-dolores-fonzi-se-presenta-en-el-cine-arte-cordoba\\\/\"},\"author\":{\"name\":\"Adri\u00e1n Hern\u00e1ndez\",\"@id\":\"https:\\\/\\\/fmgente.com.ar\\\/web\\\/#\\\/schema\\\/person\\\/ba03fa75c17effdaafbd6daa1d78c508\"},\"headline\":\"Blondi: la pel\u00edcula de Dolores Fonzi se presenta en el Cine Arte C\u00f3rdoba\",\"datePublished\":\"2023-07-12T11:04:38+00:00\",\"dateModified\":\"2023-07-12T11:04:52+00:00\",\"mainEntityOfPage\":{\"@id\":\"https:\\\/\\\/fmgente.com.ar\\\/web\\\/blondi-la-pelicula-de-dolores-fonzi-se-presenta-en-el-cine-arte-cordoba\\\/\"},\"wordCount\":263,\"publisher\":{\"@id\":\"https:\\\/\\\/fmgente.com.ar\\\/web\\\/#organization\"},\"image\":{\"@id\":\"https:\\\/\\\/fmgente.com.ar\\\/web\\\/blondi-la-pelicula-de-dolores-fonzi-se-presenta-en-el-cine-arte-cordoba\\\/#primaryimage\"},\"thumbnailUrl\":\"https:\\\/\\\/fmgente.com.ar\\\/web\\\/wp-content\\\/uploads\\\/2023\\\/07\\\/Blondi-1.jpg\",\"keywords\":[\"Arte\",\"Blondi\",\"Cine\",\"C\u00f3rdoba\",\"Dolores Fonsi\",\"pelicula\"],\"articleSection\":[\"DESTACADAS\"],\"inLanguage\":\"es\"},{\"@type\":\"WebPage\",\"@id\":\"https:\\\/\\\/fmgente.com.ar\\\/web\\\/blondi-la-pelicula-de-dolores-fonzi-se-presenta-en-el-cine-arte-cordoba\\\/\",\"url\":\"https:\\\/\\\/fmgente.com.ar\\\/web\\\/blondi-la-pelicula-de-dolores-fonzi-se-presenta-en-el-cine-arte-cordoba\\\/\",\"name\":\"Blondi: la pel\u00edcula de Dolores Fonzi se presenta en el Cine Arte C\u00f3rdoba - Fm Gente\",\"isPartOf\":{\"@id\":\"https:\\\/\\\/fmgente.com.ar\\\/web\\\/#website\"},\"primaryImageOfPage\":{\"@id\":\"https:\\\/\\\/fmgente.com.ar\\\/web\\\/blondi-la-pelicula-de-dolores-fonzi-se-presenta-en-el-cine-arte-cordoba\\\/#primaryimage\"},\"image\":{\"@id\":\"https:\\\/\\\/fmgente.com.ar\\\/web\\\/blondi-la-pelicula-de-dolores-fonzi-se-presenta-en-el-cine-arte-cordoba\\\/#primaryimage\"},\"thumbnailUrl\":\"https:\\\/\\\/fmgente.com.ar\\\/web\\\/wp-content\\\/uploads\\\/2023\\\/07\\\/Blondi-1.jpg\",\"datePublished\":\"2023-07-12T11:04:38+00:00\",\"dateModified\":\"2023-07-12T11:04:52+00:00\",\"inLanguage\":\"es\",\"potentialAction\":[{\"@type\":\"ReadAction\",\"target\":[\"https:\\\/\\\/fmgente.com.ar\\\/web\\\/blondi-la-pelicula-de-dolores-fonzi-se-presenta-en-el-cine-arte-cordoba\\\/\"]}]},{\"@type\":\"ImageObject\",\"inLanguage\":\"es\",\"@id\":\"https:\\\/\\\/fmgente.com.ar\\\/web\\\/blondi-la-pelicula-de-dolores-fonzi-se-presenta-en-el-cine-arte-cordoba\\\/#primaryimage\",\"url\":\"https:\\\/\\\/fmgente.com.ar\\\/web\\\/wp-content\\\/uploads\\\/2023\\\/07\\\/Blondi-1.jpg\",\"contentUrl\":\"https:\\\/\\\/fmgente.com.ar\\\/web\\\/wp-content\\\/uploads\\\/2023\\\/07\\\/Blondi-1.jpg\",\"width\":990,\"height\":660},{\"@type\":\"WebSite\",\"@id\":\"https:\\\/\\\/fmgente.com.ar\\\/web\\\/#website\",\"url\":\"https:\\\/\\\/fmgente.com.ar\\\/web\\\/\",\"name\":\"Fm Gente\",\"description\":\"- Jes\u00fas Mar\u00eda\",\"publisher\":{\"@id\":\"https:\\\/\\\/fmgente.com.ar\\\/web\\\/#organization\"},\"potentialAction\":[{\"@type\":\"SearchAction\",\"target\":{\"@type\":\"EntryPoint\",\"urlTemplate\":\"https:\\\/\\\/fmgente.com.ar\\\/web\\\/?s={search_term_string}\"},\"query-input\":{\"@type\":\"PropertyValueSpecification\",\"valueRequired\":true,\"valueName\":\"search_term_string\"}}],\"inLanguage\":\"es\"},{\"@type\":\"Organization\",\"@id\":\"https:\\\/\\\/fmgente.com.ar\\\/web\\\/#organization\",\"name\":\"Fm Gente\",\"url\":\"https:\\\/\\\/fmgente.com.ar\\\/web\\\/\",\"logo\":{\"@type\":\"ImageObject\",\"inLanguage\":\"es\",\"@id\":\"https:\\\/\\\/fmgente.com.ar\\\/web\\\/#\\\/schema\\\/logo\\\/image\\\/\",\"url\":\"https:\\\/\\\/fmgente.com.ar\\\/web\\\/wp-content\\\/uploads\\\/2023\\\/07\\\/cropped-cropped-logo-sombra2.png\",\"contentUrl\":\"https:\\\/\\\/fmgente.com.ar\\\/web\\\/wp-content\\\/uploads\\\/2023\\\/07\\\/cropped-cropped-logo-sombra2.png\",\"width\":1782,\"height\":1782,\"caption\":\"Fm Gente\"},\"image\":{\"@id\":\"https:\\\/\\\/fmgente.com.ar\\\/web\\\/#\\\/schema\\\/logo\\\/image\\\/\"}},{\"@type\":\"Person\",\"@id\":\"https:\\\/\\\/fmgente.com.ar\\\/web\\\/#\\\/schema\\\/person\\\/ba03fa75c17effdaafbd6daa1d78c508\",\"name\":\"Adri\u00e1n Hern\u00e1ndez\",\"url\":\"https:\\\/\\\/fmgente.com.ar\\\/web\\\/author\\\/c1601891\\\/\"}]}<\/script>\n<!-- \/ Yoast SEO plugin. -->","yoast_head_json":{"title":"Blondi: la pel\u00edcula de Dolores Fonzi se presenta en el Cine Arte C\u00f3rdoba - Fm Gente","robots":{"index":"index","follow":"follow","max-snippet":"max-snippet:-1","max-image-preview":"max-image-preview:large","max-video-preview":"max-video-preview:-1"},"canonical":"https:\/\/fmgente.com.ar\/web\/blondi-la-pelicula-de-dolores-fonzi-se-presenta-en-el-cine-arte-cordoba\/","og_locale":"es_ES","og_type":"article","og_title":"Blondi: la pel\u00edcula de Dolores Fonzi se presenta en el Cine Arte C\u00f3rdoba - Fm Gente","og_description":"Dolores Fonzi debuta como directora en\u00a0Blondi, pel\u00edcula que adem\u00e1s coescribi\u00f3 y protagoniza. Tras su estreno","og_url":"https:\/\/fmgente.com.ar\/web\/blondi-la-pelicula-de-dolores-fonzi-se-presenta-en-el-cine-arte-cordoba\/","og_site_name":"Fm Gente","article_published_time":"2023-07-12T11:04:38+00:00","article_modified_time":"2023-07-12T11:04:52+00:00","og_image":[{"width":990,"height":660,"url":"https:\/\/fmgente.com.ar\/web\/wp-content\/uploads\/2023\/07\/Blondi-1.jpg","type":"image\/jpeg"}],"author":"Adri\u00e1n Hern\u00e1ndez","twitter_card":"summary_large_image","twitter_misc":{"Escrito por":"Adri\u00e1n Hern\u00e1ndez","Tiempo de lectura":"2 minutos"},"schema":{"@context":"https:\/\/schema.org","@graph":[{"@type":"Article","@id":"https:\/\/fmgente.com.ar\/web\/blondi-la-pelicula-de-dolores-fonzi-se-presenta-en-el-cine-arte-cordoba\/#article","isPartOf":{"@id":"https:\/\/fmgente.com.ar\/web\/blondi-la-pelicula-de-dolores-fonzi-se-presenta-en-el-cine-arte-cordoba\/"},"author":{"name":"Adri\u00e1n Hern\u00e1ndez","@id":"https:\/\/fmgente.com.ar\/web\/#\/schema\/person\/ba03fa75c17effdaafbd6daa1d78c508"},"headline":"Blondi: la pel\u00edcula de Dolores Fonzi se presenta en el Cine Arte C\u00f3rdoba","datePublished":"2023-07-12T11:04:38+00:00","dateModified":"2023-07-12T11:04:52+00:00","mainEntityOfPage":{"@id":"https:\/\/fmgente.com.ar\/web\/blondi-la-pelicula-de-dolores-fonzi-se-presenta-en-el-cine-arte-cordoba\/"},"wordCount":263,"publisher":{"@id":"https:\/\/fmgente.com.ar\/web\/#organization"},"image":{"@id":"https:\/\/fmgente.com.ar\/web\/blondi-la-pelicula-de-dolores-fonzi-se-presenta-en-el-cine-arte-cordoba\/#primaryimage"},"thumbnailUrl":"https:\/\/fmgente.com.ar\/web\/wp-content\/uploads\/2023\/07\/Blondi-1.jpg","keywords":["Arte","Blondi","Cine","C\u00f3rdoba","Dolores Fonsi","pelicula"],"articleSection":["DESTACADAS"],"inLanguage":"es"},{"@type":"WebPage","@id":"https:\/\/fmgente.com.ar\/web\/blondi-la-pelicula-de-dolores-fonzi-se-presenta-en-el-cine-arte-cordoba\/","url":"https:\/\/fmgente.com.ar\/web\/blondi-la-pelicula-de-dolores-fonzi-se-presenta-en-el-cine-arte-cordoba\/","name":"Blondi: la pel\u00edcula de Dolores Fonzi se presenta en el Cine Arte C\u00f3rdoba - Fm Gente","isPartOf":{"@id":"https:\/\/fmgente.com.ar\/web\/#website"},"primaryImageOfPage":{"@id":"https:\/\/fmgente.com.ar\/web\/blondi-la-pelicula-de-dolores-fonzi-se-presenta-en-el-cine-arte-cordoba\/#primaryimage"},"image":{"@id":"https:\/\/fmgente.com.ar\/web\/blondi-la-pelicula-de-dolores-fonzi-se-presenta-en-el-cine-arte-cordoba\/#primaryimage"},"thumbnailUrl":"https:\/\/fmgente.com.ar\/web\/wp-content\/uploads\/2023\/07\/Blondi-1.jpg","datePublished":"2023-07-12T11:04:38+00:00","dateModified":"2023-07-12T11:04:52+00:00","inLanguage":"es","potentialAction":[{"@type":"ReadAction","target":["https:\/\/fmgente.com.ar\/web\/blondi-la-pelicula-de-dolores-fonzi-se-presenta-en-el-cine-arte-cordoba\/"]}]},{"@type":"ImageObject","inLanguage":"es","@id":"https:\/\/fmgente.com.ar\/web\/blondi-la-pelicula-de-dolores-fonzi-se-presenta-en-el-cine-arte-cordoba\/#primaryimage","url":"https:\/\/fmgente.com.ar\/web\/wp-content\/uploads\/2023\/07\/Blondi-1.jpg","contentUrl":"https:\/\/fmgente.com.ar\/web\/wp-content\/uploads\/2023\/07\/Blondi-1.jpg","width":990,"height":660},{"@type":"WebSite","@id":"https:\/\/fmgente.com.ar\/web\/#website","url":"https:\/\/fmgente.com.ar\/web\/","name":"Fm Gente","description":"- Jes\u00fas Mar\u00eda","publisher":{"@id":"https:\/\/fmgente.com.ar\/web\/#organization"},"potentialAction":[{"@type":"SearchAction","target":{"@type":"EntryPoint","urlTemplate":"https:\/\/fmgente.com.ar\/web\/?s={search_term_string}"},"query-input":{"@type":"PropertyValueSpecification","valueRequired":true,"valueName":"search_term_string"}}],"inLanguage":"es"},{"@type":"Organization","@id":"https:\/\/fmgente.com.ar\/web\/#organization","name":"Fm Gente","url":"https:\/\/fmgente.com.ar\/web\/","logo":{"@type":"ImageObject","inLanguage":"es","@id":"https:\/\/fmgente.com.ar\/web\/#\/schema\/logo\/image\/","url":"https:\/\/fmgente.com.ar\/web\/wp-content\/uploads\/2023\/07\/cropped-cropped-logo-sombra2.png","contentUrl":"https:\/\/fmgente.com.ar\/web\/wp-content\/uploads\/2023\/07\/cropped-cropped-logo-sombra2.png","width":1782,"height":1782,"caption":"Fm Gente"},"image":{"@id":"https:\/\/fmgente.com.ar\/web\/#\/schema\/logo\/image\/"}},{"@type":"Person","@id":"https:\/\/fmgente.com.ar\/web\/#\/schema\/person\/ba03fa75c17effdaafbd6daa1d78c508","name":"Adri\u00e1n Hern\u00e1ndez","url":"https:\/\/fmgente.com.ar\/web\/author\/c1601891\/"}]}},"_links":{"self":[{"href":"https:\/\/fmgente.com.ar\/web\/wp-json\/wp\/v2\/posts\/253","targetHints":{"allow":["GET"]}}],"collection":[{"href":"https:\/\/fmgente.com.ar\/web\/wp-json\/wp\/v2\/posts"}],"about":[{"href":"https:\/\/fmgente.com.ar\/web\/wp-json\/wp\/v2\/types\/post"}],"author":[{"embeddable":true,"href":"https:\/\/fmgente.com.ar\/web\/wp-json\/wp\/v2\/users\/2"}],"replies":[{"embeddable":true,"href":"https:\/\/fmgente.com.ar\/web\/wp-json\/wp\/v2\/comments?post=253"}],"version-history":[{"count":2,"href":"https:\/\/fmgente.com.ar\/web\/wp-json\/wp\/v2\/posts\/253\/revisions"}],"predecessor-version":[{"id":256,"href":"https:\/\/fmgente.com.ar\/web\/wp-json\/wp\/v2\/posts\/253\/revisions\/256"}],"wp:featuredmedia":[{"embeddable":true,"href":"https:\/\/fmgente.com.ar\/web\/wp-json\/wp\/v2\/media\/254"}],"wp:attachment":[{"href":"https:\/\/fmgente.com.ar\/web\/wp-json\/wp\/v2\/media?parent=253"}],"wp:term":[{"taxonomy":"category","embeddable":true,"href":"https:\/\/fmgente.com.ar\/web\/wp-json\/wp\/v2\/categories?post=253"},{"taxonomy":"post_tag","embeddable":true,"href":"https:\/\/fmgente.com.ar\/web\/wp-json\/wp\/v2\/tags?post=253"}],"curies":[{"name":"wp","href":"https:\/\/api.w.org\/{rel}","templated":true}]}}