{"id":244,"date":"2023-07-12T07:53:14","date_gmt":"2023-07-12T10:53:14","guid":{"rendered":"https:\/\/fmgente.com.ar\/?p=244"},"modified":"2023-07-12T07:53:14","modified_gmt":"2023-07-12T10:53:14","slug":"schiaretti-se-reunio-con-ejecutivos-del-jp-morgan-e-inversores","status":"publish","type":"post","link":"https:\/\/fmgente.com.ar\/web\/schiaretti-se-reunio-con-ejecutivos-del-jp-morgan-e-inversores\/","title":{"rendered":"Schiaretti se reuni\u00f3 con ejecutivos del JP Morgan e inversores"},"content":{"rendered":"<article id=\"post-559517\" class=\"post-559517 post type-post status-publish format-standard has-post-thumbnail hentry category-gobernador category-informacion-general category-no-home ast-article-single\">\n<div class=\"ast-post-format- single-layout-1\">\n<div class=\"entry-content clear\">\n<p>El gobernador Juan Schiaretti se reuni\u00f3 esta tarde, con inversores, tenedores de deuda y ejecutivos del JP Morgan, mayor entidad bancaria de Estados Unidos.<\/p>\n<p>El encuentro se realiz\u00f3 en la sede de la citada entidad ubicada en la ciudad de Nueva York. En la oportunidad dialogaron sobre la situaci\u00f3n actual de la provincia y del Pa\u00eds, adem\u00e1s de analizar distintas perspectivas de inversi\u00f3n.<\/p>\n<p>Schiaretti repas\u00f3 adem\u00e1s el plan de obras p\u00fablicas ejecutado por el gobierno provincial, la inversi\u00f3n en gasoductos troncales y la concreci\u00f3n de parques industriales.<\/p>\n<p>En ese marco, el gobernador sostuvo que la Provincia mantiene siempre<em>\u00a0\u00abla previsibilidad y otorga certezas a quienes invierten\u00bb<\/em>, y a\u00f1adi\u00f3 que\u00a0<em>\u00ablos compromisos se cumplen\u00bb<\/em>, agradeciendo a los presentes\u00a0<em>\u00abla confianza en C\u00f3rdoba<\/em>\u00ab.<\/p>\n<figure class=\"wp-block-gallery aligncenter has-nested-images columns-default is-cropped has-lightbox wp-block-gallery-1 is-layout-flex lightbox-0 \">\n<figure class=\"wp-block-image size-full\"><img loading=\"lazy\" decoding=\"async\" class=\"wp-image-559520\" src=\"https:\/\/prensa.cba.gov.ar\/wp-content\/uploads\/2023\/07\/20230711_163333.jpg\" alt=\"\" width=\"4000\" height=\"3000\" data-id=\"559520\" \/><\/figure>\n<figure class=\"wp-block-image size-full\"><img loading=\"lazy\" decoding=\"async\" class=\"wp-image-559522\" src=\"https:\/\/prensa.cba.gov.ar\/wp-content\/uploads\/2023\/07\/20230711_163247.jpg\" alt=\"\" width=\"4000\" height=\"3000\" data-id=\"559522\" \/><\/figure>\n<\/figure>\n<p>Entre los presentes estuvieron los representantes de los grupos inversores MetLife; Schroders; VR; Blackrock; NWI; Fintech, y Pictet. Adem\u00e1s de los ejecutivos de JP Morgan: Lisandro Miguens, Guillermo Infante, Gorka Lalaguna y Gisela Brant.<\/p>\n<p>Por la provincia acompa\u00f1aron al gobernador, la ministra de Coordinaci\u00f3n, Silvina Rivero; el presidente del Banco de C\u00f3rdoba, Daniel Tillard y el secretario de Comunicaciones, Marcos Bovo.<\/p>\n<h3 class=\"wp-block-heading\"><strong>Schiaretti disert\u00f3 sobre agenda 2030<\/strong><\/h3>\n<p>Por la ma\u00f1ana, el gobernador particip\u00f3 del panel \u201cImplementing public policies for the 2030 Agenda: Experiences of local and regional governments and the role of international organizations\u201d en el marco de un encuentro de la Organizaci\u00f3n para la Cooperaci\u00f3n y el Desarrollo Econ\u00f3mico (OCDE) y el gobierno de C\u00f3rdoba, desarrollada en la sede Naciones Unidas.<\/p>\n<p>Schiaretti fue el orador principal, en un panel donde estuvo acompa\u00f1ado por representantes del Pa\u00eds Vasco, de la regi\u00f3n de Catalunya, Ecuador, Kenia y Portugal, entre otros.<\/p>\n<p>El mandatario provincial hizo un repaso de las m\u00faltiples obras en diversos \u00e1mbitos que se ejecutan en la provincia implementadas conforme a los Objetivos de Desarrollo Sostenible (ODS), tales como infraestructura vial, gas\u00edfera, el\u00e9ctrica, agua potable, viviendas, salud, educaci\u00f3n, conectividad, el plan de acueductos troncales y de redes colectoras cloacales, entre otras.<\/p>\n<figure class=\"wp-block-gallery has-nested-images columns-default is-cropped has-lightbox wp-block-gallery-3 is-layout-flex lightbox-1 \">\n<figure class=\"wp-block-image size-large\"><img loading=\"lazy\" decoding=\"async\" class=\"wp-image-559523\" src=\"https:\/\/prensa.cba.gov.ar\/wp-content\/uploads\/2023\/07\/20230711_125604.jpg\" alt=\"\" width=\"3777\" height=\"2252\" data-id=\"559523\" \/><\/figure>\n<figure class=\"wp-block-image size-large\"><img loading=\"lazy\" decoding=\"async\" class=\"wp-image-559524\" src=\"https:\/\/prensa.cba.gov.ar\/wp-content\/uploads\/2023\/07\/20230711_125626.jpg\" alt=\"\" width=\"4000\" height=\"2252\" data-id=\"559524\" \/><\/figure>\n<\/figure>\n<p><em>\u201cQuiero reafirmar nuestro compromiso con la implementaci\u00f3n de la Agenda 2030 y la incorporaci\u00f3n de los marcos de desarrollo sostenible en nuestras pol\u00edticas p\u00fablicas. Reconocemos que la infraestructura para el desarrollo productivo y social es clave para avanzar hacia un futuro pr\u00f3spero y equitativo. Trabajaremos incansablemente para seguir fortaleciendo nuestra infraestructura, fomentando la innovaci\u00f3n y fortaleciendo las capacidades productivas, con el objetivo de construir una provincia m\u00e1s fuerte, inclusiva y sustentable para las generaciones venideras\u201d<\/em>\u00a0sostuvo Schiaretti, y agradeci\u00f3 el apoyo de los organismos internacionales y de la OCDE.<\/p>\n<p>En tanto, ma\u00f1ana mi\u00e9rcoles a las 10 hs. local, el gobernador Schiaretti disertar\u00e1 en el Foro Pol\u00edtico de Alto Nivel 2023 (HLPF por sus siglas en ingl\u00e9s) en la sede de Naciones Unidas, en el marco del evento Foro de Gobierno Locales y Regionales sobre la agenda 2030.<\/p>\n<\/div>\n<\/div>\n<\/article>\n","protected":false},"excerpt":{"rendered":"<p>El gobernador Juan Schiaretti se reuni\u00f3 esta tarde, con inversores, tenedores de deuda y ejecutivos<\/p>\n","protected":false},"author":2,"featured_media":245,"comment_status":"closed","ping_status":"closed","sticky":false,"template":"","format":"standard","meta":{"footnotes":""},"categories":[11],"tags":[248,244,76,245,247,75,242,246,241,72,243],"class_list":["post-244","post","type-post","status-publish","format-standard","has-post-thumbnail","hentry","category-destacadas","tag-bancaria","tag-deuda","tag-ee-uu","tag-ejecutivos","tag-entidad","tag-estados-unidos","tag-inversores","tag-jp-morgan","tag-reunion","tag-schairetti","tag-tenedores"],"yoast_head":"<!-- This site is optimized with the Yoast SEO plugin v27.4 - https:\/\/yoast.com\/product\/yoast-seo-wordpress\/ -->\n<title>Schiaretti se reuni\u00f3 con ejecutivos del JP Morgan e inversores - Fm Gente<\/title>\n<meta name=\"robots\" content=\"index, follow, max-snippet:-1, max-image-preview:large, max-video-preview:-1\" \/>\n<link rel=\"canonical\" href=\"https:\/\/fmgente.com.ar\/web\/schiaretti-se-reunio-con-ejecutivos-del-jp-morgan-e-inversores\/\" \/>\n<meta property=\"og:locale\" content=\"es_ES\" \/>\n<meta property=\"og:type\" content=\"article\" \/>\n<meta property=\"og:title\" content=\"Schiaretti se reuni\u00f3 con ejecutivos del JP Morgan e inversores - Fm Gente\" \/>\n<meta property=\"og:description\" content=\"El gobernador Juan Schiaretti se reuni\u00f3 esta tarde, con inversores, tenedores de deuda y ejecutivos\" \/>\n<meta property=\"og:url\" content=\"https:\/\/fmgente.com.ar\/web\/schiaretti-se-reunio-con-ejecutivos-del-jp-morgan-e-inversores\/\" \/>\n<meta property=\"og:site_name\" content=\"Fm Gente\" \/>\n<meta property=\"article:published_time\" content=\"2023-07-12T10:53:14+00:00\" \/>\n<meta property=\"og:image\" content=\"https:\/\/fmgente.com.ar\/web\/wp-content\/uploads\/2023\/07\/20230711_163600-scaled.jpg\" \/>\n\t<meta property=\"og:image:width\" content=\"2560\" \/>\n\t<meta property=\"og:image:height\" content=\"1920\" \/>\n\t<meta property=\"og:image:type\" content=\"image\/jpeg\" \/>\n<meta name=\"author\" content=\"Adri\u00e1n Hern\u00e1ndez\" \/>\n<meta name=\"twitter:card\" content=\"summary_large_image\" \/>\n<meta name=\"twitter:label1\" content=\"Escrito por\" \/>\n\t<meta name=\"twitter:data1\" content=\"Adri\u00e1n Hern\u00e1ndez\" \/>\n\t<meta name=\"twitter:label2\" content=\"Tiempo de lectura\" \/>\n\t<meta name=\"twitter:data2\" content=\"3 minutos\" \/>\n<script type=\"application\/ld+json\" class=\"yoast-schema-graph\">{\"@context\":\"https:\\\/\\\/schema.org\",\"@graph\":[{\"@type\":\"Article\",\"@id\":\"https:\\\/\\\/fmgente.com.ar\\\/web\\\/schiaretti-se-reunio-con-ejecutivos-del-jp-morgan-e-inversores\\\/#article\",\"isPartOf\":{\"@id\":\"https:\\\/\\\/fmgente.com.ar\\\/web\\\/schiaretti-se-reunio-con-ejecutivos-del-jp-morgan-e-inversores\\\/\"},\"author\":{\"name\":\"Adri\u00e1n Hern\u00e1ndez\",\"@id\":\"https:\\\/\\\/fmgente.com.ar\\\/web\\\/#\\\/schema\\\/person\\\/ba03fa75c17effdaafbd6daa1d78c508\"},\"headline\":\"Schiaretti se reuni\u00f3 con ejecutivos del JP Morgan e inversores\",\"datePublished\":\"2023-07-12T10:53:14+00:00\",\"mainEntityOfPage\":{\"@id\":\"https:\\\/\\\/fmgente.com.ar\\\/web\\\/schiaretti-se-reunio-con-ejecutivos-del-jp-morgan-e-inversores\\\/\"},\"wordCount\":499,\"publisher\":{\"@id\":\"https:\\\/\\\/fmgente.com.ar\\\/web\\\/#organization\"},\"image\":{\"@id\":\"https:\\\/\\\/fmgente.com.ar\\\/web\\\/schiaretti-se-reunio-con-ejecutivos-del-jp-morgan-e-inversores\\\/#primaryimage\"},\"thumbnailUrl\":\"https:\\\/\\\/fmgente.com.ar\\\/web\\\/wp-content\\\/uploads\\\/2023\\\/07\\\/20230711_163600-scaled.jpg\",\"keywords\":[\"bancaria\",\"deuda\",\"EE.UU\",\"ejecutivos\",\"entidad\",\"Estados Unidos\",\"inversores\",\"JP Morgan\",\"reuni\u00f3n\",\"Schairetti\",\"tenedores\"],\"articleSection\":[\"DESTACADAS\"],\"inLanguage\":\"es\"},{\"@type\":\"WebPage\",\"@id\":\"https:\\\/\\\/fmgente.com.ar\\\/web\\\/schiaretti-se-reunio-con-ejecutivos-del-jp-morgan-e-inversores\\\/\",\"url\":\"https:\\\/\\\/fmgente.com.ar\\\/web\\\/schiaretti-se-reunio-con-ejecutivos-del-jp-morgan-e-inversores\\\/\",\"name\":\"Schiaretti se reuni\u00f3 con ejecutivos del JP Morgan e inversores - Fm Gente\",\"isPartOf\":{\"@id\":\"https:\\\/\\\/fmgente.com.ar\\\/web\\\/#website\"},\"primaryImageOfPage\":{\"@id\":\"https:\\\/\\\/fmgente.com.ar\\\/web\\\/schiaretti-se-reunio-con-ejecutivos-del-jp-morgan-e-inversores\\\/#primaryimage\"},\"image\":{\"@id\":\"https:\\\/\\\/fmgente.com.ar\\\/web\\\/schiaretti-se-reunio-con-ejecutivos-del-jp-morgan-e-inversores\\\/#primaryimage\"},\"thumbnailUrl\":\"https:\\\/\\\/fmgente.com.ar\\\/web\\\/wp-content\\\/uploads\\\/2023\\\/07\\\/20230711_163600-scaled.jpg\",\"datePublished\":\"2023-07-12T10:53:14+00:00\",\"inLanguage\":\"es\",\"potentialAction\":[{\"@type\":\"ReadAction\",\"target\":[\"https:\\\/\\\/fmgente.com.ar\\\/web\\\/schiaretti-se-reunio-con-ejecutivos-del-jp-morgan-e-inversores\\\/\"]}]},{\"@type\":\"ImageObject\",\"inLanguage\":\"es\",\"@id\":\"https:\\\/\\\/fmgente.com.ar\\\/web\\\/schiaretti-se-reunio-con-ejecutivos-del-jp-morgan-e-inversores\\\/#primaryimage\",\"url\":\"https:\\\/\\\/fmgente.com.ar\\\/web\\\/wp-content\\\/uploads\\\/2023\\\/07\\\/20230711_163600-scaled.jpg\",\"contentUrl\":\"https:\\\/\\\/fmgente.com.ar\\\/web\\\/wp-content\\\/uploads\\\/2023\\\/07\\\/20230711_163600-scaled.jpg\",\"width\":2560,\"height\":1920},{\"@type\":\"WebSite\",\"@id\":\"https:\\\/\\\/fmgente.com.ar\\\/web\\\/#website\",\"url\":\"https:\\\/\\\/fmgente.com.ar\\\/web\\\/\",\"name\":\"Fm Gente\",\"description\":\"- Jes\u00fas Mar\u00eda\",\"publisher\":{\"@id\":\"https:\\\/\\\/fmgente.com.ar\\\/web\\\/#organization\"},\"potentialAction\":[{\"@type\":\"SearchAction\",\"target\":{\"@type\":\"EntryPoint\",\"urlTemplate\":\"https:\\\/\\\/fmgente.com.ar\\\/web\\\/?s={search_term_string}\"},\"query-input\":{\"@type\":\"PropertyValueSpecification\",\"valueRequired\":true,\"valueName\":\"search_term_string\"}}],\"inLanguage\":\"es\"},{\"@type\":\"Organization\",\"@id\":\"https:\\\/\\\/fmgente.com.ar\\\/web\\\/#organization\",\"name\":\"Fm Gente\",\"url\":\"https:\\\/\\\/fmgente.com.ar\\\/web\\\/\",\"logo\":{\"@type\":\"ImageObject\",\"inLanguage\":\"es\",\"@id\":\"https:\\\/\\\/fmgente.com.ar\\\/web\\\/#\\\/schema\\\/logo\\\/image\\\/\",\"url\":\"https:\\\/\\\/fmgente.com.ar\\\/web\\\/wp-content\\\/uploads\\\/2023\\\/07\\\/cropped-cropped-logo-sombra2.png\",\"contentUrl\":\"https:\\\/\\\/fmgente.com.ar\\\/web\\\/wp-content\\\/uploads\\\/2023\\\/07\\\/cropped-cropped-logo-sombra2.png\",\"width\":1782,\"height\":1782,\"caption\":\"Fm Gente\"},\"image\":{\"@id\":\"https:\\\/\\\/fmgente.com.ar\\\/web\\\/#\\\/schema\\\/logo\\\/image\\\/\"}},{\"@type\":\"Person\",\"@id\":\"https:\\\/\\\/fmgente.com.ar\\\/web\\\/#\\\/schema\\\/person\\\/ba03fa75c17effdaafbd6daa1d78c508\",\"name\":\"Adri\u00e1n Hern\u00e1ndez\",\"url\":\"https:\\\/\\\/fmgente.com.ar\\\/web\\\/author\\\/c1601891\\\/\"}]}<\/script>\n<!-- \/ Yoast SEO plugin. -->","yoast_head_json":{"title":"Schiaretti se reuni\u00f3 con ejecutivos del JP Morgan e inversores - Fm Gente","robots":{"index":"index","follow":"follow","max-snippet":"max-snippet:-1","max-image-preview":"max-image-preview:large","max-video-preview":"max-video-preview:-1"},"canonical":"https:\/\/fmgente.com.ar\/web\/schiaretti-se-reunio-con-ejecutivos-del-jp-morgan-e-inversores\/","og_locale":"es_ES","og_type":"article","og_title":"Schiaretti se reuni\u00f3 con ejecutivos del JP Morgan e inversores - Fm Gente","og_description":"El gobernador Juan Schiaretti se reuni\u00f3 esta tarde, con inversores, tenedores de deuda y ejecutivos","og_url":"https:\/\/fmgente.com.ar\/web\/schiaretti-se-reunio-con-ejecutivos-del-jp-morgan-e-inversores\/","og_site_name":"Fm Gente","article_published_time":"2023-07-12T10:53:14+00:00","og_image":[{"width":2560,"height":1920,"url":"https:\/\/fmgente.com.ar\/web\/wp-content\/uploads\/2023\/07\/20230711_163600-scaled.jpg","type":"image\/jpeg"}],"author":"Adri\u00e1n Hern\u00e1ndez","twitter_card":"summary_large_image","twitter_misc":{"Escrito por":"Adri\u00e1n Hern\u00e1ndez","Tiempo de lectura":"3 minutos"},"schema":{"@context":"https:\/\/schema.org","@graph":[{"@type":"Article","@id":"https:\/\/fmgente.com.ar\/web\/schiaretti-se-reunio-con-ejecutivos-del-jp-morgan-e-inversores\/#article","isPartOf":{"@id":"https:\/\/fmgente.com.ar\/web\/schiaretti-se-reunio-con-ejecutivos-del-jp-morgan-e-inversores\/"},"author":{"name":"Adri\u00e1n Hern\u00e1ndez","@id":"https:\/\/fmgente.com.ar\/web\/#\/schema\/person\/ba03fa75c17effdaafbd6daa1d78c508"},"headline":"Schiaretti se reuni\u00f3 con ejecutivos del JP Morgan e inversores","datePublished":"2023-07-12T10:53:14+00:00","mainEntityOfPage":{"@id":"https:\/\/fmgente.com.ar\/web\/schiaretti-se-reunio-con-ejecutivos-del-jp-morgan-e-inversores\/"},"wordCount":499,"publisher":{"@id":"https:\/\/fmgente.com.ar\/web\/#organization"},"image":{"@id":"https:\/\/fmgente.com.ar\/web\/schiaretti-se-reunio-con-ejecutivos-del-jp-morgan-e-inversores\/#primaryimage"},"thumbnailUrl":"https:\/\/fmgente.com.ar\/web\/wp-content\/uploads\/2023\/07\/20230711_163600-scaled.jpg","keywords":["bancaria","deuda","EE.UU","ejecutivos","entidad","Estados Unidos","inversores","JP Morgan","reuni\u00f3n","Schairetti","tenedores"],"articleSection":["DESTACADAS"],"inLanguage":"es"},{"@type":"WebPage","@id":"https:\/\/fmgente.com.ar\/web\/schiaretti-se-reunio-con-ejecutivos-del-jp-morgan-e-inversores\/","url":"https:\/\/fmgente.com.ar\/web\/schiaretti-se-reunio-con-ejecutivos-del-jp-morgan-e-inversores\/","name":"Schiaretti se reuni\u00f3 con ejecutivos del JP Morgan e inversores - Fm Gente","isPartOf":{"@id":"https:\/\/fmgente.com.ar\/web\/#website"},"primaryImageOfPage":{"@id":"https:\/\/fmgente.com.ar\/web\/schiaretti-se-reunio-con-ejecutivos-del-jp-morgan-e-inversores\/#primaryimage"},"image":{"@id":"https:\/\/fmgente.com.ar\/web\/schiaretti-se-reunio-con-ejecutivos-del-jp-morgan-e-inversores\/#primaryimage"},"thumbnailUrl":"https:\/\/fmgente.com.ar\/web\/wp-content\/uploads\/2023\/07\/20230711_163600-scaled.jpg","datePublished":"2023-07-12T10:53:14+00:00","inLanguage":"es","potentialAction":[{"@type":"ReadAction","target":["https:\/\/fmgente.com.ar\/web\/schiaretti-se-reunio-con-ejecutivos-del-jp-morgan-e-inversores\/"]}]},{"@type":"ImageObject","inLanguage":"es","@id":"https:\/\/fmgente.com.ar\/web\/schiaretti-se-reunio-con-ejecutivos-del-jp-morgan-e-inversores\/#primaryimage","url":"https:\/\/fmgente.com.ar\/web\/wp-content\/uploads\/2023\/07\/20230711_163600-scaled.jpg","contentUrl":"https:\/\/fmgente.com.ar\/web\/wp-content\/uploads\/2023\/07\/20230711_163600-scaled.jpg","width":2560,"height":1920},{"@type":"WebSite","@id":"https:\/\/fmgente.com.ar\/web\/#website","url":"https:\/\/fmgente.com.ar\/web\/","name":"Fm Gente","description":"- Jes\u00fas Mar\u00eda","publisher":{"@id":"https:\/\/fmgente.com.ar\/web\/#organization"},"potentialAction":[{"@type":"SearchAction","target":{"@type":"EntryPoint","urlTemplate":"https:\/\/fmgente.com.ar\/web\/?s={search_term_string}"},"query-input":{"@type":"PropertyValueSpecification","valueRequired":true,"valueName":"search_term_string"}}],"inLanguage":"es"},{"@type":"Organization","@id":"https:\/\/fmgente.com.ar\/web\/#organization","name":"Fm Gente","url":"https:\/\/fmgente.com.ar\/web\/","logo":{"@type":"ImageObject","inLanguage":"es","@id":"https:\/\/fmgente.com.ar\/web\/#\/schema\/logo\/image\/","url":"https:\/\/fmgente.com.ar\/web\/wp-content\/uploads\/2023\/07\/cropped-cropped-logo-sombra2.png","contentUrl":"https:\/\/fmgente.com.ar\/web\/wp-content\/uploads\/2023\/07\/cropped-cropped-logo-sombra2.png","width":1782,"height":1782,"caption":"Fm Gente"},"image":{"@id":"https:\/\/fmgente.com.ar\/web\/#\/schema\/logo\/image\/"}},{"@type":"Person","@id":"https:\/\/fmgente.com.ar\/web\/#\/schema\/person\/ba03fa75c17effdaafbd6daa1d78c508","name":"Adri\u00e1n Hern\u00e1ndez","url":"https:\/\/fmgente.com.ar\/web\/author\/c1601891\/"}]}},"_links":{"self":[{"href":"https:\/\/fmgente.com.ar\/web\/wp-json\/wp\/v2\/posts\/244","targetHints":{"allow":["GET"]}}],"collection":[{"href":"https:\/\/fmgente.com.ar\/web\/wp-json\/wp\/v2\/posts"}],"about":[{"href":"https:\/\/fmgente.com.ar\/web\/wp-json\/wp\/v2\/types\/post"}],"author":[{"embeddable":true,"href":"https:\/\/fmgente.com.ar\/web\/wp-json\/wp\/v2\/users\/2"}],"replies":[{"embeddable":true,"href":"https:\/\/fmgente.com.ar\/web\/wp-json\/wp\/v2\/comments?post=244"}],"version-history":[{"count":1,"href":"https:\/\/fmgente.com.ar\/web\/wp-json\/wp\/v2\/posts\/244\/revisions"}],"predecessor-version":[{"id":246,"href":"https:\/\/fmgente.com.ar\/web\/wp-json\/wp\/v2\/posts\/244\/revisions\/246"}],"wp:featuredmedia":[{"embeddable":true,"href":"https:\/\/fmgente.com.ar\/web\/wp-json\/wp\/v2\/media\/245"}],"wp:attachment":[{"href":"https:\/\/fmgente.com.ar\/web\/wp-json\/wp\/v2\/media?parent=244"}],"wp:term":[{"taxonomy":"category","embeddable":true,"href":"https:\/\/fmgente.com.ar\/web\/wp-json\/wp\/v2\/categories?post=244"},{"taxonomy":"post_tag","embeddable":true,"href":"https:\/\/fmgente.com.ar\/web\/wp-json\/wp\/v2\/tags?post=244"}],"curies":[{"name":"wp","href":"https:\/\/api.w.org\/{rel}","templated":true}]}}