{"id":241,"date":"2023-07-12T07:28:28","date_gmt":"2023-07-12T10:28:28","guid":{"rendered":"https:\/\/fmgente.com.ar\/?p=241"},"modified":"2023-07-12T07:28:28","modified_gmt":"2023-07-12T10:28:28","slug":"diabetes-recomendaciones-para-su-control-y-prevencion","status":"publish","type":"post","link":"https:\/\/fmgente.com.ar\/web\/diabetes-recomendaciones-para-su-control-y-prevencion\/","title":{"rendered":"Diabetes: recomendaciones para su control y prevenci\u00f3n"},"content":{"rendered":"<article id=\"post-559435\" class=\"post-559435 post type-post status-publish format-standard has-post-thumbnail hentry category-informacion-general category-salud-2 tag-control tag-diabetes tag-prevencion ast-article-single\">\n<div class=\"ast-post-format- single-layout-1\">\n<div class=\"entry-content clear\">\n<p>El Programa C\u00f3rdoba Diabetes -ProCorDia- del Ministerio de Salud brinda informaci\u00f3n y recuerda las recomendaciones para prevenir y controlar esta afecci\u00f3n en la poblaci\u00f3n.<\/p>\n<p>La diabetes mellitus es una enfermedad cr\u00f3nica que se da por un aumento de resistencia de la insulina -hormona que regula la concentraci\u00f3n de glucosa en la sangre- aunque tambi\u00e9n aparece por una disminuci\u00f3n en la producci\u00f3n de insulina del p\u00e1ncreas.<\/p>\n<p>Los tipos m\u00e1s comunes de diabetes son 1, 2 y gestacional. En la de\u00a0<strong>tipo 1<\/strong>, los s\u00edntomas suelen aparecer cuando los\u00a0<strong>niveles de glucemia est\u00e1n elevados<\/strong>, lo que puede generar aumento de la\u00a0<strong>frecuencia de orina<\/strong>,\u00a0<strong>incremento en la sed<\/strong>,\u00a0<strong>p\u00e9rdida de peso<\/strong>, cambios en la\u00a0<strong>visi\u00f3n<\/strong>\u00a0y\u00a0<strong>cansancio.<\/strong>\u00a0Ante la aparici\u00f3n de estos s\u00edntomas, es de suma importancia no demorar la consulta m\u00e9dica.<\/p>\n<p>Cabe aclarar que este tipo de diabetes puede presentarse<strong>\u00a0a cualquier edad, no se puede prevenir<\/strong>\u00a0y quienes viven con ella necesitan la administraci\u00f3n diaria de insulina.<\/p>\n<p>En tanto, la\u00a0<strong>diabetes gestacional<\/strong>\u00a0ocurre durante el embarazo de manera transitoria; en general, se resuelve una vez que nace el beb\u00e9, pero las personas tienen mayor riesgo de aparici\u00f3n de diabetes en a\u00f1os posteriores. En este sentido, es fundamental el rol del equipo de salud en el seguimiento de esta afecci\u00f3n, ya que de esa manera pueden evitarse complicaciones como el parto prematuro, o un peso excesivo e inadecuado del beb\u00e9 al nacer.<\/p>\n<p>En el caso de la diabetes\u00a0<strong>tipo 2<\/strong>, la aparici\u00f3n est\u00e1 relacionada con la falta de actividad f\u00edsica, h\u00e1bitos alimenticios inadecuados, obesidad y antecedentes familiares. En estos casos, la aparici\u00f3n de la enfermedad se considera\u00a0<strong>prevenible<\/strong>, ya que sus consecuencias y complicaciones pueden retrasarse a trav\u00e9s de una dieta equilibrada, actividad f\u00edsica y pr\u00e1cticas saludables.<\/p>\n<p>Los s\u00edntomas son similares a los de la diabetes de tipo 1, aunque a menudo son menos intensos, por lo que puede ocurrir que la enfermedad sea diagnosticada varios a\u00f1os despu\u00e9s de que se manifiestan los primeros signos.<\/p>\n<p>Al respecto, Ana L\u00f3pez, referente del ProCorDia, destac\u00f3:\u00a0<em>\u201cTeniendo en cuenta las cifras publicadas en la \u00faltima Encuesta Nacional de Factores de Riesgo, la prevalencia de diabetes o glucemia elevada por auto-reporte aument\u00f3 de 9,8% a 12,7% entre 2013 y 2018, en concordancia con el crecimiento de la obesidad\u201d.\u00a0<\/em>Y agreg\u00f3:<em>\u00a0\u201cEs clave promover h\u00e1bitos saludables desde edades tempranas, de esa manera, se reducen los factores de riesgo, no solo para la diabetes, sino para las distintas enfermedades cr\u00f3nicas tambi\u00e9n\u201d.<\/em><\/p>\n<p>L\u00f3pez subray\u00f3 que otro punto fundamental a tener en cuenta es que las personas con diagn\u00f3stico de diabetes sostengan los cuidados y los chequeos.<\/p>\n<p><em>\u201cQuienes viven con diabetes pueden desarrollar diversas complicaciones, como ceguera, problemas renales, o cardiovasculares. Al realizar los controles adecuados, el equipo m\u00e9dico puede hacer las intervenciones necesarias de manera oportuna, para mejorar la calidad de vida de las personas con esta enfermedad\u201d<\/em>, explic\u00f3 la referente.<\/p>\n<p><strong>Recomendaciones para la prevenci\u00f3n<\/strong><\/p>\n<ul>\n<li>Incorporar alimentos de todos los grupos y realizar al menos 30 minutos de actividad f\u00edsica diarios.<\/li>\n<li>Tomar 8 vasos de agua segura por d\u00eda.<\/li>\n<li>Consumir a diario frutas y verduras, incorporando variedad de tipos y colores.<\/li>\n<li>Reducir el uso de sal y el consumo de alimentos con alto contenido de sodio.<\/li>\n<li>Limitar el consumo de bebidas azucaradas y alimentos con elevado contenido de grasas, az\u00facar y sal.<\/li>\n<li>Consumir diariamente leche, yogur o queso, preferentemente descremados.<\/li>\n<li>Al consumir carnes, quitarles la grasa visible, aumentar el consumo de pescado e incluir huevo.<\/li>\n<li>Consumir legumbres, cereales preferentemente integrales, papa, batata, choclo o mandioca.<\/li>\n<li>Consumir aceite crudo como condimento, frutas secas o semillas.<\/li>\n<li>El consumo de bebidas alcoh\u00f3licas debe ser responsable. Los ni\u00f1os, adolescentes y mujeres embarazadas no deben consumirlas. Evitarlas siempre al conducir.<\/li>\n<\/ul>\n<p>El Programa C\u00f3rdoba Diabetes brinda tratamientos integrales a personas de todas las edades con diabetes. Funciona en los CAPS y en los hospitales provinciales, tanto del interior como de la capital.<\/p>\n<p>Cabe destacar que se puede consultar en cualquier centro de salud, y en los casos en que se requiera, se hace la derivaci\u00f3n al segundo o tercer nivel de atenci\u00f3n.<\/p>\n<p>Para m\u00e1s informaci\u00f3n, las personas interesadas pueden comunicarse al correo: procordiadiabetes@gmail.com.<\/p>\n<\/div>\n<\/div>\n<\/article>\n","protected":false},"excerpt":{"rendered":"<p>El Programa C\u00f3rdoba Diabetes -ProCorDia- del Ministerio de Salud brinda informaci\u00f3n y recuerda las recomendaciones<\/p>\n","protected":false},"author":2,"featured_media":242,"comment_status":"closed","ping_status":"closed","sticky":false,"template":"","format":"standard","meta":{"footnotes":""},"categories":[11],"tags":[240,238,239,26],"class_list":["post-241","post","type-post","status-publish","format-standard","has-post-thumbnail","hentry","category-destacadas","tag-control","tag-diabetes","tag-prevencion","tag-salud"],"yoast_head":"<!-- This site is optimized with the Yoast SEO plugin v27.4 - https:\/\/yoast.com\/product\/yoast-seo-wordpress\/ -->\n<title>Diabetes: recomendaciones para su control y prevenci\u00f3n - Fm Gente<\/title>\n<meta name=\"robots\" content=\"index, follow, max-snippet:-1, max-image-preview:large, max-video-preview:-1\" \/>\n<link rel=\"canonical\" href=\"https:\/\/fmgente.com.ar\/web\/diabetes-recomendaciones-para-su-control-y-prevencion\/\" \/>\n<meta property=\"og:locale\" content=\"es_ES\" \/>\n<meta property=\"og:type\" content=\"article\" \/>\n<meta property=\"og:title\" content=\"Diabetes: recomendaciones para su control y prevenci\u00f3n - Fm Gente\" \/>\n<meta property=\"og:description\" content=\"El Programa C\u00f3rdoba Diabetes -ProCorDia- del Ministerio de Salud brinda informaci\u00f3n y recuerda las recomendaciones\" \/>\n<meta property=\"og:url\" content=\"https:\/\/fmgente.com.ar\/web\/diabetes-recomendaciones-para-su-control-y-prevencion\/\" \/>\n<meta property=\"og:site_name\" content=\"Fm Gente\" \/>\n<meta property=\"article:published_time\" content=\"2023-07-12T10:28:28+00:00\" \/>\n<meta property=\"og:image\" content=\"https:\/\/fmgente.com.ar\/web\/wp-content\/uploads\/2023\/07\/Diabetes-2.jpg\" \/>\n\t<meta property=\"og:image:width\" content=\"928\" \/>\n\t<meta property=\"og:image:height\" content=\"600\" \/>\n\t<meta property=\"og:image:type\" content=\"image\/jpeg\" \/>\n<meta name=\"author\" content=\"Adri\u00e1n Hern\u00e1ndez\" \/>\n<meta name=\"twitter:card\" content=\"summary_large_image\" \/>\n<meta name=\"twitter:label1\" content=\"Escrito por\" \/>\n\t<meta name=\"twitter:data1\" content=\"Adri\u00e1n Hern\u00e1ndez\" \/>\n\t<meta name=\"twitter:label2\" content=\"Tiempo de lectura\" \/>\n\t<meta name=\"twitter:data2\" content=\"4 minutos\" \/>\n<script type=\"application\/ld+json\" class=\"yoast-schema-graph\">{\"@context\":\"https:\\\/\\\/schema.org\",\"@graph\":[{\"@type\":\"Article\",\"@id\":\"https:\\\/\\\/fmgente.com.ar\\\/web\\\/diabetes-recomendaciones-para-su-control-y-prevencion\\\/#article\",\"isPartOf\":{\"@id\":\"https:\\\/\\\/fmgente.com.ar\\\/web\\\/diabetes-recomendaciones-para-su-control-y-prevencion\\\/\"},\"author\":{\"name\":\"Adri\u00e1n Hern\u00e1ndez\",\"@id\":\"https:\\\/\\\/fmgente.com.ar\\\/web\\\/#\\\/schema\\\/person\\\/ba03fa75c17effdaafbd6daa1d78c508\"},\"headline\":\"Diabetes: recomendaciones para su control y prevenci\u00f3n\",\"datePublished\":\"2023-07-12T10:28:28+00:00\",\"mainEntityOfPage\":{\"@id\":\"https:\\\/\\\/fmgente.com.ar\\\/web\\\/diabetes-recomendaciones-para-su-control-y-prevencion\\\/\"},\"wordCount\":728,\"publisher\":{\"@id\":\"https:\\\/\\\/fmgente.com.ar\\\/web\\\/#organization\"},\"image\":{\"@id\":\"https:\\\/\\\/fmgente.com.ar\\\/web\\\/diabetes-recomendaciones-para-su-control-y-prevencion\\\/#primaryimage\"},\"thumbnailUrl\":\"https:\\\/\\\/fmgente.com.ar\\\/web\\\/wp-content\\\/uploads\\\/2023\\\/07\\\/Diabetes-2.jpg\",\"keywords\":[\"control\",\"diabetes\",\"prevenci\u00f3n\",\"salud\"],\"articleSection\":[\"DESTACADAS\"],\"inLanguage\":\"es\"},{\"@type\":\"WebPage\",\"@id\":\"https:\\\/\\\/fmgente.com.ar\\\/web\\\/diabetes-recomendaciones-para-su-control-y-prevencion\\\/\",\"url\":\"https:\\\/\\\/fmgente.com.ar\\\/web\\\/diabetes-recomendaciones-para-su-control-y-prevencion\\\/\",\"name\":\"Diabetes: recomendaciones para su control y prevenci\u00f3n - Fm Gente\",\"isPartOf\":{\"@id\":\"https:\\\/\\\/fmgente.com.ar\\\/web\\\/#website\"},\"primaryImageOfPage\":{\"@id\":\"https:\\\/\\\/fmgente.com.ar\\\/web\\\/diabetes-recomendaciones-para-su-control-y-prevencion\\\/#primaryimage\"},\"image\":{\"@id\":\"https:\\\/\\\/fmgente.com.ar\\\/web\\\/diabetes-recomendaciones-para-su-control-y-prevencion\\\/#primaryimage\"},\"thumbnailUrl\":\"https:\\\/\\\/fmgente.com.ar\\\/web\\\/wp-content\\\/uploads\\\/2023\\\/07\\\/Diabetes-2.jpg\",\"datePublished\":\"2023-07-12T10:28:28+00:00\",\"inLanguage\":\"es\",\"potentialAction\":[{\"@type\":\"ReadAction\",\"target\":[\"https:\\\/\\\/fmgente.com.ar\\\/web\\\/diabetes-recomendaciones-para-su-control-y-prevencion\\\/\"]}]},{\"@type\":\"ImageObject\",\"inLanguage\":\"es\",\"@id\":\"https:\\\/\\\/fmgente.com.ar\\\/web\\\/diabetes-recomendaciones-para-su-control-y-prevencion\\\/#primaryimage\",\"url\":\"https:\\\/\\\/fmgente.com.ar\\\/web\\\/wp-content\\\/uploads\\\/2023\\\/07\\\/Diabetes-2.jpg\",\"contentUrl\":\"https:\\\/\\\/fmgente.com.ar\\\/web\\\/wp-content\\\/uploads\\\/2023\\\/07\\\/Diabetes-2.jpg\",\"width\":928,\"height\":600},{\"@type\":\"WebSite\",\"@id\":\"https:\\\/\\\/fmgente.com.ar\\\/web\\\/#website\",\"url\":\"https:\\\/\\\/fmgente.com.ar\\\/web\\\/\",\"name\":\"Fm Gente\",\"description\":\"- Jes\u00fas Mar\u00eda\",\"publisher\":{\"@id\":\"https:\\\/\\\/fmgente.com.ar\\\/web\\\/#organization\"},\"potentialAction\":[{\"@type\":\"SearchAction\",\"target\":{\"@type\":\"EntryPoint\",\"urlTemplate\":\"https:\\\/\\\/fmgente.com.ar\\\/web\\\/?s={search_term_string}\"},\"query-input\":{\"@type\":\"PropertyValueSpecification\",\"valueRequired\":true,\"valueName\":\"search_term_string\"}}],\"inLanguage\":\"es\"},{\"@type\":\"Organization\",\"@id\":\"https:\\\/\\\/fmgente.com.ar\\\/web\\\/#organization\",\"name\":\"Fm Gente\",\"url\":\"https:\\\/\\\/fmgente.com.ar\\\/web\\\/\",\"logo\":{\"@type\":\"ImageObject\",\"inLanguage\":\"es\",\"@id\":\"https:\\\/\\\/fmgente.com.ar\\\/web\\\/#\\\/schema\\\/logo\\\/image\\\/\",\"url\":\"https:\\\/\\\/fmgente.com.ar\\\/web\\\/wp-content\\\/uploads\\\/2023\\\/07\\\/cropped-cropped-logo-sombra2.png\",\"contentUrl\":\"https:\\\/\\\/fmgente.com.ar\\\/web\\\/wp-content\\\/uploads\\\/2023\\\/07\\\/cropped-cropped-logo-sombra2.png\",\"width\":1782,\"height\":1782,\"caption\":\"Fm Gente\"},\"image\":{\"@id\":\"https:\\\/\\\/fmgente.com.ar\\\/web\\\/#\\\/schema\\\/logo\\\/image\\\/\"}},{\"@type\":\"Person\",\"@id\":\"https:\\\/\\\/fmgente.com.ar\\\/web\\\/#\\\/schema\\\/person\\\/ba03fa75c17effdaafbd6daa1d78c508\",\"name\":\"Adri\u00e1n Hern\u00e1ndez\",\"url\":\"https:\\\/\\\/fmgente.com.ar\\\/web\\\/author\\\/c1601891\\\/\"}]}<\/script>\n<!-- \/ Yoast SEO plugin. -->","yoast_head_json":{"title":"Diabetes: recomendaciones para su control y prevenci\u00f3n - Fm Gente","robots":{"index":"index","follow":"follow","max-snippet":"max-snippet:-1","max-image-preview":"max-image-preview:large","max-video-preview":"max-video-preview:-1"},"canonical":"https:\/\/fmgente.com.ar\/web\/diabetes-recomendaciones-para-su-control-y-prevencion\/","og_locale":"es_ES","og_type":"article","og_title":"Diabetes: recomendaciones para su control y prevenci\u00f3n - Fm Gente","og_description":"El Programa C\u00f3rdoba Diabetes -ProCorDia- del Ministerio de Salud brinda informaci\u00f3n y recuerda las recomendaciones","og_url":"https:\/\/fmgente.com.ar\/web\/diabetes-recomendaciones-para-su-control-y-prevencion\/","og_site_name":"Fm Gente","article_published_time":"2023-07-12T10:28:28+00:00","og_image":[{"width":928,"height":600,"url":"https:\/\/fmgente.com.ar\/web\/wp-content\/uploads\/2023\/07\/Diabetes-2.jpg","type":"image\/jpeg"}],"author":"Adri\u00e1n Hern\u00e1ndez","twitter_card":"summary_large_image","twitter_misc":{"Escrito por":"Adri\u00e1n Hern\u00e1ndez","Tiempo de lectura":"4 minutos"},"schema":{"@context":"https:\/\/schema.org","@graph":[{"@type":"Article","@id":"https:\/\/fmgente.com.ar\/web\/diabetes-recomendaciones-para-su-control-y-prevencion\/#article","isPartOf":{"@id":"https:\/\/fmgente.com.ar\/web\/diabetes-recomendaciones-para-su-control-y-prevencion\/"},"author":{"name":"Adri\u00e1n Hern\u00e1ndez","@id":"https:\/\/fmgente.com.ar\/web\/#\/schema\/person\/ba03fa75c17effdaafbd6daa1d78c508"},"headline":"Diabetes: recomendaciones para su control y prevenci\u00f3n","datePublished":"2023-07-12T10:28:28+00:00","mainEntityOfPage":{"@id":"https:\/\/fmgente.com.ar\/web\/diabetes-recomendaciones-para-su-control-y-prevencion\/"},"wordCount":728,"publisher":{"@id":"https:\/\/fmgente.com.ar\/web\/#organization"},"image":{"@id":"https:\/\/fmgente.com.ar\/web\/diabetes-recomendaciones-para-su-control-y-prevencion\/#primaryimage"},"thumbnailUrl":"https:\/\/fmgente.com.ar\/web\/wp-content\/uploads\/2023\/07\/Diabetes-2.jpg","keywords":["control","diabetes","prevenci\u00f3n","salud"],"articleSection":["DESTACADAS"],"inLanguage":"es"},{"@type":"WebPage","@id":"https:\/\/fmgente.com.ar\/web\/diabetes-recomendaciones-para-su-control-y-prevencion\/","url":"https:\/\/fmgente.com.ar\/web\/diabetes-recomendaciones-para-su-control-y-prevencion\/","name":"Diabetes: recomendaciones para su control y prevenci\u00f3n - Fm Gente","isPartOf":{"@id":"https:\/\/fmgente.com.ar\/web\/#website"},"primaryImageOfPage":{"@id":"https:\/\/fmgente.com.ar\/web\/diabetes-recomendaciones-para-su-control-y-prevencion\/#primaryimage"},"image":{"@id":"https:\/\/fmgente.com.ar\/web\/diabetes-recomendaciones-para-su-control-y-prevencion\/#primaryimage"},"thumbnailUrl":"https:\/\/fmgente.com.ar\/web\/wp-content\/uploads\/2023\/07\/Diabetes-2.jpg","datePublished":"2023-07-12T10:28:28+00:00","inLanguage":"es","potentialAction":[{"@type":"ReadAction","target":["https:\/\/fmgente.com.ar\/web\/diabetes-recomendaciones-para-su-control-y-prevencion\/"]}]},{"@type":"ImageObject","inLanguage":"es","@id":"https:\/\/fmgente.com.ar\/web\/diabetes-recomendaciones-para-su-control-y-prevencion\/#primaryimage","url":"https:\/\/fmgente.com.ar\/web\/wp-content\/uploads\/2023\/07\/Diabetes-2.jpg","contentUrl":"https:\/\/fmgente.com.ar\/web\/wp-content\/uploads\/2023\/07\/Diabetes-2.jpg","width":928,"height":600},{"@type":"WebSite","@id":"https:\/\/fmgente.com.ar\/web\/#website","url":"https:\/\/fmgente.com.ar\/web\/","name":"Fm Gente","description":"- Jes\u00fas Mar\u00eda","publisher":{"@id":"https:\/\/fmgente.com.ar\/web\/#organization"},"potentialAction":[{"@type":"SearchAction","target":{"@type":"EntryPoint","urlTemplate":"https:\/\/fmgente.com.ar\/web\/?s={search_term_string}"},"query-input":{"@type":"PropertyValueSpecification","valueRequired":true,"valueName":"search_term_string"}}],"inLanguage":"es"},{"@type":"Organization","@id":"https:\/\/fmgente.com.ar\/web\/#organization","name":"Fm Gente","url":"https:\/\/fmgente.com.ar\/web\/","logo":{"@type":"ImageObject","inLanguage":"es","@id":"https:\/\/fmgente.com.ar\/web\/#\/schema\/logo\/image\/","url":"https:\/\/fmgente.com.ar\/web\/wp-content\/uploads\/2023\/07\/cropped-cropped-logo-sombra2.png","contentUrl":"https:\/\/fmgente.com.ar\/web\/wp-content\/uploads\/2023\/07\/cropped-cropped-logo-sombra2.png","width":1782,"height":1782,"caption":"Fm Gente"},"image":{"@id":"https:\/\/fmgente.com.ar\/web\/#\/schema\/logo\/image\/"}},{"@type":"Person","@id":"https:\/\/fmgente.com.ar\/web\/#\/schema\/person\/ba03fa75c17effdaafbd6daa1d78c508","name":"Adri\u00e1n Hern\u00e1ndez","url":"https:\/\/fmgente.com.ar\/web\/author\/c1601891\/"}]}},"_links":{"self":[{"href":"https:\/\/fmgente.com.ar\/web\/wp-json\/wp\/v2\/posts\/241","targetHints":{"allow":["GET"]}}],"collection":[{"href":"https:\/\/fmgente.com.ar\/web\/wp-json\/wp\/v2\/posts"}],"about":[{"href":"https:\/\/fmgente.com.ar\/web\/wp-json\/wp\/v2\/types\/post"}],"author":[{"embeddable":true,"href":"https:\/\/fmgente.com.ar\/web\/wp-json\/wp\/v2\/users\/2"}],"replies":[{"embeddable":true,"href":"https:\/\/fmgente.com.ar\/web\/wp-json\/wp\/v2\/comments?post=241"}],"version-history":[{"count":1,"href":"https:\/\/fmgente.com.ar\/web\/wp-json\/wp\/v2\/posts\/241\/revisions"}],"predecessor-version":[{"id":243,"href":"https:\/\/fmgente.com.ar\/web\/wp-json\/wp\/v2\/posts\/241\/revisions\/243"}],"wp:featuredmedia":[{"embeddable":true,"href":"https:\/\/fmgente.com.ar\/web\/wp-json\/wp\/v2\/media\/242"}],"wp:attachment":[{"href":"https:\/\/fmgente.com.ar\/web\/wp-json\/wp\/v2\/media?parent=241"}],"wp:term":[{"taxonomy":"category","embeddable":true,"href":"https:\/\/fmgente.com.ar\/web\/wp-json\/wp\/v2\/categories?post=241"},{"taxonomy":"post_tag","embeddable":true,"href":"https:\/\/fmgente.com.ar\/web\/wp-json\/wp\/v2\/tags?post=241"}],"curies":[{"name":"wp","href":"https:\/\/api.w.org\/{rel}","templated":true}]}}