{"id":21596,"date":"2026-05-03T08:04:58","date_gmt":"2026-05-03T11:04:58","guid":{"rendered":"https:\/\/fmgente.com.ar\/web\/gianinna-maradona-pidio-que-morla-y-stinfale-sean-investigados-por-la-muerte-de-diego-manejaban-los-hilos\/"},"modified":"2026-05-03T08:04:58","modified_gmt":"2026-05-03T11:04:58","slug":"gianinna-maradona-pidio-que-morla-y-stinfale-sean-investigados-por-la-muerte-de-diego-manejaban-los-hilos","status":"publish","type":"post","link":"https:\/\/fmgente.com.ar\/web\/gianinna-maradona-pidio-que-morla-y-stinfale-sean-investigados-por-la-muerte-de-diego-manejaban-los-hilos\/","title":{"rendered":"Gianinna Maradona pidi\u00f3 que Morla y Stinfale sean investigados por la muerte de Diego: &quot;Manejaban los hilos&quot;"},"content":{"rendered":"<p>Buenos Aires, 3 mayo (NA) &#8212; Gianinna Maradona reclam\u00f3 que los abogados Mat\u00edas Morla y V\u00edctor Stinfale, Vanesa Morla y el ex asistente personal de Diego Armando Maradona Maximiliano Pomargo deber\u00edan ser juzgados por la muerte de su padre, mientras que expres\u00f3 que, tras cinco a\u00f1os y cuatro meses, siente \u00abuna tristeza absoluta\u00bb.<\/p>\n<p>\u00abUno nunca est\u00e1 preparado para afrontar estas cosas, m\u00e1s con lo que pasamos el a\u00f1o pasado. Yo me sent\u00ed un poco m\u00e1s segura cuando me sent\u00e9 a declarar esta vez porque ya sab\u00eda m\u00e1s o menos c\u00f3mo era el manejo\u00bb, expres\u00f3 sobre la manera en que atraviesa el segundo juicio por la muerte de Diego, tras la nulidad del primer debate por el documental de la ex jueza Julieta Makintach.<\/p>\n<p>En una entrevista brindada a varios medios, entre ellos la Agencia Noticias Argentinas, la joven de 36 a\u00f1os reconoci\u00f3 que aunque exija justicia junto a su familia, su padre \u00abnunca va a volver\u00bb, por lo que vive \u00abuna tristeza absoluta\u00bb. \u00abEs lo m\u00e1s que nos atraviesa, tanto a Dalma y mis hermanos, el hecho de tener que ir ah\u00ed a compartir un mismo lugar y enfrentarse con esa gente. La verdad que te mueve un mont\u00f3n de cosas, se practica mucho la paciencia y el respeto sobre todo\u00bb, expres\u00f3 con respecto a la revictimizaci\u00f3n y volver a verles las caras a los acusados.<\/p>\n<p>Seg\u00fan la hija menor de Claudia Villafa\u00f1e, los siete imputados tienen responsabilidad en el deceso del astro argentino porque \u00abcada uno deb\u00eda hacer su trabajo, ten\u00edan que prestarle atenci\u00f3n b\u00e1sicamente\u00bb, y enfatiz\u00f3 en la supuesta culpabilidad de Luque, quien emple\u00f3 un cambio en su estrategia.<\/p>\n<p>\u00abM\u00e1s all\u00e1 de las ganas y de lo que quiera instalar Luque, \u00e9l se hizo responsable\u00bb de su salud, \u00abera su voz cantante, su m\u00e9dico de cabecera, para los medios\u00bb fue el encargado de intervenirlo quir\u00fargicamente por el hematoma subdural en la Cl\u00ednica Olivos, pero \u00absab\u00edamos que no\u00bb; \u00aben un momento era el m\u00e9dico de Maradona y lo dec\u00eda muy orgulloso por todos lados\u00bb, al tiempo que consider\u00f3 que no se asume su responsabilidad \u00abpor las cosas que hizo y que no hizo porque claramente sabe lo que se viene\u00bb.<\/p>\n<p>Gianinna sostuvo que \u00abtodos son responsables, algunos con mayor grado que otro\u00bb, aunque estaba el neurocirujano, que \u00abera la persona que manejaba todo su equipo\u00bb y mencion\u00f3 a la psiquiatra Agustina Cosachov y el psic\u00f3logo Carlos D\u00edaz.<\/p>\n<p>Sobre los contraataques de Luque para refutar los distintos testimonios y el audio suyo que exhibi\u00f3 en el que se refiere a la internaci\u00f3n domiciliaria de Diego tras ser externado de Olivos, consign\u00f3: \u00abEs su estrategia y no comparto que quiera decir que alardeaba en un audio, que hablaba en tono gracioso, lo mismo con los PowerPoints, comenta cosas que no tienen nada que ver\u00bb. \u00abSi Ver\u00f3nica hablaba bien o mal de m\u00ed\u00bb, ejemplific\u00f3, y se\u00f1al\u00f3 que si el m\u00e9dico sent\u00eda presi\u00f3n, \u00abte tendr\u00edas que haber retirado\u00bb.<\/p>\n<p>\u00abQuiere ponerse en un lugar que no le corresponde, vos habl\u00e1s mal, no hiciste tu trabajo. Hay cosas que no las puede modificar porque lo que dijo, ya lo que dijo y lo que no hizo, no lo hizo\u00bb, enumer\u00f3, y se pregunt\u00f3: \u00ab\u00c9l dec\u00eda que no era el m\u00e9dico de Maradona pero recib\u00eda un sueldo, \u00bfpor qu\u00e9 recib\u00edas un sueldo si no eras el m\u00e9dico de Maradona? \u00bfHac\u00edas caridad nom\u00e1s? No entiendo, hay cosas que son insostenibles\u00bb.<\/p>\n<p>Adem\u00e1s, critic\u00f3 el planteo de la defensa de Cosachov a los magistrados Alberto Gaig, Alberto Ortolani y Pablo Rol\u00f3n sobre el cuestionamiento a las declaraciones bajo juramento de los hijos de Maradona: \u00abNos quieren responsabilizar a nosotros, pero es imposible, no le cabe en la cabeza a nadie. Que me quieran echar la culpa me doy m\u00e1s fuerza para declarar. No se puede tapar el sol con una mano\u00bb.<\/p>\n<p>De acuerdo a su testimonio, los enfermeros de Medidom omitieron atender a su pap\u00e1 en la vivienda del lote N\u00ba45 del barrio cerrado San Andr\u00e9s, en Tigre, porque \u00abno lo chequearon y no le tomaron los signos vitales, algo muy sencillo\u00bb, mientras apel\u00f3 a una met\u00e1fora: \u00abYo no soy m\u00e9dica, soy dise\u00f1adora, pero si hay una m\u00e1quina que no s\u00e9 usar, me voy a retirar antes de romperla\u00bb.<\/p>\n<p>GIANINNA CRITIC\u00d3 LA FALTA DE IMPUTADOS<\/p>\n<p>Gianinna consider\u00f3 que el abogado Mat\u00edas Morla, su hermana Vanesa Morla y su cu\u00f1ado Maximiliano Pomargo deber\u00edan ser juzgados por el deceso de Diego a ra\u00edz de que el letrado \u00abmanejaba los hilos\u00bb y \u00abera el jefe de la banda\u00bb, a la vez que interrog\u00f3: \u00ab\u00bfPor qu\u00e9 est\u00e1 metido en todos los audios y las conversaciones?\u00bb.<\/p>\n<p>\u00abEst\u00e1 el audio de D\u00edaz que dice que a \u00e9l lo contrat\u00f3 Morla, que tambi\u00e9n lo llev\u00f3 a Luque. Hay audios que son escalofriantes, que se quer\u00edan cubrir legalmente o le quer\u00edan echar la culpa a mi pap\u00e1\u00bb, subray\u00f3.<\/p>\n<p>El hecho de que Pomargo apoye a la familia era muy \u00abimportante\u00bb, destac\u00f3, aunque cuando reprodujo los distintos mensajes de voz del cu\u00f1ado de Morla o analiza las conversaciones con Luque, concluy\u00f3 que lo \u00fanico que le interesaba era \u00abla plata\u00bb.<\/p>\n<p>\u00abMaxi grab\u00f3 la reuni\u00f3n\u00bb en la Cl\u00ednica Olivos \u00abcon un fin\u00bb, mientras que el neurocirujano \u00abnos convenci\u00f3 a nosotras\u00bb para externar a su padre: \u00abEllos se manejaban de esa manera, desde la oscuridad, hab\u00eda una estrategia para con nosotras y mi pap\u00e1\u00bb.<\/p>\n<p>Morla se cedi\u00f3 \u00ab\u00e9l mismo las marcas\u00bb, Sattvica S.A., y los derechos de imagen de Maradona. \u00abArm\u00f3 una sociedad con el poder que \u00e9l tiene\u00bb, consign\u00f3 Gianinna.<\/p>\n<p>Jonathan Esp\u00f3sito, uno de sus primos, ser\u00eda de otros de los implicados, seg\u00fan Gianinna: \u00ab\u00c9l nos hab\u00eda dicho tanto a Dalma como a m\u00ed que mientras est\u00e9 cerca de mi pap\u00e1, no le iba a pasar nada. Despu\u00e9s cuando pas\u00f3 todo nos enteramos que cobraba un sueldo. Es un golpe que me duele y no me esperaba ni en pedo, fue un baldazo de agua fr\u00eda\u00bb.<\/p>\n<p>\u00abNo me llam\u00f3 el d\u00eda\u00bb que falleci\u00f3 Maradona, recrimin\u00f3 la joven y agreg\u00f3: \u00abSos mi primo y no me llamaste\u00bb.<\/p>\n<p>Tambi\u00e9n, mencion\u00f3 al letrado V\u00edctor Stinfale y el kinesi\u00f3logo Nicol\u00e1s Taffarel como otras de las personas que tendr\u00edan que estar acusadas.<\/p>\n<p>\u00abCuando hacemos las reuniones en Olivos, Stinfale viene con un m\u00e9dico (Rodolfo Benvenuti). Todos ten\u00edan un cargo y una posici\u00f3n\u00bb, indic\u00f3 la dise\u00f1adora.<\/p>\n<p>\u00ab\u00c9l (Stinfale) tambi\u00e9n le avis\u00f3 a mi mam\u00e1 que mi pap\u00e1 estaba hinchado, tampoco nadie lo escuch\u00f3 o lo escucharon y se hicieron los boludos. A Taffarel lo vi un par de veces cuando lo visit\u00e9 a mi pap\u00e1\u00bb, narr\u00f3.<\/p>\n<p>SU TEOR\u00cdA DEL CASO<\/p>\n<p>La tercera hija de Diego consider\u00f3 que hubo un \u00abplan de fondo\u00bb dirigido por \u00abalguien\u00bb, a quien \u00abse le fue de las manos\u00bb, mientras que los implicados recib\u00edan \u00f3rdenes y una \u00abbajada de l\u00ednea\u00bb.<\/p>\n<p>Sin embargo, admiti\u00f3 no entender el supuesto objetivo de esa log\u00edstica: \u00abNo me entra en la cabeza lo que sucedi\u00f3. No s\u00e9 si los enfermeros, ellos respetaban lo que les dec\u00eda Pomargo\u00bb.<\/p>\n<p>EL MOTIVO DE LA INTERNACI\u00d3N DOMICILIARIA<\/p>\n<p>\u00ab\u00c9l ven\u00eda hacia un tiempo muy mal, ten\u00eda problemas con el alcohol, tomaba dos copas de vino y se pon\u00eda en pedo, lo mezclaba con las pastillas. Era un detonante, un combo explosivo. Las pastillas para dormir, los medicamentos psiqui\u00e1tricos y el alcohol no van de la mano. Eso suced\u00eda cuando yo iba con mi hijo. Agarraban las pastillas, las picaban y se las daban. Un descontrol absoluto\u00bb, record\u00f3 en cuanto al trato que le daba el entorno a Diego.<\/p>\n<p>En ese momento ocurri\u00f3 el click y pens\u00f3 \u00abno puede seguir de esta manera\u00bb. No obstante, el paciente era complicado y no se quer\u00eda internar, y remarc\u00f3: \u00abCuando yo dec\u00eda que mi pap\u00e1 no sab\u00eda a lo que se enfrentaba, de verdad no lo sab\u00eda, nosotros s\u00ed lo sab\u00edamos y lo que hac\u00edamos era para que est\u00e9 bien\u00bb.<\/p>\n<p>Asimismo, neg\u00f3 la existencia de la aparatolog\u00eda m\u00e9dica en Benav\u00eddez, al tiempo que \u00ablo b\u00e1sico era que \u00e9l tenga un cuarto abajo con un ba\u00f1o, pero no le import\u00f3 a la persona que eligi\u00f3 la casa\u00bb, la cual admiti\u00f3 que \u00abno le gust\u00f3\u00bb y pidi\u00f3 \u00abllev\u00e1rselo\u00bb a su domicilio.<\/p>\n<p>\u00abA ellos no les serv\u00eda que mi pap\u00e1 estuviera en un neuropsiqui\u00e1trico porque se le ca\u00edan un mont\u00f3n de cosas a Morla. Pensaban todo el tiempo en la parte econ\u00f3mica sin pensar en la salud de mi pap\u00e1. A Luque le bajaban una l\u00ednea y por eso era la internaci\u00f3n domiciliaria. Lo llevaron a la cancha de Gimnasia y Esgrima La Plata (LP) en su cumplea\u00f1os 60 por un contrato que firm\u00f3. Les preocup\u00f3 m\u00e1s la plata que la persona\u00bb, a\u00f1adi\u00f3.<\/p>\n<p>EL D\u00cdA A D\u00cdA SIN SU PADRE<\/p>\n<p>La madre de Benjam\u00edn Ag\u00fcero explic\u00f3 que el fallecimiento del ex jugador de Boca, la Selecci\u00f3n argentina, Barcelona y Napoli \u00abla sigue afectando\u00bb porque es un \u00abdolor de la muerte de un ser querido es intransferible\u00bb: \u00abEs dif\u00edcil ponerlo en palabras\u00bb.<\/p>\n<p>Gianinna describi\u00f3 una an\u00e9cdota entre su padre y su hijo: la joven record\u00f3 que Maradona le prometi\u00f3 a su nieto que le iba a \u00abregalar su primer auto\u00bb: \u00abVamos a ir juntos\u00bb.<\/p>\n<p>\u00abAhora que estamos atravesando este juicio, yo le tengo que mirar a la cara a gente que que desear\u00eda no ver nunca mi vida. \u00bfEn qu\u00e9 ser\u00eda el no haber conocido directamente? Y se me pasa la vida de mi hijo. Yo creo que mi pap\u00e1 volvi\u00f3 a vivir cuando cuando naci\u00f3 Benjam\u00edn, hizo cosas por Benjam\u00edn  que que no las hac\u00eda por Dalma ni por m\u00ed. Y desde quedarse a dormirlo, a cambiarlo, solo la irlo a buscar el jard\u00edn, todo. Entonces, \u00e9l me hablaba mucho de de Benja, del &#8216;rey&#8217;, como le dec\u00eda \u00e9l\u00bb, sostuvo.<\/p>\n<p>Gianinna, que ya prest\u00f3 testimonio en el juicio, afirm\u00f3 que acude al cementerio de Bella Vista por \u00abalgo terrenal\u00bb aunque \u00ablleva\u00bb a su padre con ella \u00abtodo el tiempo\u00bb.<\/p>\n<p>\u00abEs una cosa espectacular como se manifiesta, es hermoso. Se manifiesta a trav\u00e9s de canciones, pongo la radio y digo &#8216;necesito que me des una se\u00f1al'\u00bb, describi\u00f3 al punto de emocionarse.<\/p>\n<p>En este sentido, explic\u00f3 que en una ocasi\u00f3n donde se sent\u00eda \u00absobrepasada por un mont\u00f3n de cosas\u00bb, encendi\u00f3 la radio en su auto, se tild\u00f3 y se repiti\u00f3 la misma frase \u00ab20 veces\u00bb: \u00abMe tuve que frenar porque me puse a llorar. Era una canci\u00f3n de Los Piojos que dec\u00eda que &#8216;la vida contin\u00faa y todo va a estar bien'\u00bb.<\/p>\n","protected":false},"excerpt":{"rendered":"<p>Buenos Aires, 3 mayo (NA) &#8212; Gianinna Maradona reclam\u00f3 que los abogados Mat\u00edas Morla y<\/p>\n","protected":false},"author":0,"featured_media":21597,"comment_status":"","ping_status":"","sticky":false,"template":"","format":"standard","meta":{"footnotes":""},"categories":[1],"tags":[],"class_list":["post-21596","post","type-post","status-publish","format-standard","has-post-thumbnail","hentry","category-regionales"],"yoast_head":"<!-- This site is optimized with the Yoast SEO plugin v27.5 - https:\/\/yoast.com\/product\/yoast-seo-wordpress\/ -->\n<title>Gianinna Maradona pidi\u00f3 que Morla y Stinfale sean investigados por la muerte de Diego: &quot;Manejaban los hilos&quot; - Fm Gente<\/title>\n<meta name=\"robots\" content=\"index, follow, max-snippet:-1, max-image-preview:large, max-video-preview:-1\" \/>\n<link rel=\"canonical\" href=\"https:\/\/fmgente.com.ar\/web\/gianinna-maradona-pidio-que-morla-y-stinfale-sean-investigados-por-la-muerte-de-diego-manejaban-los-hilos\/\" \/>\n<meta property=\"og:locale\" content=\"es_ES\" \/>\n<meta property=\"og:type\" content=\"article\" \/>\n<meta property=\"og:title\" content=\"Gianinna Maradona pidi\u00f3 que Morla y Stinfale sean investigados por la muerte de Diego: &quot;Manejaban los hilos&quot; - Fm Gente\" \/>\n<meta property=\"og:description\" content=\"Buenos Aires, 3 mayo (NA) &#8212; Gianinna Maradona reclam\u00f3 que los abogados Mat\u00edas Morla y\" \/>\n<meta property=\"og:url\" content=\"https:\/\/fmgente.com.ar\/web\/gianinna-maradona-pidio-que-morla-y-stinfale-sean-investigados-por-la-muerte-de-diego-manejaban-los-hilos\/\" \/>\n<meta property=\"og:site_name\" content=\"Fm Gente\" \/>\n<meta property=\"article:published_time\" content=\"2026-05-03T11:04:58+00:00\" \/>\n<meta name=\"twitter:card\" content=\"summary_large_image\" \/>\n<meta name=\"twitter:label1\" content=\"Tiempo de lectura\" \/>\n\t<meta name=\"twitter:data1\" content=\"9 minutos\" \/>\n<script type=\"application\/ld+json\" class=\"yoast-schema-graph\">{\"@context\":\"https:\\\/\\\/schema.org\",\"@graph\":[{\"@type\":\"Article\",\"@id\":\"https:\\\/\\\/fmgente.com.ar\\\/web\\\/gianinna-maradona-pidio-que-morla-y-stinfale-sean-investigados-por-la-muerte-de-diego-manejaban-los-hilos\\\/#article\",\"isPartOf\":{\"@id\":\"https:\\\/\\\/fmgente.com.ar\\\/web\\\/gianinna-maradona-pidio-que-morla-y-stinfale-sean-investigados-por-la-muerte-de-diego-manejaban-los-hilos\\\/\"},\"author\":{\"name\":\"\",\"@id\":\"\"},\"headline\":\"Gianinna Maradona pidi\u00f3 que Morla y Stinfale sean investigados por la muerte de Diego: &quot;Manejaban los hilos&quot;\",\"datePublished\":\"2026-05-03T11:04:58+00:00\",\"mainEntityOfPage\":{\"@id\":\"https:\\\/\\\/fmgente.com.ar\\\/web\\\/gianinna-maradona-pidio-que-morla-y-stinfale-sean-investigados-por-la-muerte-de-diego-manejaban-los-hilos\\\/\"},\"wordCount\":1874,\"publisher\":{\"@id\":\"https:\\\/\\\/fmgente.com.ar\\\/web\\\/#organization\"},\"image\":{\"@id\":\"https:\\\/\\\/fmgente.com.ar\\\/web\\\/gianinna-maradona-pidio-que-morla-y-stinfale-sean-investigados-por-la-muerte-de-diego-manejaban-los-hilos\\\/#primaryimage\"},\"thumbnailUrl\":\"https:\\\/\\\/fmgente.com.ar\\\/web\\\/wp-content\\\/uploads\\\/2026\\\/05\\\/720-85.jpeg\",\"articleSection\":[\"REGIONALES\"],\"inLanguage\":\"es\"},{\"@type\":\"WebPage\",\"@id\":\"https:\\\/\\\/fmgente.com.ar\\\/web\\\/gianinna-maradona-pidio-que-morla-y-stinfale-sean-investigados-por-la-muerte-de-diego-manejaban-los-hilos\\\/\",\"url\":\"https:\\\/\\\/fmgente.com.ar\\\/web\\\/gianinna-maradona-pidio-que-morla-y-stinfale-sean-investigados-por-la-muerte-de-diego-manejaban-los-hilos\\\/\",\"name\":\"Gianinna Maradona pidi\u00f3 que Morla y Stinfale sean investigados por la muerte de Diego: &quot;Manejaban los hilos&quot; - Fm Gente\",\"isPartOf\":{\"@id\":\"https:\\\/\\\/fmgente.com.ar\\\/web\\\/#website\"},\"primaryImageOfPage\":{\"@id\":\"https:\\\/\\\/fmgente.com.ar\\\/web\\\/gianinna-maradona-pidio-que-morla-y-stinfale-sean-investigados-por-la-muerte-de-diego-manejaban-los-hilos\\\/#primaryimage\"},\"image\":{\"@id\":\"https:\\\/\\\/fmgente.com.ar\\\/web\\\/gianinna-maradona-pidio-que-morla-y-stinfale-sean-investigados-por-la-muerte-de-diego-manejaban-los-hilos\\\/#primaryimage\"},\"thumbnailUrl\":\"https:\\\/\\\/fmgente.com.ar\\\/web\\\/wp-content\\\/uploads\\\/2026\\\/05\\\/720-85.jpeg\",\"datePublished\":\"2026-05-03T11:04:58+00:00\",\"inLanguage\":\"es\",\"potentialAction\":[{\"@type\":\"ReadAction\",\"target\":[\"https:\\\/\\\/fmgente.com.ar\\\/web\\\/gianinna-maradona-pidio-que-morla-y-stinfale-sean-investigados-por-la-muerte-de-diego-manejaban-los-hilos\\\/\"]}]},{\"@type\":\"ImageObject\",\"inLanguage\":\"es\",\"@id\":\"https:\\\/\\\/fmgente.com.ar\\\/web\\\/gianinna-maradona-pidio-que-morla-y-stinfale-sean-investigados-por-la-muerte-de-diego-manejaban-los-hilos\\\/#primaryimage\",\"url\":\"https:\\\/\\\/fmgente.com.ar\\\/web\\\/wp-content\\\/uploads\\\/2026\\\/05\\\/720-85.jpeg\",\"contentUrl\":\"https:\\\/\\\/fmgente.com.ar\\\/web\\\/wp-content\\\/uploads\\\/2026\\\/05\\\/720-85.jpeg\",\"width\":939,\"height\":720},{\"@type\":\"WebSite\",\"@id\":\"https:\\\/\\\/fmgente.com.ar\\\/web\\\/#website\",\"url\":\"https:\\\/\\\/fmgente.com.ar\\\/web\\\/\",\"name\":\"Fm Gente\",\"description\":\"- Jes\u00fas Mar\u00eda\",\"publisher\":{\"@id\":\"https:\\\/\\\/fmgente.com.ar\\\/web\\\/#organization\"},\"potentialAction\":[{\"@type\":\"SearchAction\",\"target\":{\"@type\":\"EntryPoint\",\"urlTemplate\":\"https:\\\/\\\/fmgente.com.ar\\\/web\\\/?s={search_term_string}\"},\"query-input\":{\"@type\":\"PropertyValueSpecification\",\"valueRequired\":true,\"valueName\":\"search_term_string\"}}],\"inLanguage\":\"es\"},{\"@type\":\"Organization\",\"@id\":\"https:\\\/\\\/fmgente.com.ar\\\/web\\\/#organization\",\"name\":\"Fm Gente\",\"url\":\"https:\\\/\\\/fmgente.com.ar\\\/web\\\/\",\"logo\":{\"@type\":\"ImageObject\",\"inLanguage\":\"es\",\"@id\":\"https:\\\/\\\/fmgente.com.ar\\\/web\\\/#\\\/schema\\\/logo\\\/image\\\/\",\"url\":\"https:\\\/\\\/fmgente.com.ar\\\/web\\\/wp-content\\\/uploads\\\/2023\\\/07\\\/cropped-cropped-logo-sombra2.png\",\"contentUrl\":\"https:\\\/\\\/fmgente.com.ar\\\/web\\\/wp-content\\\/uploads\\\/2023\\\/07\\\/cropped-cropped-logo-sombra2.png\",\"width\":1782,\"height\":1782,\"caption\":\"Fm Gente\"},\"image\":{\"@id\":\"https:\\\/\\\/fmgente.com.ar\\\/web\\\/#\\\/schema\\\/logo\\\/image\\\/\"}}]}<\/script>\n<!-- \/ Yoast SEO plugin. -->","yoast_head_json":{"title":"Gianinna Maradona pidi\u00f3 que Morla y Stinfale sean investigados por la muerte de Diego: &quot;Manejaban los hilos&quot; - Fm Gente","robots":{"index":"index","follow":"follow","max-snippet":"max-snippet:-1","max-image-preview":"max-image-preview:large","max-video-preview":"max-video-preview:-1"},"canonical":"https:\/\/fmgente.com.ar\/web\/gianinna-maradona-pidio-que-morla-y-stinfale-sean-investigados-por-la-muerte-de-diego-manejaban-los-hilos\/","og_locale":"es_ES","og_type":"article","og_title":"Gianinna Maradona pidi\u00f3 que Morla y Stinfale sean investigados por la muerte de Diego: &quot;Manejaban los hilos&quot; - Fm Gente","og_description":"Buenos Aires, 3 mayo (NA) &#8212; Gianinna Maradona reclam\u00f3 que los abogados Mat\u00edas Morla y","og_url":"https:\/\/fmgente.com.ar\/web\/gianinna-maradona-pidio-que-morla-y-stinfale-sean-investigados-por-la-muerte-de-diego-manejaban-los-hilos\/","og_site_name":"Fm Gente","article_published_time":"2026-05-03T11:04:58+00:00","twitter_card":"summary_large_image","twitter_misc":{"Tiempo de lectura":"9 minutos"},"schema":{"@context":"https:\/\/schema.org","@graph":[{"@type":"Article","@id":"https:\/\/fmgente.com.ar\/web\/gianinna-maradona-pidio-que-morla-y-stinfale-sean-investigados-por-la-muerte-de-diego-manejaban-los-hilos\/#article","isPartOf":{"@id":"https:\/\/fmgente.com.ar\/web\/gianinna-maradona-pidio-que-morla-y-stinfale-sean-investigados-por-la-muerte-de-diego-manejaban-los-hilos\/"},"author":{"name":"","@id":""},"headline":"Gianinna Maradona pidi\u00f3 que Morla y Stinfale sean investigados por la muerte de Diego: &quot;Manejaban los hilos&quot;","datePublished":"2026-05-03T11:04:58+00:00","mainEntityOfPage":{"@id":"https:\/\/fmgente.com.ar\/web\/gianinna-maradona-pidio-que-morla-y-stinfale-sean-investigados-por-la-muerte-de-diego-manejaban-los-hilos\/"},"wordCount":1874,"publisher":{"@id":"https:\/\/fmgente.com.ar\/web\/#organization"},"image":{"@id":"https:\/\/fmgente.com.ar\/web\/gianinna-maradona-pidio-que-morla-y-stinfale-sean-investigados-por-la-muerte-de-diego-manejaban-los-hilos\/#primaryimage"},"thumbnailUrl":"https:\/\/fmgente.com.ar\/web\/wp-content\/uploads\/2026\/05\/720-85.jpeg","articleSection":["REGIONALES"],"inLanguage":"es"},{"@type":"WebPage","@id":"https:\/\/fmgente.com.ar\/web\/gianinna-maradona-pidio-que-morla-y-stinfale-sean-investigados-por-la-muerte-de-diego-manejaban-los-hilos\/","url":"https:\/\/fmgente.com.ar\/web\/gianinna-maradona-pidio-que-morla-y-stinfale-sean-investigados-por-la-muerte-de-diego-manejaban-los-hilos\/","name":"Gianinna Maradona pidi\u00f3 que Morla y Stinfale sean investigados por la muerte de Diego: &quot;Manejaban los hilos&quot; - Fm Gente","isPartOf":{"@id":"https:\/\/fmgente.com.ar\/web\/#website"},"primaryImageOfPage":{"@id":"https:\/\/fmgente.com.ar\/web\/gianinna-maradona-pidio-que-morla-y-stinfale-sean-investigados-por-la-muerte-de-diego-manejaban-los-hilos\/#primaryimage"},"image":{"@id":"https:\/\/fmgente.com.ar\/web\/gianinna-maradona-pidio-que-morla-y-stinfale-sean-investigados-por-la-muerte-de-diego-manejaban-los-hilos\/#primaryimage"},"thumbnailUrl":"https:\/\/fmgente.com.ar\/web\/wp-content\/uploads\/2026\/05\/720-85.jpeg","datePublished":"2026-05-03T11:04:58+00:00","inLanguage":"es","potentialAction":[{"@type":"ReadAction","target":["https:\/\/fmgente.com.ar\/web\/gianinna-maradona-pidio-que-morla-y-stinfale-sean-investigados-por-la-muerte-de-diego-manejaban-los-hilos\/"]}]},{"@type":"ImageObject","inLanguage":"es","@id":"https:\/\/fmgente.com.ar\/web\/gianinna-maradona-pidio-que-morla-y-stinfale-sean-investigados-por-la-muerte-de-diego-manejaban-los-hilos\/#primaryimage","url":"https:\/\/fmgente.com.ar\/web\/wp-content\/uploads\/2026\/05\/720-85.jpeg","contentUrl":"https:\/\/fmgente.com.ar\/web\/wp-content\/uploads\/2026\/05\/720-85.jpeg","width":939,"height":720},{"@type":"WebSite","@id":"https:\/\/fmgente.com.ar\/web\/#website","url":"https:\/\/fmgente.com.ar\/web\/","name":"Fm Gente","description":"- Jes\u00fas Mar\u00eda","publisher":{"@id":"https:\/\/fmgente.com.ar\/web\/#organization"},"potentialAction":[{"@type":"SearchAction","target":{"@type":"EntryPoint","urlTemplate":"https:\/\/fmgente.com.ar\/web\/?s={search_term_string}"},"query-input":{"@type":"PropertyValueSpecification","valueRequired":true,"valueName":"search_term_string"}}],"inLanguage":"es"},{"@type":"Organization","@id":"https:\/\/fmgente.com.ar\/web\/#organization","name":"Fm Gente","url":"https:\/\/fmgente.com.ar\/web\/","logo":{"@type":"ImageObject","inLanguage":"es","@id":"https:\/\/fmgente.com.ar\/web\/#\/schema\/logo\/image\/","url":"https:\/\/fmgente.com.ar\/web\/wp-content\/uploads\/2023\/07\/cropped-cropped-logo-sombra2.png","contentUrl":"https:\/\/fmgente.com.ar\/web\/wp-content\/uploads\/2023\/07\/cropped-cropped-logo-sombra2.png","width":1782,"height":1782,"caption":"Fm Gente"},"image":{"@id":"https:\/\/fmgente.com.ar\/web\/#\/schema\/logo\/image\/"}}]}},"_links":{"self":[{"href":"https:\/\/fmgente.com.ar\/web\/wp-json\/wp\/v2\/posts\/21596","targetHints":{"allow":["GET"]}}],"collection":[{"href":"https:\/\/fmgente.com.ar\/web\/wp-json\/wp\/v2\/posts"}],"about":[{"href":"https:\/\/fmgente.com.ar\/web\/wp-json\/wp\/v2\/types\/post"}],"replies":[{"embeddable":true,"href":"https:\/\/fmgente.com.ar\/web\/wp-json\/wp\/v2\/comments?post=21596"}],"version-history":[{"count":0,"href":"https:\/\/fmgente.com.ar\/web\/wp-json\/wp\/v2\/posts\/21596\/revisions"}],"wp:featuredmedia":[{"embeddable":true,"href":"https:\/\/fmgente.com.ar\/web\/wp-json\/wp\/v2\/media\/21597"}],"wp:attachment":[{"href":"https:\/\/fmgente.com.ar\/web\/wp-json\/wp\/v2\/media?parent=21596"}],"wp:term":[{"taxonomy":"category","embeddable":true,"href":"https:\/\/fmgente.com.ar\/web\/wp-json\/wp\/v2\/categories?post=21596"},{"taxonomy":"post_tag","embeddable":true,"href":"https:\/\/fmgente.com.ar\/web\/wp-json\/wp\/v2\/tags?post=21596"}],"curies":[{"name":"wp","href":"https:\/\/api.w.org\/{rel}","templated":true}]}}