{"id":21392,"date":"2026-05-01T19:08:00","date_gmt":"2026-05-01T22:08:00","guid":{"rendered":"https:\/\/fmgente.com.ar\/web\/javier-milei-vuela-a-estados-unidos-y-sera-parte-de-la-conferencia-global-del-instituto-milken\/"},"modified":"2026-05-01T19:08:00","modified_gmt":"2026-05-01T22:08:00","slug":"javier-milei-vuela-a-estados-unidos-y-sera-parte-de-la-conferencia-global-del-instituto-milken","status":"publish","type":"post","link":"https:\/\/fmgente.com.ar\/web\/javier-milei-vuela-a-estados-unidos-y-sera-parte-de-la-conferencia-global-del-instituto-milken\/","title":{"rendered":"Javier Milei vuela a Estados Unidos y ser\u00e1 parte de la Conferencia Global del Instituto Milken"},"content":{"rendered":"<p>Buenos Aires, 1 mayo (NA) \u2013 El presidente argentino Javier Milei realizar\u00e1 su cuarto viaje en lo que va del a\u00f1o a los Estados Unidos y, esta vez, ser\u00e1 para volver a disertar en una nueva edici\u00f3n de la Conferencia Global del Instituto Milken.<\/p>\n<p>Seg\u00fan supo la Agencia Noticias Argentinas, el pr\u00f3ximo mi\u00e9rcoles seis de mayo, Javier Milei se presentar\u00e1 en la edici\u00f3n 29.\u00aa del foro del cual form\u00f3 parte en 2024. Ahora, por invitaci\u00f3n del Instituto Milken, volver\u00e1 a brindar su palabra en la Conferencia Global del think tank. La misma re\u00fane a l\u00edderes de finanzas, tecnolog\u00eda y pol\u00edticas p\u00fablicas.<\/p>\n<p>A\u00fan no est\u00e1 confirmada la fecha de su llegada, aunque s\u00ed su presentaci\u00f3n est\u00e1 oficializada, al igual que sus acompa\u00f1antes, el canciller Pablo Quirno y el embajador en EE.\u202fUU., Alec Oxenford.<\/p>\n<p>\u00bfCU\u00c1L SER\u00c1 EL LEMA DE LA 29.\u00aa EDICI\u00d3N DE LA CONFERENCIA GLOBAL 2026?<\/p>\n<p>El evento dar\u00e1 inicio el domingo 3 de mayo y el mi\u00e9rcoles (6) ser\u00e1 el turno del presidente Milei para tomar la palabra en la conferencia, que este a\u00f1o tiene por lema: \u201cLiderando en una nueva era\u201d.<\/p>\n<p>Conferencistas de todo el mundo y diversos sectores de la sociedad, como:<\/p>\n<p> * Finanzas.<br \/>\n * Tecnolog\u00eda.<br \/>\n * Salud.<br \/>\n * Filantrop\u00eda.<br \/>\n * Pol\u00edticas p\u00fablicas.<\/p>\n<p>Ser\u00e1n parte de los paneles sobre temas de las mencionadas \u00e1reas a tratar durante la conferencia, en la cual se abordar\u00e1n soluciones pr\u00e1cticas sobre los desaf\u00edos que propone el mundo actual.<\/p>\n<p>Milei participar\u00e1 por segunda vez como orador de una conferencia que supo tener como panelistas, entre otras personalidades, a Bill Clinton, Kristalina Georgieva, Jensen Huang y la reina Rania de Jordania.<\/p>\n<p>\u00bfCU\u00c1L HAB\u00cdA SIDO EL MENSAJE DEL PRESIDENTE MILEI EN SU PRESENTACI\u00d3N EN 2024?<\/p>\n<p>En aquella oportunidad, Milei invit\u00f3 a los empresarios presentes a invertir en el pa\u00eds al decir que \u201cArgentina tiene todas las condiciones para ser la nueva meca de Occidente\u201d.<\/p>\n<p>Un a\u00f1o despu\u00e9s, es decir en 2025, el mandatario argentino, en su breve visita al Instituto Milken, expuso ante, por ejemplo, personalidades representantes de empresas como:<\/p>\n<p> * Chevron.<br \/>\n * Paramount.<br \/>\n * Discovery Capital.<br \/>\n * JPMorgan.<br \/>\n * PIMCO.<br \/>\n * Vista Investment Group.<br \/>\n * Amazon Web Services.<br \/>\n * Citi.<br \/>\n * Discovery Capital.<br \/>\n * Citi.<br \/>\n * Copa Airlines.<br \/>\n * Fundaci\u00f3n Reagan.<br \/>\n * Peerage Capital Group.<br \/>\n * East Bank.<br \/>\n * Visay Globant.<\/p>\n<p>El martes por la noche o el mismo mi\u00e9rcoles son los posibles momentos en los cuales podr\u00eda aterrizar la delegaci\u00f3n argentina en Estados Unidos, encabezada por el propio Milei. Antes de emprender el viaje, algunas de las actividades que viene realizando el presidente son acompa\u00f1ar al jefe de Gabinete en su presentaci\u00f3n en el Congreso el pasado mi\u00e9rcoles 29 de abril y la visita en aguas argentinas al portaaviones nuclear USS Nimitz. Lo propio tuvo lugar en el marco de los ejercicios navales Passex 2026 del Comando Sur de Estados Unidos (SOUTHCOM), el comando militar estadounidense.<\/p>\n<p>De la visita tambi\u00e9n formaron parte, entre otros funcionarios, Karina Milei; el canciller Pablo Quirno; el ministro de Defensa, Carlos Presti; y el embajador de Estados Unidos en Argentina, Peter Lamelas.<\/p>\n<p>MILEI VISIT\u00d3 LA TIERRA DE TRUMP EN MARZO<\/p>\n<p>En el tercer mes del presente a\u00f1o, Milei hab\u00eda estado, entre otras ciudades, en territorio de Nueva York, donde hab\u00eda inaugurado la Argentina Week 2026. El evento hab\u00eda sido organizado por la Embajada Argentina en Estados Unidos y las entidades financieras JPMorgan y Bank of America para compartir con empresarios, banqueros e inversores, gobernadores y funcionarios argentinos.<\/p>\n<p>Por entonces, en la apertura del encuentro Milei hab\u00eda dicho que \u201cArgentina tiene todo dado para emprender un proceso de convergencia econ\u00f3mica que nos coloque a la par de las grandes potencias del mundo\u201d.<\/p>\n<p>Adem\u00e1s de Nueva York, este a\u00f1o, Milei estuvo en:<\/p>\n<p>Washington<\/p>\n<p> * Junta de la Paz (febrero).<\/p>\n<p>Miami<\/p>\n<p> * Cumbre \u201cEscudo de las Am\u00e9ricas\u201d (marzo).<\/p>\n<p>De esta forma, el presidente argentino devuelve, una vez m\u00e1s, la confianza de Trump en la alineaci\u00f3n pol\u00edtica. #AgenciaNA.<\/p>\n","protected":false},"excerpt":{"rendered":"<p>Buenos Aires, 1 mayo (NA) \u2013 El presidente argentino Javier Milei realizar\u00e1 su cuarto viaje<\/p>\n","protected":false},"author":0,"featured_media":21393,"comment_status":"","ping_status":"","sticky":false,"template":"","format":"standard","meta":{"footnotes":""},"categories":[1],"tags":[],"class_list":["post-21392","post","type-post","status-publish","format-standard","has-post-thumbnail","hentry","category-regionales"],"yoast_head":"<!-- This site is optimized with the Yoast SEO plugin v27.5 - https:\/\/yoast.com\/product\/yoast-seo-wordpress\/ -->\n<title>Javier Milei vuela a Estados Unidos y ser\u00e1 parte de la Conferencia Global del Instituto Milken - Fm Gente<\/title>\n<meta name=\"robots\" content=\"index, follow, max-snippet:-1, max-image-preview:large, max-video-preview:-1\" \/>\n<link rel=\"canonical\" href=\"https:\/\/fmgente.com.ar\/web\/javier-milei-vuela-a-estados-unidos-y-sera-parte-de-la-conferencia-global-del-instituto-milken\/\" \/>\n<meta property=\"og:locale\" content=\"es_ES\" \/>\n<meta property=\"og:type\" content=\"article\" \/>\n<meta property=\"og:title\" content=\"Javier Milei vuela a Estados Unidos y ser\u00e1 parte de la Conferencia Global del Instituto Milken - Fm Gente\" \/>\n<meta property=\"og:description\" content=\"Buenos Aires, 1 mayo (NA) \u2013 El presidente argentino Javier Milei realizar\u00e1 su cuarto viaje\" \/>\n<meta property=\"og:url\" content=\"https:\/\/fmgente.com.ar\/web\/javier-milei-vuela-a-estados-unidos-y-sera-parte-de-la-conferencia-global-del-instituto-milken\/\" \/>\n<meta property=\"og:site_name\" content=\"Fm Gente\" \/>\n<meta property=\"article:published_time\" content=\"2026-05-01T22:08:00+00:00\" \/>\n<meta name=\"twitter:card\" content=\"summary_large_image\" \/>\n<meta name=\"twitter:label1\" content=\"Tiempo de lectura\" \/>\n\t<meta name=\"twitter:data1\" content=\"3 minutos\" \/>\n<script type=\"application\/ld+json\" class=\"yoast-schema-graph\">{\"@context\":\"https:\\\/\\\/schema.org\",\"@graph\":[{\"@type\":\"Article\",\"@id\":\"https:\\\/\\\/fmgente.com.ar\\\/web\\\/javier-milei-vuela-a-estados-unidos-y-sera-parte-de-la-conferencia-global-del-instituto-milken\\\/#article\",\"isPartOf\":{\"@id\":\"https:\\\/\\\/fmgente.com.ar\\\/web\\\/javier-milei-vuela-a-estados-unidos-y-sera-parte-de-la-conferencia-global-del-instituto-milken\\\/\"},\"author\":{\"name\":\"\",\"@id\":\"\"},\"headline\":\"Javier Milei vuela a Estados Unidos y ser\u00e1 parte de la Conferencia Global del Instituto Milken\",\"datePublished\":\"2026-05-01T22:08:00+00:00\",\"mainEntityOfPage\":{\"@id\":\"https:\\\/\\\/fmgente.com.ar\\\/web\\\/javier-milei-vuela-a-estados-unidos-y-sera-parte-de-la-conferencia-global-del-instituto-milken\\\/\"},\"wordCount\":681,\"publisher\":{\"@id\":\"https:\\\/\\\/fmgente.com.ar\\\/web\\\/#organization\"},\"image\":{\"@id\":\"https:\\\/\\\/fmgente.com.ar\\\/web\\\/javier-milei-vuela-a-estados-unidos-y-sera-parte-de-la-conferencia-global-del-instituto-milken\\\/#primaryimage\"},\"thumbnailUrl\":\"https:\\\/\\\/fmgente.com.ar\\\/web\\\/wp-content\\\/uploads\\\/2026\\\/05\\\/720-17.jpeg\",\"articleSection\":[\"REGIONALES\"],\"inLanguage\":\"es\"},{\"@type\":\"WebPage\",\"@id\":\"https:\\\/\\\/fmgente.com.ar\\\/web\\\/javier-milei-vuela-a-estados-unidos-y-sera-parte-de-la-conferencia-global-del-instituto-milken\\\/\",\"url\":\"https:\\\/\\\/fmgente.com.ar\\\/web\\\/javier-milei-vuela-a-estados-unidos-y-sera-parte-de-la-conferencia-global-del-instituto-milken\\\/\",\"name\":\"Javier Milei vuela a Estados Unidos y ser\u00e1 parte de la Conferencia Global del Instituto Milken - Fm Gente\",\"isPartOf\":{\"@id\":\"https:\\\/\\\/fmgente.com.ar\\\/web\\\/#website\"},\"primaryImageOfPage\":{\"@id\":\"https:\\\/\\\/fmgente.com.ar\\\/web\\\/javier-milei-vuela-a-estados-unidos-y-sera-parte-de-la-conferencia-global-del-instituto-milken\\\/#primaryimage\"},\"image\":{\"@id\":\"https:\\\/\\\/fmgente.com.ar\\\/web\\\/javier-milei-vuela-a-estados-unidos-y-sera-parte-de-la-conferencia-global-del-instituto-milken\\\/#primaryimage\"},\"thumbnailUrl\":\"https:\\\/\\\/fmgente.com.ar\\\/web\\\/wp-content\\\/uploads\\\/2026\\\/05\\\/720-17.jpeg\",\"datePublished\":\"2026-05-01T22:08:00+00:00\",\"inLanguage\":\"es\",\"potentialAction\":[{\"@type\":\"ReadAction\",\"target\":[\"https:\\\/\\\/fmgente.com.ar\\\/web\\\/javier-milei-vuela-a-estados-unidos-y-sera-parte-de-la-conferencia-global-del-instituto-milken\\\/\"]}]},{\"@type\":\"ImageObject\",\"inLanguage\":\"es\",\"@id\":\"https:\\\/\\\/fmgente.com.ar\\\/web\\\/javier-milei-vuela-a-estados-unidos-y-sera-parte-de-la-conferencia-global-del-instituto-milken\\\/#primaryimage\",\"url\":\"https:\\\/\\\/fmgente.com.ar\\\/web\\\/wp-content\\\/uploads\\\/2026\\\/05\\\/720-17.jpeg\",\"contentUrl\":\"https:\\\/\\\/fmgente.com.ar\\\/web\\\/wp-content\\\/uploads\\\/2026\\\/05\\\/720-17.jpeg\",\"width\":1080,\"height\":720},{\"@type\":\"WebSite\",\"@id\":\"https:\\\/\\\/fmgente.com.ar\\\/web\\\/#website\",\"url\":\"https:\\\/\\\/fmgente.com.ar\\\/web\\\/\",\"name\":\"Fm Gente\",\"description\":\"- Jes\u00fas Mar\u00eda\",\"publisher\":{\"@id\":\"https:\\\/\\\/fmgente.com.ar\\\/web\\\/#organization\"},\"potentialAction\":[{\"@type\":\"SearchAction\",\"target\":{\"@type\":\"EntryPoint\",\"urlTemplate\":\"https:\\\/\\\/fmgente.com.ar\\\/web\\\/?s={search_term_string}\"},\"query-input\":{\"@type\":\"PropertyValueSpecification\",\"valueRequired\":true,\"valueName\":\"search_term_string\"}}],\"inLanguage\":\"es\"},{\"@type\":\"Organization\",\"@id\":\"https:\\\/\\\/fmgente.com.ar\\\/web\\\/#organization\",\"name\":\"Fm Gente\",\"url\":\"https:\\\/\\\/fmgente.com.ar\\\/web\\\/\",\"logo\":{\"@type\":\"ImageObject\",\"inLanguage\":\"es\",\"@id\":\"https:\\\/\\\/fmgente.com.ar\\\/web\\\/#\\\/schema\\\/logo\\\/image\\\/\",\"url\":\"https:\\\/\\\/fmgente.com.ar\\\/web\\\/wp-content\\\/uploads\\\/2023\\\/07\\\/cropped-cropped-logo-sombra2.png\",\"contentUrl\":\"https:\\\/\\\/fmgente.com.ar\\\/web\\\/wp-content\\\/uploads\\\/2023\\\/07\\\/cropped-cropped-logo-sombra2.png\",\"width\":1782,\"height\":1782,\"caption\":\"Fm Gente\"},\"image\":{\"@id\":\"https:\\\/\\\/fmgente.com.ar\\\/web\\\/#\\\/schema\\\/logo\\\/image\\\/\"}}]}<\/script>\n<!-- \/ Yoast SEO plugin. -->","yoast_head_json":{"title":"Javier Milei vuela a Estados Unidos y ser\u00e1 parte de la Conferencia Global del Instituto Milken - Fm Gente","robots":{"index":"index","follow":"follow","max-snippet":"max-snippet:-1","max-image-preview":"max-image-preview:large","max-video-preview":"max-video-preview:-1"},"canonical":"https:\/\/fmgente.com.ar\/web\/javier-milei-vuela-a-estados-unidos-y-sera-parte-de-la-conferencia-global-del-instituto-milken\/","og_locale":"es_ES","og_type":"article","og_title":"Javier Milei vuela a Estados Unidos y ser\u00e1 parte de la Conferencia Global del Instituto Milken - Fm Gente","og_description":"Buenos Aires, 1 mayo (NA) \u2013 El presidente argentino Javier Milei realizar\u00e1 su cuarto viaje","og_url":"https:\/\/fmgente.com.ar\/web\/javier-milei-vuela-a-estados-unidos-y-sera-parte-de-la-conferencia-global-del-instituto-milken\/","og_site_name":"Fm Gente","article_published_time":"2026-05-01T22:08:00+00:00","twitter_card":"summary_large_image","twitter_misc":{"Tiempo de lectura":"3 minutos"},"schema":{"@context":"https:\/\/schema.org","@graph":[{"@type":"Article","@id":"https:\/\/fmgente.com.ar\/web\/javier-milei-vuela-a-estados-unidos-y-sera-parte-de-la-conferencia-global-del-instituto-milken\/#article","isPartOf":{"@id":"https:\/\/fmgente.com.ar\/web\/javier-milei-vuela-a-estados-unidos-y-sera-parte-de-la-conferencia-global-del-instituto-milken\/"},"author":{"name":"","@id":""},"headline":"Javier Milei vuela a Estados Unidos y ser\u00e1 parte de la Conferencia Global del Instituto Milken","datePublished":"2026-05-01T22:08:00+00:00","mainEntityOfPage":{"@id":"https:\/\/fmgente.com.ar\/web\/javier-milei-vuela-a-estados-unidos-y-sera-parte-de-la-conferencia-global-del-instituto-milken\/"},"wordCount":681,"publisher":{"@id":"https:\/\/fmgente.com.ar\/web\/#organization"},"image":{"@id":"https:\/\/fmgente.com.ar\/web\/javier-milei-vuela-a-estados-unidos-y-sera-parte-de-la-conferencia-global-del-instituto-milken\/#primaryimage"},"thumbnailUrl":"https:\/\/fmgente.com.ar\/web\/wp-content\/uploads\/2026\/05\/720-17.jpeg","articleSection":["REGIONALES"],"inLanguage":"es"},{"@type":"WebPage","@id":"https:\/\/fmgente.com.ar\/web\/javier-milei-vuela-a-estados-unidos-y-sera-parte-de-la-conferencia-global-del-instituto-milken\/","url":"https:\/\/fmgente.com.ar\/web\/javier-milei-vuela-a-estados-unidos-y-sera-parte-de-la-conferencia-global-del-instituto-milken\/","name":"Javier Milei vuela a Estados Unidos y ser\u00e1 parte de la Conferencia Global del Instituto Milken - Fm Gente","isPartOf":{"@id":"https:\/\/fmgente.com.ar\/web\/#website"},"primaryImageOfPage":{"@id":"https:\/\/fmgente.com.ar\/web\/javier-milei-vuela-a-estados-unidos-y-sera-parte-de-la-conferencia-global-del-instituto-milken\/#primaryimage"},"image":{"@id":"https:\/\/fmgente.com.ar\/web\/javier-milei-vuela-a-estados-unidos-y-sera-parte-de-la-conferencia-global-del-instituto-milken\/#primaryimage"},"thumbnailUrl":"https:\/\/fmgente.com.ar\/web\/wp-content\/uploads\/2026\/05\/720-17.jpeg","datePublished":"2026-05-01T22:08:00+00:00","inLanguage":"es","potentialAction":[{"@type":"ReadAction","target":["https:\/\/fmgente.com.ar\/web\/javier-milei-vuela-a-estados-unidos-y-sera-parte-de-la-conferencia-global-del-instituto-milken\/"]}]},{"@type":"ImageObject","inLanguage":"es","@id":"https:\/\/fmgente.com.ar\/web\/javier-milei-vuela-a-estados-unidos-y-sera-parte-de-la-conferencia-global-del-instituto-milken\/#primaryimage","url":"https:\/\/fmgente.com.ar\/web\/wp-content\/uploads\/2026\/05\/720-17.jpeg","contentUrl":"https:\/\/fmgente.com.ar\/web\/wp-content\/uploads\/2026\/05\/720-17.jpeg","width":1080,"height":720},{"@type":"WebSite","@id":"https:\/\/fmgente.com.ar\/web\/#website","url":"https:\/\/fmgente.com.ar\/web\/","name":"Fm Gente","description":"- Jes\u00fas Mar\u00eda","publisher":{"@id":"https:\/\/fmgente.com.ar\/web\/#organization"},"potentialAction":[{"@type":"SearchAction","target":{"@type":"EntryPoint","urlTemplate":"https:\/\/fmgente.com.ar\/web\/?s={search_term_string}"},"query-input":{"@type":"PropertyValueSpecification","valueRequired":true,"valueName":"search_term_string"}}],"inLanguage":"es"},{"@type":"Organization","@id":"https:\/\/fmgente.com.ar\/web\/#organization","name":"Fm Gente","url":"https:\/\/fmgente.com.ar\/web\/","logo":{"@type":"ImageObject","inLanguage":"es","@id":"https:\/\/fmgente.com.ar\/web\/#\/schema\/logo\/image\/","url":"https:\/\/fmgente.com.ar\/web\/wp-content\/uploads\/2023\/07\/cropped-cropped-logo-sombra2.png","contentUrl":"https:\/\/fmgente.com.ar\/web\/wp-content\/uploads\/2023\/07\/cropped-cropped-logo-sombra2.png","width":1782,"height":1782,"caption":"Fm Gente"},"image":{"@id":"https:\/\/fmgente.com.ar\/web\/#\/schema\/logo\/image\/"}}]}},"_links":{"self":[{"href":"https:\/\/fmgente.com.ar\/web\/wp-json\/wp\/v2\/posts\/21392","targetHints":{"allow":["GET"]}}],"collection":[{"href":"https:\/\/fmgente.com.ar\/web\/wp-json\/wp\/v2\/posts"}],"about":[{"href":"https:\/\/fmgente.com.ar\/web\/wp-json\/wp\/v2\/types\/post"}],"replies":[{"embeddable":true,"href":"https:\/\/fmgente.com.ar\/web\/wp-json\/wp\/v2\/comments?post=21392"}],"version-history":[{"count":0,"href":"https:\/\/fmgente.com.ar\/web\/wp-json\/wp\/v2\/posts\/21392\/revisions"}],"wp:featuredmedia":[{"embeddable":true,"href":"https:\/\/fmgente.com.ar\/web\/wp-json\/wp\/v2\/media\/21393"}],"wp:attachment":[{"href":"https:\/\/fmgente.com.ar\/web\/wp-json\/wp\/v2\/media?parent=21392"}],"wp:term":[{"taxonomy":"category","embeddable":true,"href":"https:\/\/fmgente.com.ar\/web\/wp-json\/wp\/v2\/categories?post=21392"},{"taxonomy":"post_tag","embeddable":true,"href":"https:\/\/fmgente.com.ar\/web\/wp-json\/wp\/v2\/tags?post=21392"}],"curies":[{"name":"wp","href":"https:\/\/api.w.org\/{rel}","templated":true}]}}