{"id":21388,"date":"2026-05-01T19:07:58","date_gmt":"2026-05-01T22:07:58","guid":{"rendered":"https:\/\/fmgente.com.ar\/web\/%f0%9f%8f%8e%ef%b8%8ffranco-colapinto-en-vivo-el-minuto-a-minuto-del-gp-de-miami-2\/"},"modified":"2026-05-01T19:07:58","modified_gmt":"2026-05-01T22:07:58","slug":"%f0%9f%8f%8e%ef%b8%8ffranco-colapinto-en-vivo-el-minuto-a-minuto-del-gp-de-miami-2","status":"publish","type":"post","link":"https:\/\/fmgente.com.ar\/web\/%f0%9f%8f%8e%ef%b8%8ffranco-colapinto-en-vivo-el-minuto-a-minuto-del-gp-de-miami-2\/","title":{"rendered":"&#x1f3ce;&#xfe0f;Franco Colapinto EN VIVO: el minuto a minuto del GP de Miami"},"content":{"rendered":"<p>Buenos Aires, 1 mayo (NA) \u2013 El piloto argentino Franco Colapinto (Alpine) participar\u00e1 en el Gran Premio de Miami, correspondiente a la cuarta fecha del campeonato de F\u00f3rmula 1, luego del hist\u00f3rico Road Show que dio el fin de semana pasado en la Ciudad de Buenos Aires y que cont\u00f3 con la presencia de m\u00e1s de 500 mil personas.<\/p>\n<p>La actividad para Colapinto comenz\u00f3 el viernes con la \u00fanica pr\u00e1ctica libre del fin de semana, en la que finaliz\u00f3 en el puesto 11. Adem\u00e1s, el argentino tuvo una gran participaci\u00f3n en la clasificaci\u00f3n previa a la carrera sprint, en la que super\u00f3 los dos cortes, avanz\u00f3 a SQ3 y clasific\u00f3 octavo.<\/p>\n","protected":false},"excerpt":{"rendered":"<p>Buenos Aires, 1 mayo (NA) \u2013 El piloto argentino Franco Colapinto (Alpine) participar\u00e1 en el<\/p>\n","protected":false},"author":0,"featured_media":21389,"comment_status":"","ping_status":"","sticky":false,"template":"","format":"standard","meta":{"footnotes":""},"categories":[1],"tags":[],"class_list":["post-21388","post","type-post","status-publish","format-standard","has-post-thumbnail","hentry","category-regionales"],"yoast_head":"<!-- This site is optimized with the Yoast SEO plugin v27.5 - https:\/\/yoast.com\/product\/yoast-seo-wordpress\/ -->\n<title>&#x1f3ce;&#xfe0f;Franco Colapinto EN VIVO: el minuto a minuto del GP de Miami - Fm Gente<\/title>\n<meta name=\"robots\" content=\"index, follow, max-snippet:-1, max-image-preview:large, max-video-preview:-1\" \/>\n<link rel=\"canonical\" href=\"https:\/\/fmgente.com.ar\/web\/\ud83c\udfce\ufe0ffranco-colapinto-en-vivo-el-minuto-a-minuto-del-gp-de-miami-2\/\" \/>\n<meta property=\"og:locale\" content=\"es_ES\" \/>\n<meta property=\"og:type\" content=\"article\" \/>\n<meta property=\"og:title\" content=\"&#x1f3ce;&#xfe0f;Franco Colapinto EN VIVO: el minuto a minuto del GP de Miami - Fm Gente\" \/>\n<meta property=\"og:description\" content=\"Buenos Aires, 1 mayo (NA) \u2013 El piloto argentino Franco Colapinto (Alpine) participar\u00e1 en el\" \/>\n<meta property=\"og:url\" content=\"https:\/\/fmgente.com.ar\/web\/\ud83c\udfce\ufe0ffranco-colapinto-en-vivo-el-minuto-a-minuto-del-gp-de-miami-2\/\" \/>\n<meta property=\"og:site_name\" content=\"Fm Gente\" \/>\n<meta property=\"article:published_time\" content=\"2026-05-01T22:07:58+00:00\" \/>\n<meta name=\"twitter:card\" content=\"summary_large_image\" \/>\n<meta name=\"twitter:label1\" content=\"Tiempo de lectura\" \/>\n\t<meta name=\"twitter:data1\" content=\"1 minuto\" \/>\n<script type=\"application\/ld+json\" class=\"yoast-schema-graph\">{\"@context\":\"https:\\\/\\\/schema.org\",\"@graph\":[{\"@type\":\"Article\",\"@id\":\"https:\\\/\\\/fmgente.com.ar\\\/web\\\/%f0%9f%8f%8e%ef%b8%8ffranco-colapinto-en-vivo-el-minuto-a-minuto-del-gp-de-miami-2\\\/#article\",\"isPartOf\":{\"@id\":\"https:\\\/\\\/fmgente.com.ar\\\/web\\\/%f0%9f%8f%8e%ef%b8%8ffranco-colapinto-en-vivo-el-minuto-a-minuto-del-gp-de-miami-2\\\/\"},\"author\":{\"name\":\"\",\"@id\":\"\"},\"headline\":\"&#x1f3ce;&#xfe0f;Franco Colapinto EN VIVO: el minuto a minuto del GP de Miami\",\"datePublished\":\"2026-05-01T22:07:58+00:00\",\"mainEntityOfPage\":{\"@id\":\"https:\\\/\\\/fmgente.com.ar\\\/web\\\/%f0%9f%8f%8e%ef%b8%8ffranco-colapinto-en-vivo-el-minuto-a-minuto-del-gp-de-miami-2\\\/\"},\"wordCount\":130,\"publisher\":{\"@id\":\"https:\\\/\\\/fmgente.com.ar\\\/web\\\/#organization\"},\"image\":{\"@id\":\"https:\\\/\\\/fmgente.com.ar\\\/web\\\/%f0%9f%8f%8e%ef%b8%8ffranco-colapinto-en-vivo-el-minuto-a-minuto-del-gp-de-miami-2\\\/#primaryimage\"},\"thumbnailUrl\":\"https:\\\/\\\/fmgente.com.ar\\\/web\\\/wp-content\\\/uploads\\\/2026\\\/05\\\/720-15.jpeg\",\"articleSection\":[\"REGIONALES\"],\"inLanguage\":\"es\"},{\"@type\":\"WebPage\",\"@id\":\"https:\\\/\\\/fmgente.com.ar\\\/web\\\/%f0%9f%8f%8e%ef%b8%8ffranco-colapinto-en-vivo-el-minuto-a-minuto-del-gp-de-miami-2\\\/\",\"url\":\"https:\\\/\\\/fmgente.com.ar\\\/web\\\/%f0%9f%8f%8e%ef%b8%8ffranco-colapinto-en-vivo-el-minuto-a-minuto-del-gp-de-miami-2\\\/\",\"name\":\"&#x1f3ce;&#xfe0f;Franco Colapinto EN VIVO: el minuto a minuto del GP de Miami - Fm Gente\",\"isPartOf\":{\"@id\":\"https:\\\/\\\/fmgente.com.ar\\\/web\\\/#website\"},\"primaryImageOfPage\":{\"@id\":\"https:\\\/\\\/fmgente.com.ar\\\/web\\\/%f0%9f%8f%8e%ef%b8%8ffranco-colapinto-en-vivo-el-minuto-a-minuto-del-gp-de-miami-2\\\/#primaryimage\"},\"image\":{\"@id\":\"https:\\\/\\\/fmgente.com.ar\\\/web\\\/%f0%9f%8f%8e%ef%b8%8ffranco-colapinto-en-vivo-el-minuto-a-minuto-del-gp-de-miami-2\\\/#primaryimage\"},\"thumbnailUrl\":\"https:\\\/\\\/fmgente.com.ar\\\/web\\\/wp-content\\\/uploads\\\/2026\\\/05\\\/720-15.jpeg\",\"datePublished\":\"2026-05-01T22:07:58+00:00\",\"inLanguage\":\"es\",\"potentialAction\":[{\"@type\":\"ReadAction\",\"target\":[\"https:\\\/\\\/fmgente.com.ar\\\/web\\\/%f0%9f%8f%8e%ef%b8%8ffranco-colapinto-en-vivo-el-minuto-a-minuto-del-gp-de-miami-2\\\/\"]}]},{\"@type\":\"ImageObject\",\"inLanguage\":\"es\",\"@id\":\"https:\\\/\\\/fmgente.com.ar\\\/web\\\/%f0%9f%8f%8e%ef%b8%8ffranco-colapinto-en-vivo-el-minuto-a-minuto-del-gp-de-miami-2\\\/#primaryimage\",\"url\":\"https:\\\/\\\/fmgente.com.ar\\\/web\\\/wp-content\\\/uploads\\\/2026\\\/05\\\/720-15.jpeg\",\"contentUrl\":\"https:\\\/\\\/fmgente.com.ar\\\/web\\\/wp-content\\\/uploads\\\/2026\\\/05\\\/720-15.jpeg\",\"width\":794,\"height\":720},{\"@type\":\"WebSite\",\"@id\":\"https:\\\/\\\/fmgente.com.ar\\\/web\\\/#website\",\"url\":\"https:\\\/\\\/fmgente.com.ar\\\/web\\\/\",\"name\":\"Fm Gente\",\"description\":\"- Jes\u00fas Mar\u00eda\",\"publisher\":{\"@id\":\"https:\\\/\\\/fmgente.com.ar\\\/web\\\/#organization\"},\"potentialAction\":[{\"@type\":\"SearchAction\",\"target\":{\"@type\":\"EntryPoint\",\"urlTemplate\":\"https:\\\/\\\/fmgente.com.ar\\\/web\\\/?s={search_term_string}\"},\"query-input\":{\"@type\":\"PropertyValueSpecification\",\"valueRequired\":true,\"valueName\":\"search_term_string\"}}],\"inLanguage\":\"es\"},{\"@type\":\"Organization\",\"@id\":\"https:\\\/\\\/fmgente.com.ar\\\/web\\\/#organization\",\"name\":\"Fm Gente\",\"url\":\"https:\\\/\\\/fmgente.com.ar\\\/web\\\/\",\"logo\":{\"@type\":\"ImageObject\",\"inLanguage\":\"es\",\"@id\":\"https:\\\/\\\/fmgente.com.ar\\\/web\\\/#\\\/schema\\\/logo\\\/image\\\/\",\"url\":\"https:\\\/\\\/fmgente.com.ar\\\/web\\\/wp-content\\\/uploads\\\/2023\\\/07\\\/cropped-cropped-logo-sombra2.png\",\"contentUrl\":\"https:\\\/\\\/fmgente.com.ar\\\/web\\\/wp-content\\\/uploads\\\/2023\\\/07\\\/cropped-cropped-logo-sombra2.png\",\"width\":1782,\"height\":1782,\"caption\":\"Fm Gente\"},\"image\":{\"@id\":\"https:\\\/\\\/fmgente.com.ar\\\/web\\\/#\\\/schema\\\/logo\\\/image\\\/\"}}]}<\/script>\n<!-- \/ Yoast SEO plugin. -->","yoast_head_json":{"title":"&#x1f3ce;&#xfe0f;Franco Colapinto EN VIVO: el minuto a minuto del GP de Miami - Fm Gente","robots":{"index":"index","follow":"follow","max-snippet":"max-snippet:-1","max-image-preview":"max-image-preview:large","max-video-preview":"max-video-preview:-1"},"canonical":"https:\/\/fmgente.com.ar\/web\/\ud83c\udfce\ufe0ffranco-colapinto-en-vivo-el-minuto-a-minuto-del-gp-de-miami-2\/","og_locale":"es_ES","og_type":"article","og_title":"&#x1f3ce;&#xfe0f;Franco Colapinto EN VIVO: el minuto a minuto del GP de Miami - Fm Gente","og_description":"Buenos Aires, 1 mayo (NA) \u2013 El piloto argentino Franco Colapinto (Alpine) participar\u00e1 en el","og_url":"https:\/\/fmgente.com.ar\/web\/\ud83c\udfce\ufe0ffranco-colapinto-en-vivo-el-minuto-a-minuto-del-gp-de-miami-2\/","og_site_name":"Fm Gente","article_published_time":"2026-05-01T22:07:58+00:00","twitter_card":"summary_large_image","twitter_misc":{"Tiempo de lectura":"1 minuto"},"schema":{"@context":"https:\/\/schema.org","@graph":[{"@type":"Article","@id":"https:\/\/fmgente.com.ar\/web\/%f0%9f%8f%8e%ef%b8%8ffranco-colapinto-en-vivo-el-minuto-a-minuto-del-gp-de-miami-2\/#article","isPartOf":{"@id":"https:\/\/fmgente.com.ar\/web\/%f0%9f%8f%8e%ef%b8%8ffranco-colapinto-en-vivo-el-minuto-a-minuto-del-gp-de-miami-2\/"},"author":{"name":"","@id":""},"headline":"&#x1f3ce;&#xfe0f;Franco Colapinto EN VIVO: el minuto a minuto del GP de Miami","datePublished":"2026-05-01T22:07:58+00:00","mainEntityOfPage":{"@id":"https:\/\/fmgente.com.ar\/web\/%f0%9f%8f%8e%ef%b8%8ffranco-colapinto-en-vivo-el-minuto-a-minuto-del-gp-de-miami-2\/"},"wordCount":130,"publisher":{"@id":"https:\/\/fmgente.com.ar\/web\/#organization"},"image":{"@id":"https:\/\/fmgente.com.ar\/web\/%f0%9f%8f%8e%ef%b8%8ffranco-colapinto-en-vivo-el-minuto-a-minuto-del-gp-de-miami-2\/#primaryimage"},"thumbnailUrl":"https:\/\/fmgente.com.ar\/web\/wp-content\/uploads\/2026\/05\/720-15.jpeg","articleSection":["REGIONALES"],"inLanguage":"es"},{"@type":"WebPage","@id":"https:\/\/fmgente.com.ar\/web\/%f0%9f%8f%8e%ef%b8%8ffranco-colapinto-en-vivo-el-minuto-a-minuto-del-gp-de-miami-2\/","url":"https:\/\/fmgente.com.ar\/web\/%f0%9f%8f%8e%ef%b8%8ffranco-colapinto-en-vivo-el-minuto-a-minuto-del-gp-de-miami-2\/","name":"&#x1f3ce;&#xfe0f;Franco Colapinto EN VIVO: el minuto a minuto del GP de Miami - Fm Gente","isPartOf":{"@id":"https:\/\/fmgente.com.ar\/web\/#website"},"primaryImageOfPage":{"@id":"https:\/\/fmgente.com.ar\/web\/%f0%9f%8f%8e%ef%b8%8ffranco-colapinto-en-vivo-el-minuto-a-minuto-del-gp-de-miami-2\/#primaryimage"},"image":{"@id":"https:\/\/fmgente.com.ar\/web\/%f0%9f%8f%8e%ef%b8%8ffranco-colapinto-en-vivo-el-minuto-a-minuto-del-gp-de-miami-2\/#primaryimage"},"thumbnailUrl":"https:\/\/fmgente.com.ar\/web\/wp-content\/uploads\/2026\/05\/720-15.jpeg","datePublished":"2026-05-01T22:07:58+00:00","inLanguage":"es","potentialAction":[{"@type":"ReadAction","target":["https:\/\/fmgente.com.ar\/web\/%f0%9f%8f%8e%ef%b8%8ffranco-colapinto-en-vivo-el-minuto-a-minuto-del-gp-de-miami-2\/"]}]},{"@type":"ImageObject","inLanguage":"es","@id":"https:\/\/fmgente.com.ar\/web\/%f0%9f%8f%8e%ef%b8%8ffranco-colapinto-en-vivo-el-minuto-a-minuto-del-gp-de-miami-2\/#primaryimage","url":"https:\/\/fmgente.com.ar\/web\/wp-content\/uploads\/2026\/05\/720-15.jpeg","contentUrl":"https:\/\/fmgente.com.ar\/web\/wp-content\/uploads\/2026\/05\/720-15.jpeg","width":794,"height":720},{"@type":"WebSite","@id":"https:\/\/fmgente.com.ar\/web\/#website","url":"https:\/\/fmgente.com.ar\/web\/","name":"Fm Gente","description":"- Jes\u00fas Mar\u00eda","publisher":{"@id":"https:\/\/fmgente.com.ar\/web\/#organization"},"potentialAction":[{"@type":"SearchAction","target":{"@type":"EntryPoint","urlTemplate":"https:\/\/fmgente.com.ar\/web\/?s={search_term_string}"},"query-input":{"@type":"PropertyValueSpecification","valueRequired":true,"valueName":"search_term_string"}}],"inLanguage":"es"},{"@type":"Organization","@id":"https:\/\/fmgente.com.ar\/web\/#organization","name":"Fm Gente","url":"https:\/\/fmgente.com.ar\/web\/","logo":{"@type":"ImageObject","inLanguage":"es","@id":"https:\/\/fmgente.com.ar\/web\/#\/schema\/logo\/image\/","url":"https:\/\/fmgente.com.ar\/web\/wp-content\/uploads\/2023\/07\/cropped-cropped-logo-sombra2.png","contentUrl":"https:\/\/fmgente.com.ar\/web\/wp-content\/uploads\/2023\/07\/cropped-cropped-logo-sombra2.png","width":1782,"height":1782,"caption":"Fm Gente"},"image":{"@id":"https:\/\/fmgente.com.ar\/web\/#\/schema\/logo\/image\/"}}]}},"_links":{"self":[{"href":"https:\/\/fmgente.com.ar\/web\/wp-json\/wp\/v2\/posts\/21388","targetHints":{"allow":["GET"]}}],"collection":[{"href":"https:\/\/fmgente.com.ar\/web\/wp-json\/wp\/v2\/posts"}],"about":[{"href":"https:\/\/fmgente.com.ar\/web\/wp-json\/wp\/v2\/types\/post"}],"replies":[{"embeddable":true,"href":"https:\/\/fmgente.com.ar\/web\/wp-json\/wp\/v2\/comments?post=21388"}],"version-history":[{"count":0,"href":"https:\/\/fmgente.com.ar\/web\/wp-json\/wp\/v2\/posts\/21388\/revisions"}],"wp:featuredmedia":[{"embeddable":true,"href":"https:\/\/fmgente.com.ar\/web\/wp-json\/wp\/v2\/media\/21389"}],"wp:attachment":[{"href":"https:\/\/fmgente.com.ar\/web\/wp-json\/wp\/v2\/media?parent=21388"}],"wp:term":[{"taxonomy":"category","embeddable":true,"href":"https:\/\/fmgente.com.ar\/web\/wp-json\/wp\/v2\/categories?post=21388"},{"taxonomy":"post_tag","embeddable":true,"href":"https:\/\/fmgente.com.ar\/web\/wp-json\/wp\/v2\/tags?post=21388"}],"curies":[{"name":"wp","href":"https:\/\/api.w.org\/{rel}","templated":true}]}}