{"id":21384,"date":"2026-05-01T18:07:08","date_gmt":"2026-05-01T21:07:08","guid":{"rendered":"https:\/\/fmgente.com.ar\/web\/demian-reidel-nego-haber-hecho-gastos-personales-con-la-tarjeta-de-nucleoelectrica-no-tengo-nada-que-ocultar\/"},"modified":"2026-05-01T18:07:08","modified_gmt":"2026-05-01T21:07:08","slug":"demian-reidel-nego-haber-hecho-gastos-personales-con-la-tarjeta-de-nucleoelectrica-no-tengo-nada-que-ocultar","status":"publish","type":"post","link":"https:\/\/fmgente.com.ar\/web\/demian-reidel-nego-haber-hecho-gastos-personales-con-la-tarjeta-de-nucleoelectrica-no-tengo-nada-que-ocultar\/","title":{"rendered":"Demian Reidel neg\u00f3 haber hecho gastos personales con la tarjeta de Nucleoel\u00e9ctrica: \u201cNo tengo nada que ocultar&quot;"},"content":{"rendered":"<p>Buenos Aires, 1 mayo (NA) \u2013 El ex presidente de Nucleoel\u00e9ctrica Argentina Demian Reidel neg\u00f3 hoy haber hecho gastos personales con la tarjeta corporativa de la empresa estatal que dirigi\u00f3, y al respecto se\u00f1al\u00f3 que no tiene \u201cnada que ocultar\u201d y pidi\u00f3 que \u201cse investigue hasta el \u00faltimo peso\u201d. <\/p>\n<p>\u201cAnte las versiones period\u00edsticas, aclaro: mis res\u00famenes de tarjeta corporativa no muestran ning\u00fan gasto personal. Cero Discotecas ni Servicio de playa ni free shop ni nada\u201d, explic\u00f3. <\/p>\n<p>Seg\u00fan se\u00f1al\u00f3, los art\u00edculos period\u00edsticos que expusieron los consumos bancarios \u201cmezclan datos de todas las tarjetas de la empresa\u201d. <\/p>\n<p>\u201cIntentar asign\u00e1rmelo a m\u00ed es mala fe absoluta\u201d, protest\u00f3 el ex asesor de Javier Milei en su cuenta de la red social X. <\/p>\n<p>\u201cAnte la denuncia, que se investigue hasta el \u00faltimo peso. Mi actividad fue exclusivamente laboral y est\u00e1 disponible. Yo no tengo nada que ocultar\u201d, finaliz\u00f3.<\/p>\n<p>El descargo de Reidel a trav\u00e9s de las redes sociales se produce luego de la publicaci\u00f3n de un documento incluido en el informe de gesti\u00f3n del jefe de Gabinete, Manuel Adorni, que enumer\u00f3 los consumos con tarjetas de Nucleoel\u00e9ctrica entre marzo del 2025 y febrero de 2026 (justo cuando renunci\u00f3 al cargo de titular de la empresa energ\u00e9tica)<\/p>\n<p>En ese documento conviven gastos relacionados a instituciones nucleares con otros consumos en servicios de playa de Valencia, discotecas en Madrid, free shops, casas de ropa, hoteles, restaurantes, pubs y hasta peluquer\u00edas en distintas ciudades del mundo.<\/p>\n<p>Tambi\u00e9n aparecieron all\u00ed adelante de efectivo por unos 56 millones de pesos.<\/p>\n<p>#AgenciaNA<\/p>\n","protected":false},"excerpt":{"rendered":"<p>Buenos Aires, 1 mayo (NA) \u2013 El ex presidente de Nucleoel\u00e9ctrica Argentina Demian Reidel neg\u00f3<\/p>\n","protected":false},"author":0,"featured_media":21385,"comment_status":"","ping_status":"","sticky":false,"template":"","format":"standard","meta":{"footnotes":""},"categories":[1],"tags":[],"class_list":["post-21384","post","type-post","status-publish","format-standard","has-post-thumbnail","hentry","category-regionales"],"yoast_head":"<!-- This site is optimized with the Yoast SEO plugin v27.5 - https:\/\/yoast.com\/product\/yoast-seo-wordpress\/ -->\n<title>Demian Reidel neg\u00f3 haber hecho gastos personales con la tarjeta de Nucleoel\u00e9ctrica: \u201cNo tengo nada que ocultar&quot; - Fm Gente<\/title>\n<meta name=\"robots\" content=\"index, follow, max-snippet:-1, max-image-preview:large, max-video-preview:-1\" \/>\n<link rel=\"canonical\" href=\"https:\/\/fmgente.com.ar\/web\/demian-reidel-nego-haber-hecho-gastos-personales-con-la-tarjeta-de-nucleoelectrica-no-tengo-nada-que-ocultar\/\" \/>\n<meta property=\"og:locale\" content=\"es_ES\" \/>\n<meta property=\"og:type\" content=\"article\" \/>\n<meta property=\"og:title\" content=\"Demian Reidel neg\u00f3 haber hecho gastos personales con la tarjeta de Nucleoel\u00e9ctrica: \u201cNo tengo nada que ocultar&quot; - Fm Gente\" \/>\n<meta property=\"og:description\" content=\"Buenos Aires, 1 mayo (NA) \u2013 El ex presidente de Nucleoel\u00e9ctrica Argentina Demian Reidel neg\u00f3\" \/>\n<meta property=\"og:url\" content=\"https:\/\/fmgente.com.ar\/web\/demian-reidel-nego-haber-hecho-gastos-personales-con-la-tarjeta-de-nucleoelectrica-no-tengo-nada-que-ocultar\/\" \/>\n<meta property=\"og:site_name\" content=\"Fm Gente\" \/>\n<meta property=\"article:published_time\" content=\"2026-05-01T21:07:08+00:00\" \/>\n<meta name=\"twitter:card\" content=\"summary_large_image\" \/>\n<meta name=\"twitter:label1\" content=\"Tiempo de lectura\" \/>\n\t<meta name=\"twitter:data1\" content=\"1 minuto\" \/>\n<script type=\"application\/ld+json\" class=\"yoast-schema-graph\">{\"@context\":\"https:\\\/\\\/schema.org\",\"@graph\":[{\"@type\":\"Article\",\"@id\":\"https:\\\/\\\/fmgente.com.ar\\\/web\\\/demian-reidel-nego-haber-hecho-gastos-personales-con-la-tarjeta-de-nucleoelectrica-no-tengo-nada-que-ocultar\\\/#article\",\"isPartOf\":{\"@id\":\"https:\\\/\\\/fmgente.com.ar\\\/web\\\/demian-reidel-nego-haber-hecho-gastos-personales-con-la-tarjeta-de-nucleoelectrica-no-tengo-nada-que-ocultar\\\/\"},\"author\":{\"name\":\"\",\"@id\":\"\"},\"headline\":\"Demian Reidel neg\u00f3 haber hecho gastos personales con la tarjeta de Nucleoel\u00e9ctrica: \u201cNo tengo nada que ocultar&quot;\",\"datePublished\":\"2026-05-01T21:07:08+00:00\",\"mainEntityOfPage\":{\"@id\":\"https:\\\/\\\/fmgente.com.ar\\\/web\\\/demian-reidel-nego-haber-hecho-gastos-personales-con-la-tarjeta-de-nucleoelectrica-no-tengo-nada-que-ocultar\\\/\"},\"wordCount\":282,\"publisher\":{\"@id\":\"https:\\\/\\\/fmgente.com.ar\\\/web\\\/#organization\"},\"image\":{\"@id\":\"https:\\\/\\\/fmgente.com.ar\\\/web\\\/demian-reidel-nego-haber-hecho-gastos-personales-con-la-tarjeta-de-nucleoelectrica-no-tengo-nada-que-ocultar\\\/#primaryimage\"},\"thumbnailUrl\":\"https:\\\/\\\/fmgente.com.ar\\\/web\\\/wp-content\\\/uploads\\\/2026\\\/05\\\/720-13.jpeg\",\"articleSection\":[\"REGIONALES\"],\"inLanguage\":\"es\"},{\"@type\":\"WebPage\",\"@id\":\"https:\\\/\\\/fmgente.com.ar\\\/web\\\/demian-reidel-nego-haber-hecho-gastos-personales-con-la-tarjeta-de-nucleoelectrica-no-tengo-nada-que-ocultar\\\/\",\"url\":\"https:\\\/\\\/fmgente.com.ar\\\/web\\\/demian-reidel-nego-haber-hecho-gastos-personales-con-la-tarjeta-de-nucleoelectrica-no-tengo-nada-que-ocultar\\\/\",\"name\":\"Demian Reidel neg\u00f3 haber hecho gastos personales con la tarjeta de Nucleoel\u00e9ctrica: \u201cNo tengo nada que ocultar&quot; - Fm Gente\",\"isPartOf\":{\"@id\":\"https:\\\/\\\/fmgente.com.ar\\\/web\\\/#website\"},\"primaryImageOfPage\":{\"@id\":\"https:\\\/\\\/fmgente.com.ar\\\/web\\\/demian-reidel-nego-haber-hecho-gastos-personales-con-la-tarjeta-de-nucleoelectrica-no-tengo-nada-que-ocultar\\\/#primaryimage\"},\"image\":{\"@id\":\"https:\\\/\\\/fmgente.com.ar\\\/web\\\/demian-reidel-nego-haber-hecho-gastos-personales-con-la-tarjeta-de-nucleoelectrica-no-tengo-nada-que-ocultar\\\/#primaryimage\"},\"thumbnailUrl\":\"https:\\\/\\\/fmgente.com.ar\\\/web\\\/wp-content\\\/uploads\\\/2026\\\/05\\\/720-13.jpeg\",\"datePublished\":\"2026-05-01T21:07:08+00:00\",\"inLanguage\":\"es\",\"potentialAction\":[{\"@type\":\"ReadAction\",\"target\":[\"https:\\\/\\\/fmgente.com.ar\\\/web\\\/demian-reidel-nego-haber-hecho-gastos-personales-con-la-tarjeta-de-nucleoelectrica-no-tengo-nada-que-ocultar\\\/\"]}]},{\"@type\":\"ImageObject\",\"inLanguage\":\"es\",\"@id\":\"https:\\\/\\\/fmgente.com.ar\\\/web\\\/demian-reidel-nego-haber-hecho-gastos-personales-con-la-tarjeta-de-nucleoelectrica-no-tengo-nada-que-ocultar\\\/#primaryimage\",\"url\":\"https:\\\/\\\/fmgente.com.ar\\\/web\\\/wp-content\\\/uploads\\\/2026\\\/05\\\/720-13.jpeg\",\"contentUrl\":\"https:\\\/\\\/fmgente.com.ar\\\/web\\\/wp-content\\\/uploads\\\/2026\\\/05\\\/720-13.jpeg\",\"width\":1156,\"height\":720},{\"@type\":\"WebSite\",\"@id\":\"https:\\\/\\\/fmgente.com.ar\\\/web\\\/#website\",\"url\":\"https:\\\/\\\/fmgente.com.ar\\\/web\\\/\",\"name\":\"Fm Gente\",\"description\":\"- Jes\u00fas Mar\u00eda\",\"publisher\":{\"@id\":\"https:\\\/\\\/fmgente.com.ar\\\/web\\\/#organization\"},\"potentialAction\":[{\"@type\":\"SearchAction\",\"target\":{\"@type\":\"EntryPoint\",\"urlTemplate\":\"https:\\\/\\\/fmgente.com.ar\\\/web\\\/?s={search_term_string}\"},\"query-input\":{\"@type\":\"PropertyValueSpecification\",\"valueRequired\":true,\"valueName\":\"search_term_string\"}}],\"inLanguage\":\"es\"},{\"@type\":\"Organization\",\"@id\":\"https:\\\/\\\/fmgente.com.ar\\\/web\\\/#organization\",\"name\":\"Fm Gente\",\"url\":\"https:\\\/\\\/fmgente.com.ar\\\/web\\\/\",\"logo\":{\"@type\":\"ImageObject\",\"inLanguage\":\"es\",\"@id\":\"https:\\\/\\\/fmgente.com.ar\\\/web\\\/#\\\/schema\\\/logo\\\/image\\\/\",\"url\":\"https:\\\/\\\/fmgente.com.ar\\\/web\\\/wp-content\\\/uploads\\\/2023\\\/07\\\/cropped-cropped-logo-sombra2.png\",\"contentUrl\":\"https:\\\/\\\/fmgente.com.ar\\\/web\\\/wp-content\\\/uploads\\\/2023\\\/07\\\/cropped-cropped-logo-sombra2.png\",\"width\":1782,\"height\":1782,\"caption\":\"Fm Gente\"},\"image\":{\"@id\":\"https:\\\/\\\/fmgente.com.ar\\\/web\\\/#\\\/schema\\\/logo\\\/image\\\/\"}}]}<\/script>\n<!-- \/ Yoast SEO plugin. -->","yoast_head_json":{"title":"Demian Reidel neg\u00f3 haber hecho gastos personales con la tarjeta de Nucleoel\u00e9ctrica: \u201cNo tengo nada que ocultar&quot; - Fm Gente","robots":{"index":"index","follow":"follow","max-snippet":"max-snippet:-1","max-image-preview":"max-image-preview:large","max-video-preview":"max-video-preview:-1"},"canonical":"https:\/\/fmgente.com.ar\/web\/demian-reidel-nego-haber-hecho-gastos-personales-con-la-tarjeta-de-nucleoelectrica-no-tengo-nada-que-ocultar\/","og_locale":"es_ES","og_type":"article","og_title":"Demian Reidel neg\u00f3 haber hecho gastos personales con la tarjeta de Nucleoel\u00e9ctrica: \u201cNo tengo nada que ocultar&quot; - Fm Gente","og_description":"Buenos Aires, 1 mayo (NA) \u2013 El ex presidente de Nucleoel\u00e9ctrica Argentina Demian Reidel neg\u00f3","og_url":"https:\/\/fmgente.com.ar\/web\/demian-reidel-nego-haber-hecho-gastos-personales-con-la-tarjeta-de-nucleoelectrica-no-tengo-nada-que-ocultar\/","og_site_name":"Fm Gente","article_published_time":"2026-05-01T21:07:08+00:00","twitter_card":"summary_large_image","twitter_misc":{"Tiempo de lectura":"1 minuto"},"schema":{"@context":"https:\/\/schema.org","@graph":[{"@type":"Article","@id":"https:\/\/fmgente.com.ar\/web\/demian-reidel-nego-haber-hecho-gastos-personales-con-la-tarjeta-de-nucleoelectrica-no-tengo-nada-que-ocultar\/#article","isPartOf":{"@id":"https:\/\/fmgente.com.ar\/web\/demian-reidel-nego-haber-hecho-gastos-personales-con-la-tarjeta-de-nucleoelectrica-no-tengo-nada-que-ocultar\/"},"author":{"name":"","@id":""},"headline":"Demian Reidel neg\u00f3 haber hecho gastos personales con la tarjeta de Nucleoel\u00e9ctrica: \u201cNo tengo nada que ocultar&quot;","datePublished":"2026-05-01T21:07:08+00:00","mainEntityOfPage":{"@id":"https:\/\/fmgente.com.ar\/web\/demian-reidel-nego-haber-hecho-gastos-personales-con-la-tarjeta-de-nucleoelectrica-no-tengo-nada-que-ocultar\/"},"wordCount":282,"publisher":{"@id":"https:\/\/fmgente.com.ar\/web\/#organization"},"image":{"@id":"https:\/\/fmgente.com.ar\/web\/demian-reidel-nego-haber-hecho-gastos-personales-con-la-tarjeta-de-nucleoelectrica-no-tengo-nada-que-ocultar\/#primaryimage"},"thumbnailUrl":"https:\/\/fmgente.com.ar\/web\/wp-content\/uploads\/2026\/05\/720-13.jpeg","articleSection":["REGIONALES"],"inLanguage":"es"},{"@type":"WebPage","@id":"https:\/\/fmgente.com.ar\/web\/demian-reidel-nego-haber-hecho-gastos-personales-con-la-tarjeta-de-nucleoelectrica-no-tengo-nada-que-ocultar\/","url":"https:\/\/fmgente.com.ar\/web\/demian-reidel-nego-haber-hecho-gastos-personales-con-la-tarjeta-de-nucleoelectrica-no-tengo-nada-que-ocultar\/","name":"Demian Reidel neg\u00f3 haber hecho gastos personales con la tarjeta de Nucleoel\u00e9ctrica: \u201cNo tengo nada que ocultar&quot; - Fm Gente","isPartOf":{"@id":"https:\/\/fmgente.com.ar\/web\/#website"},"primaryImageOfPage":{"@id":"https:\/\/fmgente.com.ar\/web\/demian-reidel-nego-haber-hecho-gastos-personales-con-la-tarjeta-de-nucleoelectrica-no-tengo-nada-que-ocultar\/#primaryimage"},"image":{"@id":"https:\/\/fmgente.com.ar\/web\/demian-reidel-nego-haber-hecho-gastos-personales-con-la-tarjeta-de-nucleoelectrica-no-tengo-nada-que-ocultar\/#primaryimage"},"thumbnailUrl":"https:\/\/fmgente.com.ar\/web\/wp-content\/uploads\/2026\/05\/720-13.jpeg","datePublished":"2026-05-01T21:07:08+00:00","inLanguage":"es","potentialAction":[{"@type":"ReadAction","target":["https:\/\/fmgente.com.ar\/web\/demian-reidel-nego-haber-hecho-gastos-personales-con-la-tarjeta-de-nucleoelectrica-no-tengo-nada-que-ocultar\/"]}]},{"@type":"ImageObject","inLanguage":"es","@id":"https:\/\/fmgente.com.ar\/web\/demian-reidel-nego-haber-hecho-gastos-personales-con-la-tarjeta-de-nucleoelectrica-no-tengo-nada-que-ocultar\/#primaryimage","url":"https:\/\/fmgente.com.ar\/web\/wp-content\/uploads\/2026\/05\/720-13.jpeg","contentUrl":"https:\/\/fmgente.com.ar\/web\/wp-content\/uploads\/2026\/05\/720-13.jpeg","width":1156,"height":720},{"@type":"WebSite","@id":"https:\/\/fmgente.com.ar\/web\/#website","url":"https:\/\/fmgente.com.ar\/web\/","name":"Fm Gente","description":"- Jes\u00fas Mar\u00eda","publisher":{"@id":"https:\/\/fmgente.com.ar\/web\/#organization"},"potentialAction":[{"@type":"SearchAction","target":{"@type":"EntryPoint","urlTemplate":"https:\/\/fmgente.com.ar\/web\/?s={search_term_string}"},"query-input":{"@type":"PropertyValueSpecification","valueRequired":true,"valueName":"search_term_string"}}],"inLanguage":"es"},{"@type":"Organization","@id":"https:\/\/fmgente.com.ar\/web\/#organization","name":"Fm Gente","url":"https:\/\/fmgente.com.ar\/web\/","logo":{"@type":"ImageObject","inLanguage":"es","@id":"https:\/\/fmgente.com.ar\/web\/#\/schema\/logo\/image\/","url":"https:\/\/fmgente.com.ar\/web\/wp-content\/uploads\/2023\/07\/cropped-cropped-logo-sombra2.png","contentUrl":"https:\/\/fmgente.com.ar\/web\/wp-content\/uploads\/2023\/07\/cropped-cropped-logo-sombra2.png","width":1782,"height":1782,"caption":"Fm Gente"},"image":{"@id":"https:\/\/fmgente.com.ar\/web\/#\/schema\/logo\/image\/"}}]}},"_links":{"self":[{"href":"https:\/\/fmgente.com.ar\/web\/wp-json\/wp\/v2\/posts\/21384","targetHints":{"allow":["GET"]}}],"collection":[{"href":"https:\/\/fmgente.com.ar\/web\/wp-json\/wp\/v2\/posts"}],"about":[{"href":"https:\/\/fmgente.com.ar\/web\/wp-json\/wp\/v2\/types\/post"}],"replies":[{"embeddable":true,"href":"https:\/\/fmgente.com.ar\/web\/wp-json\/wp\/v2\/comments?post=21384"}],"version-history":[{"count":0,"href":"https:\/\/fmgente.com.ar\/web\/wp-json\/wp\/v2\/posts\/21384\/revisions"}],"wp:featuredmedia":[{"embeddable":true,"href":"https:\/\/fmgente.com.ar\/web\/wp-json\/wp\/v2\/media\/21385"}],"wp:attachment":[{"href":"https:\/\/fmgente.com.ar\/web\/wp-json\/wp\/v2\/media?parent=21384"}],"wp:term":[{"taxonomy":"category","embeddable":true,"href":"https:\/\/fmgente.com.ar\/web\/wp-json\/wp\/v2\/categories?post=21384"},{"taxonomy":"post_tag","embeddable":true,"href":"https:\/\/fmgente.com.ar\/web\/wp-json\/wp\/v2\/tags?post=21384"}],"curies":[{"name":"wp","href":"https:\/\/api.w.org\/{rel}","templated":true}]}}