{"id":21374,"date":"2026-05-01T09:22:07","date_gmt":"2026-05-01T12:22:07","guid":{"rendered":"https:\/\/fmgente.com.ar\/web\/?p=21374"},"modified":"2026-05-01T09:22:07","modified_gmt":"2026-05-01T12:22:07","slug":"otro-choque-en-colonia-caroya-y-van-tres","status":"publish","type":"post","link":"https:\/\/fmgente.com.ar\/web\/otro-choque-en-colonia-caroya-y-van-tres\/","title":{"rendered":"Otro choque en Colonia Caroya y van tres"},"content":{"rendered":"<p>Personal policial entrevist\u00f3 a un hombre de 61 a\u00f1os, quien conduc\u00eda un veh\u00edculo Fiat Cronos y, al realizar una maniobra, colision\u00f3 con una motocicleta Motomel 150 cc, conducida por un joven de 20 a\u00f1os acompa\u00f1ado de una mujer (26).<br \/>\nSe hizo presente el servicio de emergencias, diagnosticando politraumatismo a la mujer, siendo trasladada a la cl\u00ednica San Isidro.<br \/>\nSe labran actuaciones con intervenci\u00f3n de la UJ de Colonia Caroya.<\/p>\n<p>Sucedi\u00f3 a las 19:30 hs en Av San Mart\u00edn y calle 27 de Colonia Caroya.<\/p>\n<p><img loading=\"lazy\" decoding=\"async\" class=\"alignnone  wp-image-21375\" src=\"https:\/\/fmgente.com.ar\/web\/wp-content\/uploads\/2026\/05\/n4.jpeg\" alt=\"\" width=\"549\" height=\"309\" srcset=\"https:\/\/fmgente.com.ar\/web\/wp-content\/uploads\/2026\/05\/n4.jpeg 1600w, https:\/\/fmgente.com.ar\/web\/wp-content\/uploads\/2026\/05\/n4-300x169.jpeg 300w, https:\/\/fmgente.com.ar\/web\/wp-content\/uploads\/2026\/05\/n4-768x432.jpeg 768w, https:\/\/fmgente.com.ar\/web\/wp-content\/uploads\/2026\/05\/n4-1536x864.jpeg 1536w\" sizes=\"auto, (max-width: 549px) 100vw, 549px\" \/><\/p>\n","protected":false},"excerpt":{"rendered":"<p>Personal policial entrevist\u00f3 a un hombre de 61 a\u00f1os, quien conduc\u00eda un veh\u00edculo Fiat Cronos<\/p>\n","protected":false},"author":2,"featured_media":21375,"comment_status":"closed","ping_status":"closed","sticky":false,"template":"","format":"standard","meta":{"footnotes":""},"categories":[40],"tags":[573,1745,290,1750,1748,1753,303,1758,1621,23,1630,644,216,1757,897,249,1751,265,92,1760,1718,1756,793,1747,1746,1671,1749,1752,1697,1761,1744,1759,791,1683,782,1754,1755,1255],"class_list":["post-21374","post","type-post","status-publish","format-standard","has-post-thumbnail","hentry","category-principales","tag-agro","tag-cadena-norte","tag-campo","tag-carlos-ciprian","tag-ciprian","tag-coe","tag-colonia-caroya","tag-comuna","tag-cooperativa","tag-cordoba","tag-covid-19","tag-dean-funes","tag-deportes","tag-doctor","tag-federico-zarate","tag-fpa","tag-gustavo-brandan","tag-hospital","tag-jesus-maria","tag-la-dormida","tag-las-penas","tag-medico","tag-municipalidad","tag-news","tag-norte","tag-noticias","tag-nuevo-dia","tag-paola-nanini","tag-policiales","tag-quilino","tag-radio-fm","tag-rio-seco","tag-sinsacate","tag-sociedad-rural","tag-srjm","tag-ultimo-momento","tag-urgente","tag-villa-del-totoral"],"yoast_head":"<!-- This site is optimized with the Yoast SEO plugin v27.5 - https:\/\/yoast.com\/product\/yoast-seo-wordpress\/ -->\n<title>Otro choque en Colonia Caroya y van tres - Fm Gente<\/title>\n<meta name=\"robots\" content=\"index, follow, max-snippet:-1, max-image-preview:large, max-video-preview:-1\" \/>\n<link rel=\"canonical\" href=\"https:\/\/fmgente.com.ar\/web\/otro-choque-en-colonia-caroya-y-van-tres\/\" \/>\n<meta property=\"og:locale\" content=\"es_ES\" \/>\n<meta property=\"og:type\" content=\"article\" \/>\n<meta property=\"og:title\" content=\"Otro choque en Colonia Caroya y van tres - Fm Gente\" \/>\n<meta property=\"og:description\" content=\"Personal policial entrevist\u00f3 a un hombre de 61 a\u00f1os, quien conduc\u00eda un veh\u00edculo Fiat Cronos\" \/>\n<meta property=\"og:url\" content=\"https:\/\/fmgente.com.ar\/web\/otro-choque-en-colonia-caroya-y-van-tres\/\" \/>\n<meta property=\"og:site_name\" content=\"Fm Gente\" \/>\n<meta property=\"article:published_time\" content=\"2026-05-01T12:22:07+00:00\" \/>\n<meta property=\"og:image\" content=\"https:\/\/fmgente.com.ar\/web\/wp-content\/uploads\/2026\/05\/n4.jpeg\" \/>\n\t<meta property=\"og:image:width\" content=\"1600\" \/>\n\t<meta property=\"og:image:height\" content=\"900\" \/>\n\t<meta property=\"og:image:type\" content=\"image\/jpeg\" \/>\n<meta name=\"author\" content=\"Adri\u00e1n Hern\u00e1ndez\" \/>\n<meta name=\"twitter:card\" content=\"summary_large_image\" \/>\n<meta name=\"twitter:label1\" content=\"Escrito por\" \/>\n\t<meta name=\"twitter:data1\" content=\"Adri\u00e1n Hern\u00e1ndez\" \/>\n\t<meta name=\"twitter:label2\" content=\"Tiempo de lectura\" \/>\n\t<meta name=\"twitter:data2\" content=\"1 minuto\" \/>\n<script type=\"application\/ld+json\" class=\"yoast-schema-graph\">{\"@context\":\"https:\\\/\\\/schema.org\",\"@graph\":[{\"@type\":\"Article\",\"@id\":\"https:\\\/\\\/fmgente.com.ar\\\/web\\\/otro-choque-en-colonia-caroya-y-van-tres\\\/#article\",\"isPartOf\":{\"@id\":\"https:\\\/\\\/fmgente.com.ar\\\/web\\\/otro-choque-en-colonia-caroya-y-van-tres\\\/\"},\"author\":{\"name\":\"Adri\u00e1n Hern\u00e1ndez\",\"@id\":\"https:\\\/\\\/fmgente.com.ar\\\/web\\\/#\\\/schema\\\/person\\\/ba03fa75c17effdaafbd6daa1d78c508\"},\"headline\":\"Otro choque en Colonia Caroya y van tres\",\"datePublished\":\"2026-05-01T12:22:07+00:00\",\"mainEntityOfPage\":{\"@id\":\"https:\\\/\\\/fmgente.com.ar\\\/web\\\/otro-choque-en-colonia-caroya-y-van-tres\\\/\"},\"wordCount\":94,\"publisher\":{\"@id\":\"https:\\\/\\\/fmgente.com.ar\\\/web\\\/#organization\"},\"image\":{\"@id\":\"https:\\\/\\\/fmgente.com.ar\\\/web\\\/otro-choque-en-colonia-caroya-y-van-tres\\\/#primaryimage\"},\"thumbnailUrl\":\"https:\\\/\\\/fmgente.com.ar\\\/web\\\/wp-content\\\/uploads\\\/2026\\\/05\\\/n4.jpeg\",\"keywords\":[\"agro\",\"cadena norte\",\"campo\",\"Carlos Ciprian\",\"Ciprian\",\"COE\",\"Colonia Caroya\",\"comuna\",\"cooperativa\",\"C\u00f3rdoba\",\"covid 19\",\"Dean Funes\",\"deportes\",\"doctor\",\"Federico Z\u00e1rate\",\"fpa\",\"Gustavo Brand\u00e1n\",\"hospital\",\"Jes\u00fas Mar\u00eda\",\"La Dormida\",\"las pe\u00f1as\",\"m\u00e9dico\",\"Municipalidad\",\"news\",\"Norte\",\"noticias\",\"Nuevo D\u00eda\",\"Paola Nanini\",\"policiales\",\"Quilino\",\"radio fm\",\"Rio Seco\",\"Sinsacate\",\"Sociedad Rural\",\"srjm\",\"\u00faltimo momento\",\"urgente\",\"Villa del Totoral\"],\"articleSection\":[\"PRINCIPALES\"],\"inLanguage\":\"es\"},{\"@type\":\"WebPage\",\"@id\":\"https:\\\/\\\/fmgente.com.ar\\\/web\\\/otro-choque-en-colonia-caroya-y-van-tres\\\/\",\"url\":\"https:\\\/\\\/fmgente.com.ar\\\/web\\\/otro-choque-en-colonia-caroya-y-van-tres\\\/\",\"name\":\"Otro choque en Colonia Caroya y van tres - Fm Gente\",\"isPartOf\":{\"@id\":\"https:\\\/\\\/fmgente.com.ar\\\/web\\\/#website\"},\"primaryImageOfPage\":{\"@id\":\"https:\\\/\\\/fmgente.com.ar\\\/web\\\/otro-choque-en-colonia-caroya-y-van-tres\\\/#primaryimage\"},\"image\":{\"@id\":\"https:\\\/\\\/fmgente.com.ar\\\/web\\\/otro-choque-en-colonia-caroya-y-van-tres\\\/#primaryimage\"},\"thumbnailUrl\":\"https:\\\/\\\/fmgente.com.ar\\\/web\\\/wp-content\\\/uploads\\\/2026\\\/05\\\/n4.jpeg\",\"datePublished\":\"2026-05-01T12:22:07+00:00\",\"inLanguage\":\"es\",\"potentialAction\":[{\"@type\":\"ReadAction\",\"target\":[\"https:\\\/\\\/fmgente.com.ar\\\/web\\\/otro-choque-en-colonia-caroya-y-van-tres\\\/\"]}]},{\"@type\":\"ImageObject\",\"inLanguage\":\"es\",\"@id\":\"https:\\\/\\\/fmgente.com.ar\\\/web\\\/otro-choque-en-colonia-caroya-y-van-tres\\\/#primaryimage\",\"url\":\"https:\\\/\\\/fmgente.com.ar\\\/web\\\/wp-content\\\/uploads\\\/2026\\\/05\\\/n4.jpeg\",\"contentUrl\":\"https:\\\/\\\/fmgente.com.ar\\\/web\\\/wp-content\\\/uploads\\\/2026\\\/05\\\/n4.jpeg\",\"width\":1600,\"height\":900},{\"@type\":\"WebSite\",\"@id\":\"https:\\\/\\\/fmgente.com.ar\\\/web\\\/#website\",\"url\":\"https:\\\/\\\/fmgente.com.ar\\\/web\\\/\",\"name\":\"Fm Gente\",\"description\":\"- Jes\u00fas Mar\u00eda\",\"publisher\":{\"@id\":\"https:\\\/\\\/fmgente.com.ar\\\/web\\\/#organization\"},\"potentialAction\":[{\"@type\":\"SearchAction\",\"target\":{\"@type\":\"EntryPoint\",\"urlTemplate\":\"https:\\\/\\\/fmgente.com.ar\\\/web\\\/?s={search_term_string}\"},\"query-input\":{\"@type\":\"PropertyValueSpecification\",\"valueRequired\":true,\"valueName\":\"search_term_string\"}}],\"inLanguage\":\"es\"},{\"@type\":\"Organization\",\"@id\":\"https:\\\/\\\/fmgente.com.ar\\\/web\\\/#organization\",\"name\":\"Fm Gente\",\"url\":\"https:\\\/\\\/fmgente.com.ar\\\/web\\\/\",\"logo\":{\"@type\":\"ImageObject\",\"inLanguage\":\"es\",\"@id\":\"https:\\\/\\\/fmgente.com.ar\\\/web\\\/#\\\/schema\\\/logo\\\/image\\\/\",\"url\":\"https:\\\/\\\/fmgente.com.ar\\\/web\\\/wp-content\\\/uploads\\\/2023\\\/07\\\/cropped-cropped-logo-sombra2.png\",\"contentUrl\":\"https:\\\/\\\/fmgente.com.ar\\\/web\\\/wp-content\\\/uploads\\\/2023\\\/07\\\/cropped-cropped-logo-sombra2.png\",\"width\":1782,\"height\":1782,\"caption\":\"Fm Gente\"},\"image\":{\"@id\":\"https:\\\/\\\/fmgente.com.ar\\\/web\\\/#\\\/schema\\\/logo\\\/image\\\/\"}},{\"@type\":\"Person\",\"@id\":\"https:\\\/\\\/fmgente.com.ar\\\/web\\\/#\\\/schema\\\/person\\\/ba03fa75c17effdaafbd6daa1d78c508\",\"name\":\"Adri\u00e1n Hern\u00e1ndez\",\"url\":\"https:\\\/\\\/fmgente.com.ar\\\/web\\\/author\\\/c1601891\\\/\"}]}<\/script>\n<!-- \/ Yoast SEO plugin. -->","yoast_head_json":{"title":"Otro choque en Colonia Caroya y van tres - Fm Gente","robots":{"index":"index","follow":"follow","max-snippet":"max-snippet:-1","max-image-preview":"max-image-preview:large","max-video-preview":"max-video-preview:-1"},"canonical":"https:\/\/fmgente.com.ar\/web\/otro-choque-en-colonia-caroya-y-van-tres\/","og_locale":"es_ES","og_type":"article","og_title":"Otro choque en Colonia Caroya y van tres - Fm Gente","og_description":"Personal policial entrevist\u00f3 a un hombre de 61 a\u00f1os, quien conduc\u00eda un veh\u00edculo Fiat Cronos","og_url":"https:\/\/fmgente.com.ar\/web\/otro-choque-en-colonia-caroya-y-van-tres\/","og_site_name":"Fm Gente","article_published_time":"2026-05-01T12:22:07+00:00","og_image":[{"width":1600,"height":900,"url":"https:\/\/fmgente.com.ar\/web\/wp-content\/uploads\/2026\/05\/n4.jpeg","type":"image\/jpeg"}],"author":"Adri\u00e1n Hern\u00e1ndez","twitter_card":"summary_large_image","twitter_misc":{"Escrito por":"Adri\u00e1n Hern\u00e1ndez","Tiempo de lectura":"1 minuto"},"schema":{"@context":"https:\/\/schema.org","@graph":[{"@type":"Article","@id":"https:\/\/fmgente.com.ar\/web\/otro-choque-en-colonia-caroya-y-van-tres\/#article","isPartOf":{"@id":"https:\/\/fmgente.com.ar\/web\/otro-choque-en-colonia-caroya-y-van-tres\/"},"author":{"name":"Adri\u00e1n Hern\u00e1ndez","@id":"https:\/\/fmgente.com.ar\/web\/#\/schema\/person\/ba03fa75c17effdaafbd6daa1d78c508"},"headline":"Otro choque en Colonia Caroya y van tres","datePublished":"2026-05-01T12:22:07+00:00","mainEntityOfPage":{"@id":"https:\/\/fmgente.com.ar\/web\/otro-choque-en-colonia-caroya-y-van-tres\/"},"wordCount":94,"publisher":{"@id":"https:\/\/fmgente.com.ar\/web\/#organization"},"image":{"@id":"https:\/\/fmgente.com.ar\/web\/otro-choque-en-colonia-caroya-y-van-tres\/#primaryimage"},"thumbnailUrl":"https:\/\/fmgente.com.ar\/web\/wp-content\/uploads\/2026\/05\/n4.jpeg","keywords":["agro","cadena norte","campo","Carlos Ciprian","Ciprian","COE","Colonia Caroya","comuna","cooperativa","C\u00f3rdoba","covid 19","Dean Funes","deportes","doctor","Federico Z\u00e1rate","fpa","Gustavo Brand\u00e1n","hospital","Jes\u00fas Mar\u00eda","La Dormida","las pe\u00f1as","m\u00e9dico","Municipalidad","news","Norte","noticias","Nuevo D\u00eda","Paola Nanini","policiales","Quilino","radio fm","Rio Seco","Sinsacate","Sociedad Rural","srjm","\u00faltimo momento","urgente","Villa del Totoral"],"articleSection":["PRINCIPALES"],"inLanguage":"es"},{"@type":"WebPage","@id":"https:\/\/fmgente.com.ar\/web\/otro-choque-en-colonia-caroya-y-van-tres\/","url":"https:\/\/fmgente.com.ar\/web\/otro-choque-en-colonia-caroya-y-van-tres\/","name":"Otro choque en Colonia Caroya y van tres - Fm Gente","isPartOf":{"@id":"https:\/\/fmgente.com.ar\/web\/#website"},"primaryImageOfPage":{"@id":"https:\/\/fmgente.com.ar\/web\/otro-choque-en-colonia-caroya-y-van-tres\/#primaryimage"},"image":{"@id":"https:\/\/fmgente.com.ar\/web\/otro-choque-en-colonia-caroya-y-van-tres\/#primaryimage"},"thumbnailUrl":"https:\/\/fmgente.com.ar\/web\/wp-content\/uploads\/2026\/05\/n4.jpeg","datePublished":"2026-05-01T12:22:07+00:00","inLanguage":"es","potentialAction":[{"@type":"ReadAction","target":["https:\/\/fmgente.com.ar\/web\/otro-choque-en-colonia-caroya-y-van-tres\/"]}]},{"@type":"ImageObject","inLanguage":"es","@id":"https:\/\/fmgente.com.ar\/web\/otro-choque-en-colonia-caroya-y-van-tres\/#primaryimage","url":"https:\/\/fmgente.com.ar\/web\/wp-content\/uploads\/2026\/05\/n4.jpeg","contentUrl":"https:\/\/fmgente.com.ar\/web\/wp-content\/uploads\/2026\/05\/n4.jpeg","width":1600,"height":900},{"@type":"WebSite","@id":"https:\/\/fmgente.com.ar\/web\/#website","url":"https:\/\/fmgente.com.ar\/web\/","name":"Fm Gente","description":"- Jes\u00fas Mar\u00eda","publisher":{"@id":"https:\/\/fmgente.com.ar\/web\/#organization"},"potentialAction":[{"@type":"SearchAction","target":{"@type":"EntryPoint","urlTemplate":"https:\/\/fmgente.com.ar\/web\/?s={search_term_string}"},"query-input":{"@type":"PropertyValueSpecification","valueRequired":true,"valueName":"search_term_string"}}],"inLanguage":"es"},{"@type":"Organization","@id":"https:\/\/fmgente.com.ar\/web\/#organization","name":"Fm Gente","url":"https:\/\/fmgente.com.ar\/web\/","logo":{"@type":"ImageObject","inLanguage":"es","@id":"https:\/\/fmgente.com.ar\/web\/#\/schema\/logo\/image\/","url":"https:\/\/fmgente.com.ar\/web\/wp-content\/uploads\/2023\/07\/cropped-cropped-logo-sombra2.png","contentUrl":"https:\/\/fmgente.com.ar\/web\/wp-content\/uploads\/2023\/07\/cropped-cropped-logo-sombra2.png","width":1782,"height":1782,"caption":"Fm Gente"},"image":{"@id":"https:\/\/fmgente.com.ar\/web\/#\/schema\/logo\/image\/"}},{"@type":"Person","@id":"https:\/\/fmgente.com.ar\/web\/#\/schema\/person\/ba03fa75c17effdaafbd6daa1d78c508","name":"Adri\u00e1n Hern\u00e1ndez","url":"https:\/\/fmgente.com.ar\/web\/author\/c1601891\/"}]}},"_links":{"self":[{"href":"https:\/\/fmgente.com.ar\/web\/wp-json\/wp\/v2\/posts\/21374","targetHints":{"allow":["GET"]}}],"collection":[{"href":"https:\/\/fmgente.com.ar\/web\/wp-json\/wp\/v2\/posts"}],"about":[{"href":"https:\/\/fmgente.com.ar\/web\/wp-json\/wp\/v2\/types\/post"}],"author":[{"embeddable":true,"href":"https:\/\/fmgente.com.ar\/web\/wp-json\/wp\/v2\/users\/2"}],"replies":[{"embeddable":true,"href":"https:\/\/fmgente.com.ar\/web\/wp-json\/wp\/v2\/comments?post=21374"}],"version-history":[{"count":1,"href":"https:\/\/fmgente.com.ar\/web\/wp-json\/wp\/v2\/posts\/21374\/revisions"}],"predecessor-version":[{"id":21376,"href":"https:\/\/fmgente.com.ar\/web\/wp-json\/wp\/v2\/posts\/21374\/revisions\/21376"}],"wp:featuredmedia":[{"embeddable":true,"href":"https:\/\/fmgente.com.ar\/web\/wp-json\/wp\/v2\/media\/21375"}],"wp:attachment":[{"href":"https:\/\/fmgente.com.ar\/web\/wp-json\/wp\/v2\/media?parent=21374"}],"wp:term":[{"taxonomy":"category","embeddable":true,"href":"https:\/\/fmgente.com.ar\/web\/wp-json\/wp\/v2\/categories?post=21374"},{"taxonomy":"post_tag","embeddable":true,"href":"https:\/\/fmgente.com.ar\/web\/wp-json\/wp\/v2\/tags?post=21374"}],"curies":[{"name":"wp","href":"https:\/\/api.w.org\/{rel}","templated":true}]}}