{"id":21368,"date":"2026-05-01T09:14:57","date_gmt":"2026-05-01T12:14:57","guid":{"rendered":"https:\/\/fmgente.com.ar\/web\/?p=21368"},"modified":"2026-05-01T09:14:57","modified_gmt":"2026-05-01T12:14:57","slug":"colonia-caroya-hizo-una-maniobra-y-choco-una-moto","status":"publish","type":"post","link":"https:\/\/fmgente.com.ar\/web\/colonia-caroya-hizo-una-maniobra-y-choco-una-moto\/","title":{"rendered":"Colonia Caroya: hizo una maniobra y choc\u00f3 una moto."},"content":{"rendered":"<p>Personal policial entrevista a una mujer de 83 a\u00f1os, quien se conduc\u00eda en un veh\u00edculo Chevrolet Aveo y, al realizar una maniobra, colisiona con una motocicleta marca Corven 110 cc, conducida por una mujer de 29 a\u00f1os.<br \/>\nSe hace presente el servicio de emergencias, diagnosticando a la conductora del rodado menor con politraumatismos varios, siendo trasladada al Hospital Vicente Ag\u00fcero.<\/p>\n<p>Se procede al secuestro de ambos veh\u00edculos, quedando a disposici\u00f3n de la justicia. Actuaciones entregadas en la UJ de Colonia Caroya.<\/p>\n<p>Sucedi\u00f3 a las 17:00 hs en calle 44 esquina calle 19 de Colonia Caroya.<\/p>\n<p><img loading=\"lazy\" decoding=\"async\" class=\"alignnone size-full wp-image-21369\" src=\"https:\/\/fmgente.com.ar\/web\/wp-content\/uploads\/2026\/05\/n2.jpeg\" alt=\"\" width=\"1280\" height=\"960\" srcset=\"https:\/\/fmgente.com.ar\/web\/wp-content\/uploads\/2026\/05\/n2.jpeg 1280w, https:\/\/fmgente.com.ar\/web\/wp-content\/uploads\/2026\/05\/n2-300x225.jpeg 300w, https:\/\/fmgente.com.ar\/web\/wp-content\/uploads\/2026\/05\/n2-768x576.jpeg 768w\" sizes=\"auto, (max-width: 1280px) 100vw, 1280px\" \/><\/p>\n","protected":false},"excerpt":{"rendered":"<p>Personal policial entrevista a una mujer de 83 a\u00f1os, quien se conduc\u00eda en un veh\u00edculo<\/p>\n","protected":false},"author":2,"featured_media":21369,"comment_status":"closed","ping_status":"closed","sticky":false,"template":"","format":"standard","meta":{"footnotes":""},"categories":[40],"tags":[573,1745,290,1750,1748,1753,303,1758,1621,23,1630,644,216,1757,897,249,1751,265,92,1760,1718,1756,793,1747,1746,1671,1749,1752,1697,1761,1744,1759,791,1683,782,1754,1755,1255],"class_list":["post-21368","post","type-post","status-publish","format-standard","has-post-thumbnail","hentry","category-principales","tag-agro","tag-cadena-norte","tag-campo","tag-carlos-ciprian","tag-ciprian","tag-coe","tag-colonia-caroya","tag-comuna","tag-cooperativa","tag-cordoba","tag-covid-19","tag-dean-funes","tag-deportes","tag-doctor","tag-federico-zarate","tag-fpa","tag-gustavo-brandan","tag-hospital","tag-jesus-maria","tag-la-dormida","tag-las-penas","tag-medico","tag-municipalidad","tag-news","tag-norte","tag-noticias","tag-nuevo-dia","tag-paola-nanini","tag-policiales","tag-quilino","tag-radio-fm","tag-rio-seco","tag-sinsacate","tag-sociedad-rural","tag-srjm","tag-ultimo-momento","tag-urgente","tag-villa-del-totoral"],"yoast_head":"<!-- This site is optimized with the Yoast SEO plugin v27.5 - https:\/\/yoast.com\/product\/yoast-seo-wordpress\/ -->\n<title>Colonia Caroya: hizo una maniobra y choc\u00f3 una moto. - Fm Gente<\/title>\n<meta name=\"robots\" content=\"index, follow, max-snippet:-1, max-image-preview:large, max-video-preview:-1\" \/>\n<link rel=\"canonical\" href=\"https:\/\/fmgente.com.ar\/web\/colonia-caroya-hizo-una-maniobra-y-choco-una-moto\/\" \/>\n<meta property=\"og:locale\" content=\"es_ES\" \/>\n<meta property=\"og:type\" content=\"article\" \/>\n<meta property=\"og:title\" content=\"Colonia Caroya: hizo una maniobra y choc\u00f3 una moto. - Fm Gente\" \/>\n<meta property=\"og:description\" content=\"Personal policial entrevista a una mujer de 83 a\u00f1os, quien se conduc\u00eda en un veh\u00edculo\" \/>\n<meta property=\"og:url\" content=\"https:\/\/fmgente.com.ar\/web\/colonia-caroya-hizo-una-maniobra-y-choco-una-moto\/\" \/>\n<meta property=\"og:site_name\" content=\"Fm Gente\" \/>\n<meta property=\"article:published_time\" content=\"2026-05-01T12:14:57+00:00\" \/>\n<meta property=\"og:image\" content=\"https:\/\/fmgente.com.ar\/web\/wp-content\/uploads\/2026\/05\/n2.jpeg\" \/>\n\t<meta property=\"og:image:width\" content=\"1280\" \/>\n\t<meta property=\"og:image:height\" content=\"960\" \/>\n\t<meta property=\"og:image:type\" content=\"image\/jpeg\" \/>\n<meta name=\"author\" content=\"Adri\u00e1n Hern\u00e1ndez\" \/>\n<meta name=\"twitter:card\" content=\"summary_large_image\" \/>\n<meta name=\"twitter:label1\" content=\"Escrito por\" \/>\n\t<meta name=\"twitter:data1\" content=\"Adri\u00e1n Hern\u00e1ndez\" \/>\n\t<meta name=\"twitter:label2\" content=\"Tiempo de lectura\" \/>\n\t<meta name=\"twitter:data2\" content=\"1 minuto\" \/>\n<script type=\"application\/ld+json\" class=\"yoast-schema-graph\">{\"@context\":\"https:\\\/\\\/schema.org\",\"@graph\":[{\"@type\":\"Article\",\"@id\":\"https:\\\/\\\/fmgente.com.ar\\\/web\\\/colonia-caroya-hizo-una-maniobra-y-choco-una-moto\\\/#article\",\"isPartOf\":{\"@id\":\"https:\\\/\\\/fmgente.com.ar\\\/web\\\/colonia-caroya-hizo-una-maniobra-y-choco-una-moto\\\/\"},\"author\":{\"name\":\"Adri\u00e1n Hern\u00e1ndez\",\"@id\":\"https:\\\/\\\/fmgente.com.ar\\\/web\\\/#\\\/schema\\\/person\\\/ba03fa75c17effdaafbd6daa1d78c508\"},\"headline\":\"Colonia Caroya: hizo una maniobra y choc\u00f3 una moto.\",\"datePublished\":\"2026-05-01T12:14:57+00:00\",\"mainEntityOfPage\":{\"@id\":\"https:\\\/\\\/fmgente.com.ar\\\/web\\\/colonia-caroya-hizo-una-maniobra-y-choco-una-moto\\\/\"},\"wordCount\":105,\"publisher\":{\"@id\":\"https:\\\/\\\/fmgente.com.ar\\\/web\\\/#organization\"},\"image\":{\"@id\":\"https:\\\/\\\/fmgente.com.ar\\\/web\\\/colonia-caroya-hizo-una-maniobra-y-choco-una-moto\\\/#primaryimage\"},\"thumbnailUrl\":\"https:\\\/\\\/fmgente.com.ar\\\/web\\\/wp-content\\\/uploads\\\/2026\\\/05\\\/n2.jpeg\",\"keywords\":[\"agro\",\"cadena norte\",\"campo\",\"Carlos Ciprian\",\"Ciprian\",\"COE\",\"Colonia Caroya\",\"comuna\",\"cooperativa\",\"C\u00f3rdoba\",\"covid 19\",\"Dean Funes\",\"deportes\",\"doctor\",\"Federico Z\u00e1rate\",\"fpa\",\"Gustavo Brand\u00e1n\",\"hospital\",\"Jes\u00fas Mar\u00eda\",\"La Dormida\",\"las pe\u00f1as\",\"m\u00e9dico\",\"Municipalidad\",\"news\",\"Norte\",\"noticias\",\"Nuevo D\u00eda\",\"Paola Nanini\",\"policiales\",\"Quilino\",\"radio fm\",\"Rio Seco\",\"Sinsacate\",\"Sociedad Rural\",\"srjm\",\"\u00faltimo momento\",\"urgente\",\"Villa del Totoral\"],\"articleSection\":[\"PRINCIPALES\"],\"inLanguage\":\"es\"},{\"@type\":\"WebPage\",\"@id\":\"https:\\\/\\\/fmgente.com.ar\\\/web\\\/colonia-caroya-hizo-una-maniobra-y-choco-una-moto\\\/\",\"url\":\"https:\\\/\\\/fmgente.com.ar\\\/web\\\/colonia-caroya-hizo-una-maniobra-y-choco-una-moto\\\/\",\"name\":\"Colonia Caroya: hizo una maniobra y choc\u00f3 una moto. - Fm Gente\",\"isPartOf\":{\"@id\":\"https:\\\/\\\/fmgente.com.ar\\\/web\\\/#website\"},\"primaryImageOfPage\":{\"@id\":\"https:\\\/\\\/fmgente.com.ar\\\/web\\\/colonia-caroya-hizo-una-maniobra-y-choco-una-moto\\\/#primaryimage\"},\"image\":{\"@id\":\"https:\\\/\\\/fmgente.com.ar\\\/web\\\/colonia-caroya-hizo-una-maniobra-y-choco-una-moto\\\/#primaryimage\"},\"thumbnailUrl\":\"https:\\\/\\\/fmgente.com.ar\\\/web\\\/wp-content\\\/uploads\\\/2026\\\/05\\\/n2.jpeg\",\"datePublished\":\"2026-05-01T12:14:57+00:00\",\"inLanguage\":\"es\",\"potentialAction\":[{\"@type\":\"ReadAction\",\"target\":[\"https:\\\/\\\/fmgente.com.ar\\\/web\\\/colonia-caroya-hizo-una-maniobra-y-choco-una-moto\\\/\"]}]},{\"@type\":\"ImageObject\",\"inLanguage\":\"es\",\"@id\":\"https:\\\/\\\/fmgente.com.ar\\\/web\\\/colonia-caroya-hizo-una-maniobra-y-choco-una-moto\\\/#primaryimage\",\"url\":\"https:\\\/\\\/fmgente.com.ar\\\/web\\\/wp-content\\\/uploads\\\/2026\\\/05\\\/n2.jpeg\",\"contentUrl\":\"https:\\\/\\\/fmgente.com.ar\\\/web\\\/wp-content\\\/uploads\\\/2026\\\/05\\\/n2.jpeg\",\"width\":1280,\"height\":960},{\"@type\":\"WebSite\",\"@id\":\"https:\\\/\\\/fmgente.com.ar\\\/web\\\/#website\",\"url\":\"https:\\\/\\\/fmgente.com.ar\\\/web\\\/\",\"name\":\"Fm Gente\",\"description\":\"- Jes\u00fas Mar\u00eda\",\"publisher\":{\"@id\":\"https:\\\/\\\/fmgente.com.ar\\\/web\\\/#organization\"},\"potentialAction\":[{\"@type\":\"SearchAction\",\"target\":{\"@type\":\"EntryPoint\",\"urlTemplate\":\"https:\\\/\\\/fmgente.com.ar\\\/web\\\/?s={search_term_string}\"},\"query-input\":{\"@type\":\"PropertyValueSpecification\",\"valueRequired\":true,\"valueName\":\"search_term_string\"}}],\"inLanguage\":\"es\"},{\"@type\":\"Organization\",\"@id\":\"https:\\\/\\\/fmgente.com.ar\\\/web\\\/#organization\",\"name\":\"Fm Gente\",\"url\":\"https:\\\/\\\/fmgente.com.ar\\\/web\\\/\",\"logo\":{\"@type\":\"ImageObject\",\"inLanguage\":\"es\",\"@id\":\"https:\\\/\\\/fmgente.com.ar\\\/web\\\/#\\\/schema\\\/logo\\\/image\\\/\",\"url\":\"https:\\\/\\\/fmgente.com.ar\\\/web\\\/wp-content\\\/uploads\\\/2023\\\/07\\\/cropped-cropped-logo-sombra2.png\",\"contentUrl\":\"https:\\\/\\\/fmgente.com.ar\\\/web\\\/wp-content\\\/uploads\\\/2023\\\/07\\\/cropped-cropped-logo-sombra2.png\",\"width\":1782,\"height\":1782,\"caption\":\"Fm Gente\"},\"image\":{\"@id\":\"https:\\\/\\\/fmgente.com.ar\\\/web\\\/#\\\/schema\\\/logo\\\/image\\\/\"}},{\"@type\":\"Person\",\"@id\":\"https:\\\/\\\/fmgente.com.ar\\\/web\\\/#\\\/schema\\\/person\\\/ba03fa75c17effdaafbd6daa1d78c508\",\"name\":\"Adri\u00e1n Hern\u00e1ndez\",\"url\":\"https:\\\/\\\/fmgente.com.ar\\\/web\\\/author\\\/c1601891\\\/\"}]}<\/script>\n<!-- \/ Yoast SEO plugin. -->","yoast_head_json":{"title":"Colonia Caroya: hizo una maniobra y choc\u00f3 una moto. - Fm Gente","robots":{"index":"index","follow":"follow","max-snippet":"max-snippet:-1","max-image-preview":"max-image-preview:large","max-video-preview":"max-video-preview:-1"},"canonical":"https:\/\/fmgente.com.ar\/web\/colonia-caroya-hizo-una-maniobra-y-choco-una-moto\/","og_locale":"es_ES","og_type":"article","og_title":"Colonia Caroya: hizo una maniobra y choc\u00f3 una moto. - Fm Gente","og_description":"Personal policial entrevista a una mujer de 83 a\u00f1os, quien se conduc\u00eda en un veh\u00edculo","og_url":"https:\/\/fmgente.com.ar\/web\/colonia-caroya-hizo-una-maniobra-y-choco-una-moto\/","og_site_name":"Fm Gente","article_published_time":"2026-05-01T12:14:57+00:00","og_image":[{"width":1280,"height":960,"url":"https:\/\/fmgente.com.ar\/web\/wp-content\/uploads\/2026\/05\/n2.jpeg","type":"image\/jpeg"}],"author":"Adri\u00e1n Hern\u00e1ndez","twitter_card":"summary_large_image","twitter_misc":{"Escrito por":"Adri\u00e1n Hern\u00e1ndez","Tiempo de lectura":"1 minuto"},"schema":{"@context":"https:\/\/schema.org","@graph":[{"@type":"Article","@id":"https:\/\/fmgente.com.ar\/web\/colonia-caroya-hizo-una-maniobra-y-choco-una-moto\/#article","isPartOf":{"@id":"https:\/\/fmgente.com.ar\/web\/colonia-caroya-hizo-una-maniobra-y-choco-una-moto\/"},"author":{"name":"Adri\u00e1n Hern\u00e1ndez","@id":"https:\/\/fmgente.com.ar\/web\/#\/schema\/person\/ba03fa75c17effdaafbd6daa1d78c508"},"headline":"Colonia Caroya: hizo una maniobra y choc\u00f3 una moto.","datePublished":"2026-05-01T12:14:57+00:00","mainEntityOfPage":{"@id":"https:\/\/fmgente.com.ar\/web\/colonia-caroya-hizo-una-maniobra-y-choco-una-moto\/"},"wordCount":105,"publisher":{"@id":"https:\/\/fmgente.com.ar\/web\/#organization"},"image":{"@id":"https:\/\/fmgente.com.ar\/web\/colonia-caroya-hizo-una-maniobra-y-choco-una-moto\/#primaryimage"},"thumbnailUrl":"https:\/\/fmgente.com.ar\/web\/wp-content\/uploads\/2026\/05\/n2.jpeg","keywords":["agro","cadena norte","campo","Carlos Ciprian","Ciprian","COE","Colonia Caroya","comuna","cooperativa","C\u00f3rdoba","covid 19","Dean Funes","deportes","doctor","Federico Z\u00e1rate","fpa","Gustavo Brand\u00e1n","hospital","Jes\u00fas Mar\u00eda","La Dormida","las pe\u00f1as","m\u00e9dico","Municipalidad","news","Norte","noticias","Nuevo D\u00eda","Paola Nanini","policiales","Quilino","radio fm","Rio Seco","Sinsacate","Sociedad Rural","srjm","\u00faltimo momento","urgente","Villa del Totoral"],"articleSection":["PRINCIPALES"],"inLanguage":"es"},{"@type":"WebPage","@id":"https:\/\/fmgente.com.ar\/web\/colonia-caroya-hizo-una-maniobra-y-choco-una-moto\/","url":"https:\/\/fmgente.com.ar\/web\/colonia-caroya-hizo-una-maniobra-y-choco-una-moto\/","name":"Colonia Caroya: hizo una maniobra y choc\u00f3 una moto. - Fm Gente","isPartOf":{"@id":"https:\/\/fmgente.com.ar\/web\/#website"},"primaryImageOfPage":{"@id":"https:\/\/fmgente.com.ar\/web\/colonia-caroya-hizo-una-maniobra-y-choco-una-moto\/#primaryimage"},"image":{"@id":"https:\/\/fmgente.com.ar\/web\/colonia-caroya-hizo-una-maniobra-y-choco-una-moto\/#primaryimage"},"thumbnailUrl":"https:\/\/fmgente.com.ar\/web\/wp-content\/uploads\/2026\/05\/n2.jpeg","datePublished":"2026-05-01T12:14:57+00:00","inLanguage":"es","potentialAction":[{"@type":"ReadAction","target":["https:\/\/fmgente.com.ar\/web\/colonia-caroya-hizo-una-maniobra-y-choco-una-moto\/"]}]},{"@type":"ImageObject","inLanguage":"es","@id":"https:\/\/fmgente.com.ar\/web\/colonia-caroya-hizo-una-maniobra-y-choco-una-moto\/#primaryimage","url":"https:\/\/fmgente.com.ar\/web\/wp-content\/uploads\/2026\/05\/n2.jpeg","contentUrl":"https:\/\/fmgente.com.ar\/web\/wp-content\/uploads\/2026\/05\/n2.jpeg","width":1280,"height":960},{"@type":"WebSite","@id":"https:\/\/fmgente.com.ar\/web\/#website","url":"https:\/\/fmgente.com.ar\/web\/","name":"Fm Gente","description":"- Jes\u00fas Mar\u00eda","publisher":{"@id":"https:\/\/fmgente.com.ar\/web\/#organization"},"potentialAction":[{"@type":"SearchAction","target":{"@type":"EntryPoint","urlTemplate":"https:\/\/fmgente.com.ar\/web\/?s={search_term_string}"},"query-input":{"@type":"PropertyValueSpecification","valueRequired":true,"valueName":"search_term_string"}}],"inLanguage":"es"},{"@type":"Organization","@id":"https:\/\/fmgente.com.ar\/web\/#organization","name":"Fm Gente","url":"https:\/\/fmgente.com.ar\/web\/","logo":{"@type":"ImageObject","inLanguage":"es","@id":"https:\/\/fmgente.com.ar\/web\/#\/schema\/logo\/image\/","url":"https:\/\/fmgente.com.ar\/web\/wp-content\/uploads\/2023\/07\/cropped-cropped-logo-sombra2.png","contentUrl":"https:\/\/fmgente.com.ar\/web\/wp-content\/uploads\/2023\/07\/cropped-cropped-logo-sombra2.png","width":1782,"height":1782,"caption":"Fm Gente"},"image":{"@id":"https:\/\/fmgente.com.ar\/web\/#\/schema\/logo\/image\/"}},{"@type":"Person","@id":"https:\/\/fmgente.com.ar\/web\/#\/schema\/person\/ba03fa75c17effdaafbd6daa1d78c508","name":"Adri\u00e1n Hern\u00e1ndez","url":"https:\/\/fmgente.com.ar\/web\/author\/c1601891\/"}]}},"_links":{"self":[{"href":"https:\/\/fmgente.com.ar\/web\/wp-json\/wp\/v2\/posts\/21368","targetHints":{"allow":["GET"]}}],"collection":[{"href":"https:\/\/fmgente.com.ar\/web\/wp-json\/wp\/v2\/posts"}],"about":[{"href":"https:\/\/fmgente.com.ar\/web\/wp-json\/wp\/v2\/types\/post"}],"author":[{"embeddable":true,"href":"https:\/\/fmgente.com.ar\/web\/wp-json\/wp\/v2\/users\/2"}],"replies":[{"embeddable":true,"href":"https:\/\/fmgente.com.ar\/web\/wp-json\/wp\/v2\/comments?post=21368"}],"version-history":[{"count":1,"href":"https:\/\/fmgente.com.ar\/web\/wp-json\/wp\/v2\/posts\/21368\/revisions"}],"predecessor-version":[{"id":21370,"href":"https:\/\/fmgente.com.ar\/web\/wp-json\/wp\/v2\/posts\/21368\/revisions\/21370"}],"wp:featuredmedia":[{"embeddable":true,"href":"https:\/\/fmgente.com.ar\/web\/wp-json\/wp\/v2\/media\/21369"}],"wp:attachment":[{"href":"https:\/\/fmgente.com.ar\/web\/wp-json\/wp\/v2\/media?parent=21368"}],"wp:term":[{"taxonomy":"category","embeddable":true,"href":"https:\/\/fmgente.com.ar\/web\/wp-json\/wp\/v2\/categories?post=21368"},{"taxonomy":"post_tag","embeddable":true,"href":"https:\/\/fmgente.com.ar\/web\/wp-json\/wp\/v2\/tags?post=21368"}],"curies":[{"name":"wp","href":"https:\/\/api.w.org\/{rel}","templated":true}]}}