{"id":21348,"date":"2026-05-01T09:07:28","date_gmt":"2026-05-01T12:07:28","guid":{"rendered":"https:\/\/fmgente.com.ar\/web\/paraguay-aspira-a-retornar-al-mundial-con-alfaro-y-celebra-un-reconocimiento-de-fifa-por-sus-avances-en-juveniles\/"},"modified":"2026-05-01T09:07:28","modified_gmt":"2026-05-01T12:07:28","slug":"paraguay-aspira-a-retornar-al-mundial-con-alfaro-y-celebra-un-reconocimiento-de-fifa-por-sus-avances-en-juveniles","status":"publish","type":"post","link":"https:\/\/fmgente.com.ar\/web\/paraguay-aspira-a-retornar-al-mundial-con-alfaro-y-celebra-un-reconocimiento-de-fifa-por-sus-avances-en-juveniles\/","title":{"rendered":"Paraguay aspira a retornar al Mundial con Alfaro y celebra un reconocimiento de FIFA por sus avances en juveniles"},"content":{"rendered":"<div class=\"postie-post\">\n<div>     La selecci\u00f3n paraguaya renueva sus esperanzas de clasificar al Mundial bajo la direcci\u00f3n de Gustavo Alfaro, mientras que la Asociaci\u00f3n Paraguaya de F\u00fatbol celebra un logro significativo: ha sido galardonada con el premio Oro en los FIFA Awards 2026 &#8211; Edici\u00f3n Am\u00e9ricas, un reconocimiento otorgado por la FIFA en virtud del desarrollo del Centro de Alto Rendimiento de las Divisiones Formativas (CARDIF).<\/p>\n<p>Este proyecto, liderado por el argentino Javier Valdecantos, ha sido destacado como uno de los m\u00e1s relevantes del continente en t\u00e9rminos de infraestructura y formaci\u00f3n de j\u00f3venes talentos. Valdecantos, quien ha ejercido como preparador f\u00edsico junto a figuras como Carlos Griguol y Diego Maradona en 1992, as\u00ed como con los mellizos Barros Schelotto en Lan\u00fas y Boca, ha impulsado una transformaci\u00f3n en la base del f\u00fatbol paraguayo.<\/p>\n<p>Entre los logros m\u00e1s destacados, la APF mencion\u00f3 que en 2023, el 27 por ciento de los futbolistas juveniles no asist\u00eda a la escuela. Sin embargo, solo dos a\u00f1os despu\u00e9s, el CARDIF ha logrado alcanzar una escolarizaci\u00f3n total, integrando la educaci\u00f3n formal como una pol\u00edtica obligatoria. Adem\u00e1s, se ha establecido la exigencia para que los clubes aseguren una alimentaci\u00f3n diaria para los j\u00f3venes tras los entrenamientos.<\/p>\n<p>Desde su apertura en abril de 2024, el centro recibe diariamente a cerca de 2.500 j\u00f3venes provenientes de las divisiones inferiores de 12 clubes de Primera Divisi\u00f3n en Paraguay. Asimismo, el complejo act\u00faa como sede para todas las selecciones juveniles del pa\u00eds.<\/p>\n<p>El CARDIF se extiende por 5.000 metros cuadrados y cuenta con 12 canchas de c\u00e9sped sint\u00e9tico reglamentarias, equipadas con riego autom\u00e1tico y sistemas de iluminaci\u00f3n LED que cumplen con las normas de FIFA. Tambi\u00e9n incluye una cancha reducida y seis edificios que albergan 22 vestuarios, \u00e1reas m\u00e9dicas y de kinesiolog\u00eda, gimnasios, oficinas t\u00e9cnicas, aulas de capacitaci\u00f3n y espacios espec\u00edficos para entrenamiento t\u00e1ctico y multidisciplinario.<\/p>\n<p>Con una apuesta decidida hacia el desarrollo integral de los j\u00f3venes, Paraguay est\u00e1 fortaleciendo su competitividad actual y cimentando las bases para un futuro prometedor. <\/p>\n<\/div>\n<\/div>\n","protected":false},"excerpt":{"rendered":"<p>La selecci\u00f3n paraguaya renueva sus esperanzas de clasificar al Mundial bajo la direcci\u00f3n de Gustavo<\/p>\n","protected":false},"author":0,"featured_media":21349,"comment_status":"","ping_status":"","sticky":false,"template":"","format":"standard","meta":{"footnotes":""},"categories":[11],"tags":[],"class_list":["post-21348","post","type-post","status-publish","format-standard","has-post-thumbnail","hentry","category-destacadas"],"yoast_head":"<!-- This site is optimized with the Yoast SEO plugin v27.5 - https:\/\/yoast.com\/product\/yoast-seo-wordpress\/ -->\n<title>Paraguay aspira a retornar al Mundial con Alfaro y celebra un reconocimiento de FIFA por sus avances en juveniles - Fm Gente<\/title>\n<meta name=\"robots\" content=\"index, follow, max-snippet:-1, max-image-preview:large, max-video-preview:-1\" \/>\n<link rel=\"canonical\" href=\"https:\/\/fmgente.com.ar\/web\/paraguay-aspira-a-retornar-al-mundial-con-alfaro-y-celebra-un-reconocimiento-de-fifa-por-sus-avances-en-juveniles\/\" \/>\n<meta property=\"og:locale\" content=\"es_ES\" \/>\n<meta property=\"og:type\" content=\"article\" \/>\n<meta property=\"og:title\" content=\"Paraguay aspira a retornar al Mundial con Alfaro y celebra un reconocimiento de FIFA por sus avances en juveniles - Fm Gente\" \/>\n<meta property=\"og:description\" content=\"La selecci\u00f3n paraguaya renueva sus esperanzas de clasificar al Mundial bajo la direcci\u00f3n de Gustavo\" \/>\n<meta property=\"og:url\" content=\"https:\/\/fmgente.com.ar\/web\/paraguay-aspira-a-retornar-al-mundial-con-alfaro-y-celebra-un-reconocimiento-de-fifa-por-sus-avances-en-juveniles\/\" \/>\n<meta property=\"og:site_name\" content=\"Fm Gente\" \/>\n<meta property=\"article:published_time\" content=\"2026-05-01T12:07:28+00:00\" \/>\n<meta name=\"twitter:card\" content=\"summary_large_image\" \/>\n<meta name=\"twitter:label1\" content=\"Tiempo de lectura\" \/>\n\t<meta name=\"twitter:data1\" content=\"2 minutos\" \/>\n<script type=\"application\/ld+json\" class=\"yoast-schema-graph\">{\"@context\":\"https:\\\/\\\/schema.org\",\"@graph\":[{\"@type\":\"Article\",\"@id\":\"https:\\\/\\\/fmgente.com.ar\\\/web\\\/paraguay-aspira-a-retornar-al-mundial-con-alfaro-y-celebra-un-reconocimiento-de-fifa-por-sus-avances-en-juveniles\\\/#article\",\"isPartOf\":{\"@id\":\"https:\\\/\\\/fmgente.com.ar\\\/web\\\/paraguay-aspira-a-retornar-al-mundial-con-alfaro-y-celebra-un-reconocimiento-de-fifa-por-sus-avances-en-juveniles\\\/\"},\"author\":{\"name\":\"\",\"@id\":\"\"},\"headline\":\"Paraguay aspira a retornar al Mundial con Alfaro y celebra un reconocimiento de FIFA por sus avances en juveniles\",\"datePublished\":\"2026-05-01T12:07:28+00:00\",\"mainEntityOfPage\":{\"@id\":\"https:\\\/\\\/fmgente.com.ar\\\/web\\\/paraguay-aspira-a-retornar-al-mundial-con-alfaro-y-celebra-un-reconocimiento-de-fifa-por-sus-avances-en-juveniles\\\/\"},\"wordCount\":374,\"publisher\":{\"@id\":\"https:\\\/\\\/fmgente.com.ar\\\/web\\\/#organization\"},\"image\":{\"@id\":\"https:\\\/\\\/fmgente.com.ar\\\/web\\\/paraguay-aspira-a-retornar-al-mundial-con-alfaro-y-celebra-un-reconocimiento-de-fifa-por-sus-avances-en-juveniles\\\/#primaryimage\"},\"thumbnailUrl\":\"https:\\\/\\\/fmgente.com.ar\\\/web\\\/wp-content\\\/uploads\\\/2026\\\/05\\\/portadax-6.png\",\"articleSection\":[\"DESTACADAS\"],\"inLanguage\":\"es\"},{\"@type\":\"WebPage\",\"@id\":\"https:\\\/\\\/fmgente.com.ar\\\/web\\\/paraguay-aspira-a-retornar-al-mundial-con-alfaro-y-celebra-un-reconocimiento-de-fifa-por-sus-avances-en-juveniles\\\/\",\"url\":\"https:\\\/\\\/fmgente.com.ar\\\/web\\\/paraguay-aspira-a-retornar-al-mundial-con-alfaro-y-celebra-un-reconocimiento-de-fifa-por-sus-avances-en-juveniles\\\/\",\"name\":\"Paraguay aspira a retornar al Mundial con Alfaro y celebra un reconocimiento de FIFA por sus avances en juveniles - Fm Gente\",\"isPartOf\":{\"@id\":\"https:\\\/\\\/fmgente.com.ar\\\/web\\\/#website\"},\"primaryImageOfPage\":{\"@id\":\"https:\\\/\\\/fmgente.com.ar\\\/web\\\/paraguay-aspira-a-retornar-al-mundial-con-alfaro-y-celebra-un-reconocimiento-de-fifa-por-sus-avances-en-juveniles\\\/#primaryimage\"},\"image\":{\"@id\":\"https:\\\/\\\/fmgente.com.ar\\\/web\\\/paraguay-aspira-a-retornar-al-mundial-con-alfaro-y-celebra-un-reconocimiento-de-fifa-por-sus-avances-en-juveniles\\\/#primaryimage\"},\"thumbnailUrl\":\"https:\\\/\\\/fmgente.com.ar\\\/web\\\/wp-content\\\/uploads\\\/2026\\\/05\\\/portadax-6.png\",\"datePublished\":\"2026-05-01T12:07:28+00:00\",\"inLanguage\":\"es\",\"potentialAction\":[{\"@type\":\"ReadAction\",\"target\":[\"https:\\\/\\\/fmgente.com.ar\\\/web\\\/paraguay-aspira-a-retornar-al-mundial-con-alfaro-y-celebra-un-reconocimiento-de-fifa-por-sus-avances-en-juveniles\\\/\"]}]},{\"@type\":\"ImageObject\",\"inLanguage\":\"es\",\"@id\":\"https:\\\/\\\/fmgente.com.ar\\\/web\\\/paraguay-aspira-a-retornar-al-mundial-con-alfaro-y-celebra-un-reconocimiento-de-fifa-por-sus-avances-en-juveniles\\\/#primaryimage\",\"url\":\"https:\\\/\\\/fmgente.com.ar\\\/web\\\/wp-content\\\/uploads\\\/2026\\\/05\\\/portadax-6.png\",\"contentUrl\":\"https:\\\/\\\/fmgente.com.ar\\\/web\\\/wp-content\\\/uploads\\\/2026\\\/05\\\/portadax-6.png\",\"width\":1366,\"height\":768},{\"@type\":\"WebSite\",\"@id\":\"https:\\\/\\\/fmgente.com.ar\\\/web\\\/#website\",\"url\":\"https:\\\/\\\/fmgente.com.ar\\\/web\\\/\",\"name\":\"Fm Gente\",\"description\":\"- Jes\u00fas Mar\u00eda\",\"publisher\":{\"@id\":\"https:\\\/\\\/fmgente.com.ar\\\/web\\\/#organization\"},\"potentialAction\":[{\"@type\":\"SearchAction\",\"target\":{\"@type\":\"EntryPoint\",\"urlTemplate\":\"https:\\\/\\\/fmgente.com.ar\\\/web\\\/?s={search_term_string}\"},\"query-input\":{\"@type\":\"PropertyValueSpecification\",\"valueRequired\":true,\"valueName\":\"search_term_string\"}}],\"inLanguage\":\"es\"},{\"@type\":\"Organization\",\"@id\":\"https:\\\/\\\/fmgente.com.ar\\\/web\\\/#organization\",\"name\":\"Fm Gente\",\"url\":\"https:\\\/\\\/fmgente.com.ar\\\/web\\\/\",\"logo\":{\"@type\":\"ImageObject\",\"inLanguage\":\"es\",\"@id\":\"https:\\\/\\\/fmgente.com.ar\\\/web\\\/#\\\/schema\\\/logo\\\/image\\\/\",\"url\":\"https:\\\/\\\/fmgente.com.ar\\\/web\\\/wp-content\\\/uploads\\\/2023\\\/07\\\/cropped-cropped-logo-sombra2.png\",\"contentUrl\":\"https:\\\/\\\/fmgente.com.ar\\\/web\\\/wp-content\\\/uploads\\\/2023\\\/07\\\/cropped-cropped-logo-sombra2.png\",\"width\":1782,\"height\":1782,\"caption\":\"Fm Gente\"},\"image\":{\"@id\":\"https:\\\/\\\/fmgente.com.ar\\\/web\\\/#\\\/schema\\\/logo\\\/image\\\/\"}}]}<\/script>\n<!-- \/ Yoast SEO plugin. -->","yoast_head_json":{"title":"Paraguay aspira a retornar al Mundial con Alfaro y celebra un reconocimiento de FIFA por sus avances en juveniles - Fm Gente","robots":{"index":"index","follow":"follow","max-snippet":"max-snippet:-1","max-image-preview":"max-image-preview:large","max-video-preview":"max-video-preview:-1"},"canonical":"https:\/\/fmgente.com.ar\/web\/paraguay-aspira-a-retornar-al-mundial-con-alfaro-y-celebra-un-reconocimiento-de-fifa-por-sus-avances-en-juveniles\/","og_locale":"es_ES","og_type":"article","og_title":"Paraguay aspira a retornar al Mundial con Alfaro y celebra un reconocimiento de FIFA por sus avances en juveniles - Fm Gente","og_description":"La selecci\u00f3n paraguaya renueva sus esperanzas de clasificar al Mundial bajo la direcci\u00f3n de Gustavo","og_url":"https:\/\/fmgente.com.ar\/web\/paraguay-aspira-a-retornar-al-mundial-con-alfaro-y-celebra-un-reconocimiento-de-fifa-por-sus-avances-en-juveniles\/","og_site_name":"Fm Gente","article_published_time":"2026-05-01T12:07:28+00:00","twitter_card":"summary_large_image","twitter_misc":{"Tiempo de lectura":"2 minutos"},"schema":{"@context":"https:\/\/schema.org","@graph":[{"@type":"Article","@id":"https:\/\/fmgente.com.ar\/web\/paraguay-aspira-a-retornar-al-mundial-con-alfaro-y-celebra-un-reconocimiento-de-fifa-por-sus-avances-en-juveniles\/#article","isPartOf":{"@id":"https:\/\/fmgente.com.ar\/web\/paraguay-aspira-a-retornar-al-mundial-con-alfaro-y-celebra-un-reconocimiento-de-fifa-por-sus-avances-en-juveniles\/"},"author":{"name":"","@id":""},"headline":"Paraguay aspira a retornar al Mundial con Alfaro y celebra un reconocimiento de FIFA por sus avances en juveniles","datePublished":"2026-05-01T12:07:28+00:00","mainEntityOfPage":{"@id":"https:\/\/fmgente.com.ar\/web\/paraguay-aspira-a-retornar-al-mundial-con-alfaro-y-celebra-un-reconocimiento-de-fifa-por-sus-avances-en-juveniles\/"},"wordCount":374,"publisher":{"@id":"https:\/\/fmgente.com.ar\/web\/#organization"},"image":{"@id":"https:\/\/fmgente.com.ar\/web\/paraguay-aspira-a-retornar-al-mundial-con-alfaro-y-celebra-un-reconocimiento-de-fifa-por-sus-avances-en-juveniles\/#primaryimage"},"thumbnailUrl":"https:\/\/fmgente.com.ar\/web\/wp-content\/uploads\/2026\/05\/portadax-6.png","articleSection":["DESTACADAS"],"inLanguage":"es"},{"@type":"WebPage","@id":"https:\/\/fmgente.com.ar\/web\/paraguay-aspira-a-retornar-al-mundial-con-alfaro-y-celebra-un-reconocimiento-de-fifa-por-sus-avances-en-juveniles\/","url":"https:\/\/fmgente.com.ar\/web\/paraguay-aspira-a-retornar-al-mundial-con-alfaro-y-celebra-un-reconocimiento-de-fifa-por-sus-avances-en-juveniles\/","name":"Paraguay aspira a retornar al Mundial con Alfaro y celebra un reconocimiento de FIFA por sus avances en juveniles - Fm Gente","isPartOf":{"@id":"https:\/\/fmgente.com.ar\/web\/#website"},"primaryImageOfPage":{"@id":"https:\/\/fmgente.com.ar\/web\/paraguay-aspira-a-retornar-al-mundial-con-alfaro-y-celebra-un-reconocimiento-de-fifa-por-sus-avances-en-juveniles\/#primaryimage"},"image":{"@id":"https:\/\/fmgente.com.ar\/web\/paraguay-aspira-a-retornar-al-mundial-con-alfaro-y-celebra-un-reconocimiento-de-fifa-por-sus-avances-en-juveniles\/#primaryimage"},"thumbnailUrl":"https:\/\/fmgente.com.ar\/web\/wp-content\/uploads\/2026\/05\/portadax-6.png","datePublished":"2026-05-01T12:07:28+00:00","inLanguage":"es","potentialAction":[{"@type":"ReadAction","target":["https:\/\/fmgente.com.ar\/web\/paraguay-aspira-a-retornar-al-mundial-con-alfaro-y-celebra-un-reconocimiento-de-fifa-por-sus-avances-en-juveniles\/"]}]},{"@type":"ImageObject","inLanguage":"es","@id":"https:\/\/fmgente.com.ar\/web\/paraguay-aspira-a-retornar-al-mundial-con-alfaro-y-celebra-un-reconocimiento-de-fifa-por-sus-avances-en-juveniles\/#primaryimage","url":"https:\/\/fmgente.com.ar\/web\/wp-content\/uploads\/2026\/05\/portadax-6.png","contentUrl":"https:\/\/fmgente.com.ar\/web\/wp-content\/uploads\/2026\/05\/portadax-6.png","width":1366,"height":768},{"@type":"WebSite","@id":"https:\/\/fmgente.com.ar\/web\/#website","url":"https:\/\/fmgente.com.ar\/web\/","name":"Fm Gente","description":"- Jes\u00fas Mar\u00eda","publisher":{"@id":"https:\/\/fmgente.com.ar\/web\/#organization"},"potentialAction":[{"@type":"SearchAction","target":{"@type":"EntryPoint","urlTemplate":"https:\/\/fmgente.com.ar\/web\/?s={search_term_string}"},"query-input":{"@type":"PropertyValueSpecification","valueRequired":true,"valueName":"search_term_string"}}],"inLanguage":"es"},{"@type":"Organization","@id":"https:\/\/fmgente.com.ar\/web\/#organization","name":"Fm Gente","url":"https:\/\/fmgente.com.ar\/web\/","logo":{"@type":"ImageObject","inLanguage":"es","@id":"https:\/\/fmgente.com.ar\/web\/#\/schema\/logo\/image\/","url":"https:\/\/fmgente.com.ar\/web\/wp-content\/uploads\/2023\/07\/cropped-cropped-logo-sombra2.png","contentUrl":"https:\/\/fmgente.com.ar\/web\/wp-content\/uploads\/2023\/07\/cropped-cropped-logo-sombra2.png","width":1782,"height":1782,"caption":"Fm Gente"},"image":{"@id":"https:\/\/fmgente.com.ar\/web\/#\/schema\/logo\/image\/"}}]}},"_links":{"self":[{"href":"https:\/\/fmgente.com.ar\/web\/wp-json\/wp\/v2\/posts\/21348","targetHints":{"allow":["GET"]}}],"collection":[{"href":"https:\/\/fmgente.com.ar\/web\/wp-json\/wp\/v2\/posts"}],"about":[{"href":"https:\/\/fmgente.com.ar\/web\/wp-json\/wp\/v2\/types\/post"}],"replies":[{"embeddable":true,"href":"https:\/\/fmgente.com.ar\/web\/wp-json\/wp\/v2\/comments?post=21348"}],"version-history":[{"count":0,"href":"https:\/\/fmgente.com.ar\/web\/wp-json\/wp\/v2\/posts\/21348\/revisions"}],"wp:featuredmedia":[{"embeddable":true,"href":"https:\/\/fmgente.com.ar\/web\/wp-json\/wp\/v2\/media\/21349"}],"wp:attachment":[{"href":"https:\/\/fmgente.com.ar\/web\/wp-json\/wp\/v2\/media?parent=21348"}],"wp:term":[{"taxonomy":"category","embeddable":true,"href":"https:\/\/fmgente.com.ar\/web\/wp-json\/wp\/v2\/categories?post=21348"},{"taxonomy":"post_tag","embeddable":true,"href":"https:\/\/fmgente.com.ar\/web\/wp-json\/wp\/v2\/tags?post=21348"}],"curies":[{"name":"wp","href":"https:\/\/api.w.org\/{rel}","templated":true}]}}