{"id":21342,"date":"2026-05-01T09:07:18","date_gmt":"2026-05-01T12:07:18","guid":{"rendered":"https:\/\/fmgente.com.ar\/web\/el-pj-nacional-confirma-las-fechas-de-elecciones-para-salta-y-jujuy-seran-el-25-de-octubre\/"},"modified":"2026-05-01T09:07:18","modified_gmt":"2026-05-01T12:07:18","slug":"el-pj-nacional-confirma-las-fechas-de-elecciones-para-salta-y-jujuy-seran-el-25-de-octubre","status":"publish","type":"post","link":"https:\/\/fmgente.com.ar\/web\/el-pj-nacional-confirma-las-fechas-de-elecciones-para-salta-y-jujuy-seran-el-25-de-octubre\/","title":{"rendered":"El PJ Nacional confirma las fechas de elecciones para Salta y Jujuy: ser\u00e1n el 25 de octubre"},"content":{"rendered":"<p>Este jueves, en una reuni\u00f3n clave del <strong>consejo nacional del Partido Justicialista (PJ)<\/strong>, se confirm\u00f3 la fecha para las elecciones en <strong>Salta<\/strong> y <strong>Jujuy<\/strong>, estableci\u00e9ndose que ambas provincias, actualmente intervenidas, votar\u00e1n el <strong>25 de octubre<\/strong>. El <strong>PJ Nacional<\/strong> ratific\u00f3 esta decisi\u00f3n como parte de su plan para regularizar la situaci\u00f3n en estas delegaciones provinciales, las cuales hab\u00edan sido intervenidas previamente por el partido.<\/p>\n<p>La noticia llega tras la celebraci\u00f3n de un encuentro que comenz\u00f3 a las 11 de la ma\u00f1ana y se extendi\u00f3 hasta las 14, en la hist\u00f3rica sede del PJ en <strong>Matheu 130<\/strong>, en Buenos Aires. En esa misma reuni\u00f3n, se defini\u00f3 tambi\u00e9n que el <strong>congreso partidario<\/strong> tendr\u00e1 lugar el <strong>19 de mayo<\/strong>, de forma mixta, entre presencial y virtual, para abordar la organizaci\u00f3n interna del partido y otros temas clave.<\/p>\n<p>Respecto a la intervenci\u00f3n en <strong>Salta<\/strong>, <strong>Pablo Kosiner<\/strong>, cercano a <strong>Juan Manuel Urtubey<\/strong>, asumi\u00f3 recientemente el cargo de interventor con el objetivo de acercar posturas con el peronismo local, luego de un cambio de autoridades que busc\u00f3 generar mayor aceptaci\u00f3n tras las cr\u00edticas a la intervenci\u00f3n directa desde <strong>Buenos Aires<\/strong>.<\/p>\n<p>En <strong>Jujuy<\/strong>, la intervenci\u00f3n est\u00e1 a cargo de <strong>Ricardo Villada<\/strong>, exfuncionario del <strong>gobierno de Gustavo S\u00e1enz<\/strong>, quien ha sido un cr\u00edtico constante de la gesti\u00f3n de <strong>Cristina Kirchner<\/strong> y ha exigido la celebraci\u00f3n de elecciones libres para regularizar el funcionamiento del PJ en la provincia.<\/p>\n<p><strong>Carolina Mois\u00e9s<\/strong>, senadora de Jujuy, tambi\u00e9n particip\u00f3 de las discusiones previas al consejo nacional, y plante\u00f3 la necesidad de alcanzar un <strong>acuerdo pol\u00edtico<\/strong> dentro del PJ juje\u00f1o, a fin de resolver la conflictividad interna que atraviesa la provincia.<\/p>\n<p>Este paso marca un momento crucial en la reorganizaci\u00f3n del PJ en ambas provincias, y las elecciones del <strong>25 de octubre<\/strong> ser\u00e1n un punto de inflexi\u00f3n en la normalizaci\u00f3n del partido en <strong>Salta<\/strong> y <strong>Jujuy<\/strong>.<\/p>\n","protected":false},"excerpt":{"rendered":"<p>Este jueves, en una reuni\u00f3n clave del consejo nacional del Partido Justicialista (PJ), se confirm\u00f3<\/p>\n","protected":false},"author":0,"featured_media":21343,"comment_status":"","ping_status":"","sticky":false,"template":"","format":"standard","meta":{"footnotes":""},"categories":[11],"tags":[],"class_list":["post-21342","post","type-post","status-publish","format-standard","has-post-thumbnail","hentry","category-destacadas"],"yoast_head":"<!-- This site is optimized with the Yoast SEO plugin v27.5 - https:\/\/yoast.com\/product\/yoast-seo-wordpress\/ -->\n<title>El PJ Nacional confirma las fechas de elecciones para Salta y Jujuy: ser\u00e1n el 25 de octubre - Fm Gente<\/title>\n<meta name=\"robots\" content=\"index, follow, max-snippet:-1, max-image-preview:large, max-video-preview:-1\" \/>\n<link rel=\"canonical\" href=\"https:\/\/fmgente.com.ar\/web\/el-pj-nacional-confirma-las-fechas-de-elecciones-para-salta-y-jujuy-seran-el-25-de-octubre\/\" \/>\n<meta property=\"og:locale\" content=\"es_ES\" \/>\n<meta property=\"og:type\" content=\"article\" \/>\n<meta property=\"og:title\" content=\"El PJ Nacional confirma las fechas de elecciones para Salta y Jujuy: ser\u00e1n el 25 de octubre - Fm Gente\" \/>\n<meta property=\"og:description\" content=\"Este jueves, en una reuni\u00f3n clave del consejo nacional del Partido Justicialista (PJ), se confirm\u00f3\" \/>\n<meta property=\"og:url\" content=\"https:\/\/fmgente.com.ar\/web\/el-pj-nacional-confirma-las-fechas-de-elecciones-para-salta-y-jujuy-seran-el-25-de-octubre\/\" \/>\n<meta property=\"og:site_name\" content=\"Fm Gente\" \/>\n<meta property=\"article:published_time\" content=\"2026-05-01T12:07:18+00:00\" \/>\n<meta name=\"twitter:card\" content=\"summary_large_image\" \/>\n<meta name=\"twitter:label1\" content=\"Tiempo de lectura\" \/>\n\t<meta name=\"twitter:data1\" content=\"2 minutos\" \/>\n<script type=\"application\/ld+json\" class=\"yoast-schema-graph\">{\"@context\":\"https:\\\/\\\/schema.org\",\"@graph\":[{\"@type\":\"Article\",\"@id\":\"https:\\\/\\\/fmgente.com.ar\\\/web\\\/el-pj-nacional-confirma-las-fechas-de-elecciones-para-salta-y-jujuy-seran-el-25-de-octubre\\\/#article\",\"isPartOf\":{\"@id\":\"https:\\\/\\\/fmgente.com.ar\\\/web\\\/el-pj-nacional-confirma-las-fechas-de-elecciones-para-salta-y-jujuy-seran-el-25-de-octubre\\\/\"},\"author\":{\"name\":\"\",\"@id\":\"\"},\"headline\":\"El PJ Nacional confirma las fechas de elecciones para Salta y Jujuy: ser\u00e1n el 25 de octubre\",\"datePublished\":\"2026-05-01T12:07:18+00:00\",\"mainEntityOfPage\":{\"@id\":\"https:\\\/\\\/fmgente.com.ar\\\/web\\\/el-pj-nacional-confirma-las-fechas-de-elecciones-para-salta-y-jujuy-seran-el-25-de-octubre\\\/\"},\"wordCount\":341,\"publisher\":{\"@id\":\"https:\\\/\\\/fmgente.com.ar\\\/web\\\/#organization\"},\"image\":{\"@id\":\"https:\\\/\\\/fmgente.com.ar\\\/web\\\/el-pj-nacional-confirma-las-fechas-de-elecciones-para-salta-y-jujuy-seran-el-25-de-octubre\\\/#primaryimage\"},\"thumbnailUrl\":\"https:\\\/\\\/fmgente.com.ar\\\/web\\\/wp-content\\\/uploads\\\/2026\\\/05\\\/portadax-3.png\",\"articleSection\":[\"DESTACADAS\"],\"inLanguage\":\"es\"},{\"@type\":\"WebPage\",\"@id\":\"https:\\\/\\\/fmgente.com.ar\\\/web\\\/el-pj-nacional-confirma-las-fechas-de-elecciones-para-salta-y-jujuy-seran-el-25-de-octubre\\\/\",\"url\":\"https:\\\/\\\/fmgente.com.ar\\\/web\\\/el-pj-nacional-confirma-las-fechas-de-elecciones-para-salta-y-jujuy-seran-el-25-de-octubre\\\/\",\"name\":\"El PJ Nacional confirma las fechas de elecciones para Salta y Jujuy: ser\u00e1n el 25 de octubre - Fm Gente\",\"isPartOf\":{\"@id\":\"https:\\\/\\\/fmgente.com.ar\\\/web\\\/#website\"},\"primaryImageOfPage\":{\"@id\":\"https:\\\/\\\/fmgente.com.ar\\\/web\\\/el-pj-nacional-confirma-las-fechas-de-elecciones-para-salta-y-jujuy-seran-el-25-de-octubre\\\/#primaryimage\"},\"image\":{\"@id\":\"https:\\\/\\\/fmgente.com.ar\\\/web\\\/el-pj-nacional-confirma-las-fechas-de-elecciones-para-salta-y-jujuy-seran-el-25-de-octubre\\\/#primaryimage\"},\"thumbnailUrl\":\"https:\\\/\\\/fmgente.com.ar\\\/web\\\/wp-content\\\/uploads\\\/2026\\\/05\\\/portadax-3.png\",\"datePublished\":\"2026-05-01T12:07:18+00:00\",\"inLanguage\":\"es\",\"potentialAction\":[{\"@type\":\"ReadAction\",\"target\":[\"https:\\\/\\\/fmgente.com.ar\\\/web\\\/el-pj-nacional-confirma-las-fechas-de-elecciones-para-salta-y-jujuy-seran-el-25-de-octubre\\\/\"]}]},{\"@type\":\"ImageObject\",\"inLanguage\":\"es\",\"@id\":\"https:\\\/\\\/fmgente.com.ar\\\/web\\\/el-pj-nacional-confirma-las-fechas-de-elecciones-para-salta-y-jujuy-seran-el-25-de-octubre\\\/#primaryimage\",\"url\":\"https:\\\/\\\/fmgente.com.ar\\\/web\\\/wp-content\\\/uploads\\\/2026\\\/05\\\/portadax-3.png\",\"contentUrl\":\"https:\\\/\\\/fmgente.com.ar\\\/web\\\/wp-content\\\/uploads\\\/2026\\\/05\\\/portadax-3.png\",\"width\":1366,\"height\":768},{\"@type\":\"WebSite\",\"@id\":\"https:\\\/\\\/fmgente.com.ar\\\/web\\\/#website\",\"url\":\"https:\\\/\\\/fmgente.com.ar\\\/web\\\/\",\"name\":\"Fm Gente\",\"description\":\"- Jes\u00fas Mar\u00eda\",\"publisher\":{\"@id\":\"https:\\\/\\\/fmgente.com.ar\\\/web\\\/#organization\"},\"potentialAction\":[{\"@type\":\"SearchAction\",\"target\":{\"@type\":\"EntryPoint\",\"urlTemplate\":\"https:\\\/\\\/fmgente.com.ar\\\/web\\\/?s={search_term_string}\"},\"query-input\":{\"@type\":\"PropertyValueSpecification\",\"valueRequired\":true,\"valueName\":\"search_term_string\"}}],\"inLanguage\":\"es\"},{\"@type\":\"Organization\",\"@id\":\"https:\\\/\\\/fmgente.com.ar\\\/web\\\/#organization\",\"name\":\"Fm Gente\",\"url\":\"https:\\\/\\\/fmgente.com.ar\\\/web\\\/\",\"logo\":{\"@type\":\"ImageObject\",\"inLanguage\":\"es\",\"@id\":\"https:\\\/\\\/fmgente.com.ar\\\/web\\\/#\\\/schema\\\/logo\\\/image\\\/\",\"url\":\"https:\\\/\\\/fmgente.com.ar\\\/web\\\/wp-content\\\/uploads\\\/2023\\\/07\\\/cropped-cropped-logo-sombra2.png\",\"contentUrl\":\"https:\\\/\\\/fmgente.com.ar\\\/web\\\/wp-content\\\/uploads\\\/2023\\\/07\\\/cropped-cropped-logo-sombra2.png\",\"width\":1782,\"height\":1782,\"caption\":\"Fm Gente\"},\"image\":{\"@id\":\"https:\\\/\\\/fmgente.com.ar\\\/web\\\/#\\\/schema\\\/logo\\\/image\\\/\"}}]}<\/script>\n<!-- \/ Yoast SEO plugin. -->","yoast_head_json":{"title":"El PJ Nacional confirma las fechas de elecciones para Salta y Jujuy: ser\u00e1n el 25 de octubre - Fm Gente","robots":{"index":"index","follow":"follow","max-snippet":"max-snippet:-1","max-image-preview":"max-image-preview:large","max-video-preview":"max-video-preview:-1"},"canonical":"https:\/\/fmgente.com.ar\/web\/el-pj-nacional-confirma-las-fechas-de-elecciones-para-salta-y-jujuy-seran-el-25-de-octubre\/","og_locale":"es_ES","og_type":"article","og_title":"El PJ Nacional confirma las fechas de elecciones para Salta y Jujuy: ser\u00e1n el 25 de octubre - Fm Gente","og_description":"Este jueves, en una reuni\u00f3n clave del consejo nacional del Partido Justicialista (PJ), se confirm\u00f3","og_url":"https:\/\/fmgente.com.ar\/web\/el-pj-nacional-confirma-las-fechas-de-elecciones-para-salta-y-jujuy-seran-el-25-de-octubre\/","og_site_name":"Fm Gente","article_published_time":"2026-05-01T12:07:18+00:00","twitter_card":"summary_large_image","twitter_misc":{"Tiempo de lectura":"2 minutos"},"schema":{"@context":"https:\/\/schema.org","@graph":[{"@type":"Article","@id":"https:\/\/fmgente.com.ar\/web\/el-pj-nacional-confirma-las-fechas-de-elecciones-para-salta-y-jujuy-seran-el-25-de-octubre\/#article","isPartOf":{"@id":"https:\/\/fmgente.com.ar\/web\/el-pj-nacional-confirma-las-fechas-de-elecciones-para-salta-y-jujuy-seran-el-25-de-octubre\/"},"author":{"name":"","@id":""},"headline":"El PJ Nacional confirma las fechas de elecciones para Salta y Jujuy: ser\u00e1n el 25 de octubre","datePublished":"2026-05-01T12:07:18+00:00","mainEntityOfPage":{"@id":"https:\/\/fmgente.com.ar\/web\/el-pj-nacional-confirma-las-fechas-de-elecciones-para-salta-y-jujuy-seran-el-25-de-octubre\/"},"wordCount":341,"publisher":{"@id":"https:\/\/fmgente.com.ar\/web\/#organization"},"image":{"@id":"https:\/\/fmgente.com.ar\/web\/el-pj-nacional-confirma-las-fechas-de-elecciones-para-salta-y-jujuy-seran-el-25-de-octubre\/#primaryimage"},"thumbnailUrl":"https:\/\/fmgente.com.ar\/web\/wp-content\/uploads\/2026\/05\/portadax-3.png","articleSection":["DESTACADAS"],"inLanguage":"es"},{"@type":"WebPage","@id":"https:\/\/fmgente.com.ar\/web\/el-pj-nacional-confirma-las-fechas-de-elecciones-para-salta-y-jujuy-seran-el-25-de-octubre\/","url":"https:\/\/fmgente.com.ar\/web\/el-pj-nacional-confirma-las-fechas-de-elecciones-para-salta-y-jujuy-seran-el-25-de-octubre\/","name":"El PJ Nacional confirma las fechas de elecciones para Salta y Jujuy: ser\u00e1n el 25 de octubre - Fm Gente","isPartOf":{"@id":"https:\/\/fmgente.com.ar\/web\/#website"},"primaryImageOfPage":{"@id":"https:\/\/fmgente.com.ar\/web\/el-pj-nacional-confirma-las-fechas-de-elecciones-para-salta-y-jujuy-seran-el-25-de-octubre\/#primaryimage"},"image":{"@id":"https:\/\/fmgente.com.ar\/web\/el-pj-nacional-confirma-las-fechas-de-elecciones-para-salta-y-jujuy-seran-el-25-de-octubre\/#primaryimage"},"thumbnailUrl":"https:\/\/fmgente.com.ar\/web\/wp-content\/uploads\/2026\/05\/portadax-3.png","datePublished":"2026-05-01T12:07:18+00:00","inLanguage":"es","potentialAction":[{"@type":"ReadAction","target":["https:\/\/fmgente.com.ar\/web\/el-pj-nacional-confirma-las-fechas-de-elecciones-para-salta-y-jujuy-seran-el-25-de-octubre\/"]}]},{"@type":"ImageObject","inLanguage":"es","@id":"https:\/\/fmgente.com.ar\/web\/el-pj-nacional-confirma-las-fechas-de-elecciones-para-salta-y-jujuy-seran-el-25-de-octubre\/#primaryimage","url":"https:\/\/fmgente.com.ar\/web\/wp-content\/uploads\/2026\/05\/portadax-3.png","contentUrl":"https:\/\/fmgente.com.ar\/web\/wp-content\/uploads\/2026\/05\/portadax-3.png","width":1366,"height":768},{"@type":"WebSite","@id":"https:\/\/fmgente.com.ar\/web\/#website","url":"https:\/\/fmgente.com.ar\/web\/","name":"Fm Gente","description":"- Jes\u00fas Mar\u00eda","publisher":{"@id":"https:\/\/fmgente.com.ar\/web\/#organization"},"potentialAction":[{"@type":"SearchAction","target":{"@type":"EntryPoint","urlTemplate":"https:\/\/fmgente.com.ar\/web\/?s={search_term_string}"},"query-input":{"@type":"PropertyValueSpecification","valueRequired":true,"valueName":"search_term_string"}}],"inLanguage":"es"},{"@type":"Organization","@id":"https:\/\/fmgente.com.ar\/web\/#organization","name":"Fm Gente","url":"https:\/\/fmgente.com.ar\/web\/","logo":{"@type":"ImageObject","inLanguage":"es","@id":"https:\/\/fmgente.com.ar\/web\/#\/schema\/logo\/image\/","url":"https:\/\/fmgente.com.ar\/web\/wp-content\/uploads\/2023\/07\/cropped-cropped-logo-sombra2.png","contentUrl":"https:\/\/fmgente.com.ar\/web\/wp-content\/uploads\/2023\/07\/cropped-cropped-logo-sombra2.png","width":1782,"height":1782,"caption":"Fm Gente"},"image":{"@id":"https:\/\/fmgente.com.ar\/web\/#\/schema\/logo\/image\/"}}]}},"_links":{"self":[{"href":"https:\/\/fmgente.com.ar\/web\/wp-json\/wp\/v2\/posts\/21342","targetHints":{"allow":["GET"]}}],"collection":[{"href":"https:\/\/fmgente.com.ar\/web\/wp-json\/wp\/v2\/posts"}],"about":[{"href":"https:\/\/fmgente.com.ar\/web\/wp-json\/wp\/v2\/types\/post"}],"replies":[{"embeddable":true,"href":"https:\/\/fmgente.com.ar\/web\/wp-json\/wp\/v2\/comments?post=21342"}],"version-history":[{"count":0,"href":"https:\/\/fmgente.com.ar\/web\/wp-json\/wp\/v2\/posts\/21342\/revisions"}],"wp:featuredmedia":[{"embeddable":true,"href":"https:\/\/fmgente.com.ar\/web\/wp-json\/wp\/v2\/media\/21343"}],"wp:attachment":[{"href":"https:\/\/fmgente.com.ar\/web\/wp-json\/wp\/v2\/media?parent=21342"}],"wp:term":[{"taxonomy":"category","embeddable":true,"href":"https:\/\/fmgente.com.ar\/web\/wp-json\/wp\/v2\/categories?post=21342"},{"taxonomy":"post_tag","embeddable":true,"href":"https:\/\/fmgente.com.ar\/web\/wp-json\/wp\/v2\/tags?post=21342"}],"curies":[{"name":"wp","href":"https:\/\/api.w.org\/{rel}","templated":true}]}}