{"id":21340,"date":"2026-05-01T09:07:15","date_gmt":"2026-05-01T12:07:15","guid":{"rendered":"https:\/\/fmgente.com.ar\/web\/milei-visita-el-uss-nimitz-y-participa-en-ejercicios-navales-con-estados-unidos-en-el-atlantico-sur\/"},"modified":"2026-05-01T09:07:15","modified_gmt":"2026-05-01T12:07:15","slug":"milei-visita-el-uss-nimitz-y-participa-en-ejercicios-navales-con-estados-unidos-en-el-atlantico-sur","status":"publish","type":"post","link":"https:\/\/fmgente.com.ar\/web\/milei-visita-el-uss-nimitz-y-participa-en-ejercicios-navales-con-estados-unidos-en-el-atlantico-sur\/","title":{"rendered":"Milei visita el USS Nimitz y participa en ejercicios navales con Estados Unidos en el Atl\u00e1ntico Sur"},"content":{"rendered":"<p>El <strong>presidente de la Naci\u00f3n<\/strong>, <strong>Javier Milei<\/strong>, realiz\u00f3 este jueves una visita al <strong>portaaviones USS Nimitz<\/strong>, en el marco de los <strong>ejercicios navales Passex 2026<\/strong>, llevados a cabo en el <strong>Atl\u00e1ntico Sur<\/strong>. La actividad fue organizada por el <strong>Comando Sur (SOUTHCOM)<\/strong> y la <strong>Embajada de Estados Unidos en Argentina<\/strong>, y marca un nuevo gesto de <strong>alineamiento geopol\u00edtico<\/strong> de la administraci\u00f3n libertaria con la potencia norteamericana.<\/p>\n<p>Milei, quien parti\u00f3 desde <strong>Aeroparque<\/strong> a las 10 de la ma\u00f1ana, aterriz\u00f3 en la cubierta del portaaviones una hora y media despu\u00e9s, para participar de la actividad conjunta, que incluy\u00f3 una <strong>demostraci\u00f3n a\u00e9rea<\/strong> de <strong>aviones F-18<\/strong> y <strong>helic\u00f3pteros MH-60 Seahawk<\/strong>, como parte de los ejercicios programados para el \u00faltimo d\u00eda. La visita, que tuvo una duraci\u00f3n de aproximadamente <strong>cuatro horas<\/strong>, es la primera vez que el presidente argentino visita una nave de propulsi\u00f3n nuclear de estas caracter\u00edsticas.<\/p>\n<\/p>\n<div><\/div>\n<\/p>\n<p>El presidente estuvo acompa\u00f1ado por una comitiva de alto rango, que incluy\u00f3 a su hermana y <strong>secretaria general de la Presidencia<\/strong>, <strong>Karina Milei<\/strong>; el <strong>ministro de Defensa<\/strong>, <strong>Carlos Presti<\/strong>; la <strong>ministra de Seguridad<\/strong>, <strong>Alejandra Monteoliva<\/strong>; el <strong>canciller Pablo Quirno<\/strong>; el presidente de la <strong>C\u00e1mara de Diputados<\/strong>, <strong>Mart\u00edn Menem<\/strong>; y el embajador de <strong>Estados Unidos en Argentina<\/strong>, <strong>Peter Lamelas<\/strong>.<\/p>\n<p>La visita al USS Nimitz forma parte de una serie de <strong>gestos diplom\u00e1ticos<\/strong> que el gobierno de Milei ha realizado para fortalecer los lazos con <strong>Estados Unidos<\/strong>, especialmente en el \u00e1mbito de la <strong>cooperaci\u00f3n en defensa<\/strong>. Uno de los gestos m\u00e1s significativos de esta pol\u00edtica exterior fue el viaje a <strong>Ushuaia<\/strong>, donde se discuti\u00f3 la construcci\u00f3n de una <strong>Base Naval Integrada<\/strong> en el extremo sur del pa\u00eds, con el apoyo de <strong>Washington<\/strong> para financiar parte de la infraestructura destinada al acceso compartido al <strong>continente ant\u00e1rtico<\/strong>.<\/p>\n<p>Adem\u00e1s, el <strong>Decreto 264\/2026<\/strong> habilit\u00f3 los <strong>ejercicios navales Passex 2026<\/strong>, una maniobra t\u00e9cnica realizada cuando <strong>buques de otras naciones transitan por aguas jurisdiccionales argentinas<\/strong>. Esta autorizaci\u00f3n gener\u00f3 controversia, ya que tradicionalmente se tramitan a trav\u00e9s del Congreso Nacional. Los ejercicios incluyen la participaci\u00f3n del USS Nimitz, que cruz\u00f3 el <strong>Estrecho de Magallanes<\/strong> y se encontraba en <strong>Mar Argentino<\/strong> en ruta hacia el sur de <strong>Mar del Plata<\/strong> para realizar los ejercicios de <strong>Southern Seas 2026<\/strong>.<\/p><\/p>\n","protected":false},"excerpt":{"rendered":"<p>El presidente de la Naci\u00f3n, Javier Milei, realiz\u00f3 este jueves una visita al portaaviones USS<\/p>\n","protected":false},"author":0,"featured_media":21341,"comment_status":"","ping_status":"","sticky":false,"template":"","format":"standard","meta":{"footnotes":""},"categories":[11],"tags":[],"class_list":["post-21340","post","type-post","status-publish","format-standard","has-post-thumbnail","hentry","category-destacadas"],"yoast_head":"<!-- This site is optimized with the Yoast SEO plugin v27.5 - https:\/\/yoast.com\/product\/yoast-seo-wordpress\/ -->\n<title>Milei visita el USS Nimitz y participa en ejercicios navales con Estados Unidos en el Atl\u00e1ntico Sur - Fm Gente<\/title>\n<meta name=\"robots\" content=\"index, follow, max-snippet:-1, max-image-preview:large, max-video-preview:-1\" \/>\n<link rel=\"canonical\" href=\"https:\/\/fmgente.com.ar\/web\/milei-visita-el-uss-nimitz-y-participa-en-ejercicios-navales-con-estados-unidos-en-el-atlantico-sur\/\" \/>\n<meta property=\"og:locale\" content=\"es_ES\" \/>\n<meta property=\"og:type\" content=\"article\" \/>\n<meta property=\"og:title\" content=\"Milei visita el USS Nimitz y participa en ejercicios navales con Estados Unidos en el Atl\u00e1ntico Sur - Fm Gente\" \/>\n<meta property=\"og:description\" content=\"El presidente de la Naci\u00f3n, Javier Milei, realiz\u00f3 este jueves una visita al portaaviones USS\" \/>\n<meta property=\"og:url\" content=\"https:\/\/fmgente.com.ar\/web\/milei-visita-el-uss-nimitz-y-participa-en-ejercicios-navales-con-estados-unidos-en-el-atlantico-sur\/\" \/>\n<meta property=\"og:site_name\" content=\"Fm Gente\" \/>\n<meta property=\"article:published_time\" content=\"2026-05-01T12:07:15+00:00\" \/>\n<meta name=\"twitter:card\" content=\"summary_large_image\" \/>\n<meta name=\"twitter:label1\" content=\"Tiempo de lectura\" \/>\n\t<meta name=\"twitter:data1\" content=\"2 minutos\" \/>\n<script type=\"application\/ld+json\" class=\"yoast-schema-graph\">{\"@context\":\"https:\\\/\\\/schema.org\",\"@graph\":[{\"@type\":\"Article\",\"@id\":\"https:\\\/\\\/fmgente.com.ar\\\/web\\\/milei-visita-el-uss-nimitz-y-participa-en-ejercicios-navales-con-estados-unidos-en-el-atlantico-sur\\\/#article\",\"isPartOf\":{\"@id\":\"https:\\\/\\\/fmgente.com.ar\\\/web\\\/milei-visita-el-uss-nimitz-y-participa-en-ejercicios-navales-con-estados-unidos-en-el-atlantico-sur\\\/\"},\"author\":{\"name\":\"\",\"@id\":\"\"},\"headline\":\"Milei visita el USS Nimitz y participa en ejercicios navales con Estados Unidos en el Atl\u00e1ntico Sur\",\"datePublished\":\"2026-05-01T12:07:15+00:00\",\"mainEntityOfPage\":{\"@id\":\"https:\\\/\\\/fmgente.com.ar\\\/web\\\/milei-visita-el-uss-nimitz-y-participa-en-ejercicios-navales-con-estados-unidos-en-el-atlantico-sur\\\/\"},\"wordCount\":401,\"publisher\":{\"@id\":\"https:\\\/\\\/fmgente.com.ar\\\/web\\\/#organization\"},\"image\":{\"@id\":\"https:\\\/\\\/fmgente.com.ar\\\/web\\\/milei-visita-el-uss-nimitz-y-participa-en-ejercicios-navales-con-estados-unidos-en-el-atlantico-sur\\\/#primaryimage\"},\"thumbnailUrl\":\"https:\\\/\\\/fmgente.com.ar\\\/web\\\/wp-content\\\/uploads\\\/2026\\\/05\\\/portadax-2.png\",\"articleSection\":[\"DESTACADAS\"],\"inLanguage\":\"es\"},{\"@type\":\"WebPage\",\"@id\":\"https:\\\/\\\/fmgente.com.ar\\\/web\\\/milei-visita-el-uss-nimitz-y-participa-en-ejercicios-navales-con-estados-unidos-en-el-atlantico-sur\\\/\",\"url\":\"https:\\\/\\\/fmgente.com.ar\\\/web\\\/milei-visita-el-uss-nimitz-y-participa-en-ejercicios-navales-con-estados-unidos-en-el-atlantico-sur\\\/\",\"name\":\"Milei visita el USS Nimitz y participa en ejercicios navales con Estados Unidos en el Atl\u00e1ntico Sur - Fm Gente\",\"isPartOf\":{\"@id\":\"https:\\\/\\\/fmgente.com.ar\\\/web\\\/#website\"},\"primaryImageOfPage\":{\"@id\":\"https:\\\/\\\/fmgente.com.ar\\\/web\\\/milei-visita-el-uss-nimitz-y-participa-en-ejercicios-navales-con-estados-unidos-en-el-atlantico-sur\\\/#primaryimage\"},\"image\":{\"@id\":\"https:\\\/\\\/fmgente.com.ar\\\/web\\\/milei-visita-el-uss-nimitz-y-participa-en-ejercicios-navales-con-estados-unidos-en-el-atlantico-sur\\\/#primaryimage\"},\"thumbnailUrl\":\"https:\\\/\\\/fmgente.com.ar\\\/web\\\/wp-content\\\/uploads\\\/2026\\\/05\\\/portadax-2.png\",\"datePublished\":\"2026-05-01T12:07:15+00:00\",\"inLanguage\":\"es\",\"potentialAction\":[{\"@type\":\"ReadAction\",\"target\":[\"https:\\\/\\\/fmgente.com.ar\\\/web\\\/milei-visita-el-uss-nimitz-y-participa-en-ejercicios-navales-con-estados-unidos-en-el-atlantico-sur\\\/\"]}]},{\"@type\":\"ImageObject\",\"inLanguage\":\"es\",\"@id\":\"https:\\\/\\\/fmgente.com.ar\\\/web\\\/milei-visita-el-uss-nimitz-y-participa-en-ejercicios-navales-con-estados-unidos-en-el-atlantico-sur\\\/#primaryimage\",\"url\":\"https:\\\/\\\/fmgente.com.ar\\\/web\\\/wp-content\\\/uploads\\\/2026\\\/05\\\/portadax-2.png\",\"contentUrl\":\"https:\\\/\\\/fmgente.com.ar\\\/web\\\/wp-content\\\/uploads\\\/2026\\\/05\\\/portadax-2.png\",\"width\":1366,\"height\":768},{\"@type\":\"WebSite\",\"@id\":\"https:\\\/\\\/fmgente.com.ar\\\/web\\\/#website\",\"url\":\"https:\\\/\\\/fmgente.com.ar\\\/web\\\/\",\"name\":\"Fm Gente\",\"description\":\"- Jes\u00fas Mar\u00eda\",\"publisher\":{\"@id\":\"https:\\\/\\\/fmgente.com.ar\\\/web\\\/#organization\"},\"potentialAction\":[{\"@type\":\"SearchAction\",\"target\":{\"@type\":\"EntryPoint\",\"urlTemplate\":\"https:\\\/\\\/fmgente.com.ar\\\/web\\\/?s={search_term_string}\"},\"query-input\":{\"@type\":\"PropertyValueSpecification\",\"valueRequired\":true,\"valueName\":\"search_term_string\"}}],\"inLanguage\":\"es\"},{\"@type\":\"Organization\",\"@id\":\"https:\\\/\\\/fmgente.com.ar\\\/web\\\/#organization\",\"name\":\"Fm Gente\",\"url\":\"https:\\\/\\\/fmgente.com.ar\\\/web\\\/\",\"logo\":{\"@type\":\"ImageObject\",\"inLanguage\":\"es\",\"@id\":\"https:\\\/\\\/fmgente.com.ar\\\/web\\\/#\\\/schema\\\/logo\\\/image\\\/\",\"url\":\"https:\\\/\\\/fmgente.com.ar\\\/web\\\/wp-content\\\/uploads\\\/2023\\\/07\\\/cropped-cropped-logo-sombra2.png\",\"contentUrl\":\"https:\\\/\\\/fmgente.com.ar\\\/web\\\/wp-content\\\/uploads\\\/2023\\\/07\\\/cropped-cropped-logo-sombra2.png\",\"width\":1782,\"height\":1782,\"caption\":\"Fm Gente\"},\"image\":{\"@id\":\"https:\\\/\\\/fmgente.com.ar\\\/web\\\/#\\\/schema\\\/logo\\\/image\\\/\"}}]}<\/script>\n<!-- \/ Yoast SEO plugin. -->","yoast_head_json":{"title":"Milei visita el USS Nimitz y participa en ejercicios navales con Estados Unidos en el Atl\u00e1ntico Sur - Fm Gente","robots":{"index":"index","follow":"follow","max-snippet":"max-snippet:-1","max-image-preview":"max-image-preview:large","max-video-preview":"max-video-preview:-1"},"canonical":"https:\/\/fmgente.com.ar\/web\/milei-visita-el-uss-nimitz-y-participa-en-ejercicios-navales-con-estados-unidos-en-el-atlantico-sur\/","og_locale":"es_ES","og_type":"article","og_title":"Milei visita el USS Nimitz y participa en ejercicios navales con Estados Unidos en el Atl\u00e1ntico Sur - Fm Gente","og_description":"El presidente de la Naci\u00f3n, Javier Milei, realiz\u00f3 este jueves una visita al portaaviones USS","og_url":"https:\/\/fmgente.com.ar\/web\/milei-visita-el-uss-nimitz-y-participa-en-ejercicios-navales-con-estados-unidos-en-el-atlantico-sur\/","og_site_name":"Fm Gente","article_published_time":"2026-05-01T12:07:15+00:00","twitter_card":"summary_large_image","twitter_misc":{"Tiempo de lectura":"2 minutos"},"schema":{"@context":"https:\/\/schema.org","@graph":[{"@type":"Article","@id":"https:\/\/fmgente.com.ar\/web\/milei-visita-el-uss-nimitz-y-participa-en-ejercicios-navales-con-estados-unidos-en-el-atlantico-sur\/#article","isPartOf":{"@id":"https:\/\/fmgente.com.ar\/web\/milei-visita-el-uss-nimitz-y-participa-en-ejercicios-navales-con-estados-unidos-en-el-atlantico-sur\/"},"author":{"name":"","@id":""},"headline":"Milei visita el USS Nimitz y participa en ejercicios navales con Estados Unidos en el Atl\u00e1ntico Sur","datePublished":"2026-05-01T12:07:15+00:00","mainEntityOfPage":{"@id":"https:\/\/fmgente.com.ar\/web\/milei-visita-el-uss-nimitz-y-participa-en-ejercicios-navales-con-estados-unidos-en-el-atlantico-sur\/"},"wordCount":401,"publisher":{"@id":"https:\/\/fmgente.com.ar\/web\/#organization"},"image":{"@id":"https:\/\/fmgente.com.ar\/web\/milei-visita-el-uss-nimitz-y-participa-en-ejercicios-navales-con-estados-unidos-en-el-atlantico-sur\/#primaryimage"},"thumbnailUrl":"https:\/\/fmgente.com.ar\/web\/wp-content\/uploads\/2026\/05\/portadax-2.png","articleSection":["DESTACADAS"],"inLanguage":"es"},{"@type":"WebPage","@id":"https:\/\/fmgente.com.ar\/web\/milei-visita-el-uss-nimitz-y-participa-en-ejercicios-navales-con-estados-unidos-en-el-atlantico-sur\/","url":"https:\/\/fmgente.com.ar\/web\/milei-visita-el-uss-nimitz-y-participa-en-ejercicios-navales-con-estados-unidos-en-el-atlantico-sur\/","name":"Milei visita el USS Nimitz y participa en ejercicios navales con Estados Unidos en el Atl\u00e1ntico Sur - Fm Gente","isPartOf":{"@id":"https:\/\/fmgente.com.ar\/web\/#website"},"primaryImageOfPage":{"@id":"https:\/\/fmgente.com.ar\/web\/milei-visita-el-uss-nimitz-y-participa-en-ejercicios-navales-con-estados-unidos-en-el-atlantico-sur\/#primaryimage"},"image":{"@id":"https:\/\/fmgente.com.ar\/web\/milei-visita-el-uss-nimitz-y-participa-en-ejercicios-navales-con-estados-unidos-en-el-atlantico-sur\/#primaryimage"},"thumbnailUrl":"https:\/\/fmgente.com.ar\/web\/wp-content\/uploads\/2026\/05\/portadax-2.png","datePublished":"2026-05-01T12:07:15+00:00","inLanguage":"es","potentialAction":[{"@type":"ReadAction","target":["https:\/\/fmgente.com.ar\/web\/milei-visita-el-uss-nimitz-y-participa-en-ejercicios-navales-con-estados-unidos-en-el-atlantico-sur\/"]}]},{"@type":"ImageObject","inLanguage":"es","@id":"https:\/\/fmgente.com.ar\/web\/milei-visita-el-uss-nimitz-y-participa-en-ejercicios-navales-con-estados-unidos-en-el-atlantico-sur\/#primaryimage","url":"https:\/\/fmgente.com.ar\/web\/wp-content\/uploads\/2026\/05\/portadax-2.png","contentUrl":"https:\/\/fmgente.com.ar\/web\/wp-content\/uploads\/2026\/05\/portadax-2.png","width":1366,"height":768},{"@type":"WebSite","@id":"https:\/\/fmgente.com.ar\/web\/#website","url":"https:\/\/fmgente.com.ar\/web\/","name":"Fm Gente","description":"- Jes\u00fas Mar\u00eda","publisher":{"@id":"https:\/\/fmgente.com.ar\/web\/#organization"},"potentialAction":[{"@type":"SearchAction","target":{"@type":"EntryPoint","urlTemplate":"https:\/\/fmgente.com.ar\/web\/?s={search_term_string}"},"query-input":{"@type":"PropertyValueSpecification","valueRequired":true,"valueName":"search_term_string"}}],"inLanguage":"es"},{"@type":"Organization","@id":"https:\/\/fmgente.com.ar\/web\/#organization","name":"Fm Gente","url":"https:\/\/fmgente.com.ar\/web\/","logo":{"@type":"ImageObject","inLanguage":"es","@id":"https:\/\/fmgente.com.ar\/web\/#\/schema\/logo\/image\/","url":"https:\/\/fmgente.com.ar\/web\/wp-content\/uploads\/2023\/07\/cropped-cropped-logo-sombra2.png","contentUrl":"https:\/\/fmgente.com.ar\/web\/wp-content\/uploads\/2023\/07\/cropped-cropped-logo-sombra2.png","width":1782,"height":1782,"caption":"Fm Gente"},"image":{"@id":"https:\/\/fmgente.com.ar\/web\/#\/schema\/logo\/image\/"}}]}},"_links":{"self":[{"href":"https:\/\/fmgente.com.ar\/web\/wp-json\/wp\/v2\/posts\/21340","targetHints":{"allow":["GET"]}}],"collection":[{"href":"https:\/\/fmgente.com.ar\/web\/wp-json\/wp\/v2\/posts"}],"about":[{"href":"https:\/\/fmgente.com.ar\/web\/wp-json\/wp\/v2\/types\/post"}],"replies":[{"embeddable":true,"href":"https:\/\/fmgente.com.ar\/web\/wp-json\/wp\/v2\/comments?post=21340"}],"version-history":[{"count":0,"href":"https:\/\/fmgente.com.ar\/web\/wp-json\/wp\/v2\/posts\/21340\/revisions"}],"wp:featuredmedia":[{"embeddable":true,"href":"https:\/\/fmgente.com.ar\/web\/wp-json\/wp\/v2\/media\/21341"}],"wp:attachment":[{"href":"https:\/\/fmgente.com.ar\/web\/wp-json\/wp\/v2\/media?parent=21340"}],"wp:term":[{"taxonomy":"category","embeddable":true,"href":"https:\/\/fmgente.com.ar\/web\/wp-json\/wp\/v2\/categories?post=21340"},{"taxonomy":"post_tag","embeddable":true,"href":"https:\/\/fmgente.com.ar\/web\/wp-json\/wp\/v2\/tags?post=21340"}],"curies":[{"name":"wp","href":"https:\/\/api.w.org\/{rel}","templated":true}]}}