{"id":21336,"date":"2026-05-01T09:07:09","date_gmt":"2026-05-01T12:07:09","guid":{"rendered":"https:\/\/fmgente.com.ar\/web\/clasica-1-de-mayo-mas-de-250-ciclistas-participan-de-la-competencia-mas-antigua-del-pais\/"},"modified":"2026-05-01T09:07:09","modified_gmt":"2026-05-01T12:07:09","slug":"clasica-1-de-mayo-mas-de-250-ciclistas-participan-de-la-competencia-mas-antigua-del-pais","status":"publish","type":"post","link":"https:\/\/fmgente.com.ar\/web\/clasica-1-de-mayo-mas-de-250-ciclistas-participan-de-la-competencia-mas-antigua-del-pais\/","title":{"rendered":"Cl\u00e1sica 1 de Mayo: m\u00e1s de 250 ciclistas participan de la competencia m\u00e1s antigua del pa\u00eds"},"content":{"rendered":"<p>La ciudad de Salta ser\u00e1 hoy epicentro de una nueva entrega de la <strong>Cl\u00e1sica 1\u00b0 de Mayo,<\/strong> una cita que amalgama m\u00edstica, rigor deportivo y una masiva convocatoria popular. En esta oportunidad, la prueba reunir\u00e1 a centenares de<strong> ciclistas<\/strong> provenientes de distintos puntos de Argentina y el exterior, reafirmando su prestigio en el calendario cicl\u00edstico regional.<\/p>\n<p>La jornada de hoy tendr\u00e1 como epicentro el <strong>Monumento al General Mart\u00edn Miguel de G\u00fcemes.<\/strong> Mientras que el primer grupo iniciar\u00e1 la marcha a las 8, la categor\u00eda \u00c9lite har\u00e1 lo propio a las 10, elevando la vara competitiva en un circuito dise\u00f1ado para desafiar la resistencia de los atletas de alto rendimiento.<\/p>\n<p>El trazado de este a\u00f1o atravesar\u00e1 las principales arterias de la ciudad, incluyendo las avenidas Uruguay, Reyes Cat\u00f3licos, Bolivia y Arenales. El recorrido se extender\u00e1 hacia la zona norte por el acceso a la<strong> ruta 9 <\/strong>y el sector de El Huaico, para luego retornar por la Circunvalaci\u00f3n Juan XXIII y avenida San Mart\u00edn, culminando nuevamente en el punto de partida.<\/p>\n<p>Al respecto, el secretario de Deportes, <strong>Ignacio Garc\u00eda Bes<\/strong>, destac\u00f3 la magnitud de la cita: \u00abInvitamos a toda la familia salte\u00f1a a acompa\u00f1ar a los deportistas a lo largo del trayecto. Es una competencia emblem\u00e1tica que posiciona a Salta como sede de grandes eventos y que ya es parte indisoluble de nuestro patrimonio cultural\u00bb.<\/p>\n<p>Se prev\u00e9 que una multitud acompa\u00f1e el desarrollo de la prueba a lo largo del trazado, consolidando a esta carrera no s\u00f3lo como un <strong>\u00edcono del deporte nacional<\/strong>, sino como un fen\u00f3meno social que define la identidad de la provincia cada primero de mayo.<\/p>\n","protected":false},"excerpt":{"rendered":"<p>La ciudad de Salta ser\u00e1 hoy epicentro de una nueva entrega de la Cl\u00e1sica 1\u00b0<\/p>\n","protected":false},"author":0,"featured_media":21337,"comment_status":"","ping_status":"","sticky":false,"template":"","format":"standard","meta":{"footnotes":""},"categories":[11],"tags":[],"class_list":["post-21336","post","type-post","status-publish","format-standard","has-post-thumbnail","hentry","category-destacadas"],"yoast_head":"<!-- This site is optimized with the Yoast SEO plugin v27.5 - https:\/\/yoast.com\/product\/yoast-seo-wordpress\/ -->\n<title>Cl\u00e1sica 1 de Mayo: m\u00e1s de 250 ciclistas participan de la competencia m\u00e1s antigua del pa\u00eds - Fm Gente<\/title>\n<meta name=\"robots\" content=\"index, follow, max-snippet:-1, max-image-preview:large, max-video-preview:-1\" \/>\n<link rel=\"canonical\" href=\"https:\/\/fmgente.com.ar\/web\/clasica-1-de-mayo-mas-de-250-ciclistas-participan-de-la-competencia-mas-antigua-del-pais\/\" \/>\n<meta property=\"og:locale\" content=\"es_ES\" \/>\n<meta property=\"og:type\" content=\"article\" \/>\n<meta property=\"og:title\" content=\"Cl\u00e1sica 1 de Mayo: m\u00e1s de 250 ciclistas participan de la competencia m\u00e1s antigua del pa\u00eds - Fm Gente\" \/>\n<meta property=\"og:description\" content=\"La ciudad de Salta ser\u00e1 hoy epicentro de una nueva entrega de la Cl\u00e1sica 1\u00b0\" \/>\n<meta property=\"og:url\" content=\"https:\/\/fmgente.com.ar\/web\/clasica-1-de-mayo-mas-de-250-ciclistas-participan-de-la-competencia-mas-antigua-del-pais\/\" \/>\n<meta property=\"og:site_name\" content=\"Fm Gente\" \/>\n<meta property=\"article:published_time\" content=\"2026-05-01T12:07:09+00:00\" \/>\n<meta name=\"twitter:card\" content=\"summary_large_image\" \/>\n<meta name=\"twitter:label1\" content=\"Tiempo de lectura\" \/>\n\t<meta name=\"twitter:data1\" content=\"1 minuto\" \/>\n<script type=\"application\/ld+json\" class=\"yoast-schema-graph\">{\"@context\":\"https:\\\/\\\/schema.org\",\"@graph\":[{\"@type\":\"Article\",\"@id\":\"https:\\\/\\\/fmgente.com.ar\\\/web\\\/clasica-1-de-mayo-mas-de-250-ciclistas-participan-de-la-competencia-mas-antigua-del-pais\\\/#article\",\"isPartOf\":{\"@id\":\"https:\\\/\\\/fmgente.com.ar\\\/web\\\/clasica-1-de-mayo-mas-de-250-ciclistas-participan-de-la-competencia-mas-antigua-del-pais\\\/\"},\"author\":{\"name\":\"\",\"@id\":\"\"},\"headline\":\"Cl\u00e1sica 1 de Mayo: m\u00e1s de 250 ciclistas participan de la competencia m\u00e1s antigua del pa\u00eds\",\"datePublished\":\"2026-05-01T12:07:09+00:00\",\"mainEntityOfPage\":{\"@id\":\"https:\\\/\\\/fmgente.com.ar\\\/web\\\/clasica-1-de-mayo-mas-de-250-ciclistas-participan-de-la-competencia-mas-antigua-del-pais\\\/\"},\"wordCount\":300,\"publisher\":{\"@id\":\"https:\\\/\\\/fmgente.com.ar\\\/web\\\/#organization\"},\"image\":{\"@id\":\"https:\\\/\\\/fmgente.com.ar\\\/web\\\/clasica-1-de-mayo-mas-de-250-ciclistas-participan-de-la-competencia-mas-antigua-del-pais\\\/#primaryimage\"},\"thumbnailUrl\":\"https:\\\/\\\/fmgente.com.ar\\\/web\\\/wp-content\\\/uploads\\\/2026\\\/05\\\/portadax.png\",\"articleSection\":[\"DESTACADAS\"],\"inLanguage\":\"es\"},{\"@type\":\"WebPage\",\"@id\":\"https:\\\/\\\/fmgente.com.ar\\\/web\\\/clasica-1-de-mayo-mas-de-250-ciclistas-participan-de-la-competencia-mas-antigua-del-pais\\\/\",\"url\":\"https:\\\/\\\/fmgente.com.ar\\\/web\\\/clasica-1-de-mayo-mas-de-250-ciclistas-participan-de-la-competencia-mas-antigua-del-pais\\\/\",\"name\":\"Cl\u00e1sica 1 de Mayo: m\u00e1s de 250 ciclistas participan de la competencia m\u00e1s antigua del pa\u00eds - Fm Gente\",\"isPartOf\":{\"@id\":\"https:\\\/\\\/fmgente.com.ar\\\/web\\\/#website\"},\"primaryImageOfPage\":{\"@id\":\"https:\\\/\\\/fmgente.com.ar\\\/web\\\/clasica-1-de-mayo-mas-de-250-ciclistas-participan-de-la-competencia-mas-antigua-del-pais\\\/#primaryimage\"},\"image\":{\"@id\":\"https:\\\/\\\/fmgente.com.ar\\\/web\\\/clasica-1-de-mayo-mas-de-250-ciclistas-participan-de-la-competencia-mas-antigua-del-pais\\\/#primaryimage\"},\"thumbnailUrl\":\"https:\\\/\\\/fmgente.com.ar\\\/web\\\/wp-content\\\/uploads\\\/2026\\\/05\\\/portadax.png\",\"datePublished\":\"2026-05-01T12:07:09+00:00\",\"inLanguage\":\"es\",\"potentialAction\":[{\"@type\":\"ReadAction\",\"target\":[\"https:\\\/\\\/fmgente.com.ar\\\/web\\\/clasica-1-de-mayo-mas-de-250-ciclistas-participan-de-la-competencia-mas-antigua-del-pais\\\/\"]}]},{\"@type\":\"ImageObject\",\"inLanguage\":\"es\",\"@id\":\"https:\\\/\\\/fmgente.com.ar\\\/web\\\/clasica-1-de-mayo-mas-de-250-ciclistas-participan-de-la-competencia-mas-antigua-del-pais\\\/#primaryimage\",\"url\":\"https:\\\/\\\/fmgente.com.ar\\\/web\\\/wp-content\\\/uploads\\\/2026\\\/05\\\/portadax.png\",\"contentUrl\":\"https:\\\/\\\/fmgente.com.ar\\\/web\\\/wp-content\\\/uploads\\\/2026\\\/05\\\/portadax.png\",\"width\":1366,\"height\":768},{\"@type\":\"WebSite\",\"@id\":\"https:\\\/\\\/fmgente.com.ar\\\/web\\\/#website\",\"url\":\"https:\\\/\\\/fmgente.com.ar\\\/web\\\/\",\"name\":\"Fm Gente\",\"description\":\"- Jes\u00fas Mar\u00eda\",\"publisher\":{\"@id\":\"https:\\\/\\\/fmgente.com.ar\\\/web\\\/#organization\"},\"potentialAction\":[{\"@type\":\"SearchAction\",\"target\":{\"@type\":\"EntryPoint\",\"urlTemplate\":\"https:\\\/\\\/fmgente.com.ar\\\/web\\\/?s={search_term_string}\"},\"query-input\":{\"@type\":\"PropertyValueSpecification\",\"valueRequired\":true,\"valueName\":\"search_term_string\"}}],\"inLanguage\":\"es\"},{\"@type\":\"Organization\",\"@id\":\"https:\\\/\\\/fmgente.com.ar\\\/web\\\/#organization\",\"name\":\"Fm Gente\",\"url\":\"https:\\\/\\\/fmgente.com.ar\\\/web\\\/\",\"logo\":{\"@type\":\"ImageObject\",\"inLanguage\":\"es\",\"@id\":\"https:\\\/\\\/fmgente.com.ar\\\/web\\\/#\\\/schema\\\/logo\\\/image\\\/\",\"url\":\"https:\\\/\\\/fmgente.com.ar\\\/web\\\/wp-content\\\/uploads\\\/2023\\\/07\\\/cropped-cropped-logo-sombra2.png\",\"contentUrl\":\"https:\\\/\\\/fmgente.com.ar\\\/web\\\/wp-content\\\/uploads\\\/2023\\\/07\\\/cropped-cropped-logo-sombra2.png\",\"width\":1782,\"height\":1782,\"caption\":\"Fm Gente\"},\"image\":{\"@id\":\"https:\\\/\\\/fmgente.com.ar\\\/web\\\/#\\\/schema\\\/logo\\\/image\\\/\"}}]}<\/script>\n<!-- \/ Yoast SEO plugin. -->","yoast_head_json":{"title":"Cl\u00e1sica 1 de Mayo: m\u00e1s de 250 ciclistas participan de la competencia m\u00e1s antigua del pa\u00eds - Fm Gente","robots":{"index":"index","follow":"follow","max-snippet":"max-snippet:-1","max-image-preview":"max-image-preview:large","max-video-preview":"max-video-preview:-1"},"canonical":"https:\/\/fmgente.com.ar\/web\/clasica-1-de-mayo-mas-de-250-ciclistas-participan-de-la-competencia-mas-antigua-del-pais\/","og_locale":"es_ES","og_type":"article","og_title":"Cl\u00e1sica 1 de Mayo: m\u00e1s de 250 ciclistas participan de la competencia m\u00e1s antigua del pa\u00eds - Fm Gente","og_description":"La ciudad de Salta ser\u00e1 hoy epicentro de una nueva entrega de la Cl\u00e1sica 1\u00b0","og_url":"https:\/\/fmgente.com.ar\/web\/clasica-1-de-mayo-mas-de-250-ciclistas-participan-de-la-competencia-mas-antigua-del-pais\/","og_site_name":"Fm Gente","article_published_time":"2026-05-01T12:07:09+00:00","twitter_card":"summary_large_image","twitter_misc":{"Tiempo de lectura":"1 minuto"},"schema":{"@context":"https:\/\/schema.org","@graph":[{"@type":"Article","@id":"https:\/\/fmgente.com.ar\/web\/clasica-1-de-mayo-mas-de-250-ciclistas-participan-de-la-competencia-mas-antigua-del-pais\/#article","isPartOf":{"@id":"https:\/\/fmgente.com.ar\/web\/clasica-1-de-mayo-mas-de-250-ciclistas-participan-de-la-competencia-mas-antigua-del-pais\/"},"author":{"name":"","@id":""},"headline":"Cl\u00e1sica 1 de Mayo: m\u00e1s de 250 ciclistas participan de la competencia m\u00e1s antigua del pa\u00eds","datePublished":"2026-05-01T12:07:09+00:00","mainEntityOfPage":{"@id":"https:\/\/fmgente.com.ar\/web\/clasica-1-de-mayo-mas-de-250-ciclistas-participan-de-la-competencia-mas-antigua-del-pais\/"},"wordCount":300,"publisher":{"@id":"https:\/\/fmgente.com.ar\/web\/#organization"},"image":{"@id":"https:\/\/fmgente.com.ar\/web\/clasica-1-de-mayo-mas-de-250-ciclistas-participan-de-la-competencia-mas-antigua-del-pais\/#primaryimage"},"thumbnailUrl":"https:\/\/fmgente.com.ar\/web\/wp-content\/uploads\/2026\/05\/portadax.png","articleSection":["DESTACADAS"],"inLanguage":"es"},{"@type":"WebPage","@id":"https:\/\/fmgente.com.ar\/web\/clasica-1-de-mayo-mas-de-250-ciclistas-participan-de-la-competencia-mas-antigua-del-pais\/","url":"https:\/\/fmgente.com.ar\/web\/clasica-1-de-mayo-mas-de-250-ciclistas-participan-de-la-competencia-mas-antigua-del-pais\/","name":"Cl\u00e1sica 1 de Mayo: m\u00e1s de 250 ciclistas participan de la competencia m\u00e1s antigua del pa\u00eds - Fm Gente","isPartOf":{"@id":"https:\/\/fmgente.com.ar\/web\/#website"},"primaryImageOfPage":{"@id":"https:\/\/fmgente.com.ar\/web\/clasica-1-de-mayo-mas-de-250-ciclistas-participan-de-la-competencia-mas-antigua-del-pais\/#primaryimage"},"image":{"@id":"https:\/\/fmgente.com.ar\/web\/clasica-1-de-mayo-mas-de-250-ciclistas-participan-de-la-competencia-mas-antigua-del-pais\/#primaryimage"},"thumbnailUrl":"https:\/\/fmgente.com.ar\/web\/wp-content\/uploads\/2026\/05\/portadax.png","datePublished":"2026-05-01T12:07:09+00:00","inLanguage":"es","potentialAction":[{"@type":"ReadAction","target":["https:\/\/fmgente.com.ar\/web\/clasica-1-de-mayo-mas-de-250-ciclistas-participan-de-la-competencia-mas-antigua-del-pais\/"]}]},{"@type":"ImageObject","inLanguage":"es","@id":"https:\/\/fmgente.com.ar\/web\/clasica-1-de-mayo-mas-de-250-ciclistas-participan-de-la-competencia-mas-antigua-del-pais\/#primaryimage","url":"https:\/\/fmgente.com.ar\/web\/wp-content\/uploads\/2026\/05\/portadax.png","contentUrl":"https:\/\/fmgente.com.ar\/web\/wp-content\/uploads\/2026\/05\/portadax.png","width":1366,"height":768},{"@type":"WebSite","@id":"https:\/\/fmgente.com.ar\/web\/#website","url":"https:\/\/fmgente.com.ar\/web\/","name":"Fm Gente","description":"- Jes\u00fas Mar\u00eda","publisher":{"@id":"https:\/\/fmgente.com.ar\/web\/#organization"},"potentialAction":[{"@type":"SearchAction","target":{"@type":"EntryPoint","urlTemplate":"https:\/\/fmgente.com.ar\/web\/?s={search_term_string}"},"query-input":{"@type":"PropertyValueSpecification","valueRequired":true,"valueName":"search_term_string"}}],"inLanguage":"es"},{"@type":"Organization","@id":"https:\/\/fmgente.com.ar\/web\/#organization","name":"Fm Gente","url":"https:\/\/fmgente.com.ar\/web\/","logo":{"@type":"ImageObject","inLanguage":"es","@id":"https:\/\/fmgente.com.ar\/web\/#\/schema\/logo\/image\/","url":"https:\/\/fmgente.com.ar\/web\/wp-content\/uploads\/2023\/07\/cropped-cropped-logo-sombra2.png","contentUrl":"https:\/\/fmgente.com.ar\/web\/wp-content\/uploads\/2023\/07\/cropped-cropped-logo-sombra2.png","width":1782,"height":1782,"caption":"Fm Gente"},"image":{"@id":"https:\/\/fmgente.com.ar\/web\/#\/schema\/logo\/image\/"}}]}},"_links":{"self":[{"href":"https:\/\/fmgente.com.ar\/web\/wp-json\/wp\/v2\/posts\/21336","targetHints":{"allow":["GET"]}}],"collection":[{"href":"https:\/\/fmgente.com.ar\/web\/wp-json\/wp\/v2\/posts"}],"about":[{"href":"https:\/\/fmgente.com.ar\/web\/wp-json\/wp\/v2\/types\/post"}],"replies":[{"embeddable":true,"href":"https:\/\/fmgente.com.ar\/web\/wp-json\/wp\/v2\/comments?post=21336"}],"version-history":[{"count":0,"href":"https:\/\/fmgente.com.ar\/web\/wp-json\/wp\/v2\/posts\/21336\/revisions"}],"wp:featuredmedia":[{"embeddable":true,"href":"https:\/\/fmgente.com.ar\/web\/wp-json\/wp\/v2\/media\/21337"}],"wp:attachment":[{"href":"https:\/\/fmgente.com.ar\/web\/wp-json\/wp\/v2\/media?parent=21336"}],"wp:term":[{"taxonomy":"category","embeddable":true,"href":"https:\/\/fmgente.com.ar\/web\/wp-json\/wp\/v2\/categories?post=21336"},{"taxonomy":"post_tag","embeddable":true,"href":"https:\/\/fmgente.com.ar\/web\/wp-json\/wp\/v2\/tags?post=21336"}],"curies":[{"name":"wp","href":"https:\/\/api.w.org\/{rel}","templated":true}]}}