{"id":21334,"date":"2026-05-01T09:07:08","date_gmt":"2026-05-01T12:07:08","guid":{"rendered":"https:\/\/fmgente.com.ar\/web\/este-domingo-llegan-las-picadas-al-autodromo-martin-miguel-de-guemes\/"},"modified":"2026-05-01T09:07:08","modified_gmt":"2026-05-01T12:07:08","slug":"este-domingo-llegan-las-picadas-al-autodromo-martin-miguel-de-guemes","status":"publish","type":"post","link":"https:\/\/fmgente.com.ar\/web\/este-domingo-llegan-las-picadas-al-autodromo-martin-miguel-de-guemes\/","title":{"rendered":"Este domingo llegan las picadas al aut\u00f3dromo Mart\u00edn Miguel de G\u00fcemes"},"content":{"rendered":"<p>El evento, denominado <strong>\u201cArrancones Salta\u201d,<\/strong> tendr\u00e1 su segunda fecha del a\u00f1o con apertura para pilotos desde las 9.30 y para el p\u00fablico a partir de las 10. Seg\u00fan inform\u00f3 <strong>Dar\u00edo \u201cPicky\u201d Ocampo<\/strong>, uno de los organizadores, la jornada ser\u00e1 posible gracias a un convenio entre el<strong> Auto Club <\/strong>y la<strong> Direcci\u00f3n de Tr\u00e1nsito de la Municipalidad de Salta<\/strong>, encabezada por Mat\u00edas Assennato.<\/p>\n<p><img decoding=\"async\" src=\"https:\/\/uscdn.eltribuno.com\/052026\/1777632935479.jpg\" \/><\/p>\n<p>\u201cNos brindaron un d\u00eda de pruebas sin costo en el <strong>aut\u00f3dromo<\/strong>, lo que nos va a permitir a todos los que estamos en el mundo de las picadas probar los autos, ponerlos a punto en un lugar seguro y controlado\u201d, explic\u00f3<strong> Ocampo<\/strong>. En ese sentido, destac\u00f3 que la iniciativa busca ordenar la actividad y ofrecer condiciones adecuadas para el desarrollo de este tipo de pr\u00e1cticas.<\/p>\n<p>Adem\u00e1s, remarc\u00f3 el impacto que puede tener la medida en la seguridad vial: \u201cEsto es muy importante porque tambi\u00e9n contribuye a <strong>erradicar las picadas ilegales<\/strong>\u201d. El organizador tambi\u00e9n subray\u00f3 el car\u00e1cter in\u00e9dito del acuerdo: \u201cNunca hab\u00eda pasado algo as\u00ed, por lo que estamos muy agradecidos\u201d.<\/p>\n<p><img decoding=\"async\" src=\"https:\/\/uscdn.eltribuno.com\/052026\/1777632937480.jpg\" \/><\/p>\n<p>La jornada se presenta como una alternativa para <strong>canalizar la pasi\u00f3n por la velocidad dentro de un \u00e1mbito regulado, con controles y medidas de seguridad,<\/strong> en un contexto donde las picadas clandestinas representan una preocupaci\u00f3n creciente.<\/p>\n","protected":false},"excerpt":{"rendered":"<p>El evento, denominado \u201cArrancones Salta\u201d, tendr\u00e1 su segunda fecha del a\u00f1o con apertura para pilotos<\/p>\n","protected":false},"author":0,"featured_media":21335,"comment_status":"","ping_status":"","sticky":false,"template":"","format":"standard","meta":{"footnotes":""},"categories":[11],"tags":[],"class_list":["post-21334","post","type-post","status-publish","format-standard","has-post-thumbnail","hentry","category-destacadas"],"yoast_head":"<!-- This site is optimized with the Yoast SEO plugin v27.5 - https:\/\/yoast.com\/product\/yoast-seo-wordpress\/ -->\n<title>Este domingo llegan las picadas al aut\u00f3dromo Mart\u00edn Miguel de G\u00fcemes - Fm Gente<\/title>\n<meta name=\"robots\" content=\"index, follow, max-snippet:-1, max-image-preview:large, max-video-preview:-1\" \/>\n<link rel=\"canonical\" href=\"https:\/\/fmgente.com.ar\/web\/este-domingo-llegan-las-picadas-al-autodromo-martin-miguel-de-guemes\/\" \/>\n<meta property=\"og:locale\" content=\"es_ES\" \/>\n<meta property=\"og:type\" content=\"article\" \/>\n<meta property=\"og:title\" content=\"Este domingo llegan las picadas al aut\u00f3dromo Mart\u00edn Miguel de G\u00fcemes - Fm Gente\" \/>\n<meta property=\"og:description\" content=\"El evento, denominado \u201cArrancones Salta\u201d, tendr\u00e1 su segunda fecha del a\u00f1o con apertura para pilotos\" \/>\n<meta property=\"og:url\" content=\"https:\/\/fmgente.com.ar\/web\/este-domingo-llegan-las-picadas-al-autodromo-martin-miguel-de-guemes\/\" \/>\n<meta property=\"og:site_name\" content=\"Fm Gente\" \/>\n<meta property=\"article:published_time\" content=\"2026-05-01T12:07:08+00:00\" \/>\n<meta property=\"og:image\" content=\"https:\/\/uscdn.eltribuno.com\/052026\/1777632935479.jpg\" \/>\n<meta name=\"twitter:card\" content=\"summary_large_image\" \/>\n<meta name=\"twitter:label1\" content=\"Tiempo de lectura\" \/>\n\t<meta name=\"twitter:data1\" content=\"1 minuto\" \/>\n<script type=\"application\/ld+json\" class=\"yoast-schema-graph\">{\"@context\":\"https:\\\/\\\/schema.org\",\"@graph\":[{\"@type\":\"Article\",\"@id\":\"https:\\\/\\\/fmgente.com.ar\\\/web\\\/este-domingo-llegan-las-picadas-al-autodromo-martin-miguel-de-guemes\\\/#article\",\"isPartOf\":{\"@id\":\"https:\\\/\\\/fmgente.com.ar\\\/web\\\/este-domingo-llegan-las-picadas-al-autodromo-martin-miguel-de-guemes\\\/\"},\"author\":{\"name\":\"\",\"@id\":\"\"},\"headline\":\"Este domingo llegan las picadas al aut\u00f3dromo Mart\u00edn Miguel de G\u00fcemes\",\"datePublished\":\"2026-05-01T12:07:08+00:00\",\"mainEntityOfPage\":{\"@id\":\"https:\\\/\\\/fmgente.com.ar\\\/web\\\/este-domingo-llegan-las-picadas-al-autodromo-martin-miguel-de-guemes\\\/\"},\"wordCount\":238,\"publisher\":{\"@id\":\"https:\\\/\\\/fmgente.com.ar\\\/web\\\/#organization\"},\"image\":{\"@id\":\"https:\\\/\\\/fmgente.com.ar\\\/web\\\/este-domingo-llegan-las-picadas-al-autodromo-martin-miguel-de-guemes\\\/#primaryimage\"},\"thumbnailUrl\":\"https:\\\/\\\/fmgente.com.ar\\\/web\\\/wp-content\\\/uploads\\\/2026\\\/05\\\/1777632935479.jpg\",\"articleSection\":[\"DESTACADAS\"],\"inLanguage\":\"es\"},{\"@type\":\"WebPage\",\"@id\":\"https:\\\/\\\/fmgente.com.ar\\\/web\\\/este-domingo-llegan-las-picadas-al-autodromo-martin-miguel-de-guemes\\\/\",\"url\":\"https:\\\/\\\/fmgente.com.ar\\\/web\\\/este-domingo-llegan-las-picadas-al-autodromo-martin-miguel-de-guemes\\\/\",\"name\":\"Este domingo llegan las picadas al aut\u00f3dromo Mart\u00edn Miguel de G\u00fcemes - Fm Gente\",\"isPartOf\":{\"@id\":\"https:\\\/\\\/fmgente.com.ar\\\/web\\\/#website\"},\"primaryImageOfPage\":{\"@id\":\"https:\\\/\\\/fmgente.com.ar\\\/web\\\/este-domingo-llegan-las-picadas-al-autodromo-martin-miguel-de-guemes\\\/#primaryimage\"},\"image\":{\"@id\":\"https:\\\/\\\/fmgente.com.ar\\\/web\\\/este-domingo-llegan-las-picadas-al-autodromo-martin-miguel-de-guemes\\\/#primaryimage\"},\"thumbnailUrl\":\"https:\\\/\\\/fmgente.com.ar\\\/web\\\/wp-content\\\/uploads\\\/2026\\\/05\\\/1777632935479.jpg\",\"datePublished\":\"2026-05-01T12:07:08+00:00\",\"inLanguage\":\"es\",\"potentialAction\":[{\"@type\":\"ReadAction\",\"target\":[\"https:\\\/\\\/fmgente.com.ar\\\/web\\\/este-domingo-llegan-las-picadas-al-autodromo-martin-miguel-de-guemes\\\/\"]}]},{\"@type\":\"ImageObject\",\"inLanguage\":\"es\",\"@id\":\"https:\\\/\\\/fmgente.com.ar\\\/web\\\/este-domingo-llegan-las-picadas-al-autodromo-martin-miguel-de-guemes\\\/#primaryimage\",\"url\":\"https:\\\/\\\/fmgente.com.ar\\\/web\\\/wp-content\\\/uploads\\\/2026\\\/05\\\/1777632935479.jpg\",\"contentUrl\":\"https:\\\/\\\/fmgente.com.ar\\\/web\\\/wp-content\\\/uploads\\\/2026\\\/05\\\/1777632935479.jpg\",\"width\":1137,\"height\":650},{\"@type\":\"WebSite\",\"@id\":\"https:\\\/\\\/fmgente.com.ar\\\/web\\\/#website\",\"url\":\"https:\\\/\\\/fmgente.com.ar\\\/web\\\/\",\"name\":\"Fm Gente\",\"description\":\"- Jes\u00fas Mar\u00eda\",\"publisher\":{\"@id\":\"https:\\\/\\\/fmgente.com.ar\\\/web\\\/#organization\"},\"potentialAction\":[{\"@type\":\"SearchAction\",\"target\":{\"@type\":\"EntryPoint\",\"urlTemplate\":\"https:\\\/\\\/fmgente.com.ar\\\/web\\\/?s={search_term_string}\"},\"query-input\":{\"@type\":\"PropertyValueSpecification\",\"valueRequired\":true,\"valueName\":\"search_term_string\"}}],\"inLanguage\":\"es\"},{\"@type\":\"Organization\",\"@id\":\"https:\\\/\\\/fmgente.com.ar\\\/web\\\/#organization\",\"name\":\"Fm Gente\",\"url\":\"https:\\\/\\\/fmgente.com.ar\\\/web\\\/\",\"logo\":{\"@type\":\"ImageObject\",\"inLanguage\":\"es\",\"@id\":\"https:\\\/\\\/fmgente.com.ar\\\/web\\\/#\\\/schema\\\/logo\\\/image\\\/\",\"url\":\"https:\\\/\\\/fmgente.com.ar\\\/web\\\/wp-content\\\/uploads\\\/2023\\\/07\\\/cropped-cropped-logo-sombra2.png\",\"contentUrl\":\"https:\\\/\\\/fmgente.com.ar\\\/web\\\/wp-content\\\/uploads\\\/2023\\\/07\\\/cropped-cropped-logo-sombra2.png\",\"width\":1782,\"height\":1782,\"caption\":\"Fm Gente\"},\"image\":{\"@id\":\"https:\\\/\\\/fmgente.com.ar\\\/web\\\/#\\\/schema\\\/logo\\\/image\\\/\"}}]}<\/script>\n<!-- \/ Yoast SEO plugin. -->","yoast_head_json":{"title":"Este domingo llegan las picadas al aut\u00f3dromo Mart\u00edn Miguel de G\u00fcemes - Fm Gente","robots":{"index":"index","follow":"follow","max-snippet":"max-snippet:-1","max-image-preview":"max-image-preview:large","max-video-preview":"max-video-preview:-1"},"canonical":"https:\/\/fmgente.com.ar\/web\/este-domingo-llegan-las-picadas-al-autodromo-martin-miguel-de-guemes\/","og_locale":"es_ES","og_type":"article","og_title":"Este domingo llegan las picadas al aut\u00f3dromo Mart\u00edn Miguel de G\u00fcemes - Fm Gente","og_description":"El evento, denominado \u201cArrancones Salta\u201d, tendr\u00e1 su segunda fecha del a\u00f1o con apertura para pilotos","og_url":"https:\/\/fmgente.com.ar\/web\/este-domingo-llegan-las-picadas-al-autodromo-martin-miguel-de-guemes\/","og_site_name":"Fm Gente","article_published_time":"2026-05-01T12:07:08+00:00","og_image":[{"url":"https:\/\/uscdn.eltribuno.com\/052026\/1777632935479.jpg","type":"","width":"","height":""}],"twitter_card":"summary_large_image","twitter_misc":{"Tiempo de lectura":"1 minuto"},"schema":{"@context":"https:\/\/schema.org","@graph":[{"@type":"Article","@id":"https:\/\/fmgente.com.ar\/web\/este-domingo-llegan-las-picadas-al-autodromo-martin-miguel-de-guemes\/#article","isPartOf":{"@id":"https:\/\/fmgente.com.ar\/web\/este-domingo-llegan-las-picadas-al-autodromo-martin-miguel-de-guemes\/"},"author":{"name":"","@id":""},"headline":"Este domingo llegan las picadas al aut\u00f3dromo Mart\u00edn Miguel de G\u00fcemes","datePublished":"2026-05-01T12:07:08+00:00","mainEntityOfPage":{"@id":"https:\/\/fmgente.com.ar\/web\/este-domingo-llegan-las-picadas-al-autodromo-martin-miguel-de-guemes\/"},"wordCount":238,"publisher":{"@id":"https:\/\/fmgente.com.ar\/web\/#organization"},"image":{"@id":"https:\/\/fmgente.com.ar\/web\/este-domingo-llegan-las-picadas-al-autodromo-martin-miguel-de-guemes\/#primaryimage"},"thumbnailUrl":"https:\/\/fmgente.com.ar\/web\/wp-content\/uploads\/2026\/05\/1777632935479.jpg","articleSection":["DESTACADAS"],"inLanguage":"es"},{"@type":"WebPage","@id":"https:\/\/fmgente.com.ar\/web\/este-domingo-llegan-las-picadas-al-autodromo-martin-miguel-de-guemes\/","url":"https:\/\/fmgente.com.ar\/web\/este-domingo-llegan-las-picadas-al-autodromo-martin-miguel-de-guemes\/","name":"Este domingo llegan las picadas al aut\u00f3dromo Mart\u00edn Miguel de G\u00fcemes - Fm Gente","isPartOf":{"@id":"https:\/\/fmgente.com.ar\/web\/#website"},"primaryImageOfPage":{"@id":"https:\/\/fmgente.com.ar\/web\/este-domingo-llegan-las-picadas-al-autodromo-martin-miguel-de-guemes\/#primaryimage"},"image":{"@id":"https:\/\/fmgente.com.ar\/web\/este-domingo-llegan-las-picadas-al-autodromo-martin-miguel-de-guemes\/#primaryimage"},"thumbnailUrl":"https:\/\/fmgente.com.ar\/web\/wp-content\/uploads\/2026\/05\/1777632935479.jpg","datePublished":"2026-05-01T12:07:08+00:00","inLanguage":"es","potentialAction":[{"@type":"ReadAction","target":["https:\/\/fmgente.com.ar\/web\/este-domingo-llegan-las-picadas-al-autodromo-martin-miguel-de-guemes\/"]}]},{"@type":"ImageObject","inLanguage":"es","@id":"https:\/\/fmgente.com.ar\/web\/este-domingo-llegan-las-picadas-al-autodromo-martin-miguel-de-guemes\/#primaryimage","url":"https:\/\/fmgente.com.ar\/web\/wp-content\/uploads\/2026\/05\/1777632935479.jpg","contentUrl":"https:\/\/fmgente.com.ar\/web\/wp-content\/uploads\/2026\/05\/1777632935479.jpg","width":1137,"height":650},{"@type":"WebSite","@id":"https:\/\/fmgente.com.ar\/web\/#website","url":"https:\/\/fmgente.com.ar\/web\/","name":"Fm Gente","description":"- Jes\u00fas Mar\u00eda","publisher":{"@id":"https:\/\/fmgente.com.ar\/web\/#organization"},"potentialAction":[{"@type":"SearchAction","target":{"@type":"EntryPoint","urlTemplate":"https:\/\/fmgente.com.ar\/web\/?s={search_term_string}"},"query-input":{"@type":"PropertyValueSpecification","valueRequired":true,"valueName":"search_term_string"}}],"inLanguage":"es"},{"@type":"Organization","@id":"https:\/\/fmgente.com.ar\/web\/#organization","name":"Fm Gente","url":"https:\/\/fmgente.com.ar\/web\/","logo":{"@type":"ImageObject","inLanguage":"es","@id":"https:\/\/fmgente.com.ar\/web\/#\/schema\/logo\/image\/","url":"https:\/\/fmgente.com.ar\/web\/wp-content\/uploads\/2023\/07\/cropped-cropped-logo-sombra2.png","contentUrl":"https:\/\/fmgente.com.ar\/web\/wp-content\/uploads\/2023\/07\/cropped-cropped-logo-sombra2.png","width":1782,"height":1782,"caption":"Fm Gente"},"image":{"@id":"https:\/\/fmgente.com.ar\/web\/#\/schema\/logo\/image\/"}}]}},"_links":{"self":[{"href":"https:\/\/fmgente.com.ar\/web\/wp-json\/wp\/v2\/posts\/21334","targetHints":{"allow":["GET"]}}],"collection":[{"href":"https:\/\/fmgente.com.ar\/web\/wp-json\/wp\/v2\/posts"}],"about":[{"href":"https:\/\/fmgente.com.ar\/web\/wp-json\/wp\/v2\/types\/post"}],"replies":[{"embeddable":true,"href":"https:\/\/fmgente.com.ar\/web\/wp-json\/wp\/v2\/comments?post=21334"}],"version-history":[{"count":0,"href":"https:\/\/fmgente.com.ar\/web\/wp-json\/wp\/v2\/posts\/21334\/revisions"}],"wp:featuredmedia":[{"embeddable":true,"href":"https:\/\/fmgente.com.ar\/web\/wp-json\/wp\/v2\/media\/21335"}],"wp:attachment":[{"href":"https:\/\/fmgente.com.ar\/web\/wp-json\/wp\/v2\/media?parent=21334"}],"wp:term":[{"taxonomy":"category","embeddable":true,"href":"https:\/\/fmgente.com.ar\/web\/wp-json\/wp\/v2\/categories?post=21334"},{"taxonomy":"post_tag","embeddable":true,"href":"https:\/\/fmgente.com.ar\/web\/wp-json\/wp\/v2\/tags?post=21334"}],"curies":[{"name":"wp","href":"https:\/\/api.w.org\/{rel}","templated":true}]}}