{"id":21332,"date":"2026-05-01T09:07:06","date_gmt":"2026-05-01T12:07:06","guid":{"rendered":"https:\/\/fmgente.com.ar\/web\/reciclaje-consciente-que-debes-hacer-con-tu-telefono-computadora-o-tablet-que-ya-no-usas\/"},"modified":"2026-05-01T09:07:06","modified_gmt":"2026-05-01T12:07:06","slug":"reciclaje-consciente-que-debes-hacer-con-tu-telefono-computadora-o-tablet-que-ya-no-usas","status":"publish","type":"post","link":"https:\/\/fmgente.com.ar\/web\/reciclaje-consciente-que-debes-hacer-con-tu-telefono-computadora-o-tablet-que-ya-no-usas\/","title":{"rendered":"Reciclaje consciente: qu\u00e9 deb\u00e9s hacer con tu tel\u00e9fono, computadora o tablet que ya no usas"},"content":{"rendered":"<p>Tel\u00e9fonos, computadoras y tablets que quedan olvidados en un caj\u00f3n no solo ocupan espacio, sino que contienen materiales que, si no se gestionan correctamente, pueden ser altamente contaminantes. Sin embargo, lo que muchos consideran \u00abbasura\u00bb es en realidad una fuente valiosa de recursos que pueden reingresar al ciclo productivo a trav\u00e9s del reciclaje consciente.<\/p>\n<p>Gestionar de forma responsable nuestros desechos electr\u00f3nicos (conocidos como RAEE) es un paso fundamental para reducir nuestra huella ecol\u00f3gica. En un mundo donde la tecnolog\u00eda avanza a pasos agigantados, el destino de nuestros antiguos dispositivos electr\u00f3nicos se ha convertido en un desaf\u00edo ambiental crucial. <\/p>\n<p>C\u00d3MO POD\u00c9S RECICLAR TU APARATO TECNOL\u00d3GICO QUE YA NO UTILIZAS<\/p>\n<p>El crecimiento de los residuos electr\u00f3nicos es alarmante: seg\u00fan la ONU, en 2024 se generaron 62 millones de toneladas a nivel global.<\/p>\n<p>Sin embargo, estos aparatos son verdaderas \u00abminas urbanas\u00bb que contienen metales preciosos como oro, plata, cobre y paladio. Reciclar de forma consciente no solo evita la contaminaci\u00f3n, sino que permite recuperar materiales cr\u00edticos.<\/p>\n<p>La clave es seguir un orden de preferencia: primero intentar extender la vida \u00fatil del equipo (venta o donaci\u00f3n) y, solo si no funciona, proceder a su desmantelamiento en puntos especializados.<\/p>\n<p>Antes de cualquier movimiento, la seguridad es lo primero. Un simple borrado no siempre es suficiente; es imperativo realizar un restablecimiento de f\u00e1brica completo y desvincular todas las cuentas (Google, Apple o Microsoft). Record\u00e1 que los centros de reciclaje no siempre aseguran la destrucci\u00f3n de datos antes de desarmar los equipos, por lo que la limpieza previa es tu responsabilidad para evitar que tu informaci\u00f3n privada termine en manos equivocadas.<\/p>\n","protected":false},"excerpt":{"rendered":"<p>Tel\u00e9fonos, computadoras y tablets que quedan olvidados en un caj\u00f3n no solo ocupan espacio, sino<\/p>\n","protected":false},"author":0,"featured_media":21333,"comment_status":"","ping_status":"","sticky":false,"template":"","format":"standard","meta":{"footnotes":""},"categories":[11],"tags":[],"class_list":["post-21332","post","type-post","status-publish","format-standard","has-post-thumbnail","hentry","category-destacadas"],"yoast_head":"<!-- This site is optimized with the Yoast SEO plugin v27.5 - https:\/\/yoast.com\/product\/yoast-seo-wordpress\/ -->\n<title>Reciclaje consciente: qu\u00e9 deb\u00e9s hacer con tu tel\u00e9fono, computadora o tablet que ya no usas - Fm Gente<\/title>\n<meta name=\"robots\" content=\"index, follow, max-snippet:-1, max-image-preview:large, max-video-preview:-1\" \/>\n<link rel=\"canonical\" href=\"https:\/\/fmgente.com.ar\/web\/reciclaje-consciente-que-debes-hacer-con-tu-telefono-computadora-o-tablet-que-ya-no-usas\/\" \/>\n<meta property=\"og:locale\" content=\"es_ES\" \/>\n<meta property=\"og:type\" content=\"article\" \/>\n<meta property=\"og:title\" content=\"Reciclaje consciente: qu\u00e9 deb\u00e9s hacer con tu tel\u00e9fono, computadora o tablet que ya no usas - Fm Gente\" \/>\n<meta property=\"og:description\" content=\"Tel\u00e9fonos, computadoras y tablets que quedan olvidados en un caj\u00f3n no solo ocupan espacio, sino\" \/>\n<meta property=\"og:url\" content=\"https:\/\/fmgente.com.ar\/web\/reciclaje-consciente-que-debes-hacer-con-tu-telefono-computadora-o-tablet-que-ya-no-usas\/\" \/>\n<meta property=\"og:site_name\" content=\"Fm Gente\" \/>\n<meta property=\"article:published_time\" content=\"2026-05-01T12:07:06+00:00\" \/>\n<meta name=\"twitter:card\" content=\"summary_large_image\" \/>\n<meta name=\"twitter:label1\" content=\"Tiempo de lectura\" \/>\n\t<meta name=\"twitter:data1\" content=\"1 minuto\" \/>\n<script type=\"application\/ld+json\" class=\"yoast-schema-graph\">{\"@context\":\"https:\\\/\\\/schema.org\",\"@graph\":[{\"@type\":\"Article\",\"@id\":\"https:\\\/\\\/fmgente.com.ar\\\/web\\\/reciclaje-consciente-que-debes-hacer-con-tu-telefono-computadora-o-tablet-que-ya-no-usas\\\/#article\",\"isPartOf\":{\"@id\":\"https:\\\/\\\/fmgente.com.ar\\\/web\\\/reciclaje-consciente-que-debes-hacer-con-tu-telefono-computadora-o-tablet-que-ya-no-usas\\\/\"},\"author\":{\"name\":\"\",\"@id\":\"\"},\"headline\":\"Reciclaje consciente: qu\u00e9 deb\u00e9s hacer con tu tel\u00e9fono, computadora o tablet que ya no usas\",\"datePublished\":\"2026-05-01T12:07:06+00:00\",\"mainEntityOfPage\":{\"@id\":\"https:\\\/\\\/fmgente.com.ar\\\/web\\\/reciclaje-consciente-que-debes-hacer-con-tu-telefono-computadora-o-tablet-que-ya-no-usas\\\/\"},\"wordCount\":298,\"publisher\":{\"@id\":\"https:\\\/\\\/fmgente.com.ar\\\/web\\\/#organization\"},\"image\":{\"@id\":\"https:\\\/\\\/fmgente.com.ar\\\/web\\\/reciclaje-consciente-que-debes-hacer-con-tu-telefono-computadora-o-tablet-que-ya-no-usas\\\/#primaryimage\"},\"thumbnailUrl\":\"https:\\\/\\\/fmgente.com.ar\\\/web\\\/wp-content\\\/uploads\\\/2026\\\/05\\\/720-9.jpeg\",\"articleSection\":[\"DESTACADAS\"],\"inLanguage\":\"es\"},{\"@type\":\"WebPage\",\"@id\":\"https:\\\/\\\/fmgente.com.ar\\\/web\\\/reciclaje-consciente-que-debes-hacer-con-tu-telefono-computadora-o-tablet-que-ya-no-usas\\\/\",\"url\":\"https:\\\/\\\/fmgente.com.ar\\\/web\\\/reciclaje-consciente-que-debes-hacer-con-tu-telefono-computadora-o-tablet-que-ya-no-usas\\\/\",\"name\":\"Reciclaje consciente: qu\u00e9 deb\u00e9s hacer con tu tel\u00e9fono, computadora o tablet que ya no usas - Fm Gente\",\"isPartOf\":{\"@id\":\"https:\\\/\\\/fmgente.com.ar\\\/web\\\/#website\"},\"primaryImageOfPage\":{\"@id\":\"https:\\\/\\\/fmgente.com.ar\\\/web\\\/reciclaje-consciente-que-debes-hacer-con-tu-telefono-computadora-o-tablet-que-ya-no-usas\\\/#primaryimage\"},\"image\":{\"@id\":\"https:\\\/\\\/fmgente.com.ar\\\/web\\\/reciclaje-consciente-que-debes-hacer-con-tu-telefono-computadora-o-tablet-que-ya-no-usas\\\/#primaryimage\"},\"thumbnailUrl\":\"https:\\\/\\\/fmgente.com.ar\\\/web\\\/wp-content\\\/uploads\\\/2026\\\/05\\\/720-9.jpeg\",\"datePublished\":\"2026-05-01T12:07:06+00:00\",\"inLanguage\":\"es\",\"potentialAction\":[{\"@type\":\"ReadAction\",\"target\":[\"https:\\\/\\\/fmgente.com.ar\\\/web\\\/reciclaje-consciente-que-debes-hacer-con-tu-telefono-computadora-o-tablet-que-ya-no-usas\\\/\"]}]},{\"@type\":\"ImageObject\",\"inLanguage\":\"es\",\"@id\":\"https:\\\/\\\/fmgente.com.ar\\\/web\\\/reciclaje-consciente-que-debes-hacer-con-tu-telefono-computadora-o-tablet-que-ya-no-usas\\\/#primaryimage\",\"url\":\"https:\\\/\\\/fmgente.com.ar\\\/web\\\/wp-content\\\/uploads\\\/2026\\\/05\\\/720-9.jpeg\",\"contentUrl\":\"https:\\\/\\\/fmgente.com.ar\\\/web\\\/wp-content\\\/uploads\\\/2026\\\/05\\\/720-9.jpeg\",\"width\":1280,\"height\":718},{\"@type\":\"WebSite\",\"@id\":\"https:\\\/\\\/fmgente.com.ar\\\/web\\\/#website\",\"url\":\"https:\\\/\\\/fmgente.com.ar\\\/web\\\/\",\"name\":\"Fm Gente\",\"description\":\"- Jes\u00fas Mar\u00eda\",\"publisher\":{\"@id\":\"https:\\\/\\\/fmgente.com.ar\\\/web\\\/#organization\"},\"potentialAction\":[{\"@type\":\"SearchAction\",\"target\":{\"@type\":\"EntryPoint\",\"urlTemplate\":\"https:\\\/\\\/fmgente.com.ar\\\/web\\\/?s={search_term_string}\"},\"query-input\":{\"@type\":\"PropertyValueSpecification\",\"valueRequired\":true,\"valueName\":\"search_term_string\"}}],\"inLanguage\":\"es\"},{\"@type\":\"Organization\",\"@id\":\"https:\\\/\\\/fmgente.com.ar\\\/web\\\/#organization\",\"name\":\"Fm Gente\",\"url\":\"https:\\\/\\\/fmgente.com.ar\\\/web\\\/\",\"logo\":{\"@type\":\"ImageObject\",\"inLanguage\":\"es\",\"@id\":\"https:\\\/\\\/fmgente.com.ar\\\/web\\\/#\\\/schema\\\/logo\\\/image\\\/\",\"url\":\"https:\\\/\\\/fmgente.com.ar\\\/web\\\/wp-content\\\/uploads\\\/2023\\\/07\\\/cropped-cropped-logo-sombra2.png\",\"contentUrl\":\"https:\\\/\\\/fmgente.com.ar\\\/web\\\/wp-content\\\/uploads\\\/2023\\\/07\\\/cropped-cropped-logo-sombra2.png\",\"width\":1782,\"height\":1782,\"caption\":\"Fm Gente\"},\"image\":{\"@id\":\"https:\\\/\\\/fmgente.com.ar\\\/web\\\/#\\\/schema\\\/logo\\\/image\\\/\"}}]}<\/script>\n<!-- \/ Yoast SEO plugin. -->","yoast_head_json":{"title":"Reciclaje consciente: qu\u00e9 deb\u00e9s hacer con tu tel\u00e9fono, computadora o tablet que ya no usas - Fm Gente","robots":{"index":"index","follow":"follow","max-snippet":"max-snippet:-1","max-image-preview":"max-image-preview:large","max-video-preview":"max-video-preview:-1"},"canonical":"https:\/\/fmgente.com.ar\/web\/reciclaje-consciente-que-debes-hacer-con-tu-telefono-computadora-o-tablet-que-ya-no-usas\/","og_locale":"es_ES","og_type":"article","og_title":"Reciclaje consciente: qu\u00e9 deb\u00e9s hacer con tu tel\u00e9fono, computadora o tablet que ya no usas - Fm Gente","og_description":"Tel\u00e9fonos, computadoras y tablets que quedan olvidados en un caj\u00f3n no solo ocupan espacio, sino","og_url":"https:\/\/fmgente.com.ar\/web\/reciclaje-consciente-que-debes-hacer-con-tu-telefono-computadora-o-tablet-que-ya-no-usas\/","og_site_name":"Fm Gente","article_published_time":"2026-05-01T12:07:06+00:00","twitter_card":"summary_large_image","twitter_misc":{"Tiempo de lectura":"1 minuto"},"schema":{"@context":"https:\/\/schema.org","@graph":[{"@type":"Article","@id":"https:\/\/fmgente.com.ar\/web\/reciclaje-consciente-que-debes-hacer-con-tu-telefono-computadora-o-tablet-que-ya-no-usas\/#article","isPartOf":{"@id":"https:\/\/fmgente.com.ar\/web\/reciclaje-consciente-que-debes-hacer-con-tu-telefono-computadora-o-tablet-que-ya-no-usas\/"},"author":{"name":"","@id":""},"headline":"Reciclaje consciente: qu\u00e9 deb\u00e9s hacer con tu tel\u00e9fono, computadora o tablet que ya no usas","datePublished":"2026-05-01T12:07:06+00:00","mainEntityOfPage":{"@id":"https:\/\/fmgente.com.ar\/web\/reciclaje-consciente-que-debes-hacer-con-tu-telefono-computadora-o-tablet-que-ya-no-usas\/"},"wordCount":298,"publisher":{"@id":"https:\/\/fmgente.com.ar\/web\/#organization"},"image":{"@id":"https:\/\/fmgente.com.ar\/web\/reciclaje-consciente-que-debes-hacer-con-tu-telefono-computadora-o-tablet-que-ya-no-usas\/#primaryimage"},"thumbnailUrl":"https:\/\/fmgente.com.ar\/web\/wp-content\/uploads\/2026\/05\/720-9.jpeg","articleSection":["DESTACADAS"],"inLanguage":"es"},{"@type":"WebPage","@id":"https:\/\/fmgente.com.ar\/web\/reciclaje-consciente-que-debes-hacer-con-tu-telefono-computadora-o-tablet-que-ya-no-usas\/","url":"https:\/\/fmgente.com.ar\/web\/reciclaje-consciente-que-debes-hacer-con-tu-telefono-computadora-o-tablet-que-ya-no-usas\/","name":"Reciclaje consciente: qu\u00e9 deb\u00e9s hacer con tu tel\u00e9fono, computadora o tablet que ya no usas - Fm Gente","isPartOf":{"@id":"https:\/\/fmgente.com.ar\/web\/#website"},"primaryImageOfPage":{"@id":"https:\/\/fmgente.com.ar\/web\/reciclaje-consciente-que-debes-hacer-con-tu-telefono-computadora-o-tablet-que-ya-no-usas\/#primaryimage"},"image":{"@id":"https:\/\/fmgente.com.ar\/web\/reciclaje-consciente-que-debes-hacer-con-tu-telefono-computadora-o-tablet-que-ya-no-usas\/#primaryimage"},"thumbnailUrl":"https:\/\/fmgente.com.ar\/web\/wp-content\/uploads\/2026\/05\/720-9.jpeg","datePublished":"2026-05-01T12:07:06+00:00","inLanguage":"es","potentialAction":[{"@type":"ReadAction","target":["https:\/\/fmgente.com.ar\/web\/reciclaje-consciente-que-debes-hacer-con-tu-telefono-computadora-o-tablet-que-ya-no-usas\/"]}]},{"@type":"ImageObject","inLanguage":"es","@id":"https:\/\/fmgente.com.ar\/web\/reciclaje-consciente-que-debes-hacer-con-tu-telefono-computadora-o-tablet-que-ya-no-usas\/#primaryimage","url":"https:\/\/fmgente.com.ar\/web\/wp-content\/uploads\/2026\/05\/720-9.jpeg","contentUrl":"https:\/\/fmgente.com.ar\/web\/wp-content\/uploads\/2026\/05\/720-9.jpeg","width":1280,"height":718},{"@type":"WebSite","@id":"https:\/\/fmgente.com.ar\/web\/#website","url":"https:\/\/fmgente.com.ar\/web\/","name":"Fm Gente","description":"- Jes\u00fas Mar\u00eda","publisher":{"@id":"https:\/\/fmgente.com.ar\/web\/#organization"},"potentialAction":[{"@type":"SearchAction","target":{"@type":"EntryPoint","urlTemplate":"https:\/\/fmgente.com.ar\/web\/?s={search_term_string}"},"query-input":{"@type":"PropertyValueSpecification","valueRequired":true,"valueName":"search_term_string"}}],"inLanguage":"es"},{"@type":"Organization","@id":"https:\/\/fmgente.com.ar\/web\/#organization","name":"Fm Gente","url":"https:\/\/fmgente.com.ar\/web\/","logo":{"@type":"ImageObject","inLanguage":"es","@id":"https:\/\/fmgente.com.ar\/web\/#\/schema\/logo\/image\/","url":"https:\/\/fmgente.com.ar\/web\/wp-content\/uploads\/2023\/07\/cropped-cropped-logo-sombra2.png","contentUrl":"https:\/\/fmgente.com.ar\/web\/wp-content\/uploads\/2023\/07\/cropped-cropped-logo-sombra2.png","width":1782,"height":1782,"caption":"Fm Gente"},"image":{"@id":"https:\/\/fmgente.com.ar\/web\/#\/schema\/logo\/image\/"}}]}},"_links":{"self":[{"href":"https:\/\/fmgente.com.ar\/web\/wp-json\/wp\/v2\/posts\/21332","targetHints":{"allow":["GET"]}}],"collection":[{"href":"https:\/\/fmgente.com.ar\/web\/wp-json\/wp\/v2\/posts"}],"about":[{"href":"https:\/\/fmgente.com.ar\/web\/wp-json\/wp\/v2\/types\/post"}],"replies":[{"embeddable":true,"href":"https:\/\/fmgente.com.ar\/web\/wp-json\/wp\/v2\/comments?post=21332"}],"version-history":[{"count":0,"href":"https:\/\/fmgente.com.ar\/web\/wp-json\/wp\/v2\/posts\/21332\/revisions"}],"wp:featuredmedia":[{"embeddable":true,"href":"https:\/\/fmgente.com.ar\/web\/wp-json\/wp\/v2\/media\/21333"}],"wp:attachment":[{"href":"https:\/\/fmgente.com.ar\/web\/wp-json\/wp\/v2\/media?parent=21332"}],"wp:term":[{"taxonomy":"category","embeddable":true,"href":"https:\/\/fmgente.com.ar\/web\/wp-json\/wp\/v2\/categories?post=21332"},{"taxonomy":"post_tag","embeddable":true,"href":"https:\/\/fmgente.com.ar\/web\/wp-json\/wp\/v2\/tags?post=21332"}],"curies":[{"name":"wp","href":"https:\/\/api.w.org\/{rel}","templated":true}]}}