{"id":21324,"date":"2026-05-01T09:07:03","date_gmt":"2026-05-01T12:07:03","guid":{"rendered":"https:\/\/fmgente.com.ar\/web\/baby-etchecopar-a-milei-tu-hermana-te-va-a-hacer-mierda-porque-la-gente-la-detesta-te-va-a-sacar-del-gobierno\/"},"modified":"2026-05-01T09:07:03","modified_gmt":"2026-05-01T12:07:03","slug":"baby-etchecopar-a-milei-tu-hermana-te-va-a-hacer-mierda-porque-la-gente-la-detesta-te-va-a-sacar-del-gobierno","status":"publish","type":"post","link":"https:\/\/fmgente.com.ar\/web\/baby-etchecopar-a-milei-tu-hermana-te-va-a-hacer-mierda-porque-la-gente-la-detesta-te-va-a-sacar-del-gobierno\/","title":{"rendered":"Baby Etchecopar a Milei: \u201cTu hermana te va a hacer mierda porque la gente la detesta, te va a sacar del gobierno&quot;"},"content":{"rendered":"<p>Cuando le cuestionan sus seguidores m\u00e1s cercanos, los presidentes saben que est\u00e1n hablando de ellos, que las cr\u00edticas son sesgadas pero direccionadas a donde m\u00e1s duele.<\/p>\n<p>Est\u00e1 claro el rol de Karina Milei en el gobierno libertario aunque no tenga cargos de relevancia ni funciones espec\u00edficas.<\/p>\n<p>Pero para Baby, el lugar de la hermana del presidente es similar al de L\u00f3pez Rega en el regreso de Per\u00f3n, la figura que entorna al mandatario y concentra todos los insultos.<\/p>\n<p>Etchecopar fue aun m\u00e1s all\u00e1 y adelant\u00f3 que ser\u00e1 ella quien le haga perder las elecciones a Javier Milei porque \u201cla gente la detesta\u201d y \u00e9l \u201ces un pollerudo\u201d.<\/p>\n","protected":false},"excerpt":{"rendered":"<p>Cuando le cuestionan sus seguidores m\u00e1s cercanos, los presidentes saben que est\u00e1n hablando de ellos,<\/p>\n","protected":false},"author":0,"featured_media":21325,"comment_status":"","ping_status":"","sticky":false,"template":"","format":"standard","meta":{"footnotes":""},"categories":[11],"tags":[],"class_list":["post-21324","post","type-post","status-publish","format-standard","has-post-thumbnail","hentry","category-destacadas"],"yoast_head":"<!-- This site is optimized with the Yoast SEO plugin v27.5 - https:\/\/yoast.com\/product\/yoast-seo-wordpress\/ -->\n<title>Baby Etchecopar a Milei: \u201cTu hermana te va a hacer mierda porque la gente la detesta, te va a sacar del gobierno&quot; - Fm Gente<\/title>\n<meta name=\"robots\" content=\"index, follow, max-snippet:-1, max-image-preview:large, max-video-preview:-1\" \/>\n<link rel=\"canonical\" href=\"https:\/\/fmgente.com.ar\/web\/baby-etchecopar-a-milei-tu-hermana-te-va-a-hacer-mierda-porque-la-gente-la-detesta-te-va-a-sacar-del-gobierno\/\" \/>\n<meta property=\"og:locale\" content=\"es_ES\" \/>\n<meta property=\"og:type\" content=\"article\" \/>\n<meta property=\"og:title\" content=\"Baby Etchecopar a Milei: \u201cTu hermana te va a hacer mierda porque la gente la detesta, te va a sacar del gobierno&quot; - Fm Gente\" \/>\n<meta property=\"og:description\" content=\"Cuando le cuestionan sus seguidores m\u00e1s cercanos, los presidentes saben que est\u00e1n hablando de ellos,\" \/>\n<meta property=\"og:url\" content=\"https:\/\/fmgente.com.ar\/web\/baby-etchecopar-a-milei-tu-hermana-te-va-a-hacer-mierda-porque-la-gente-la-detesta-te-va-a-sacar-del-gobierno\/\" \/>\n<meta property=\"og:site_name\" content=\"Fm Gente\" \/>\n<meta property=\"article:published_time\" content=\"2026-05-01T12:07:03+00:00\" \/>\n<meta name=\"twitter:card\" content=\"summary_large_image\" \/>\n<meta name=\"twitter:label1\" content=\"Tiempo de lectura\" \/>\n\t<meta name=\"twitter:data1\" content=\"1 minuto\" \/>\n<script type=\"application\/ld+json\" class=\"yoast-schema-graph\">{\"@context\":\"https:\\\/\\\/schema.org\",\"@graph\":[{\"@type\":\"Article\",\"@id\":\"https:\\\/\\\/fmgente.com.ar\\\/web\\\/baby-etchecopar-a-milei-tu-hermana-te-va-a-hacer-mierda-porque-la-gente-la-detesta-te-va-a-sacar-del-gobierno\\\/#article\",\"isPartOf\":{\"@id\":\"https:\\\/\\\/fmgente.com.ar\\\/web\\\/baby-etchecopar-a-milei-tu-hermana-te-va-a-hacer-mierda-porque-la-gente-la-detesta-te-va-a-sacar-del-gobierno\\\/\"},\"author\":{\"name\":\"\",\"@id\":\"\"},\"headline\":\"Baby Etchecopar a Milei: \u201cTu hermana te va a hacer mierda porque la gente la detesta, te va a sacar del gobierno&quot;\",\"datePublished\":\"2026-05-01T12:07:03+00:00\",\"mainEntityOfPage\":{\"@id\":\"https:\\\/\\\/fmgente.com.ar\\\/web\\\/baby-etchecopar-a-milei-tu-hermana-te-va-a-hacer-mierda-porque-la-gente-la-detesta-te-va-a-sacar-del-gobierno\\\/\"},\"wordCount\":138,\"publisher\":{\"@id\":\"https:\\\/\\\/fmgente.com.ar\\\/web\\\/#organization\"},\"image\":{\"@id\":\"https:\\\/\\\/fmgente.com.ar\\\/web\\\/baby-etchecopar-a-milei-tu-hermana-te-va-a-hacer-mierda-porque-la-gente-la-detesta-te-va-a-sacar-del-gobierno\\\/#primaryimage\"},\"thumbnailUrl\":\"https:\\\/\\\/fmgente.com.ar\\\/web\\\/wp-content\\\/uploads\\\/2026\\\/05\\\/720-5.jpeg\",\"articleSection\":[\"DESTACADAS\"],\"inLanguage\":\"es\"},{\"@type\":\"WebPage\",\"@id\":\"https:\\\/\\\/fmgente.com.ar\\\/web\\\/baby-etchecopar-a-milei-tu-hermana-te-va-a-hacer-mierda-porque-la-gente-la-detesta-te-va-a-sacar-del-gobierno\\\/\",\"url\":\"https:\\\/\\\/fmgente.com.ar\\\/web\\\/baby-etchecopar-a-milei-tu-hermana-te-va-a-hacer-mierda-porque-la-gente-la-detesta-te-va-a-sacar-del-gobierno\\\/\",\"name\":\"Baby Etchecopar a Milei: \u201cTu hermana te va a hacer mierda porque la gente la detesta, te va a sacar del gobierno&quot; - Fm Gente\",\"isPartOf\":{\"@id\":\"https:\\\/\\\/fmgente.com.ar\\\/web\\\/#website\"},\"primaryImageOfPage\":{\"@id\":\"https:\\\/\\\/fmgente.com.ar\\\/web\\\/baby-etchecopar-a-milei-tu-hermana-te-va-a-hacer-mierda-porque-la-gente-la-detesta-te-va-a-sacar-del-gobierno\\\/#primaryimage\"},\"image\":{\"@id\":\"https:\\\/\\\/fmgente.com.ar\\\/web\\\/baby-etchecopar-a-milei-tu-hermana-te-va-a-hacer-mierda-porque-la-gente-la-detesta-te-va-a-sacar-del-gobierno\\\/#primaryimage\"},\"thumbnailUrl\":\"https:\\\/\\\/fmgente.com.ar\\\/web\\\/wp-content\\\/uploads\\\/2026\\\/05\\\/720-5.jpeg\",\"datePublished\":\"2026-05-01T12:07:03+00:00\",\"inLanguage\":\"es\",\"potentialAction\":[{\"@type\":\"ReadAction\",\"target\":[\"https:\\\/\\\/fmgente.com.ar\\\/web\\\/baby-etchecopar-a-milei-tu-hermana-te-va-a-hacer-mierda-porque-la-gente-la-detesta-te-va-a-sacar-del-gobierno\\\/\"]}]},{\"@type\":\"ImageObject\",\"inLanguage\":\"es\",\"@id\":\"https:\\\/\\\/fmgente.com.ar\\\/web\\\/baby-etchecopar-a-milei-tu-hermana-te-va-a-hacer-mierda-porque-la-gente-la-detesta-te-va-a-sacar-del-gobierno\\\/#primaryimage\",\"url\":\"https:\\\/\\\/fmgente.com.ar\\\/web\\\/wp-content\\\/uploads\\\/2026\\\/05\\\/720-5.jpeg\",\"contentUrl\":\"https:\\\/\\\/fmgente.com.ar\\\/web\\\/wp-content\\\/uploads\\\/2026\\\/05\\\/720-5.jpeg\",\"width\":1280,\"height\":720},{\"@type\":\"WebSite\",\"@id\":\"https:\\\/\\\/fmgente.com.ar\\\/web\\\/#website\",\"url\":\"https:\\\/\\\/fmgente.com.ar\\\/web\\\/\",\"name\":\"Fm Gente\",\"description\":\"- Jes\u00fas Mar\u00eda\",\"publisher\":{\"@id\":\"https:\\\/\\\/fmgente.com.ar\\\/web\\\/#organization\"},\"potentialAction\":[{\"@type\":\"SearchAction\",\"target\":{\"@type\":\"EntryPoint\",\"urlTemplate\":\"https:\\\/\\\/fmgente.com.ar\\\/web\\\/?s={search_term_string}\"},\"query-input\":{\"@type\":\"PropertyValueSpecification\",\"valueRequired\":true,\"valueName\":\"search_term_string\"}}],\"inLanguage\":\"es\"},{\"@type\":\"Organization\",\"@id\":\"https:\\\/\\\/fmgente.com.ar\\\/web\\\/#organization\",\"name\":\"Fm Gente\",\"url\":\"https:\\\/\\\/fmgente.com.ar\\\/web\\\/\",\"logo\":{\"@type\":\"ImageObject\",\"inLanguage\":\"es\",\"@id\":\"https:\\\/\\\/fmgente.com.ar\\\/web\\\/#\\\/schema\\\/logo\\\/image\\\/\",\"url\":\"https:\\\/\\\/fmgente.com.ar\\\/web\\\/wp-content\\\/uploads\\\/2023\\\/07\\\/cropped-cropped-logo-sombra2.png\",\"contentUrl\":\"https:\\\/\\\/fmgente.com.ar\\\/web\\\/wp-content\\\/uploads\\\/2023\\\/07\\\/cropped-cropped-logo-sombra2.png\",\"width\":1782,\"height\":1782,\"caption\":\"Fm Gente\"},\"image\":{\"@id\":\"https:\\\/\\\/fmgente.com.ar\\\/web\\\/#\\\/schema\\\/logo\\\/image\\\/\"}}]}<\/script>\n<!-- \/ Yoast SEO plugin. -->","yoast_head_json":{"title":"Baby Etchecopar a Milei: \u201cTu hermana te va a hacer mierda porque la gente la detesta, te va a sacar del gobierno&quot; - Fm Gente","robots":{"index":"index","follow":"follow","max-snippet":"max-snippet:-1","max-image-preview":"max-image-preview:large","max-video-preview":"max-video-preview:-1"},"canonical":"https:\/\/fmgente.com.ar\/web\/baby-etchecopar-a-milei-tu-hermana-te-va-a-hacer-mierda-porque-la-gente-la-detesta-te-va-a-sacar-del-gobierno\/","og_locale":"es_ES","og_type":"article","og_title":"Baby Etchecopar a Milei: \u201cTu hermana te va a hacer mierda porque la gente la detesta, te va a sacar del gobierno&quot; - Fm Gente","og_description":"Cuando le cuestionan sus seguidores m\u00e1s cercanos, los presidentes saben que est\u00e1n hablando de ellos,","og_url":"https:\/\/fmgente.com.ar\/web\/baby-etchecopar-a-milei-tu-hermana-te-va-a-hacer-mierda-porque-la-gente-la-detesta-te-va-a-sacar-del-gobierno\/","og_site_name":"Fm Gente","article_published_time":"2026-05-01T12:07:03+00:00","twitter_card":"summary_large_image","twitter_misc":{"Tiempo de lectura":"1 minuto"},"schema":{"@context":"https:\/\/schema.org","@graph":[{"@type":"Article","@id":"https:\/\/fmgente.com.ar\/web\/baby-etchecopar-a-milei-tu-hermana-te-va-a-hacer-mierda-porque-la-gente-la-detesta-te-va-a-sacar-del-gobierno\/#article","isPartOf":{"@id":"https:\/\/fmgente.com.ar\/web\/baby-etchecopar-a-milei-tu-hermana-te-va-a-hacer-mierda-porque-la-gente-la-detesta-te-va-a-sacar-del-gobierno\/"},"author":{"name":"","@id":""},"headline":"Baby Etchecopar a Milei: \u201cTu hermana te va a hacer mierda porque la gente la detesta, te va a sacar del gobierno&quot;","datePublished":"2026-05-01T12:07:03+00:00","mainEntityOfPage":{"@id":"https:\/\/fmgente.com.ar\/web\/baby-etchecopar-a-milei-tu-hermana-te-va-a-hacer-mierda-porque-la-gente-la-detesta-te-va-a-sacar-del-gobierno\/"},"wordCount":138,"publisher":{"@id":"https:\/\/fmgente.com.ar\/web\/#organization"},"image":{"@id":"https:\/\/fmgente.com.ar\/web\/baby-etchecopar-a-milei-tu-hermana-te-va-a-hacer-mierda-porque-la-gente-la-detesta-te-va-a-sacar-del-gobierno\/#primaryimage"},"thumbnailUrl":"https:\/\/fmgente.com.ar\/web\/wp-content\/uploads\/2026\/05\/720-5.jpeg","articleSection":["DESTACADAS"],"inLanguage":"es"},{"@type":"WebPage","@id":"https:\/\/fmgente.com.ar\/web\/baby-etchecopar-a-milei-tu-hermana-te-va-a-hacer-mierda-porque-la-gente-la-detesta-te-va-a-sacar-del-gobierno\/","url":"https:\/\/fmgente.com.ar\/web\/baby-etchecopar-a-milei-tu-hermana-te-va-a-hacer-mierda-porque-la-gente-la-detesta-te-va-a-sacar-del-gobierno\/","name":"Baby Etchecopar a Milei: \u201cTu hermana te va a hacer mierda porque la gente la detesta, te va a sacar del gobierno&quot; - Fm Gente","isPartOf":{"@id":"https:\/\/fmgente.com.ar\/web\/#website"},"primaryImageOfPage":{"@id":"https:\/\/fmgente.com.ar\/web\/baby-etchecopar-a-milei-tu-hermana-te-va-a-hacer-mierda-porque-la-gente-la-detesta-te-va-a-sacar-del-gobierno\/#primaryimage"},"image":{"@id":"https:\/\/fmgente.com.ar\/web\/baby-etchecopar-a-milei-tu-hermana-te-va-a-hacer-mierda-porque-la-gente-la-detesta-te-va-a-sacar-del-gobierno\/#primaryimage"},"thumbnailUrl":"https:\/\/fmgente.com.ar\/web\/wp-content\/uploads\/2026\/05\/720-5.jpeg","datePublished":"2026-05-01T12:07:03+00:00","inLanguage":"es","potentialAction":[{"@type":"ReadAction","target":["https:\/\/fmgente.com.ar\/web\/baby-etchecopar-a-milei-tu-hermana-te-va-a-hacer-mierda-porque-la-gente-la-detesta-te-va-a-sacar-del-gobierno\/"]}]},{"@type":"ImageObject","inLanguage":"es","@id":"https:\/\/fmgente.com.ar\/web\/baby-etchecopar-a-milei-tu-hermana-te-va-a-hacer-mierda-porque-la-gente-la-detesta-te-va-a-sacar-del-gobierno\/#primaryimage","url":"https:\/\/fmgente.com.ar\/web\/wp-content\/uploads\/2026\/05\/720-5.jpeg","contentUrl":"https:\/\/fmgente.com.ar\/web\/wp-content\/uploads\/2026\/05\/720-5.jpeg","width":1280,"height":720},{"@type":"WebSite","@id":"https:\/\/fmgente.com.ar\/web\/#website","url":"https:\/\/fmgente.com.ar\/web\/","name":"Fm Gente","description":"- Jes\u00fas Mar\u00eda","publisher":{"@id":"https:\/\/fmgente.com.ar\/web\/#organization"},"potentialAction":[{"@type":"SearchAction","target":{"@type":"EntryPoint","urlTemplate":"https:\/\/fmgente.com.ar\/web\/?s={search_term_string}"},"query-input":{"@type":"PropertyValueSpecification","valueRequired":true,"valueName":"search_term_string"}}],"inLanguage":"es"},{"@type":"Organization","@id":"https:\/\/fmgente.com.ar\/web\/#organization","name":"Fm Gente","url":"https:\/\/fmgente.com.ar\/web\/","logo":{"@type":"ImageObject","inLanguage":"es","@id":"https:\/\/fmgente.com.ar\/web\/#\/schema\/logo\/image\/","url":"https:\/\/fmgente.com.ar\/web\/wp-content\/uploads\/2023\/07\/cropped-cropped-logo-sombra2.png","contentUrl":"https:\/\/fmgente.com.ar\/web\/wp-content\/uploads\/2023\/07\/cropped-cropped-logo-sombra2.png","width":1782,"height":1782,"caption":"Fm Gente"},"image":{"@id":"https:\/\/fmgente.com.ar\/web\/#\/schema\/logo\/image\/"}}]}},"_links":{"self":[{"href":"https:\/\/fmgente.com.ar\/web\/wp-json\/wp\/v2\/posts\/21324","targetHints":{"allow":["GET"]}}],"collection":[{"href":"https:\/\/fmgente.com.ar\/web\/wp-json\/wp\/v2\/posts"}],"about":[{"href":"https:\/\/fmgente.com.ar\/web\/wp-json\/wp\/v2\/types\/post"}],"replies":[{"embeddable":true,"href":"https:\/\/fmgente.com.ar\/web\/wp-json\/wp\/v2\/comments?post=21324"}],"version-history":[{"count":0,"href":"https:\/\/fmgente.com.ar\/web\/wp-json\/wp\/v2\/posts\/21324\/revisions"}],"wp:featuredmedia":[{"embeddable":true,"href":"https:\/\/fmgente.com.ar\/web\/wp-json\/wp\/v2\/media\/21325"}],"wp:attachment":[{"href":"https:\/\/fmgente.com.ar\/web\/wp-json\/wp\/v2\/media?parent=21324"}],"wp:term":[{"taxonomy":"category","embeddable":true,"href":"https:\/\/fmgente.com.ar\/web\/wp-json\/wp\/v2\/categories?post=21324"},{"taxonomy":"post_tag","embeddable":true,"href":"https:\/\/fmgente.com.ar\/web\/wp-json\/wp\/v2\/tags?post=21324"}],"curies":[{"name":"wp","href":"https:\/\/api.w.org\/{rel}","templated":true}]}}