{"id":21319,"date":"2026-05-01T06:06:46","date_gmt":"2026-05-01T09:06:46","guid":{"rendered":"https:\/\/fmgente.com.ar\/web\/como-funcionaran-los-servicios-en-el-dia-del-trabajador-que-se-puede-hacer-este-viernes\/"},"modified":"2026-05-01T06:06:46","modified_gmt":"2026-05-01T09:06:46","slug":"como-funcionaran-los-servicios-en-el-dia-del-trabajador-que-se-puede-hacer-este-viernes","status":"publish","type":"post","link":"https:\/\/fmgente.com.ar\/web\/como-funcionaran-los-servicios-en-el-dia-del-trabajador-que-se-puede-hacer-este-viernes\/","title":{"rendered":"C\u00f3mo funcionar\u00e1n los servicios en el D\u00eda del Trabajador: qu\u00e9 se puede hacer este viernes"},"content":{"rendered":"<p>Buenos Aires, 30 abril (NA) \u2013 El Gobierno de la Ciudad de Buenos Aires difundi\u00f3 el cronograma de servicios p\u00fablicos para este viernes 1\u00b0 de mayo, feriado por el D\u00eda del Trabajador, con modificaciones en la atenci\u00f3n sanitaria, el transporte y las dependencias administrativas.<\/p>\n<p>En materia de salud, los hospitales porte\u00f1os mantendr\u00e1n activas las guardias y \u00e1reas cr\u00edticas durante las 24 horas. Sin embargo, los consultorios externos, vacunatorios, CeSACs y Centros de Diagn\u00f3stico permanecer\u00e1n cerrados.<\/p>\n<p>Las escuelas no tendr\u00e1n actividad, mientras que la administraci\u00f3n p\u00fablica \u2014incluidas la AGIP, la Direcci\u00f3n General de Rentas y las sedes comunales\u2014 tampoco brindar\u00e1 atenci\u00f3n.<\/p>\n<p>SERVICIOS ESENCIALES Y TRANSPORTE<\/p>\n<p>La recolecci\u00f3n de residuos funcionar\u00e1 con normalidad. En tanto, el servicio de Subte de Buenos Aires y el Premetro operar\u00e1n con horario de feriado, desde las 8 hasta el cierre, con frecuencias reducidas.<\/p>\n<p>El sistema de Ecobici estar\u00e1 disponible con sus modalidades habituales, incluyendo pases intensivos, recreativos y tur\u00edsticos.<\/p>\n<p>En cuanto al estacionamiento, estar\u00e1 permitido dejar el veh\u00edculo en avenidas y calles donde normalmente est\u00e1 prohibido en d\u00edas h\u00e1biles de 7 a 21, y no regir\u00e1 el estacionamiento medido. No obstante, seguir\u00e1n vigentes las restricciones en carriles exclusivos, ciclov\u00edas y zonas espec\u00edficas se\u00f1alizadas.<\/p>\n<p>Los peajes funcionar\u00e1n normalmente, con esquema de hora pico de fin de semana: de 11 a 15 hacia Provincia y de 17 a 21 en sentido al Centro.<\/p>\n<p>TR\u00c1MITES Y DEPENDENCIAS<\/p>\n<p>El Registro Civil permanecer\u00e1 cerrado, con una guardia m\u00ednima para defunciones entre las 8 y las 12. Tampoco habr\u00e1 atenci\u00f3n en la sede Roca para licencias de conducir, la pista de aprendizaje ni las plantas de Verificaci\u00f3n T\u00e9cnica Vehicular.<\/p>\n<p>La Direcci\u00f3n General de Infracciones no atender\u00e1 al p\u00fablico.<\/p>\n<p>SEGURIDAD Y EMERGENCIAS<\/p>\n<p>Los servicios de seguridad y emergencia \u2014Polic\u00eda y Bomberos de la Ciudad, junto con las l\u00edneas 911 y 103\u2014 funcionar\u00e1n con guardias activas durante toda la jornada.<\/p>\n<p>ESPACIOS P\u00daBLICOS Y CULTURA<\/p>\n<p>Los principales espacios verdes y culturales estar\u00e1n cerrados, incluidos el Jard\u00edn Bot\u00e1nico Carlos Thays, el Ecoparque de Buenos Aires y las reservas ecol\u00f3gicas de Costanera Sur, Costanera Norte y Lago Lugano.<\/p>\n<p>Tambi\u00e9n permanecer\u00e1n sin actividad los museos, el Teatro Col\u00f3n, la Usina del Arte y el Centro Cultural Recoleta, entre otros espacios culturales.<\/p>\n<p>Por su parte, algunas bibliotecas p\u00fablicas estar\u00e1n abiertas, como Reina Batata, Parque de la Estaci\u00f3n, Ricardo G\u00fciraldes y Casa de la Lectura y Escritura.<\/p>\n<p>El cronograma responde al esquema habitual de feriados, con prioridad en la cobertura de servicios esenciales y la suspensi\u00f3n de actividades administrativas y culturales.<\/p>\n","protected":false},"excerpt":{"rendered":"<p>Buenos Aires, 30 abril (NA) \u2013 El Gobierno de la Ciudad de Buenos Aires difundi\u00f3<\/p>\n","protected":false},"author":0,"featured_media":21320,"comment_status":"","ping_status":"","sticky":false,"template":"","format":"standard","meta":{"footnotes":""},"categories":[1],"tags":[],"class_list":["post-21319","post","type-post","status-publish","format-standard","has-post-thumbnail","hentry","category-regionales"],"yoast_head":"<!-- This site is optimized with the Yoast SEO plugin v27.5 - https:\/\/yoast.com\/product\/yoast-seo-wordpress\/ -->\n<title>C\u00f3mo funcionar\u00e1n los servicios en el D\u00eda del Trabajador: qu\u00e9 se puede hacer este viernes - Fm Gente<\/title>\n<meta name=\"robots\" content=\"index, follow, max-snippet:-1, max-image-preview:large, max-video-preview:-1\" \/>\n<link rel=\"canonical\" href=\"https:\/\/fmgente.com.ar\/web\/como-funcionaran-los-servicios-en-el-dia-del-trabajador-que-se-puede-hacer-este-viernes\/\" \/>\n<meta property=\"og:locale\" content=\"es_ES\" \/>\n<meta property=\"og:type\" content=\"article\" \/>\n<meta property=\"og:title\" content=\"C\u00f3mo funcionar\u00e1n los servicios en el D\u00eda del Trabajador: qu\u00e9 se puede hacer este viernes - Fm Gente\" \/>\n<meta property=\"og:description\" content=\"Buenos Aires, 30 abril (NA) \u2013 El Gobierno de la Ciudad de Buenos Aires difundi\u00f3\" \/>\n<meta property=\"og:url\" content=\"https:\/\/fmgente.com.ar\/web\/como-funcionaran-los-servicios-en-el-dia-del-trabajador-que-se-puede-hacer-este-viernes\/\" \/>\n<meta property=\"og:site_name\" content=\"Fm Gente\" \/>\n<meta property=\"article:published_time\" content=\"2026-05-01T09:06:46+00:00\" \/>\n<meta name=\"twitter:card\" content=\"summary_large_image\" \/>\n<meta name=\"twitter:label1\" content=\"Tiempo de lectura\" \/>\n\t<meta name=\"twitter:data1\" content=\"2 minutos\" \/>\n<script type=\"application\/ld+json\" class=\"yoast-schema-graph\">{\"@context\":\"https:\\\/\\\/schema.org\",\"@graph\":[{\"@type\":\"Article\",\"@id\":\"https:\\\/\\\/fmgente.com.ar\\\/web\\\/como-funcionaran-los-servicios-en-el-dia-del-trabajador-que-se-puede-hacer-este-viernes\\\/#article\",\"isPartOf\":{\"@id\":\"https:\\\/\\\/fmgente.com.ar\\\/web\\\/como-funcionaran-los-servicios-en-el-dia-del-trabajador-que-se-puede-hacer-este-viernes\\\/\"},\"author\":{\"name\":\"\",\"@id\":\"\"},\"headline\":\"C\u00f3mo funcionar\u00e1n los servicios en el D\u00eda del Trabajador: qu\u00e9 se puede hacer este viernes\",\"datePublished\":\"2026-05-01T09:06:46+00:00\",\"mainEntityOfPage\":{\"@id\":\"https:\\\/\\\/fmgente.com.ar\\\/web\\\/como-funcionaran-los-servicios-en-el-dia-del-trabajador-que-se-puede-hacer-este-viernes\\\/\"},\"wordCount\":461,\"publisher\":{\"@id\":\"https:\\\/\\\/fmgente.com.ar\\\/web\\\/#organization\"},\"image\":{\"@id\":\"https:\\\/\\\/fmgente.com.ar\\\/web\\\/como-funcionaran-los-servicios-en-el-dia-del-trabajador-que-se-puede-hacer-este-viernes\\\/#primaryimage\"},\"thumbnailUrl\":\"https:\\\/\\\/fmgente.com.ar\\\/web\\\/wp-content\\\/uploads\\\/2026\\\/05\\\/720-4.jpeg\",\"articleSection\":[\"REGIONALES\"],\"inLanguage\":\"es\"},{\"@type\":\"WebPage\",\"@id\":\"https:\\\/\\\/fmgente.com.ar\\\/web\\\/como-funcionaran-los-servicios-en-el-dia-del-trabajador-que-se-puede-hacer-este-viernes\\\/\",\"url\":\"https:\\\/\\\/fmgente.com.ar\\\/web\\\/como-funcionaran-los-servicios-en-el-dia-del-trabajador-que-se-puede-hacer-este-viernes\\\/\",\"name\":\"C\u00f3mo funcionar\u00e1n los servicios en el D\u00eda del Trabajador: qu\u00e9 se puede hacer este viernes - Fm Gente\",\"isPartOf\":{\"@id\":\"https:\\\/\\\/fmgente.com.ar\\\/web\\\/#website\"},\"primaryImageOfPage\":{\"@id\":\"https:\\\/\\\/fmgente.com.ar\\\/web\\\/como-funcionaran-los-servicios-en-el-dia-del-trabajador-que-se-puede-hacer-este-viernes\\\/#primaryimage\"},\"image\":{\"@id\":\"https:\\\/\\\/fmgente.com.ar\\\/web\\\/como-funcionaran-los-servicios-en-el-dia-del-trabajador-que-se-puede-hacer-este-viernes\\\/#primaryimage\"},\"thumbnailUrl\":\"https:\\\/\\\/fmgente.com.ar\\\/web\\\/wp-content\\\/uploads\\\/2026\\\/05\\\/720-4.jpeg\",\"datePublished\":\"2026-05-01T09:06:46+00:00\",\"inLanguage\":\"es\",\"potentialAction\":[{\"@type\":\"ReadAction\",\"target\":[\"https:\\\/\\\/fmgente.com.ar\\\/web\\\/como-funcionaran-los-servicios-en-el-dia-del-trabajador-que-se-puede-hacer-este-viernes\\\/\"]}]},{\"@type\":\"ImageObject\",\"inLanguage\":\"es\",\"@id\":\"https:\\\/\\\/fmgente.com.ar\\\/web\\\/como-funcionaran-los-servicios-en-el-dia-del-trabajador-que-se-puede-hacer-este-viernes\\\/#primaryimage\",\"url\":\"https:\\\/\\\/fmgente.com.ar\\\/web\\\/wp-content\\\/uploads\\\/2026\\\/05\\\/720-4.jpeg\",\"contentUrl\":\"https:\\\/\\\/fmgente.com.ar\\\/web\\\/wp-content\\\/uploads\\\/2026\\\/05\\\/720-4.jpeg\",\"width\":1053,\"height\":720},{\"@type\":\"WebSite\",\"@id\":\"https:\\\/\\\/fmgente.com.ar\\\/web\\\/#website\",\"url\":\"https:\\\/\\\/fmgente.com.ar\\\/web\\\/\",\"name\":\"Fm Gente\",\"description\":\"- Jes\u00fas Mar\u00eda\",\"publisher\":{\"@id\":\"https:\\\/\\\/fmgente.com.ar\\\/web\\\/#organization\"},\"potentialAction\":[{\"@type\":\"SearchAction\",\"target\":{\"@type\":\"EntryPoint\",\"urlTemplate\":\"https:\\\/\\\/fmgente.com.ar\\\/web\\\/?s={search_term_string}\"},\"query-input\":{\"@type\":\"PropertyValueSpecification\",\"valueRequired\":true,\"valueName\":\"search_term_string\"}}],\"inLanguage\":\"es\"},{\"@type\":\"Organization\",\"@id\":\"https:\\\/\\\/fmgente.com.ar\\\/web\\\/#organization\",\"name\":\"Fm Gente\",\"url\":\"https:\\\/\\\/fmgente.com.ar\\\/web\\\/\",\"logo\":{\"@type\":\"ImageObject\",\"inLanguage\":\"es\",\"@id\":\"https:\\\/\\\/fmgente.com.ar\\\/web\\\/#\\\/schema\\\/logo\\\/image\\\/\",\"url\":\"https:\\\/\\\/fmgente.com.ar\\\/web\\\/wp-content\\\/uploads\\\/2023\\\/07\\\/cropped-cropped-logo-sombra2.png\",\"contentUrl\":\"https:\\\/\\\/fmgente.com.ar\\\/web\\\/wp-content\\\/uploads\\\/2023\\\/07\\\/cropped-cropped-logo-sombra2.png\",\"width\":1782,\"height\":1782,\"caption\":\"Fm Gente\"},\"image\":{\"@id\":\"https:\\\/\\\/fmgente.com.ar\\\/web\\\/#\\\/schema\\\/logo\\\/image\\\/\"}}]}<\/script>\n<!-- \/ Yoast SEO plugin. -->","yoast_head_json":{"title":"C\u00f3mo funcionar\u00e1n los servicios en el D\u00eda del Trabajador: qu\u00e9 se puede hacer este viernes - Fm Gente","robots":{"index":"index","follow":"follow","max-snippet":"max-snippet:-1","max-image-preview":"max-image-preview:large","max-video-preview":"max-video-preview:-1"},"canonical":"https:\/\/fmgente.com.ar\/web\/como-funcionaran-los-servicios-en-el-dia-del-trabajador-que-se-puede-hacer-este-viernes\/","og_locale":"es_ES","og_type":"article","og_title":"C\u00f3mo funcionar\u00e1n los servicios en el D\u00eda del Trabajador: qu\u00e9 se puede hacer este viernes - Fm Gente","og_description":"Buenos Aires, 30 abril (NA) \u2013 El Gobierno de la Ciudad de Buenos Aires difundi\u00f3","og_url":"https:\/\/fmgente.com.ar\/web\/como-funcionaran-los-servicios-en-el-dia-del-trabajador-que-se-puede-hacer-este-viernes\/","og_site_name":"Fm Gente","article_published_time":"2026-05-01T09:06:46+00:00","twitter_card":"summary_large_image","twitter_misc":{"Tiempo de lectura":"2 minutos"},"schema":{"@context":"https:\/\/schema.org","@graph":[{"@type":"Article","@id":"https:\/\/fmgente.com.ar\/web\/como-funcionaran-los-servicios-en-el-dia-del-trabajador-que-se-puede-hacer-este-viernes\/#article","isPartOf":{"@id":"https:\/\/fmgente.com.ar\/web\/como-funcionaran-los-servicios-en-el-dia-del-trabajador-que-se-puede-hacer-este-viernes\/"},"author":{"name":"","@id":""},"headline":"C\u00f3mo funcionar\u00e1n los servicios en el D\u00eda del Trabajador: qu\u00e9 se puede hacer este viernes","datePublished":"2026-05-01T09:06:46+00:00","mainEntityOfPage":{"@id":"https:\/\/fmgente.com.ar\/web\/como-funcionaran-los-servicios-en-el-dia-del-trabajador-que-se-puede-hacer-este-viernes\/"},"wordCount":461,"publisher":{"@id":"https:\/\/fmgente.com.ar\/web\/#organization"},"image":{"@id":"https:\/\/fmgente.com.ar\/web\/como-funcionaran-los-servicios-en-el-dia-del-trabajador-que-se-puede-hacer-este-viernes\/#primaryimage"},"thumbnailUrl":"https:\/\/fmgente.com.ar\/web\/wp-content\/uploads\/2026\/05\/720-4.jpeg","articleSection":["REGIONALES"],"inLanguage":"es"},{"@type":"WebPage","@id":"https:\/\/fmgente.com.ar\/web\/como-funcionaran-los-servicios-en-el-dia-del-trabajador-que-se-puede-hacer-este-viernes\/","url":"https:\/\/fmgente.com.ar\/web\/como-funcionaran-los-servicios-en-el-dia-del-trabajador-que-se-puede-hacer-este-viernes\/","name":"C\u00f3mo funcionar\u00e1n los servicios en el D\u00eda del Trabajador: qu\u00e9 se puede hacer este viernes - Fm Gente","isPartOf":{"@id":"https:\/\/fmgente.com.ar\/web\/#website"},"primaryImageOfPage":{"@id":"https:\/\/fmgente.com.ar\/web\/como-funcionaran-los-servicios-en-el-dia-del-trabajador-que-se-puede-hacer-este-viernes\/#primaryimage"},"image":{"@id":"https:\/\/fmgente.com.ar\/web\/como-funcionaran-los-servicios-en-el-dia-del-trabajador-que-se-puede-hacer-este-viernes\/#primaryimage"},"thumbnailUrl":"https:\/\/fmgente.com.ar\/web\/wp-content\/uploads\/2026\/05\/720-4.jpeg","datePublished":"2026-05-01T09:06:46+00:00","inLanguage":"es","potentialAction":[{"@type":"ReadAction","target":["https:\/\/fmgente.com.ar\/web\/como-funcionaran-los-servicios-en-el-dia-del-trabajador-que-se-puede-hacer-este-viernes\/"]}]},{"@type":"ImageObject","inLanguage":"es","@id":"https:\/\/fmgente.com.ar\/web\/como-funcionaran-los-servicios-en-el-dia-del-trabajador-que-se-puede-hacer-este-viernes\/#primaryimage","url":"https:\/\/fmgente.com.ar\/web\/wp-content\/uploads\/2026\/05\/720-4.jpeg","contentUrl":"https:\/\/fmgente.com.ar\/web\/wp-content\/uploads\/2026\/05\/720-4.jpeg","width":1053,"height":720},{"@type":"WebSite","@id":"https:\/\/fmgente.com.ar\/web\/#website","url":"https:\/\/fmgente.com.ar\/web\/","name":"Fm Gente","description":"- Jes\u00fas Mar\u00eda","publisher":{"@id":"https:\/\/fmgente.com.ar\/web\/#organization"},"potentialAction":[{"@type":"SearchAction","target":{"@type":"EntryPoint","urlTemplate":"https:\/\/fmgente.com.ar\/web\/?s={search_term_string}"},"query-input":{"@type":"PropertyValueSpecification","valueRequired":true,"valueName":"search_term_string"}}],"inLanguage":"es"},{"@type":"Organization","@id":"https:\/\/fmgente.com.ar\/web\/#organization","name":"Fm Gente","url":"https:\/\/fmgente.com.ar\/web\/","logo":{"@type":"ImageObject","inLanguage":"es","@id":"https:\/\/fmgente.com.ar\/web\/#\/schema\/logo\/image\/","url":"https:\/\/fmgente.com.ar\/web\/wp-content\/uploads\/2023\/07\/cropped-cropped-logo-sombra2.png","contentUrl":"https:\/\/fmgente.com.ar\/web\/wp-content\/uploads\/2023\/07\/cropped-cropped-logo-sombra2.png","width":1782,"height":1782,"caption":"Fm Gente"},"image":{"@id":"https:\/\/fmgente.com.ar\/web\/#\/schema\/logo\/image\/"}}]}},"_links":{"self":[{"href":"https:\/\/fmgente.com.ar\/web\/wp-json\/wp\/v2\/posts\/21319","targetHints":{"allow":["GET"]}}],"collection":[{"href":"https:\/\/fmgente.com.ar\/web\/wp-json\/wp\/v2\/posts"}],"about":[{"href":"https:\/\/fmgente.com.ar\/web\/wp-json\/wp\/v2\/types\/post"}],"replies":[{"embeddable":true,"href":"https:\/\/fmgente.com.ar\/web\/wp-json\/wp\/v2\/comments?post=21319"}],"version-history":[{"count":0,"href":"https:\/\/fmgente.com.ar\/web\/wp-json\/wp\/v2\/posts\/21319\/revisions"}],"wp:featuredmedia":[{"embeddable":true,"href":"https:\/\/fmgente.com.ar\/web\/wp-json\/wp\/v2\/media\/21320"}],"wp:attachment":[{"href":"https:\/\/fmgente.com.ar\/web\/wp-json\/wp\/v2\/media?parent=21319"}],"wp:term":[{"taxonomy":"category","embeddable":true,"href":"https:\/\/fmgente.com.ar\/web\/wp-json\/wp\/v2\/categories?post=21319"},{"taxonomy":"post_tag","embeddable":true,"href":"https:\/\/fmgente.com.ar\/web\/wp-json\/wp\/v2\/tags?post=21319"}],"curies":[{"name":"wp","href":"https:\/\/api.w.org\/{rel}","templated":true}]}}