{"id":21317,"date":"2026-05-01T06:06:46","date_gmt":"2026-05-01T09:06:46","guid":{"rendered":"https:\/\/fmgente.com.ar\/web\/velez-derroto-a-gimnasia-y-tiro-y-podria-medirse-con-boca-en-los-octavos-de-la-copa-argentina\/"},"modified":"2026-05-01T06:06:46","modified_gmt":"2026-05-01T09:06:46","slug":"velez-derroto-a-gimnasia-y-tiro-y-podria-medirse-con-boca-en-los-octavos-de-la-copa-argentina","status":"publish","type":"post","link":"https:\/\/fmgente.com.ar\/web\/velez-derroto-a-gimnasia-y-tiro-y-podria-medirse-con-boca-en-los-octavos-de-la-copa-argentina\/","title":{"rendered":"V\u00e9lez derrot\u00f3 a Gimnasia y Tiro y podr\u00eda medirse con Boca en los octavos de la Copa Argentina"},"content":{"rendered":"<p>Buenos Aires, 30 abril (NA) \u2013 V\u00e9lez le gan\u00f3 a Gimnasia y Tiro de Salta por 2 a 0 en el partido que disputaron esta noche, en el estadio Ciudad de Caseros de Estudiantes, por los 16avos de la Copa Argentina 2026.<\/p>\n<p>Seg\u00fan supo la Agencia Noticias Argentinas, los goleadores del equipo de la Primera Divisi\u00f3n fueron el extremo Dilan Godoy, a los 44 minutos del primer tiempo, y el mediocampista Diego Vald\u00e9s, en tiempo cumplido de la segunda parte.<\/p>\n<p>Con el triunfo, el \u201cFort\u00edn\u201d, que viene de derrotar a Deportivo Armenio por 4-1 en la primera ronda, avanz\u00f3 a los octavos de final del certamen nacional, instancia en la que se medir\u00e1 con el ganador entre Boca y Sarmiento.<\/p>\n<p>La primera llegada del partido fue de V\u00e9lez, cuando iban 18 minutos del primer tiempo, con un remate a la carrera desde el borde del \u00e1rea del mediocampista Rodrigo Aliendro, que fue despejado al c\u00f3rner por encima del travesa\u00f1o por el arquero Joaqu\u00edn Papaleo.<\/p>\n<p>En 34 minutos de la primera parte lleg\u00f3 el conjunto salte\u00f1o, con una jugada colectiva de izquierda hacia el medio fue culminada por el delantero Lautaro Gordillo, que sac\u00f3 un remate alto aunque demasiado centralizado, el cual fue detenido por el guardameta Tom\u00e1s Marchiori.<\/p>\n<p>A los 44 minutos, un centro bombeado desde la derecha fue bajado por el talentoso mediocampista Manuel Lanzini, para que el juvenil Dilan Godoy defina desde el punto de penal y marque el 1-0.<\/p>\n<p>En tiempo de descuento de la primera etapa, el mediocampista Nicol\u00e1s Rinaldi se qued\u00f3 con un rebote al borde del \u00e1rea y, luego de controlar con el pecho, sac\u00f3 un remate con el empeine del pie zurdo, que sali\u00f3 bajo y cruzado pero no fue suficiente para superar a Marchiori.<\/p>\n<p>Ya en la segunda parte, luego de una mala salida desde el fondo del equipo que dirige Guillermo Barros Schelotto a los 17 minutos, Rinaldi recibi\u00f3 sobre el costado derecho del \u00e1rea grande y meti\u00f3 un disparo r\u00e1pido, que se fue ancho por muy poco, por el poste derecho del arquero del \u201cFort\u00edn\u201d.<\/p>\n<p>A los 24 minutos, luego de un penal por una mano en el \u00e1rea del defensor Manuel Guanini, el delantero Braian Romero tuvo una mala ejecuci\u00f3n en la pena m\u00e1xima, con un tiro con poca potencia y sin esquinar que Papaleo, de gran participaci\u00f3n en los penales de Gimnasia y Tiro en la ronda anterior, pudo detener sin problemas.<\/p>\n<p>En el \u00faltimo minuto reglamentario de la segunda etapa, despu\u00e9s de un centro atr\u00e1s desde la izquierda y una serie de rebotes, el mediocampista chileno Diego Vald\u00e9s defini\u00f3 desde el \u00e1rea chica para marcar el 2-0 de V\u00e9lez ante el conjunto salte\u00f1o.<\/p>\n<p>#AgenciaNA<\/p>\n","protected":false},"excerpt":{"rendered":"<p>Buenos Aires, 30 abril (NA) \u2013 V\u00e9lez le gan\u00f3 a Gimnasia y Tiro de Salta<\/p>\n","protected":false},"author":0,"featured_media":21318,"comment_status":"","ping_status":"","sticky":false,"template":"","format":"standard","meta":{"footnotes":""},"categories":[1],"tags":[],"class_list":["post-21317","post","type-post","status-publish","format-standard","has-post-thumbnail","hentry","category-regionales"],"yoast_head":"<!-- This site is optimized with the Yoast SEO plugin v27.5 - https:\/\/yoast.com\/product\/yoast-seo-wordpress\/ -->\n<title>V\u00e9lez derrot\u00f3 a Gimnasia y Tiro y podr\u00eda medirse con Boca en los octavos de la Copa Argentina - Fm Gente<\/title>\n<meta name=\"robots\" content=\"index, follow, max-snippet:-1, max-image-preview:large, max-video-preview:-1\" \/>\n<link rel=\"canonical\" href=\"https:\/\/fmgente.com.ar\/web\/velez-derroto-a-gimnasia-y-tiro-y-podria-medirse-con-boca-en-los-octavos-de-la-copa-argentina\/\" \/>\n<meta property=\"og:locale\" content=\"es_ES\" \/>\n<meta property=\"og:type\" content=\"article\" \/>\n<meta property=\"og:title\" content=\"V\u00e9lez derrot\u00f3 a Gimnasia y Tiro y podr\u00eda medirse con Boca en los octavos de la Copa Argentina - Fm Gente\" \/>\n<meta property=\"og:description\" content=\"Buenos Aires, 30 abril (NA) \u2013 V\u00e9lez le gan\u00f3 a Gimnasia y Tiro de Salta\" \/>\n<meta property=\"og:url\" content=\"https:\/\/fmgente.com.ar\/web\/velez-derroto-a-gimnasia-y-tiro-y-podria-medirse-con-boca-en-los-octavos-de-la-copa-argentina\/\" \/>\n<meta property=\"og:site_name\" content=\"Fm Gente\" \/>\n<meta property=\"article:published_time\" content=\"2026-05-01T09:06:46+00:00\" \/>\n<meta name=\"twitter:card\" content=\"summary_large_image\" \/>\n<meta name=\"twitter:label1\" content=\"Tiempo de lectura\" \/>\n\t<meta name=\"twitter:data1\" content=\"2 minutos\" \/>\n<script type=\"application\/ld+json\" class=\"yoast-schema-graph\">{\"@context\":\"https:\\\/\\\/schema.org\",\"@graph\":[{\"@type\":\"Article\",\"@id\":\"https:\\\/\\\/fmgente.com.ar\\\/web\\\/velez-derroto-a-gimnasia-y-tiro-y-podria-medirse-con-boca-en-los-octavos-de-la-copa-argentina\\\/#article\",\"isPartOf\":{\"@id\":\"https:\\\/\\\/fmgente.com.ar\\\/web\\\/velez-derroto-a-gimnasia-y-tiro-y-podria-medirse-con-boca-en-los-octavos-de-la-copa-argentina\\\/\"},\"author\":{\"name\":\"\",\"@id\":\"\"},\"headline\":\"V\u00e9lez derrot\u00f3 a Gimnasia y Tiro y podr\u00eda medirse con Boca en los octavos de la Copa Argentina\",\"datePublished\":\"2026-05-01T09:06:46+00:00\",\"mainEntityOfPage\":{\"@id\":\"https:\\\/\\\/fmgente.com.ar\\\/web\\\/velez-derroto-a-gimnasia-y-tiro-y-podria-medirse-con-boca-en-los-octavos-de-la-copa-argentina\\\/\"},\"wordCount\":478,\"publisher\":{\"@id\":\"https:\\\/\\\/fmgente.com.ar\\\/web\\\/#organization\"},\"image\":{\"@id\":\"https:\\\/\\\/fmgente.com.ar\\\/web\\\/velez-derroto-a-gimnasia-y-tiro-y-podria-medirse-con-boca-en-los-octavos-de-la-copa-argentina\\\/#primaryimage\"},\"thumbnailUrl\":\"https:\\\/\\\/fmgente.com.ar\\\/web\\\/wp-content\\\/uploads\\\/2026\\\/05\\\/720-3.jpeg\",\"articleSection\":[\"REGIONALES\"],\"inLanguage\":\"es\"},{\"@type\":\"WebPage\",\"@id\":\"https:\\\/\\\/fmgente.com.ar\\\/web\\\/velez-derroto-a-gimnasia-y-tiro-y-podria-medirse-con-boca-en-los-octavos-de-la-copa-argentina\\\/\",\"url\":\"https:\\\/\\\/fmgente.com.ar\\\/web\\\/velez-derroto-a-gimnasia-y-tiro-y-podria-medirse-con-boca-en-los-octavos-de-la-copa-argentina\\\/\",\"name\":\"V\u00e9lez derrot\u00f3 a Gimnasia y Tiro y podr\u00eda medirse con Boca en los octavos de la Copa Argentina - Fm Gente\",\"isPartOf\":{\"@id\":\"https:\\\/\\\/fmgente.com.ar\\\/web\\\/#website\"},\"primaryImageOfPage\":{\"@id\":\"https:\\\/\\\/fmgente.com.ar\\\/web\\\/velez-derroto-a-gimnasia-y-tiro-y-podria-medirse-con-boca-en-los-octavos-de-la-copa-argentina\\\/#primaryimage\"},\"image\":{\"@id\":\"https:\\\/\\\/fmgente.com.ar\\\/web\\\/velez-derroto-a-gimnasia-y-tiro-y-podria-medirse-con-boca-en-los-octavos-de-la-copa-argentina\\\/#primaryimage\"},\"thumbnailUrl\":\"https:\\\/\\\/fmgente.com.ar\\\/web\\\/wp-content\\\/uploads\\\/2026\\\/05\\\/720-3.jpeg\",\"datePublished\":\"2026-05-01T09:06:46+00:00\",\"inLanguage\":\"es\",\"potentialAction\":[{\"@type\":\"ReadAction\",\"target\":[\"https:\\\/\\\/fmgente.com.ar\\\/web\\\/velez-derroto-a-gimnasia-y-tiro-y-podria-medirse-con-boca-en-los-octavos-de-la-copa-argentina\\\/\"]}]},{\"@type\":\"ImageObject\",\"inLanguage\":\"es\",\"@id\":\"https:\\\/\\\/fmgente.com.ar\\\/web\\\/velez-derroto-a-gimnasia-y-tiro-y-podria-medirse-con-boca-en-los-octavos-de-la-copa-argentina\\\/#primaryimage\",\"url\":\"https:\\\/\\\/fmgente.com.ar\\\/web\\\/wp-content\\\/uploads\\\/2026\\\/05\\\/720-3.jpeg\",\"contentUrl\":\"https:\\\/\\\/fmgente.com.ar\\\/web\\\/wp-content\\\/uploads\\\/2026\\\/05\\\/720-3.jpeg\",\"width\":576,\"height\":720},{\"@type\":\"WebSite\",\"@id\":\"https:\\\/\\\/fmgente.com.ar\\\/web\\\/#website\",\"url\":\"https:\\\/\\\/fmgente.com.ar\\\/web\\\/\",\"name\":\"Fm Gente\",\"description\":\"- Jes\u00fas Mar\u00eda\",\"publisher\":{\"@id\":\"https:\\\/\\\/fmgente.com.ar\\\/web\\\/#organization\"},\"potentialAction\":[{\"@type\":\"SearchAction\",\"target\":{\"@type\":\"EntryPoint\",\"urlTemplate\":\"https:\\\/\\\/fmgente.com.ar\\\/web\\\/?s={search_term_string}\"},\"query-input\":{\"@type\":\"PropertyValueSpecification\",\"valueRequired\":true,\"valueName\":\"search_term_string\"}}],\"inLanguage\":\"es\"},{\"@type\":\"Organization\",\"@id\":\"https:\\\/\\\/fmgente.com.ar\\\/web\\\/#organization\",\"name\":\"Fm Gente\",\"url\":\"https:\\\/\\\/fmgente.com.ar\\\/web\\\/\",\"logo\":{\"@type\":\"ImageObject\",\"inLanguage\":\"es\",\"@id\":\"https:\\\/\\\/fmgente.com.ar\\\/web\\\/#\\\/schema\\\/logo\\\/image\\\/\",\"url\":\"https:\\\/\\\/fmgente.com.ar\\\/web\\\/wp-content\\\/uploads\\\/2023\\\/07\\\/cropped-cropped-logo-sombra2.png\",\"contentUrl\":\"https:\\\/\\\/fmgente.com.ar\\\/web\\\/wp-content\\\/uploads\\\/2023\\\/07\\\/cropped-cropped-logo-sombra2.png\",\"width\":1782,\"height\":1782,\"caption\":\"Fm Gente\"},\"image\":{\"@id\":\"https:\\\/\\\/fmgente.com.ar\\\/web\\\/#\\\/schema\\\/logo\\\/image\\\/\"}}]}<\/script>\n<!-- \/ Yoast SEO plugin. -->","yoast_head_json":{"title":"V\u00e9lez derrot\u00f3 a Gimnasia y Tiro y podr\u00eda medirse con Boca en los octavos de la Copa Argentina - Fm Gente","robots":{"index":"index","follow":"follow","max-snippet":"max-snippet:-1","max-image-preview":"max-image-preview:large","max-video-preview":"max-video-preview:-1"},"canonical":"https:\/\/fmgente.com.ar\/web\/velez-derroto-a-gimnasia-y-tiro-y-podria-medirse-con-boca-en-los-octavos-de-la-copa-argentina\/","og_locale":"es_ES","og_type":"article","og_title":"V\u00e9lez derrot\u00f3 a Gimnasia y Tiro y podr\u00eda medirse con Boca en los octavos de la Copa Argentina - Fm Gente","og_description":"Buenos Aires, 30 abril (NA) \u2013 V\u00e9lez le gan\u00f3 a Gimnasia y Tiro de Salta","og_url":"https:\/\/fmgente.com.ar\/web\/velez-derroto-a-gimnasia-y-tiro-y-podria-medirse-con-boca-en-los-octavos-de-la-copa-argentina\/","og_site_name":"Fm Gente","article_published_time":"2026-05-01T09:06:46+00:00","twitter_card":"summary_large_image","twitter_misc":{"Tiempo de lectura":"2 minutos"},"schema":{"@context":"https:\/\/schema.org","@graph":[{"@type":"Article","@id":"https:\/\/fmgente.com.ar\/web\/velez-derroto-a-gimnasia-y-tiro-y-podria-medirse-con-boca-en-los-octavos-de-la-copa-argentina\/#article","isPartOf":{"@id":"https:\/\/fmgente.com.ar\/web\/velez-derroto-a-gimnasia-y-tiro-y-podria-medirse-con-boca-en-los-octavos-de-la-copa-argentina\/"},"author":{"name":"","@id":""},"headline":"V\u00e9lez derrot\u00f3 a Gimnasia y Tiro y podr\u00eda medirse con Boca en los octavos de la Copa Argentina","datePublished":"2026-05-01T09:06:46+00:00","mainEntityOfPage":{"@id":"https:\/\/fmgente.com.ar\/web\/velez-derroto-a-gimnasia-y-tiro-y-podria-medirse-con-boca-en-los-octavos-de-la-copa-argentina\/"},"wordCount":478,"publisher":{"@id":"https:\/\/fmgente.com.ar\/web\/#organization"},"image":{"@id":"https:\/\/fmgente.com.ar\/web\/velez-derroto-a-gimnasia-y-tiro-y-podria-medirse-con-boca-en-los-octavos-de-la-copa-argentina\/#primaryimage"},"thumbnailUrl":"https:\/\/fmgente.com.ar\/web\/wp-content\/uploads\/2026\/05\/720-3.jpeg","articleSection":["REGIONALES"],"inLanguage":"es"},{"@type":"WebPage","@id":"https:\/\/fmgente.com.ar\/web\/velez-derroto-a-gimnasia-y-tiro-y-podria-medirse-con-boca-en-los-octavos-de-la-copa-argentina\/","url":"https:\/\/fmgente.com.ar\/web\/velez-derroto-a-gimnasia-y-tiro-y-podria-medirse-con-boca-en-los-octavos-de-la-copa-argentina\/","name":"V\u00e9lez derrot\u00f3 a Gimnasia y Tiro y podr\u00eda medirse con Boca en los octavos de la Copa Argentina - Fm Gente","isPartOf":{"@id":"https:\/\/fmgente.com.ar\/web\/#website"},"primaryImageOfPage":{"@id":"https:\/\/fmgente.com.ar\/web\/velez-derroto-a-gimnasia-y-tiro-y-podria-medirse-con-boca-en-los-octavos-de-la-copa-argentina\/#primaryimage"},"image":{"@id":"https:\/\/fmgente.com.ar\/web\/velez-derroto-a-gimnasia-y-tiro-y-podria-medirse-con-boca-en-los-octavos-de-la-copa-argentina\/#primaryimage"},"thumbnailUrl":"https:\/\/fmgente.com.ar\/web\/wp-content\/uploads\/2026\/05\/720-3.jpeg","datePublished":"2026-05-01T09:06:46+00:00","inLanguage":"es","potentialAction":[{"@type":"ReadAction","target":["https:\/\/fmgente.com.ar\/web\/velez-derroto-a-gimnasia-y-tiro-y-podria-medirse-con-boca-en-los-octavos-de-la-copa-argentina\/"]}]},{"@type":"ImageObject","inLanguage":"es","@id":"https:\/\/fmgente.com.ar\/web\/velez-derroto-a-gimnasia-y-tiro-y-podria-medirse-con-boca-en-los-octavos-de-la-copa-argentina\/#primaryimage","url":"https:\/\/fmgente.com.ar\/web\/wp-content\/uploads\/2026\/05\/720-3.jpeg","contentUrl":"https:\/\/fmgente.com.ar\/web\/wp-content\/uploads\/2026\/05\/720-3.jpeg","width":576,"height":720},{"@type":"WebSite","@id":"https:\/\/fmgente.com.ar\/web\/#website","url":"https:\/\/fmgente.com.ar\/web\/","name":"Fm Gente","description":"- Jes\u00fas Mar\u00eda","publisher":{"@id":"https:\/\/fmgente.com.ar\/web\/#organization"},"potentialAction":[{"@type":"SearchAction","target":{"@type":"EntryPoint","urlTemplate":"https:\/\/fmgente.com.ar\/web\/?s={search_term_string}"},"query-input":{"@type":"PropertyValueSpecification","valueRequired":true,"valueName":"search_term_string"}}],"inLanguage":"es"},{"@type":"Organization","@id":"https:\/\/fmgente.com.ar\/web\/#organization","name":"Fm Gente","url":"https:\/\/fmgente.com.ar\/web\/","logo":{"@type":"ImageObject","inLanguage":"es","@id":"https:\/\/fmgente.com.ar\/web\/#\/schema\/logo\/image\/","url":"https:\/\/fmgente.com.ar\/web\/wp-content\/uploads\/2023\/07\/cropped-cropped-logo-sombra2.png","contentUrl":"https:\/\/fmgente.com.ar\/web\/wp-content\/uploads\/2023\/07\/cropped-cropped-logo-sombra2.png","width":1782,"height":1782,"caption":"Fm Gente"},"image":{"@id":"https:\/\/fmgente.com.ar\/web\/#\/schema\/logo\/image\/"}}]}},"_links":{"self":[{"href":"https:\/\/fmgente.com.ar\/web\/wp-json\/wp\/v2\/posts\/21317","targetHints":{"allow":["GET"]}}],"collection":[{"href":"https:\/\/fmgente.com.ar\/web\/wp-json\/wp\/v2\/posts"}],"about":[{"href":"https:\/\/fmgente.com.ar\/web\/wp-json\/wp\/v2\/types\/post"}],"replies":[{"embeddable":true,"href":"https:\/\/fmgente.com.ar\/web\/wp-json\/wp\/v2\/comments?post=21317"}],"version-history":[{"count":0,"href":"https:\/\/fmgente.com.ar\/web\/wp-json\/wp\/v2\/posts\/21317\/revisions"}],"wp:featuredmedia":[{"embeddable":true,"href":"https:\/\/fmgente.com.ar\/web\/wp-json\/wp\/v2\/media\/21318"}],"wp:attachment":[{"href":"https:\/\/fmgente.com.ar\/web\/wp-json\/wp\/v2\/media?parent=21317"}],"wp:term":[{"taxonomy":"category","embeddable":true,"href":"https:\/\/fmgente.com.ar\/web\/wp-json\/wp\/v2\/categories?post=21317"},{"taxonomy":"post_tag","embeddable":true,"href":"https:\/\/fmgente.com.ar\/web\/wp-json\/wp\/v2\/tags?post=21317"}],"curies":[{"name":"wp","href":"https:\/\/api.w.org\/{rel}","templated":true}]}}