{"id":21315,"date":"2026-05-01T06:06:45","date_gmt":"2026-05-01T09:06:45","guid":{"rendered":"https:\/\/fmgente.com.ar\/web\/dia-del-trabajador-que-pasara-con-los-teatros-y-los-cines-durante-el-feriado-de-este-viernes\/"},"modified":"2026-05-01T06:06:45","modified_gmt":"2026-05-01T09:06:45","slug":"dia-del-trabajador-que-pasara-con-los-teatros-y-los-cines-durante-el-feriado-de-este-viernes","status":"publish","type":"post","link":"https:\/\/fmgente.com.ar\/web\/dia-del-trabajador-que-pasara-con-los-teatros-y-los-cines-durante-el-feriado-de-este-viernes\/","title":{"rendered":"D\u00eda del Trabajador: Qu\u00e9 pasar\u00e1 con los teatros y los cines durante el feriado de este viernes"},"content":{"rendered":"<p>Buenos Aires, 30 abril (NA) \u2013 En el marco del D\u00eda del Trabajador de este viernes 1\u00b0 de mayo, la actividad cultural en la Ciudad de Buenos Aires tendr\u00e1 un esquema particular: mientras gran parte de la oferta privada seguir\u00e1 en funcionamiento, otros espacios permanecer\u00e1n cerrados.<\/p>\n<p>Seg\u00fan pudo confirmar la Agencia Noticias Argentinas, casi todos los teatros de la Capital Federal estar\u00e1n abiertos, por ejemplo quedan algunas entradas para las dos funciones que tendr\u00e1 el viernes Rocky, con Nico V\u00e1zquez. Lo mismo sucede en las obras del Paseo La Plaza.<\/p>\n<p>En el circuito teatral y cinematogr\u00e1fico de la tradicional Avenida Corrientes, la mayor\u00eda de las salas abrir\u00e1n sus puertas con normalidad. Tanto teatros comerciales como cines independientes mantendr\u00e1n su cartelera habitual, apostando al movimiento de p\u00fablico que suele generar el feriado.<\/p>\n<p>Esta decisi\u00f3n responde a la l\u00f3gica del sector privado, que aprovecha este tipo de jornadas para sostener la actividad y captar espectadores, especialmente en una de las zonas culturales m\u00e1s emblem\u00e1ticas de la ciudad.<\/p>\n<p>Las cl\u00e1sicas pizzer\u00edas del centro porte\u00f1o en su mayor\u00eda estar\u00e1n cerradas, pero en la calle Corrientes se podr\u00e1 comer alguna pizza sin problemas.<\/p>\n<p>CINES EN SHOPPINGS Y SUPERMERCADOS, CERRADOS<\/p>\n<p>En contraposici\u00f3n, los cines ubicados dentro de centros comerciales no funcionar\u00e1n durante el feriado. La medida se da en l\u00ednea con el cierre de los shoppings, que permanecer\u00e1n sin actividad al igual que los supermercados.<\/p>\n<p>De esta manera, complejos cinematogr\u00e1ficos instalados en grandes superficies quedar\u00e1n fuera de servicio durante toda la jornada, reduciendo la oferta en esos espacios.<\/p>\n<p>DIFERENCIAS ENTRE LO P\u00daBLICO Y LO PRIVADO<\/p>\n<p>El esquema tambi\u00e9n refleja la diferencia entre la gesti\u00f3n p\u00fablica y privada de la cultura. Tal como inform\u00f3 el Gobierno porte\u00f1o, los espacios culturales dependientes de la Ciudad \u2014incluidos teatros oficiales\u2014 permanecer\u00e1n cerrados durante el feriado.<\/p>\n<p>As\u00ed, el protagonismo de la actividad quedar\u00e1 concentrado en el sector privado, especialmente en el eje de la avenida Corrientes, que volver\u00e1 a posicionarse como el principal polo de entretenimiento para quienes decidan salir durante el D\u00eda del Trabajador.<\/p>\n<p>#AgenciaNA<\/p>\n","protected":false},"excerpt":{"rendered":"<p>Buenos Aires, 30 abril (NA) \u2013 En el marco del D\u00eda del Trabajador de este<\/p>\n","protected":false},"author":0,"featured_media":21316,"comment_status":"","ping_status":"","sticky":false,"template":"","format":"standard","meta":{"footnotes":""},"categories":[1],"tags":[],"class_list":["post-21315","post","type-post","status-publish","format-standard","has-post-thumbnail","hentry","category-regionales"],"yoast_head":"<!-- This site is optimized with the Yoast SEO plugin v27.5 - https:\/\/yoast.com\/product\/yoast-seo-wordpress\/ -->\n<title>D\u00eda del Trabajador: Qu\u00e9 pasar\u00e1 con los teatros y los cines durante el feriado de este viernes - Fm Gente<\/title>\n<meta name=\"robots\" content=\"index, follow, max-snippet:-1, max-image-preview:large, max-video-preview:-1\" \/>\n<link rel=\"canonical\" href=\"https:\/\/fmgente.com.ar\/web\/dia-del-trabajador-que-pasara-con-los-teatros-y-los-cines-durante-el-feriado-de-este-viernes\/\" \/>\n<meta property=\"og:locale\" content=\"es_ES\" \/>\n<meta property=\"og:type\" content=\"article\" \/>\n<meta property=\"og:title\" content=\"D\u00eda del Trabajador: Qu\u00e9 pasar\u00e1 con los teatros y los cines durante el feriado de este viernes - Fm Gente\" \/>\n<meta property=\"og:description\" content=\"Buenos Aires, 30 abril (NA) \u2013 En el marco del D\u00eda del Trabajador de este\" \/>\n<meta property=\"og:url\" content=\"https:\/\/fmgente.com.ar\/web\/dia-del-trabajador-que-pasara-con-los-teatros-y-los-cines-durante-el-feriado-de-este-viernes\/\" \/>\n<meta property=\"og:site_name\" content=\"Fm Gente\" \/>\n<meta property=\"article:published_time\" content=\"2026-05-01T09:06:45+00:00\" \/>\n<meta name=\"twitter:card\" content=\"summary_large_image\" \/>\n<meta name=\"twitter:label1\" content=\"Tiempo de lectura\" \/>\n\t<meta name=\"twitter:data1\" content=\"2 minutos\" \/>\n<script type=\"application\/ld+json\" class=\"yoast-schema-graph\">{\"@context\":\"https:\\\/\\\/schema.org\",\"@graph\":[{\"@type\":\"Article\",\"@id\":\"https:\\\/\\\/fmgente.com.ar\\\/web\\\/dia-del-trabajador-que-pasara-con-los-teatros-y-los-cines-durante-el-feriado-de-este-viernes\\\/#article\",\"isPartOf\":{\"@id\":\"https:\\\/\\\/fmgente.com.ar\\\/web\\\/dia-del-trabajador-que-pasara-con-los-teatros-y-los-cines-durante-el-feriado-de-este-viernes\\\/\"},\"author\":{\"name\":\"\",\"@id\":\"\"},\"headline\":\"D\u00eda del Trabajador: Qu\u00e9 pasar\u00e1 con los teatros y los cines durante el feriado de este viernes\",\"datePublished\":\"2026-05-01T09:06:45+00:00\",\"mainEntityOfPage\":{\"@id\":\"https:\\\/\\\/fmgente.com.ar\\\/web\\\/dia-del-trabajador-que-pasara-con-los-teatros-y-los-cines-durante-el-feriado-de-este-viernes\\\/\"},\"wordCount\":382,\"publisher\":{\"@id\":\"https:\\\/\\\/fmgente.com.ar\\\/web\\\/#organization\"},\"image\":{\"@id\":\"https:\\\/\\\/fmgente.com.ar\\\/web\\\/dia-del-trabajador-que-pasara-con-los-teatros-y-los-cines-durante-el-feriado-de-este-viernes\\\/#primaryimage\"},\"thumbnailUrl\":\"https:\\\/\\\/fmgente.com.ar\\\/web\\\/wp-content\\\/uploads\\\/2026\\\/05\\\/720-2.jpeg\",\"articleSection\":[\"REGIONALES\"],\"inLanguage\":\"es\"},{\"@type\":\"WebPage\",\"@id\":\"https:\\\/\\\/fmgente.com.ar\\\/web\\\/dia-del-trabajador-que-pasara-con-los-teatros-y-los-cines-durante-el-feriado-de-este-viernes\\\/\",\"url\":\"https:\\\/\\\/fmgente.com.ar\\\/web\\\/dia-del-trabajador-que-pasara-con-los-teatros-y-los-cines-durante-el-feriado-de-este-viernes\\\/\",\"name\":\"D\u00eda del Trabajador: Qu\u00e9 pasar\u00e1 con los teatros y los cines durante el feriado de este viernes - Fm Gente\",\"isPartOf\":{\"@id\":\"https:\\\/\\\/fmgente.com.ar\\\/web\\\/#website\"},\"primaryImageOfPage\":{\"@id\":\"https:\\\/\\\/fmgente.com.ar\\\/web\\\/dia-del-trabajador-que-pasara-con-los-teatros-y-los-cines-durante-el-feriado-de-este-viernes\\\/#primaryimage\"},\"image\":{\"@id\":\"https:\\\/\\\/fmgente.com.ar\\\/web\\\/dia-del-trabajador-que-pasara-con-los-teatros-y-los-cines-durante-el-feriado-de-este-viernes\\\/#primaryimage\"},\"thumbnailUrl\":\"https:\\\/\\\/fmgente.com.ar\\\/web\\\/wp-content\\\/uploads\\\/2026\\\/05\\\/720-2.jpeg\",\"datePublished\":\"2026-05-01T09:06:45+00:00\",\"inLanguage\":\"es\",\"potentialAction\":[{\"@type\":\"ReadAction\",\"target\":[\"https:\\\/\\\/fmgente.com.ar\\\/web\\\/dia-del-trabajador-que-pasara-con-los-teatros-y-los-cines-durante-el-feriado-de-este-viernes\\\/\"]}]},{\"@type\":\"ImageObject\",\"inLanguage\":\"es\",\"@id\":\"https:\\\/\\\/fmgente.com.ar\\\/web\\\/dia-del-trabajador-que-pasara-con-los-teatros-y-los-cines-durante-el-feriado-de-este-viernes\\\/#primaryimage\",\"url\":\"https:\\\/\\\/fmgente.com.ar\\\/web\\\/wp-content\\\/uploads\\\/2026\\\/05\\\/720-2.jpeg\",\"contentUrl\":\"https:\\\/\\\/fmgente.com.ar\\\/web\\\/wp-content\\\/uploads\\\/2026\\\/05\\\/720-2.jpeg\",\"width\":960,\"height\":720},{\"@type\":\"WebSite\",\"@id\":\"https:\\\/\\\/fmgente.com.ar\\\/web\\\/#website\",\"url\":\"https:\\\/\\\/fmgente.com.ar\\\/web\\\/\",\"name\":\"Fm Gente\",\"description\":\"- Jes\u00fas Mar\u00eda\",\"publisher\":{\"@id\":\"https:\\\/\\\/fmgente.com.ar\\\/web\\\/#organization\"},\"potentialAction\":[{\"@type\":\"SearchAction\",\"target\":{\"@type\":\"EntryPoint\",\"urlTemplate\":\"https:\\\/\\\/fmgente.com.ar\\\/web\\\/?s={search_term_string}\"},\"query-input\":{\"@type\":\"PropertyValueSpecification\",\"valueRequired\":true,\"valueName\":\"search_term_string\"}}],\"inLanguage\":\"es\"},{\"@type\":\"Organization\",\"@id\":\"https:\\\/\\\/fmgente.com.ar\\\/web\\\/#organization\",\"name\":\"Fm Gente\",\"url\":\"https:\\\/\\\/fmgente.com.ar\\\/web\\\/\",\"logo\":{\"@type\":\"ImageObject\",\"inLanguage\":\"es\",\"@id\":\"https:\\\/\\\/fmgente.com.ar\\\/web\\\/#\\\/schema\\\/logo\\\/image\\\/\",\"url\":\"https:\\\/\\\/fmgente.com.ar\\\/web\\\/wp-content\\\/uploads\\\/2023\\\/07\\\/cropped-cropped-logo-sombra2.png\",\"contentUrl\":\"https:\\\/\\\/fmgente.com.ar\\\/web\\\/wp-content\\\/uploads\\\/2023\\\/07\\\/cropped-cropped-logo-sombra2.png\",\"width\":1782,\"height\":1782,\"caption\":\"Fm Gente\"},\"image\":{\"@id\":\"https:\\\/\\\/fmgente.com.ar\\\/web\\\/#\\\/schema\\\/logo\\\/image\\\/\"}}]}<\/script>\n<!-- \/ Yoast SEO plugin. -->","yoast_head_json":{"title":"D\u00eda del Trabajador: Qu\u00e9 pasar\u00e1 con los teatros y los cines durante el feriado de este viernes - Fm Gente","robots":{"index":"index","follow":"follow","max-snippet":"max-snippet:-1","max-image-preview":"max-image-preview:large","max-video-preview":"max-video-preview:-1"},"canonical":"https:\/\/fmgente.com.ar\/web\/dia-del-trabajador-que-pasara-con-los-teatros-y-los-cines-durante-el-feriado-de-este-viernes\/","og_locale":"es_ES","og_type":"article","og_title":"D\u00eda del Trabajador: Qu\u00e9 pasar\u00e1 con los teatros y los cines durante el feriado de este viernes - Fm Gente","og_description":"Buenos Aires, 30 abril (NA) \u2013 En el marco del D\u00eda del Trabajador de este","og_url":"https:\/\/fmgente.com.ar\/web\/dia-del-trabajador-que-pasara-con-los-teatros-y-los-cines-durante-el-feriado-de-este-viernes\/","og_site_name":"Fm Gente","article_published_time":"2026-05-01T09:06:45+00:00","twitter_card":"summary_large_image","twitter_misc":{"Tiempo de lectura":"2 minutos"},"schema":{"@context":"https:\/\/schema.org","@graph":[{"@type":"Article","@id":"https:\/\/fmgente.com.ar\/web\/dia-del-trabajador-que-pasara-con-los-teatros-y-los-cines-durante-el-feriado-de-este-viernes\/#article","isPartOf":{"@id":"https:\/\/fmgente.com.ar\/web\/dia-del-trabajador-que-pasara-con-los-teatros-y-los-cines-durante-el-feriado-de-este-viernes\/"},"author":{"name":"","@id":""},"headline":"D\u00eda del Trabajador: Qu\u00e9 pasar\u00e1 con los teatros y los cines durante el feriado de este viernes","datePublished":"2026-05-01T09:06:45+00:00","mainEntityOfPage":{"@id":"https:\/\/fmgente.com.ar\/web\/dia-del-trabajador-que-pasara-con-los-teatros-y-los-cines-durante-el-feriado-de-este-viernes\/"},"wordCount":382,"publisher":{"@id":"https:\/\/fmgente.com.ar\/web\/#organization"},"image":{"@id":"https:\/\/fmgente.com.ar\/web\/dia-del-trabajador-que-pasara-con-los-teatros-y-los-cines-durante-el-feriado-de-este-viernes\/#primaryimage"},"thumbnailUrl":"https:\/\/fmgente.com.ar\/web\/wp-content\/uploads\/2026\/05\/720-2.jpeg","articleSection":["REGIONALES"],"inLanguage":"es"},{"@type":"WebPage","@id":"https:\/\/fmgente.com.ar\/web\/dia-del-trabajador-que-pasara-con-los-teatros-y-los-cines-durante-el-feriado-de-este-viernes\/","url":"https:\/\/fmgente.com.ar\/web\/dia-del-trabajador-que-pasara-con-los-teatros-y-los-cines-durante-el-feriado-de-este-viernes\/","name":"D\u00eda del Trabajador: Qu\u00e9 pasar\u00e1 con los teatros y los cines durante el feriado de este viernes - Fm Gente","isPartOf":{"@id":"https:\/\/fmgente.com.ar\/web\/#website"},"primaryImageOfPage":{"@id":"https:\/\/fmgente.com.ar\/web\/dia-del-trabajador-que-pasara-con-los-teatros-y-los-cines-durante-el-feriado-de-este-viernes\/#primaryimage"},"image":{"@id":"https:\/\/fmgente.com.ar\/web\/dia-del-trabajador-que-pasara-con-los-teatros-y-los-cines-durante-el-feriado-de-este-viernes\/#primaryimage"},"thumbnailUrl":"https:\/\/fmgente.com.ar\/web\/wp-content\/uploads\/2026\/05\/720-2.jpeg","datePublished":"2026-05-01T09:06:45+00:00","inLanguage":"es","potentialAction":[{"@type":"ReadAction","target":["https:\/\/fmgente.com.ar\/web\/dia-del-trabajador-que-pasara-con-los-teatros-y-los-cines-durante-el-feriado-de-este-viernes\/"]}]},{"@type":"ImageObject","inLanguage":"es","@id":"https:\/\/fmgente.com.ar\/web\/dia-del-trabajador-que-pasara-con-los-teatros-y-los-cines-durante-el-feriado-de-este-viernes\/#primaryimage","url":"https:\/\/fmgente.com.ar\/web\/wp-content\/uploads\/2026\/05\/720-2.jpeg","contentUrl":"https:\/\/fmgente.com.ar\/web\/wp-content\/uploads\/2026\/05\/720-2.jpeg","width":960,"height":720},{"@type":"WebSite","@id":"https:\/\/fmgente.com.ar\/web\/#website","url":"https:\/\/fmgente.com.ar\/web\/","name":"Fm Gente","description":"- Jes\u00fas Mar\u00eda","publisher":{"@id":"https:\/\/fmgente.com.ar\/web\/#organization"},"potentialAction":[{"@type":"SearchAction","target":{"@type":"EntryPoint","urlTemplate":"https:\/\/fmgente.com.ar\/web\/?s={search_term_string}"},"query-input":{"@type":"PropertyValueSpecification","valueRequired":true,"valueName":"search_term_string"}}],"inLanguage":"es"},{"@type":"Organization","@id":"https:\/\/fmgente.com.ar\/web\/#organization","name":"Fm Gente","url":"https:\/\/fmgente.com.ar\/web\/","logo":{"@type":"ImageObject","inLanguage":"es","@id":"https:\/\/fmgente.com.ar\/web\/#\/schema\/logo\/image\/","url":"https:\/\/fmgente.com.ar\/web\/wp-content\/uploads\/2023\/07\/cropped-cropped-logo-sombra2.png","contentUrl":"https:\/\/fmgente.com.ar\/web\/wp-content\/uploads\/2023\/07\/cropped-cropped-logo-sombra2.png","width":1782,"height":1782,"caption":"Fm Gente"},"image":{"@id":"https:\/\/fmgente.com.ar\/web\/#\/schema\/logo\/image\/"}}]}},"_links":{"self":[{"href":"https:\/\/fmgente.com.ar\/web\/wp-json\/wp\/v2\/posts\/21315","targetHints":{"allow":["GET"]}}],"collection":[{"href":"https:\/\/fmgente.com.ar\/web\/wp-json\/wp\/v2\/posts"}],"about":[{"href":"https:\/\/fmgente.com.ar\/web\/wp-json\/wp\/v2\/types\/post"}],"replies":[{"embeddable":true,"href":"https:\/\/fmgente.com.ar\/web\/wp-json\/wp\/v2\/comments?post=21315"}],"version-history":[{"count":0,"href":"https:\/\/fmgente.com.ar\/web\/wp-json\/wp\/v2\/posts\/21315\/revisions"}],"wp:featuredmedia":[{"embeddable":true,"href":"https:\/\/fmgente.com.ar\/web\/wp-json\/wp\/v2\/media\/21316"}],"wp:attachment":[{"href":"https:\/\/fmgente.com.ar\/web\/wp-json\/wp\/v2\/media?parent=21315"}],"wp:term":[{"taxonomy":"category","embeddable":true,"href":"https:\/\/fmgente.com.ar\/web\/wp-json\/wp\/v2\/categories?post=21315"},{"taxonomy":"post_tag","embeddable":true,"href":"https:\/\/fmgente.com.ar\/web\/wp-json\/wp\/v2\/tags?post=21315"}],"curies":[{"name":"wp","href":"https:\/\/api.w.org\/{rel}","templated":true}]}}