{"id":21309,"date":"2026-04-30T22:06:44","date_gmt":"2026-05-01T01:06:44","guid":{"rendered":"https:\/\/fmgente.com.ar\/web\/trump-planea-reducir-el-numero-de-tropas-en-tres-paises-europeos\/"},"modified":"2026-04-30T22:06:44","modified_gmt":"2026-05-01T01:06:44","slug":"trump-planea-reducir-el-numero-de-tropas-en-tres-paises-europeos","status":"publish","type":"post","link":"https:\/\/fmgente.com.ar\/web\/trump-planea-reducir-el-numero-de-tropas-en-tres-paises-europeos\/","title":{"rendered":"Trump planea reducir el n\u00famero de tropas en tres pa\u00edses europeos"},"content":{"rendered":"<p>Buenos Aires, 30 abril (NA) \u2013 El presidente de Estados Unidos, Donald Trump, afirm\u00f3 hoy que podr\u00eda reducir la presencia de los militares estadounidenses en Espa\u00f1a e Italia, un d\u00eda despu\u00e9s de que anunci\u00f3 que su administraci\u00f3n est\u00e1 evaluando un posible recorte de soldados en Alemania.<\/p>\n<p>\u201cS\u00ed, probablemente lo haremos\u201d, coment\u00f3 Trump a los reporteros en la Casa Blanca cuando se le cuestion\u00f3 por la posible reducci\u00f3n. \u201c\u00bfPor qu\u00e9 no habr\u00eda de hacerlo? Italia no ha sido de ninguna ayuda. Espa\u00f1a ha sido horrible. Absolutamente\u201d, dijo Trump, de nuevo criticando a los aliados europeos por no colaborar en la guerra de Estados Unidos e Israel contra Ir\u00e1n.<\/p>\n<p>El mandatario critic\u00f3 una vez m\u00e1s al canciller de Alemania, Friedrich Merz, y afirm\u00f3 que \u201cest\u00e1 haciendo un trabajo terrible\u201d. Anteriormente, esta semana, el germano hab\u00eda expresado que Estados Unidos est\u00e1 \u201csiendo humillado\u201d por Ir\u00e1n.<\/p>\n<p>El mismo mi\u00e9rcoles, en una publicaci\u00f3n en la red social Truth Social, Trump afirm\u00f3 que Estados Unidos est\u00e1 considerando el posible recorte de soldados en Alemania, y dijo que la decisi\u00f3n se tomar\u00e1 con determinaci\u00f3n \u201cpr\u00f3ximamente, en poco tiempo\u201d, seg\u00fan supo la Agencia Noticias Argentinas.<\/p>\n<p>Merz trat\u00f3 de minimizar la disputa con Trump, y asegur\u00f3 que su relaci\u00f3n personal con el presidente de Estados Unidos sigue siendo positiva, e hizo un llamado para una resoluci\u00f3n r\u00e1pida de los conflictos en Ir\u00e1n, ya que Alemania y Europa est\u00e1n padeciendo considerablemente por las consecuencias de los conflictos.<\/p>\n<p>#AgenciaNA<\/p>\n","protected":false},"excerpt":{"rendered":"<p>Buenos Aires, 30 abril (NA) \u2013 El presidente de Estados Unidos, Donald Trump, afirm\u00f3 hoy<\/p>\n","protected":false},"author":0,"featured_media":21310,"comment_status":"","ping_status":"","sticky":false,"template":"","format":"standard","meta":{"footnotes":""},"categories":[1],"tags":[],"class_list":["post-21309","post","type-post","status-publish","format-standard","has-post-thumbnail","hentry","category-regionales"],"yoast_head":"<!-- This site is optimized with the Yoast SEO plugin v27.4 - https:\/\/yoast.com\/product\/yoast-seo-wordpress\/ -->\n<title>Trump planea reducir el n\u00famero de tropas en tres pa\u00edses europeos - Fm Gente<\/title>\n<meta name=\"robots\" content=\"index, follow, max-snippet:-1, max-image-preview:large, max-video-preview:-1\" \/>\n<link rel=\"canonical\" href=\"https:\/\/fmgente.com.ar\/web\/trump-planea-reducir-el-numero-de-tropas-en-tres-paises-europeos\/\" \/>\n<meta property=\"og:locale\" content=\"es_ES\" \/>\n<meta property=\"og:type\" content=\"article\" \/>\n<meta property=\"og:title\" content=\"Trump planea reducir el n\u00famero de tropas en tres pa\u00edses europeos - Fm Gente\" \/>\n<meta property=\"og:description\" content=\"Buenos Aires, 30 abril (NA) \u2013 El presidente de Estados Unidos, Donald Trump, afirm\u00f3 hoy\" \/>\n<meta property=\"og:url\" content=\"https:\/\/fmgente.com.ar\/web\/trump-planea-reducir-el-numero-de-tropas-en-tres-paises-europeos\/\" \/>\n<meta property=\"og:site_name\" content=\"Fm Gente\" \/>\n<meta property=\"article:published_time\" content=\"2026-05-01T01:06:44+00:00\" \/>\n<meta name=\"twitter:card\" content=\"summary_large_image\" \/>\n<meta name=\"twitter:label1\" content=\"Tiempo de lectura\" \/>\n\t<meta name=\"twitter:data1\" content=\"1 minuto\" \/>\n<script type=\"application\/ld+json\" class=\"yoast-schema-graph\">{\"@context\":\"https:\\\/\\\/schema.org\",\"@graph\":[{\"@type\":\"Article\",\"@id\":\"https:\\\/\\\/fmgente.com.ar\\\/web\\\/trump-planea-reducir-el-numero-de-tropas-en-tres-paises-europeos\\\/#article\",\"isPartOf\":{\"@id\":\"https:\\\/\\\/fmgente.com.ar\\\/web\\\/trump-planea-reducir-el-numero-de-tropas-en-tres-paises-europeos\\\/\"},\"author\":{\"name\":\"\",\"@id\":\"\"},\"headline\":\"Trump planea reducir el n\u00famero de tropas en tres pa\u00edses europeos\",\"datePublished\":\"2026-05-01T01:06:44+00:00\",\"mainEntityOfPage\":{\"@id\":\"https:\\\/\\\/fmgente.com.ar\\\/web\\\/trump-planea-reducir-el-numero-de-tropas-en-tres-paises-europeos\\\/\"},\"wordCount\":272,\"publisher\":{\"@id\":\"https:\\\/\\\/fmgente.com.ar\\\/web\\\/#organization\"},\"image\":{\"@id\":\"https:\\\/\\\/fmgente.com.ar\\\/web\\\/trump-planea-reducir-el-numero-de-tropas-en-tres-paises-europeos\\\/#primaryimage\"},\"thumbnailUrl\":\"https:\\\/\\\/fmgente.com.ar\\\/web\\\/wp-content\\\/uploads\\\/2026\\\/04\\\/720-1501.jpeg\",\"articleSection\":[\"REGIONALES\"],\"inLanguage\":\"es\"},{\"@type\":\"WebPage\",\"@id\":\"https:\\\/\\\/fmgente.com.ar\\\/web\\\/trump-planea-reducir-el-numero-de-tropas-en-tres-paises-europeos\\\/\",\"url\":\"https:\\\/\\\/fmgente.com.ar\\\/web\\\/trump-planea-reducir-el-numero-de-tropas-en-tres-paises-europeos\\\/\",\"name\":\"Trump planea reducir el n\u00famero de tropas en tres pa\u00edses europeos - Fm Gente\",\"isPartOf\":{\"@id\":\"https:\\\/\\\/fmgente.com.ar\\\/web\\\/#website\"},\"primaryImageOfPage\":{\"@id\":\"https:\\\/\\\/fmgente.com.ar\\\/web\\\/trump-planea-reducir-el-numero-de-tropas-en-tres-paises-europeos\\\/#primaryimage\"},\"image\":{\"@id\":\"https:\\\/\\\/fmgente.com.ar\\\/web\\\/trump-planea-reducir-el-numero-de-tropas-en-tres-paises-europeos\\\/#primaryimage\"},\"thumbnailUrl\":\"https:\\\/\\\/fmgente.com.ar\\\/web\\\/wp-content\\\/uploads\\\/2026\\\/04\\\/720-1501.jpeg\",\"datePublished\":\"2026-05-01T01:06:44+00:00\",\"inLanguage\":\"es\",\"potentialAction\":[{\"@type\":\"ReadAction\",\"target\":[\"https:\\\/\\\/fmgente.com.ar\\\/web\\\/trump-planea-reducir-el-numero-de-tropas-en-tres-paises-europeos\\\/\"]}]},{\"@type\":\"ImageObject\",\"inLanguage\":\"es\",\"@id\":\"https:\\\/\\\/fmgente.com.ar\\\/web\\\/trump-planea-reducir-el-numero-de-tropas-en-tres-paises-europeos\\\/#primaryimage\",\"url\":\"https:\\\/\\\/fmgente.com.ar\\\/web\\\/wp-content\\\/uploads\\\/2026\\\/04\\\/720-1501.jpeg\",\"contentUrl\":\"https:\\\/\\\/fmgente.com.ar\\\/web\\\/wp-content\\\/uploads\\\/2026\\\/04\\\/720-1501.jpeg\",\"width\":1280,\"height\":711},{\"@type\":\"WebSite\",\"@id\":\"https:\\\/\\\/fmgente.com.ar\\\/web\\\/#website\",\"url\":\"https:\\\/\\\/fmgente.com.ar\\\/web\\\/\",\"name\":\"Fm Gente\",\"description\":\"- Jes\u00fas Mar\u00eda\",\"publisher\":{\"@id\":\"https:\\\/\\\/fmgente.com.ar\\\/web\\\/#organization\"},\"potentialAction\":[{\"@type\":\"SearchAction\",\"target\":{\"@type\":\"EntryPoint\",\"urlTemplate\":\"https:\\\/\\\/fmgente.com.ar\\\/web\\\/?s={search_term_string}\"},\"query-input\":{\"@type\":\"PropertyValueSpecification\",\"valueRequired\":true,\"valueName\":\"search_term_string\"}}],\"inLanguage\":\"es\"},{\"@type\":\"Organization\",\"@id\":\"https:\\\/\\\/fmgente.com.ar\\\/web\\\/#organization\",\"name\":\"Fm Gente\",\"url\":\"https:\\\/\\\/fmgente.com.ar\\\/web\\\/\",\"logo\":{\"@type\":\"ImageObject\",\"inLanguage\":\"es\",\"@id\":\"https:\\\/\\\/fmgente.com.ar\\\/web\\\/#\\\/schema\\\/logo\\\/image\\\/\",\"url\":\"https:\\\/\\\/fmgente.com.ar\\\/web\\\/wp-content\\\/uploads\\\/2023\\\/07\\\/cropped-cropped-logo-sombra2.png\",\"contentUrl\":\"https:\\\/\\\/fmgente.com.ar\\\/web\\\/wp-content\\\/uploads\\\/2023\\\/07\\\/cropped-cropped-logo-sombra2.png\",\"width\":1782,\"height\":1782,\"caption\":\"Fm Gente\"},\"image\":{\"@id\":\"https:\\\/\\\/fmgente.com.ar\\\/web\\\/#\\\/schema\\\/logo\\\/image\\\/\"}}]}<\/script>\n<!-- \/ Yoast SEO plugin. -->","yoast_head_json":{"title":"Trump planea reducir el n\u00famero de tropas en tres pa\u00edses europeos - Fm Gente","robots":{"index":"index","follow":"follow","max-snippet":"max-snippet:-1","max-image-preview":"max-image-preview:large","max-video-preview":"max-video-preview:-1"},"canonical":"https:\/\/fmgente.com.ar\/web\/trump-planea-reducir-el-numero-de-tropas-en-tres-paises-europeos\/","og_locale":"es_ES","og_type":"article","og_title":"Trump planea reducir el n\u00famero de tropas en tres pa\u00edses europeos - Fm Gente","og_description":"Buenos Aires, 30 abril (NA) \u2013 El presidente de Estados Unidos, Donald Trump, afirm\u00f3 hoy","og_url":"https:\/\/fmgente.com.ar\/web\/trump-planea-reducir-el-numero-de-tropas-en-tres-paises-europeos\/","og_site_name":"Fm Gente","article_published_time":"2026-05-01T01:06:44+00:00","twitter_card":"summary_large_image","twitter_misc":{"Tiempo de lectura":"1 minuto"},"schema":{"@context":"https:\/\/schema.org","@graph":[{"@type":"Article","@id":"https:\/\/fmgente.com.ar\/web\/trump-planea-reducir-el-numero-de-tropas-en-tres-paises-europeos\/#article","isPartOf":{"@id":"https:\/\/fmgente.com.ar\/web\/trump-planea-reducir-el-numero-de-tropas-en-tres-paises-europeos\/"},"author":{"name":"","@id":""},"headline":"Trump planea reducir el n\u00famero de tropas en tres pa\u00edses europeos","datePublished":"2026-05-01T01:06:44+00:00","mainEntityOfPage":{"@id":"https:\/\/fmgente.com.ar\/web\/trump-planea-reducir-el-numero-de-tropas-en-tres-paises-europeos\/"},"wordCount":272,"publisher":{"@id":"https:\/\/fmgente.com.ar\/web\/#organization"},"image":{"@id":"https:\/\/fmgente.com.ar\/web\/trump-planea-reducir-el-numero-de-tropas-en-tres-paises-europeos\/#primaryimage"},"thumbnailUrl":"https:\/\/fmgente.com.ar\/web\/wp-content\/uploads\/2026\/04\/720-1501.jpeg","articleSection":["REGIONALES"],"inLanguage":"es"},{"@type":"WebPage","@id":"https:\/\/fmgente.com.ar\/web\/trump-planea-reducir-el-numero-de-tropas-en-tres-paises-europeos\/","url":"https:\/\/fmgente.com.ar\/web\/trump-planea-reducir-el-numero-de-tropas-en-tres-paises-europeos\/","name":"Trump planea reducir el n\u00famero de tropas en tres pa\u00edses europeos - Fm Gente","isPartOf":{"@id":"https:\/\/fmgente.com.ar\/web\/#website"},"primaryImageOfPage":{"@id":"https:\/\/fmgente.com.ar\/web\/trump-planea-reducir-el-numero-de-tropas-en-tres-paises-europeos\/#primaryimage"},"image":{"@id":"https:\/\/fmgente.com.ar\/web\/trump-planea-reducir-el-numero-de-tropas-en-tres-paises-europeos\/#primaryimage"},"thumbnailUrl":"https:\/\/fmgente.com.ar\/web\/wp-content\/uploads\/2026\/04\/720-1501.jpeg","datePublished":"2026-05-01T01:06:44+00:00","inLanguage":"es","potentialAction":[{"@type":"ReadAction","target":["https:\/\/fmgente.com.ar\/web\/trump-planea-reducir-el-numero-de-tropas-en-tres-paises-europeos\/"]}]},{"@type":"ImageObject","inLanguage":"es","@id":"https:\/\/fmgente.com.ar\/web\/trump-planea-reducir-el-numero-de-tropas-en-tres-paises-europeos\/#primaryimage","url":"https:\/\/fmgente.com.ar\/web\/wp-content\/uploads\/2026\/04\/720-1501.jpeg","contentUrl":"https:\/\/fmgente.com.ar\/web\/wp-content\/uploads\/2026\/04\/720-1501.jpeg","width":1280,"height":711},{"@type":"WebSite","@id":"https:\/\/fmgente.com.ar\/web\/#website","url":"https:\/\/fmgente.com.ar\/web\/","name":"Fm Gente","description":"- Jes\u00fas Mar\u00eda","publisher":{"@id":"https:\/\/fmgente.com.ar\/web\/#organization"},"potentialAction":[{"@type":"SearchAction","target":{"@type":"EntryPoint","urlTemplate":"https:\/\/fmgente.com.ar\/web\/?s={search_term_string}"},"query-input":{"@type":"PropertyValueSpecification","valueRequired":true,"valueName":"search_term_string"}}],"inLanguage":"es"},{"@type":"Organization","@id":"https:\/\/fmgente.com.ar\/web\/#organization","name":"Fm Gente","url":"https:\/\/fmgente.com.ar\/web\/","logo":{"@type":"ImageObject","inLanguage":"es","@id":"https:\/\/fmgente.com.ar\/web\/#\/schema\/logo\/image\/","url":"https:\/\/fmgente.com.ar\/web\/wp-content\/uploads\/2023\/07\/cropped-cropped-logo-sombra2.png","contentUrl":"https:\/\/fmgente.com.ar\/web\/wp-content\/uploads\/2023\/07\/cropped-cropped-logo-sombra2.png","width":1782,"height":1782,"caption":"Fm Gente"},"image":{"@id":"https:\/\/fmgente.com.ar\/web\/#\/schema\/logo\/image\/"}}]}},"_links":{"self":[{"href":"https:\/\/fmgente.com.ar\/web\/wp-json\/wp\/v2\/posts\/21309","targetHints":{"allow":["GET"]}}],"collection":[{"href":"https:\/\/fmgente.com.ar\/web\/wp-json\/wp\/v2\/posts"}],"about":[{"href":"https:\/\/fmgente.com.ar\/web\/wp-json\/wp\/v2\/types\/post"}],"replies":[{"embeddable":true,"href":"https:\/\/fmgente.com.ar\/web\/wp-json\/wp\/v2\/comments?post=21309"}],"version-history":[{"count":0,"href":"https:\/\/fmgente.com.ar\/web\/wp-json\/wp\/v2\/posts\/21309\/revisions"}],"wp:featuredmedia":[{"embeddable":true,"href":"https:\/\/fmgente.com.ar\/web\/wp-json\/wp\/v2\/media\/21310"}],"wp:attachment":[{"href":"https:\/\/fmgente.com.ar\/web\/wp-json\/wp\/v2\/media?parent=21309"}],"wp:term":[{"taxonomy":"category","embeddable":true,"href":"https:\/\/fmgente.com.ar\/web\/wp-json\/wp\/v2\/categories?post=21309"},{"taxonomy":"post_tag","embeddable":true,"href":"https:\/\/fmgente.com.ar\/web\/wp-json\/wp\/v2\/tags?post=21309"}],"curies":[{"name":"wp","href":"https:\/\/api.w.org\/{rel}","templated":true}]}}