{"id":21307,"date":"2026-04-30T22:06:43","date_gmt":"2026-05-01T01:06:43","guid":{"rendered":"https:\/\/fmgente.com.ar\/web\/ataque-con-arma-blanca-causo-cinco-heridos-en-secundaria-del-estado-de-washington\/"},"modified":"2026-04-30T22:06:43","modified_gmt":"2026-05-01T01:06:43","slug":"ataque-con-arma-blanca-causo-cinco-heridos-en-secundaria-del-estado-de-washington","status":"publish","type":"post","link":"https:\/\/fmgente.com.ar\/web\/ataque-con-arma-blanca-causo-cinco-heridos-en-secundaria-del-estado-de-washington\/","title":{"rendered":"Ataque con arma blanca caus\u00f3 cinco heridos en secundaria del estado de Washington"},"content":{"rendered":"<p>Buenos Aires, 30 abril (NA) \u2013 Cinco personas resultaron heridas hoy por la tarde en un presunto apu\u00f1alamiento en una secundaria de Tacoma, en el estado de Washington, Estados Unidos, informaron las autoridades locales.<\/p>\n<p>Cuatro estudiantes y un guardia de seguridad fueron trasladados a un hospital despu\u00e9s del incidente en la escuela Foss High School, informaron los departamentos de bomberos y de polic\u00eda de Tacoma.<\/p>\n<p>Los bomberos y la polic\u00eda respondieron esta tarde, tras una llamada sobre un altercado o un posible apu\u00f1alamiento en el establecimiento educativo, seg\u00fan supo la Agencia Noticias Argentinas.<\/p>\n<p>La escuela fue cerrada temporalmente despu\u00e9s del incidente y la polic\u00eda indic\u00f3 que el lugar fue asegurado y que los oficiales est\u00e1n trabajando con la escuela para reunir a los estudiantes con sus familiares. Las circunstancias del incidente se est\u00e1n investigando.<\/p>\n<p>#AgenciaNA<\/p>\n","protected":false},"excerpt":{"rendered":"<p>Buenos Aires, 30 abril (NA) \u2013 Cinco personas resultaron heridas hoy por la tarde en<\/p>\n","protected":false},"author":0,"featured_media":21308,"comment_status":"","ping_status":"","sticky":false,"template":"","format":"standard","meta":{"footnotes":""},"categories":[1],"tags":[],"class_list":["post-21307","post","type-post","status-publish","format-standard","has-post-thumbnail","hentry","category-regionales"],"yoast_head":"<!-- This site is optimized with the Yoast SEO plugin v27.4 - https:\/\/yoast.com\/product\/yoast-seo-wordpress\/ -->\n<title>Ataque con arma blanca caus\u00f3 cinco heridos en secundaria del estado de Washington - Fm Gente<\/title>\n<meta name=\"robots\" content=\"index, follow, max-snippet:-1, max-image-preview:large, max-video-preview:-1\" \/>\n<link rel=\"canonical\" href=\"https:\/\/fmgente.com.ar\/web\/ataque-con-arma-blanca-causo-cinco-heridos-en-secundaria-del-estado-de-washington\/\" \/>\n<meta property=\"og:locale\" content=\"es_ES\" \/>\n<meta property=\"og:type\" content=\"article\" \/>\n<meta property=\"og:title\" content=\"Ataque con arma blanca caus\u00f3 cinco heridos en secundaria del estado de Washington - Fm Gente\" \/>\n<meta property=\"og:description\" content=\"Buenos Aires, 30 abril (NA) \u2013 Cinco personas resultaron heridas hoy por la tarde en\" \/>\n<meta property=\"og:url\" content=\"https:\/\/fmgente.com.ar\/web\/ataque-con-arma-blanca-causo-cinco-heridos-en-secundaria-del-estado-de-washington\/\" \/>\n<meta property=\"og:site_name\" content=\"Fm Gente\" \/>\n<meta property=\"article:published_time\" content=\"2026-05-01T01:06:43+00:00\" \/>\n<meta name=\"twitter:card\" content=\"summary_large_image\" \/>\n<meta name=\"twitter:label1\" content=\"Tiempo de lectura\" \/>\n\t<meta name=\"twitter:data1\" content=\"1 minuto\" \/>\n<script type=\"application\/ld+json\" class=\"yoast-schema-graph\">{\"@context\":\"https:\\\/\\\/schema.org\",\"@graph\":[{\"@type\":\"Article\",\"@id\":\"https:\\\/\\\/fmgente.com.ar\\\/web\\\/ataque-con-arma-blanca-causo-cinco-heridos-en-secundaria-del-estado-de-washington\\\/#article\",\"isPartOf\":{\"@id\":\"https:\\\/\\\/fmgente.com.ar\\\/web\\\/ataque-con-arma-blanca-causo-cinco-heridos-en-secundaria-del-estado-de-washington\\\/\"},\"author\":{\"name\":\"\",\"@id\":\"\"},\"headline\":\"Ataque con arma blanca caus\u00f3 cinco heridos en secundaria del estado de Washington\",\"datePublished\":\"2026-05-01T01:06:43+00:00\",\"mainEntityOfPage\":{\"@id\":\"https:\\\/\\\/fmgente.com.ar\\\/web\\\/ataque-con-arma-blanca-causo-cinco-heridos-en-secundaria-del-estado-de-washington\\\/\"},\"wordCount\":156,\"publisher\":{\"@id\":\"https:\\\/\\\/fmgente.com.ar\\\/web\\\/#organization\"},\"image\":{\"@id\":\"https:\\\/\\\/fmgente.com.ar\\\/web\\\/ataque-con-arma-blanca-causo-cinco-heridos-en-secundaria-del-estado-de-washington\\\/#primaryimage\"},\"thumbnailUrl\":\"https:\\\/\\\/fmgente.com.ar\\\/web\\\/wp-content\\\/uploads\\\/2026\\\/04\\\/720-1500.jpeg\",\"articleSection\":[\"REGIONALES\"],\"inLanguage\":\"es\"},{\"@type\":\"WebPage\",\"@id\":\"https:\\\/\\\/fmgente.com.ar\\\/web\\\/ataque-con-arma-blanca-causo-cinco-heridos-en-secundaria-del-estado-de-washington\\\/\",\"url\":\"https:\\\/\\\/fmgente.com.ar\\\/web\\\/ataque-con-arma-blanca-causo-cinco-heridos-en-secundaria-del-estado-de-washington\\\/\",\"name\":\"Ataque con arma blanca caus\u00f3 cinco heridos en secundaria del estado de Washington - Fm Gente\",\"isPartOf\":{\"@id\":\"https:\\\/\\\/fmgente.com.ar\\\/web\\\/#website\"},\"primaryImageOfPage\":{\"@id\":\"https:\\\/\\\/fmgente.com.ar\\\/web\\\/ataque-con-arma-blanca-causo-cinco-heridos-en-secundaria-del-estado-de-washington\\\/#primaryimage\"},\"image\":{\"@id\":\"https:\\\/\\\/fmgente.com.ar\\\/web\\\/ataque-con-arma-blanca-causo-cinco-heridos-en-secundaria-del-estado-de-washington\\\/#primaryimage\"},\"thumbnailUrl\":\"https:\\\/\\\/fmgente.com.ar\\\/web\\\/wp-content\\\/uploads\\\/2026\\\/04\\\/720-1500.jpeg\",\"datePublished\":\"2026-05-01T01:06:43+00:00\",\"inLanguage\":\"es\",\"potentialAction\":[{\"@type\":\"ReadAction\",\"target\":[\"https:\\\/\\\/fmgente.com.ar\\\/web\\\/ataque-con-arma-blanca-causo-cinco-heridos-en-secundaria-del-estado-de-washington\\\/\"]}]},{\"@type\":\"ImageObject\",\"inLanguage\":\"es\",\"@id\":\"https:\\\/\\\/fmgente.com.ar\\\/web\\\/ataque-con-arma-blanca-causo-cinco-heridos-en-secundaria-del-estado-de-washington\\\/#primaryimage\",\"url\":\"https:\\\/\\\/fmgente.com.ar\\\/web\\\/wp-content\\\/uploads\\\/2026\\\/04\\\/720-1500.jpeg\",\"contentUrl\":\"https:\\\/\\\/fmgente.com.ar\\\/web\\\/wp-content\\\/uploads\\\/2026\\\/04\\\/720-1500.jpeg\",\"width\":1204,\"height\":720},{\"@type\":\"WebSite\",\"@id\":\"https:\\\/\\\/fmgente.com.ar\\\/web\\\/#website\",\"url\":\"https:\\\/\\\/fmgente.com.ar\\\/web\\\/\",\"name\":\"Fm Gente\",\"description\":\"- Jes\u00fas Mar\u00eda\",\"publisher\":{\"@id\":\"https:\\\/\\\/fmgente.com.ar\\\/web\\\/#organization\"},\"potentialAction\":[{\"@type\":\"SearchAction\",\"target\":{\"@type\":\"EntryPoint\",\"urlTemplate\":\"https:\\\/\\\/fmgente.com.ar\\\/web\\\/?s={search_term_string}\"},\"query-input\":{\"@type\":\"PropertyValueSpecification\",\"valueRequired\":true,\"valueName\":\"search_term_string\"}}],\"inLanguage\":\"es\"},{\"@type\":\"Organization\",\"@id\":\"https:\\\/\\\/fmgente.com.ar\\\/web\\\/#organization\",\"name\":\"Fm Gente\",\"url\":\"https:\\\/\\\/fmgente.com.ar\\\/web\\\/\",\"logo\":{\"@type\":\"ImageObject\",\"inLanguage\":\"es\",\"@id\":\"https:\\\/\\\/fmgente.com.ar\\\/web\\\/#\\\/schema\\\/logo\\\/image\\\/\",\"url\":\"https:\\\/\\\/fmgente.com.ar\\\/web\\\/wp-content\\\/uploads\\\/2023\\\/07\\\/cropped-cropped-logo-sombra2.png\",\"contentUrl\":\"https:\\\/\\\/fmgente.com.ar\\\/web\\\/wp-content\\\/uploads\\\/2023\\\/07\\\/cropped-cropped-logo-sombra2.png\",\"width\":1782,\"height\":1782,\"caption\":\"Fm Gente\"},\"image\":{\"@id\":\"https:\\\/\\\/fmgente.com.ar\\\/web\\\/#\\\/schema\\\/logo\\\/image\\\/\"}}]}<\/script>\n<!-- \/ Yoast SEO plugin. -->","yoast_head_json":{"title":"Ataque con arma blanca caus\u00f3 cinco heridos en secundaria del estado de Washington - Fm Gente","robots":{"index":"index","follow":"follow","max-snippet":"max-snippet:-1","max-image-preview":"max-image-preview:large","max-video-preview":"max-video-preview:-1"},"canonical":"https:\/\/fmgente.com.ar\/web\/ataque-con-arma-blanca-causo-cinco-heridos-en-secundaria-del-estado-de-washington\/","og_locale":"es_ES","og_type":"article","og_title":"Ataque con arma blanca caus\u00f3 cinco heridos en secundaria del estado de Washington - Fm Gente","og_description":"Buenos Aires, 30 abril (NA) \u2013 Cinco personas resultaron heridas hoy por la tarde en","og_url":"https:\/\/fmgente.com.ar\/web\/ataque-con-arma-blanca-causo-cinco-heridos-en-secundaria-del-estado-de-washington\/","og_site_name":"Fm Gente","article_published_time":"2026-05-01T01:06:43+00:00","twitter_card":"summary_large_image","twitter_misc":{"Tiempo de lectura":"1 minuto"},"schema":{"@context":"https:\/\/schema.org","@graph":[{"@type":"Article","@id":"https:\/\/fmgente.com.ar\/web\/ataque-con-arma-blanca-causo-cinco-heridos-en-secundaria-del-estado-de-washington\/#article","isPartOf":{"@id":"https:\/\/fmgente.com.ar\/web\/ataque-con-arma-blanca-causo-cinco-heridos-en-secundaria-del-estado-de-washington\/"},"author":{"name":"","@id":""},"headline":"Ataque con arma blanca caus\u00f3 cinco heridos en secundaria del estado de Washington","datePublished":"2026-05-01T01:06:43+00:00","mainEntityOfPage":{"@id":"https:\/\/fmgente.com.ar\/web\/ataque-con-arma-blanca-causo-cinco-heridos-en-secundaria-del-estado-de-washington\/"},"wordCount":156,"publisher":{"@id":"https:\/\/fmgente.com.ar\/web\/#organization"},"image":{"@id":"https:\/\/fmgente.com.ar\/web\/ataque-con-arma-blanca-causo-cinco-heridos-en-secundaria-del-estado-de-washington\/#primaryimage"},"thumbnailUrl":"https:\/\/fmgente.com.ar\/web\/wp-content\/uploads\/2026\/04\/720-1500.jpeg","articleSection":["REGIONALES"],"inLanguage":"es"},{"@type":"WebPage","@id":"https:\/\/fmgente.com.ar\/web\/ataque-con-arma-blanca-causo-cinco-heridos-en-secundaria-del-estado-de-washington\/","url":"https:\/\/fmgente.com.ar\/web\/ataque-con-arma-blanca-causo-cinco-heridos-en-secundaria-del-estado-de-washington\/","name":"Ataque con arma blanca caus\u00f3 cinco heridos en secundaria del estado de Washington - Fm Gente","isPartOf":{"@id":"https:\/\/fmgente.com.ar\/web\/#website"},"primaryImageOfPage":{"@id":"https:\/\/fmgente.com.ar\/web\/ataque-con-arma-blanca-causo-cinco-heridos-en-secundaria-del-estado-de-washington\/#primaryimage"},"image":{"@id":"https:\/\/fmgente.com.ar\/web\/ataque-con-arma-blanca-causo-cinco-heridos-en-secundaria-del-estado-de-washington\/#primaryimage"},"thumbnailUrl":"https:\/\/fmgente.com.ar\/web\/wp-content\/uploads\/2026\/04\/720-1500.jpeg","datePublished":"2026-05-01T01:06:43+00:00","inLanguage":"es","potentialAction":[{"@type":"ReadAction","target":["https:\/\/fmgente.com.ar\/web\/ataque-con-arma-blanca-causo-cinco-heridos-en-secundaria-del-estado-de-washington\/"]}]},{"@type":"ImageObject","inLanguage":"es","@id":"https:\/\/fmgente.com.ar\/web\/ataque-con-arma-blanca-causo-cinco-heridos-en-secundaria-del-estado-de-washington\/#primaryimage","url":"https:\/\/fmgente.com.ar\/web\/wp-content\/uploads\/2026\/04\/720-1500.jpeg","contentUrl":"https:\/\/fmgente.com.ar\/web\/wp-content\/uploads\/2026\/04\/720-1500.jpeg","width":1204,"height":720},{"@type":"WebSite","@id":"https:\/\/fmgente.com.ar\/web\/#website","url":"https:\/\/fmgente.com.ar\/web\/","name":"Fm Gente","description":"- Jes\u00fas Mar\u00eda","publisher":{"@id":"https:\/\/fmgente.com.ar\/web\/#organization"},"potentialAction":[{"@type":"SearchAction","target":{"@type":"EntryPoint","urlTemplate":"https:\/\/fmgente.com.ar\/web\/?s={search_term_string}"},"query-input":{"@type":"PropertyValueSpecification","valueRequired":true,"valueName":"search_term_string"}}],"inLanguage":"es"},{"@type":"Organization","@id":"https:\/\/fmgente.com.ar\/web\/#organization","name":"Fm Gente","url":"https:\/\/fmgente.com.ar\/web\/","logo":{"@type":"ImageObject","inLanguage":"es","@id":"https:\/\/fmgente.com.ar\/web\/#\/schema\/logo\/image\/","url":"https:\/\/fmgente.com.ar\/web\/wp-content\/uploads\/2023\/07\/cropped-cropped-logo-sombra2.png","contentUrl":"https:\/\/fmgente.com.ar\/web\/wp-content\/uploads\/2023\/07\/cropped-cropped-logo-sombra2.png","width":1782,"height":1782,"caption":"Fm Gente"},"image":{"@id":"https:\/\/fmgente.com.ar\/web\/#\/schema\/logo\/image\/"}}]}},"_links":{"self":[{"href":"https:\/\/fmgente.com.ar\/web\/wp-json\/wp\/v2\/posts\/21307","targetHints":{"allow":["GET"]}}],"collection":[{"href":"https:\/\/fmgente.com.ar\/web\/wp-json\/wp\/v2\/posts"}],"about":[{"href":"https:\/\/fmgente.com.ar\/web\/wp-json\/wp\/v2\/types\/post"}],"replies":[{"embeddable":true,"href":"https:\/\/fmgente.com.ar\/web\/wp-json\/wp\/v2\/comments?post=21307"}],"version-history":[{"count":0,"href":"https:\/\/fmgente.com.ar\/web\/wp-json\/wp\/v2\/posts\/21307\/revisions"}],"wp:featuredmedia":[{"embeddable":true,"href":"https:\/\/fmgente.com.ar\/web\/wp-json\/wp\/v2\/media\/21308"}],"wp:attachment":[{"href":"https:\/\/fmgente.com.ar\/web\/wp-json\/wp\/v2\/media?parent=21307"}],"wp:term":[{"taxonomy":"category","embeddable":true,"href":"https:\/\/fmgente.com.ar\/web\/wp-json\/wp\/v2\/categories?post=21307"},{"taxonomy":"post_tag","embeddable":true,"href":"https:\/\/fmgente.com.ar\/web\/wp-json\/wp\/v2\/tags?post=21307"}],"curies":[{"name":"wp","href":"https:\/\/api.w.org\/{rel}","templated":true}]}}