{"id":21303,"date":"2026-04-30T22:06:41","date_gmt":"2026-05-01T01:06:41","guid":{"rendered":"https:\/\/fmgente.com.ar\/web\/lionel-messi-se-presento-ante-el-plantel-del-cornella-el-club-espanol-que-compro\/"},"modified":"2026-04-30T22:06:41","modified_gmt":"2026-05-01T01:06:41","slug":"lionel-messi-se-presento-ante-el-plantel-del-cornella-el-club-espanol-que-compro","status":"publish","type":"post","link":"https:\/\/fmgente.com.ar\/web\/lionel-messi-se-presento-ante-el-plantel-del-cornella-el-club-espanol-que-compro\/","title":{"rendered":"Lionel Messi se present\u00f3 ante el plantel del Cornell\u00e0, el club espa\u00f1ol que compr\u00f3"},"content":{"rendered":"<p>Buenos Aires, 30 abril (NA) \u2013 El astro argentino Lionel Messi se present\u00f3 con un video ante los jugadores y el cuerpo t\u00e9cnico de la Uni\u00f3 Esportiva Cornell\u00e0, el club catal\u00e1n que compr\u00f3 en los \u00faltimos d\u00edas.<\/p>\n<p>Seg\u00fan supo la Agencia Noticias Argentinas, el delantero del Inter Miami asegur\u00f3 que buscar\u00e1n hacer crecer al club y afirm\u00f3 estar ilusionado por el nuevo proyecto.<\/p>\n<p>El Cornell\u00e0, que cumpli\u00f3 su 75\u00b0 aniversario en el d\u00eda de ayer, se encuentra en la divisi\u00f3n Tercera Federaci\u00f3n, la quinta categor\u00eda en la estructura del f\u00fatbol espa\u00f1ol.<\/p>\n<p>Algunos d\u00edas despu\u00e9s de confirmarse que hab\u00eda comprado el club, Lionel Messi se present\u00f3 como nuevo due\u00f1o mediante un video que fue mostrado al plantel de Primera y al cuerpo t\u00e9cnico de su nueva instituci\u00f3n.<\/p>\n<p>En el mismo, el \u201c10\u201d argentino coment\u00f3 que su principal objetivo es el crecimiento del club y afirm\u00f3 que tiene \u201cmucha ilusi\u00f3n\u201d de cara a este nuevo proyecto, en el que por primera vez en su carrera estar\u00e1 involucrado con un club desde una posici\u00f3n lejana al verde c\u00e9sped.<\/p>\n<p>La presentaci\u00f3n fue publicada en un video compartido por las redes sociales del club, las cuales han recibido un l\u00f3gico aumento en sus seguidores desde que se confirm\u00f3 la noticia de la llegada de Messi como propietario del club.<\/p>\n<p>Fundado en 1951 en la localidad catalana de Cornell\u00e0 de Llobregat, en Barcelona, el club hace de local en el estadio municipal de su ciudad y no se encuentra en su mejor momento: luego de dos descensos consecutivos, el elenco catal\u00e1n se encuentra en su vigesimos\u00e9ptima temporada en el quinto escal\u00f3n del f\u00fatbol espa\u00f1ol.<\/p>\n<p>De todas formas, a dos fechas del final del campeonato, la instituci\u00f3n se encuentra en el tercer lugar del grupo 5 con 56 puntos, con la clasificaci\u00f3n garantizada al reducido por el segundo ascenso a Segunda Federaci\u00f3n.<\/p>\n<p>#AgenciaNA<\/p>\n","protected":false},"excerpt":{"rendered":"<p>Buenos Aires, 30 abril (NA) \u2013 El astro argentino Lionel Messi se present\u00f3 con un<\/p>\n","protected":false},"author":0,"featured_media":21304,"comment_status":"","ping_status":"","sticky":false,"template":"","format":"standard","meta":{"footnotes":""},"categories":[1],"tags":[],"class_list":["post-21303","post","type-post","status-publish","format-standard","has-post-thumbnail","hentry","category-regionales"],"yoast_head":"<!-- This site is optimized with the Yoast SEO plugin v27.4 - https:\/\/yoast.com\/product\/yoast-seo-wordpress\/ -->\n<title>Lionel Messi se present\u00f3 ante el plantel del Cornell\u00e0, el club espa\u00f1ol que compr\u00f3 - Fm Gente<\/title>\n<meta name=\"robots\" content=\"index, follow, max-snippet:-1, max-image-preview:large, max-video-preview:-1\" \/>\n<link rel=\"canonical\" href=\"https:\/\/fmgente.com.ar\/web\/lionel-messi-se-presento-ante-el-plantel-del-cornella-el-club-espanol-que-compro\/\" \/>\n<meta property=\"og:locale\" content=\"es_ES\" \/>\n<meta property=\"og:type\" content=\"article\" \/>\n<meta property=\"og:title\" content=\"Lionel Messi se present\u00f3 ante el plantel del Cornell\u00e0, el club espa\u00f1ol que compr\u00f3 - Fm Gente\" \/>\n<meta property=\"og:description\" content=\"Buenos Aires, 30 abril (NA) \u2013 El astro argentino Lionel Messi se present\u00f3 con un\" \/>\n<meta property=\"og:url\" content=\"https:\/\/fmgente.com.ar\/web\/lionel-messi-se-presento-ante-el-plantel-del-cornella-el-club-espanol-que-compro\/\" \/>\n<meta property=\"og:site_name\" content=\"Fm Gente\" \/>\n<meta property=\"article:published_time\" content=\"2026-05-01T01:06:41+00:00\" \/>\n<meta name=\"twitter:card\" content=\"summary_large_image\" \/>\n<meta name=\"twitter:label1\" content=\"Tiempo de lectura\" \/>\n\t<meta name=\"twitter:data1\" content=\"2 minutos\" \/>\n<script type=\"application\/ld+json\" class=\"yoast-schema-graph\">{\"@context\":\"https:\\\/\\\/schema.org\",\"@graph\":[{\"@type\":\"Article\",\"@id\":\"https:\\\/\\\/fmgente.com.ar\\\/web\\\/lionel-messi-se-presento-ante-el-plantel-del-cornella-el-club-espanol-que-compro\\\/#article\",\"isPartOf\":{\"@id\":\"https:\\\/\\\/fmgente.com.ar\\\/web\\\/lionel-messi-se-presento-ante-el-plantel-del-cornella-el-club-espanol-que-compro\\\/\"},\"author\":{\"name\":\"\",\"@id\":\"\"},\"headline\":\"Lionel Messi se present\u00f3 ante el plantel del Cornell\u00e0, el club espa\u00f1ol que compr\u00f3\",\"datePublished\":\"2026-05-01T01:06:41+00:00\",\"mainEntityOfPage\":{\"@id\":\"https:\\\/\\\/fmgente.com.ar\\\/web\\\/lionel-messi-se-presento-ante-el-plantel-del-cornella-el-club-espanol-que-compro\\\/\"},\"wordCount\":344,\"publisher\":{\"@id\":\"https:\\\/\\\/fmgente.com.ar\\\/web\\\/#organization\"},\"image\":{\"@id\":\"https:\\\/\\\/fmgente.com.ar\\\/web\\\/lionel-messi-se-presento-ante-el-plantel-del-cornella-el-club-espanol-que-compro\\\/#primaryimage\"},\"thumbnailUrl\":\"https:\\\/\\\/fmgente.com.ar\\\/web\\\/wp-content\\\/uploads\\\/2026\\\/04\\\/720-1498.jpeg\",\"articleSection\":[\"REGIONALES\"],\"inLanguage\":\"es\"},{\"@type\":\"WebPage\",\"@id\":\"https:\\\/\\\/fmgente.com.ar\\\/web\\\/lionel-messi-se-presento-ante-el-plantel-del-cornella-el-club-espanol-que-compro\\\/\",\"url\":\"https:\\\/\\\/fmgente.com.ar\\\/web\\\/lionel-messi-se-presento-ante-el-plantel-del-cornella-el-club-espanol-que-compro\\\/\",\"name\":\"Lionel Messi se present\u00f3 ante el plantel del Cornell\u00e0, el club espa\u00f1ol que compr\u00f3 - Fm Gente\",\"isPartOf\":{\"@id\":\"https:\\\/\\\/fmgente.com.ar\\\/web\\\/#website\"},\"primaryImageOfPage\":{\"@id\":\"https:\\\/\\\/fmgente.com.ar\\\/web\\\/lionel-messi-se-presento-ante-el-plantel-del-cornella-el-club-espanol-que-compro\\\/#primaryimage\"},\"image\":{\"@id\":\"https:\\\/\\\/fmgente.com.ar\\\/web\\\/lionel-messi-se-presento-ante-el-plantel-del-cornella-el-club-espanol-que-compro\\\/#primaryimage\"},\"thumbnailUrl\":\"https:\\\/\\\/fmgente.com.ar\\\/web\\\/wp-content\\\/uploads\\\/2026\\\/04\\\/720-1498.jpeg\",\"datePublished\":\"2026-05-01T01:06:41+00:00\",\"inLanguage\":\"es\",\"potentialAction\":[{\"@type\":\"ReadAction\",\"target\":[\"https:\\\/\\\/fmgente.com.ar\\\/web\\\/lionel-messi-se-presento-ante-el-plantel-del-cornella-el-club-espanol-que-compro\\\/\"]}]},{\"@type\":\"ImageObject\",\"inLanguage\":\"es\",\"@id\":\"https:\\\/\\\/fmgente.com.ar\\\/web\\\/lionel-messi-se-presento-ante-el-plantel-del-cornella-el-club-espanol-que-compro\\\/#primaryimage\",\"url\":\"https:\\\/\\\/fmgente.com.ar\\\/web\\\/wp-content\\\/uploads\\\/2026\\\/04\\\/720-1498.jpeg\",\"contentUrl\":\"https:\\\/\\\/fmgente.com.ar\\\/web\\\/wp-content\\\/uploads\\\/2026\\\/04\\\/720-1498.jpeg\",\"width\":543,\"height\":720},{\"@type\":\"WebSite\",\"@id\":\"https:\\\/\\\/fmgente.com.ar\\\/web\\\/#website\",\"url\":\"https:\\\/\\\/fmgente.com.ar\\\/web\\\/\",\"name\":\"Fm Gente\",\"description\":\"- Jes\u00fas Mar\u00eda\",\"publisher\":{\"@id\":\"https:\\\/\\\/fmgente.com.ar\\\/web\\\/#organization\"},\"potentialAction\":[{\"@type\":\"SearchAction\",\"target\":{\"@type\":\"EntryPoint\",\"urlTemplate\":\"https:\\\/\\\/fmgente.com.ar\\\/web\\\/?s={search_term_string}\"},\"query-input\":{\"@type\":\"PropertyValueSpecification\",\"valueRequired\":true,\"valueName\":\"search_term_string\"}}],\"inLanguage\":\"es\"},{\"@type\":\"Organization\",\"@id\":\"https:\\\/\\\/fmgente.com.ar\\\/web\\\/#organization\",\"name\":\"Fm Gente\",\"url\":\"https:\\\/\\\/fmgente.com.ar\\\/web\\\/\",\"logo\":{\"@type\":\"ImageObject\",\"inLanguage\":\"es\",\"@id\":\"https:\\\/\\\/fmgente.com.ar\\\/web\\\/#\\\/schema\\\/logo\\\/image\\\/\",\"url\":\"https:\\\/\\\/fmgente.com.ar\\\/web\\\/wp-content\\\/uploads\\\/2023\\\/07\\\/cropped-cropped-logo-sombra2.png\",\"contentUrl\":\"https:\\\/\\\/fmgente.com.ar\\\/web\\\/wp-content\\\/uploads\\\/2023\\\/07\\\/cropped-cropped-logo-sombra2.png\",\"width\":1782,\"height\":1782,\"caption\":\"Fm Gente\"},\"image\":{\"@id\":\"https:\\\/\\\/fmgente.com.ar\\\/web\\\/#\\\/schema\\\/logo\\\/image\\\/\"}}]}<\/script>\n<!-- \/ Yoast SEO plugin. -->","yoast_head_json":{"title":"Lionel Messi se present\u00f3 ante el plantel del Cornell\u00e0, el club espa\u00f1ol que compr\u00f3 - Fm Gente","robots":{"index":"index","follow":"follow","max-snippet":"max-snippet:-1","max-image-preview":"max-image-preview:large","max-video-preview":"max-video-preview:-1"},"canonical":"https:\/\/fmgente.com.ar\/web\/lionel-messi-se-presento-ante-el-plantel-del-cornella-el-club-espanol-que-compro\/","og_locale":"es_ES","og_type":"article","og_title":"Lionel Messi se present\u00f3 ante el plantel del Cornell\u00e0, el club espa\u00f1ol que compr\u00f3 - Fm Gente","og_description":"Buenos Aires, 30 abril (NA) \u2013 El astro argentino Lionel Messi se present\u00f3 con un","og_url":"https:\/\/fmgente.com.ar\/web\/lionel-messi-se-presento-ante-el-plantel-del-cornella-el-club-espanol-que-compro\/","og_site_name":"Fm Gente","article_published_time":"2026-05-01T01:06:41+00:00","twitter_card":"summary_large_image","twitter_misc":{"Tiempo de lectura":"2 minutos"},"schema":{"@context":"https:\/\/schema.org","@graph":[{"@type":"Article","@id":"https:\/\/fmgente.com.ar\/web\/lionel-messi-se-presento-ante-el-plantel-del-cornella-el-club-espanol-que-compro\/#article","isPartOf":{"@id":"https:\/\/fmgente.com.ar\/web\/lionel-messi-se-presento-ante-el-plantel-del-cornella-el-club-espanol-que-compro\/"},"author":{"name":"","@id":""},"headline":"Lionel Messi se present\u00f3 ante el plantel del Cornell\u00e0, el club espa\u00f1ol que compr\u00f3","datePublished":"2026-05-01T01:06:41+00:00","mainEntityOfPage":{"@id":"https:\/\/fmgente.com.ar\/web\/lionel-messi-se-presento-ante-el-plantel-del-cornella-el-club-espanol-que-compro\/"},"wordCount":344,"publisher":{"@id":"https:\/\/fmgente.com.ar\/web\/#organization"},"image":{"@id":"https:\/\/fmgente.com.ar\/web\/lionel-messi-se-presento-ante-el-plantel-del-cornella-el-club-espanol-que-compro\/#primaryimage"},"thumbnailUrl":"https:\/\/fmgente.com.ar\/web\/wp-content\/uploads\/2026\/04\/720-1498.jpeg","articleSection":["REGIONALES"],"inLanguage":"es"},{"@type":"WebPage","@id":"https:\/\/fmgente.com.ar\/web\/lionel-messi-se-presento-ante-el-plantel-del-cornella-el-club-espanol-que-compro\/","url":"https:\/\/fmgente.com.ar\/web\/lionel-messi-se-presento-ante-el-plantel-del-cornella-el-club-espanol-que-compro\/","name":"Lionel Messi se present\u00f3 ante el plantel del Cornell\u00e0, el club espa\u00f1ol que compr\u00f3 - Fm Gente","isPartOf":{"@id":"https:\/\/fmgente.com.ar\/web\/#website"},"primaryImageOfPage":{"@id":"https:\/\/fmgente.com.ar\/web\/lionel-messi-se-presento-ante-el-plantel-del-cornella-el-club-espanol-que-compro\/#primaryimage"},"image":{"@id":"https:\/\/fmgente.com.ar\/web\/lionel-messi-se-presento-ante-el-plantel-del-cornella-el-club-espanol-que-compro\/#primaryimage"},"thumbnailUrl":"https:\/\/fmgente.com.ar\/web\/wp-content\/uploads\/2026\/04\/720-1498.jpeg","datePublished":"2026-05-01T01:06:41+00:00","inLanguage":"es","potentialAction":[{"@type":"ReadAction","target":["https:\/\/fmgente.com.ar\/web\/lionel-messi-se-presento-ante-el-plantel-del-cornella-el-club-espanol-que-compro\/"]}]},{"@type":"ImageObject","inLanguage":"es","@id":"https:\/\/fmgente.com.ar\/web\/lionel-messi-se-presento-ante-el-plantel-del-cornella-el-club-espanol-que-compro\/#primaryimage","url":"https:\/\/fmgente.com.ar\/web\/wp-content\/uploads\/2026\/04\/720-1498.jpeg","contentUrl":"https:\/\/fmgente.com.ar\/web\/wp-content\/uploads\/2026\/04\/720-1498.jpeg","width":543,"height":720},{"@type":"WebSite","@id":"https:\/\/fmgente.com.ar\/web\/#website","url":"https:\/\/fmgente.com.ar\/web\/","name":"Fm Gente","description":"- Jes\u00fas Mar\u00eda","publisher":{"@id":"https:\/\/fmgente.com.ar\/web\/#organization"},"potentialAction":[{"@type":"SearchAction","target":{"@type":"EntryPoint","urlTemplate":"https:\/\/fmgente.com.ar\/web\/?s={search_term_string}"},"query-input":{"@type":"PropertyValueSpecification","valueRequired":true,"valueName":"search_term_string"}}],"inLanguage":"es"},{"@type":"Organization","@id":"https:\/\/fmgente.com.ar\/web\/#organization","name":"Fm Gente","url":"https:\/\/fmgente.com.ar\/web\/","logo":{"@type":"ImageObject","inLanguage":"es","@id":"https:\/\/fmgente.com.ar\/web\/#\/schema\/logo\/image\/","url":"https:\/\/fmgente.com.ar\/web\/wp-content\/uploads\/2023\/07\/cropped-cropped-logo-sombra2.png","contentUrl":"https:\/\/fmgente.com.ar\/web\/wp-content\/uploads\/2023\/07\/cropped-cropped-logo-sombra2.png","width":1782,"height":1782,"caption":"Fm Gente"},"image":{"@id":"https:\/\/fmgente.com.ar\/web\/#\/schema\/logo\/image\/"}}]}},"_links":{"self":[{"href":"https:\/\/fmgente.com.ar\/web\/wp-json\/wp\/v2\/posts\/21303","targetHints":{"allow":["GET"]}}],"collection":[{"href":"https:\/\/fmgente.com.ar\/web\/wp-json\/wp\/v2\/posts"}],"about":[{"href":"https:\/\/fmgente.com.ar\/web\/wp-json\/wp\/v2\/types\/post"}],"replies":[{"embeddable":true,"href":"https:\/\/fmgente.com.ar\/web\/wp-json\/wp\/v2\/comments?post=21303"}],"version-history":[{"count":0,"href":"https:\/\/fmgente.com.ar\/web\/wp-json\/wp\/v2\/posts\/21303\/revisions"}],"wp:featuredmedia":[{"embeddable":true,"href":"https:\/\/fmgente.com.ar\/web\/wp-json\/wp\/v2\/media\/21304"}],"wp:attachment":[{"href":"https:\/\/fmgente.com.ar\/web\/wp-json\/wp\/v2\/media?parent=21303"}],"wp:term":[{"taxonomy":"category","embeddable":true,"href":"https:\/\/fmgente.com.ar\/web\/wp-json\/wp\/v2\/categories?post=21303"},{"taxonomy":"post_tag","embeddable":true,"href":"https:\/\/fmgente.com.ar\/web\/wp-json\/wp\/v2\/tags?post=21303"}],"curies":[{"name":"wp","href":"https:\/\/api.w.org\/{rel}","templated":true}]}}