{"id":21297,"date":"2026-04-30T21:06:17","date_gmt":"2026-05-01T00:06:17","guid":{"rendered":"https:\/\/fmgente.com.ar\/web\/tras-la-lesion-de-julian-alvarez-el-parte-medico-que-dio-gaston-edul\/"},"modified":"2026-04-30T21:06:17","modified_gmt":"2026-05-01T00:06:17","slug":"tras-la-lesion-de-julian-alvarez-el-parte-medico-que-dio-gaston-edul","status":"publish","type":"post","link":"https:\/\/fmgente.com.ar\/web\/tras-la-lesion-de-julian-alvarez-el-parte-medico-que-dio-gaston-edul\/","title":{"rendered":"Tras la lesi\u00f3n de Juli\u00e1n \u00c1lvarez, el parte m\u00e9dico que dio Gast\u00f3n Edul"},"content":{"rendered":"<p>Juli\u00e1n \u00c1lvarez encendi\u00f3 las alarmas en Madrid y en Argentina, luego de dejar la cancha a los 77 minutos, lesionado en la semifinal de la Champions League ante Arsenal que termin\u00f3 1 a 1. <\/p>\n<p>En las \u00faltimas horas, el periodista Gast\u00f3n Edul trajo calma sobre el estado f\u00edsico de la Ara\u00f1a.  \u00abConfirmado: Juli\u00e1n \u00c1lvarez est\u00e1 bien y puede participar de la vuelta por Champions League\u00bb, escribi\u00f3 el periodista en sus redes. <\/p>\n<p>QU\u00c9 HAB\u00cdA DICHO SIMEONE<\/p>\n<p>\u201cSiempre optimista\u201d, dijo el Cholo. <\/p>\n<p>El delantero surgido en River disput\u00f3 una pelota con el ingl\u00e9s Eberechi Eze y, tras un mal movimiento, cay\u00f3 al suelo con gestos de evidente dolor en su tobillo. <\/p>\n<p>No es nada grave, y no hay que lamentar como otras figuras mundiales, que se pierden la Copa del Mundo.<\/p>\n","protected":false},"excerpt":{"rendered":"<p>Juli\u00e1n \u00c1lvarez encendi\u00f3 las alarmas en Madrid y en Argentina, luego de dejar la cancha<\/p>\n","protected":false},"author":0,"featured_media":21298,"comment_status":"","ping_status":"","sticky":false,"template":"","format":"standard","meta":{"footnotes":""},"categories":[11],"tags":[],"class_list":["post-21297","post","type-post","status-publish","format-standard","has-post-thumbnail","hentry","category-destacadas"],"yoast_head":"<!-- This site is optimized with the Yoast SEO plugin v27.4 - https:\/\/yoast.com\/product\/yoast-seo-wordpress\/ -->\n<title>Tras la lesi\u00f3n de Juli\u00e1n \u00c1lvarez, el parte m\u00e9dico que dio Gast\u00f3n Edul - Fm Gente<\/title>\n<meta name=\"robots\" content=\"index, follow, max-snippet:-1, max-image-preview:large, max-video-preview:-1\" \/>\n<link rel=\"canonical\" href=\"https:\/\/fmgente.com.ar\/web\/tras-la-lesion-de-julian-alvarez-el-parte-medico-que-dio-gaston-edul\/\" \/>\n<meta property=\"og:locale\" content=\"es_ES\" \/>\n<meta property=\"og:type\" content=\"article\" \/>\n<meta property=\"og:title\" content=\"Tras la lesi\u00f3n de Juli\u00e1n \u00c1lvarez, el parte m\u00e9dico que dio Gast\u00f3n Edul - Fm Gente\" \/>\n<meta property=\"og:description\" content=\"Juli\u00e1n \u00c1lvarez encendi\u00f3 las alarmas en Madrid y en Argentina, luego de dejar la cancha\" \/>\n<meta property=\"og:url\" content=\"https:\/\/fmgente.com.ar\/web\/tras-la-lesion-de-julian-alvarez-el-parte-medico-que-dio-gaston-edul\/\" \/>\n<meta property=\"og:site_name\" content=\"Fm Gente\" \/>\n<meta property=\"article:published_time\" content=\"2026-05-01T00:06:17+00:00\" \/>\n<meta name=\"twitter:card\" content=\"summary_large_image\" \/>\n<meta name=\"twitter:label1\" content=\"Tiempo de lectura\" \/>\n\t<meta name=\"twitter:data1\" content=\"1 minuto\" \/>\n<script type=\"application\/ld+json\" class=\"yoast-schema-graph\">{\"@context\":\"https:\\\/\\\/schema.org\",\"@graph\":[{\"@type\":\"Article\",\"@id\":\"https:\\\/\\\/fmgente.com.ar\\\/web\\\/tras-la-lesion-de-julian-alvarez-el-parte-medico-que-dio-gaston-edul\\\/#article\",\"isPartOf\":{\"@id\":\"https:\\\/\\\/fmgente.com.ar\\\/web\\\/tras-la-lesion-de-julian-alvarez-el-parte-medico-que-dio-gaston-edul\\\/\"},\"author\":{\"name\":\"\",\"@id\":\"\"},\"headline\":\"Tras la lesi\u00f3n de Juli\u00e1n \u00c1lvarez, el parte m\u00e9dico que dio Gast\u00f3n Edul\",\"datePublished\":\"2026-05-01T00:06:17+00:00\",\"mainEntityOfPage\":{\"@id\":\"https:\\\/\\\/fmgente.com.ar\\\/web\\\/tras-la-lesion-de-julian-alvarez-el-parte-medico-que-dio-gaston-edul\\\/\"},\"wordCount\":150,\"publisher\":{\"@id\":\"https:\\\/\\\/fmgente.com.ar\\\/web\\\/#organization\"},\"image\":{\"@id\":\"https:\\\/\\\/fmgente.com.ar\\\/web\\\/tras-la-lesion-de-julian-alvarez-el-parte-medico-que-dio-gaston-edul\\\/#primaryimage\"},\"thumbnailUrl\":\"https:\\\/\\\/fmgente.com.ar\\\/web\\\/wp-content\\\/uploads\\\/2026\\\/04\\\/720-1495.jpeg\",\"articleSection\":[\"DESTACADAS\"],\"inLanguage\":\"es\"},{\"@type\":\"WebPage\",\"@id\":\"https:\\\/\\\/fmgente.com.ar\\\/web\\\/tras-la-lesion-de-julian-alvarez-el-parte-medico-que-dio-gaston-edul\\\/\",\"url\":\"https:\\\/\\\/fmgente.com.ar\\\/web\\\/tras-la-lesion-de-julian-alvarez-el-parte-medico-que-dio-gaston-edul\\\/\",\"name\":\"Tras la lesi\u00f3n de Juli\u00e1n \u00c1lvarez, el parte m\u00e9dico que dio Gast\u00f3n Edul - Fm Gente\",\"isPartOf\":{\"@id\":\"https:\\\/\\\/fmgente.com.ar\\\/web\\\/#website\"},\"primaryImageOfPage\":{\"@id\":\"https:\\\/\\\/fmgente.com.ar\\\/web\\\/tras-la-lesion-de-julian-alvarez-el-parte-medico-que-dio-gaston-edul\\\/#primaryimage\"},\"image\":{\"@id\":\"https:\\\/\\\/fmgente.com.ar\\\/web\\\/tras-la-lesion-de-julian-alvarez-el-parte-medico-que-dio-gaston-edul\\\/#primaryimage\"},\"thumbnailUrl\":\"https:\\\/\\\/fmgente.com.ar\\\/web\\\/wp-content\\\/uploads\\\/2026\\\/04\\\/720-1495.jpeg\",\"datePublished\":\"2026-05-01T00:06:17+00:00\",\"inLanguage\":\"es\",\"potentialAction\":[{\"@type\":\"ReadAction\",\"target\":[\"https:\\\/\\\/fmgente.com.ar\\\/web\\\/tras-la-lesion-de-julian-alvarez-el-parte-medico-que-dio-gaston-edul\\\/\"]}]},{\"@type\":\"ImageObject\",\"inLanguage\":\"es\",\"@id\":\"https:\\\/\\\/fmgente.com.ar\\\/web\\\/tras-la-lesion-de-julian-alvarez-el-parte-medico-que-dio-gaston-edul\\\/#primaryimage\",\"url\":\"https:\\\/\\\/fmgente.com.ar\\\/web\\\/wp-content\\\/uploads\\\/2026\\\/04\\\/720-1495.jpeg\",\"contentUrl\":\"https:\\\/\\\/fmgente.com.ar\\\/web\\\/wp-content\\\/uploads\\\/2026\\\/04\\\/720-1495.jpeg\",\"width\":1280,\"height\":720},{\"@type\":\"WebSite\",\"@id\":\"https:\\\/\\\/fmgente.com.ar\\\/web\\\/#website\",\"url\":\"https:\\\/\\\/fmgente.com.ar\\\/web\\\/\",\"name\":\"Fm Gente\",\"description\":\"- Jes\u00fas Mar\u00eda\",\"publisher\":{\"@id\":\"https:\\\/\\\/fmgente.com.ar\\\/web\\\/#organization\"},\"potentialAction\":[{\"@type\":\"SearchAction\",\"target\":{\"@type\":\"EntryPoint\",\"urlTemplate\":\"https:\\\/\\\/fmgente.com.ar\\\/web\\\/?s={search_term_string}\"},\"query-input\":{\"@type\":\"PropertyValueSpecification\",\"valueRequired\":true,\"valueName\":\"search_term_string\"}}],\"inLanguage\":\"es\"},{\"@type\":\"Organization\",\"@id\":\"https:\\\/\\\/fmgente.com.ar\\\/web\\\/#organization\",\"name\":\"Fm Gente\",\"url\":\"https:\\\/\\\/fmgente.com.ar\\\/web\\\/\",\"logo\":{\"@type\":\"ImageObject\",\"inLanguage\":\"es\",\"@id\":\"https:\\\/\\\/fmgente.com.ar\\\/web\\\/#\\\/schema\\\/logo\\\/image\\\/\",\"url\":\"https:\\\/\\\/fmgente.com.ar\\\/web\\\/wp-content\\\/uploads\\\/2023\\\/07\\\/cropped-cropped-logo-sombra2.png\",\"contentUrl\":\"https:\\\/\\\/fmgente.com.ar\\\/web\\\/wp-content\\\/uploads\\\/2023\\\/07\\\/cropped-cropped-logo-sombra2.png\",\"width\":1782,\"height\":1782,\"caption\":\"Fm Gente\"},\"image\":{\"@id\":\"https:\\\/\\\/fmgente.com.ar\\\/web\\\/#\\\/schema\\\/logo\\\/image\\\/\"}}]}<\/script>\n<!-- \/ Yoast SEO plugin. -->","yoast_head_json":{"title":"Tras la lesi\u00f3n de Juli\u00e1n \u00c1lvarez, el parte m\u00e9dico que dio Gast\u00f3n Edul - Fm Gente","robots":{"index":"index","follow":"follow","max-snippet":"max-snippet:-1","max-image-preview":"max-image-preview:large","max-video-preview":"max-video-preview:-1"},"canonical":"https:\/\/fmgente.com.ar\/web\/tras-la-lesion-de-julian-alvarez-el-parte-medico-que-dio-gaston-edul\/","og_locale":"es_ES","og_type":"article","og_title":"Tras la lesi\u00f3n de Juli\u00e1n \u00c1lvarez, el parte m\u00e9dico que dio Gast\u00f3n Edul - Fm Gente","og_description":"Juli\u00e1n \u00c1lvarez encendi\u00f3 las alarmas en Madrid y en Argentina, luego de dejar la cancha","og_url":"https:\/\/fmgente.com.ar\/web\/tras-la-lesion-de-julian-alvarez-el-parte-medico-que-dio-gaston-edul\/","og_site_name":"Fm Gente","article_published_time":"2026-05-01T00:06:17+00:00","twitter_card":"summary_large_image","twitter_misc":{"Tiempo de lectura":"1 minuto"},"schema":{"@context":"https:\/\/schema.org","@graph":[{"@type":"Article","@id":"https:\/\/fmgente.com.ar\/web\/tras-la-lesion-de-julian-alvarez-el-parte-medico-que-dio-gaston-edul\/#article","isPartOf":{"@id":"https:\/\/fmgente.com.ar\/web\/tras-la-lesion-de-julian-alvarez-el-parte-medico-que-dio-gaston-edul\/"},"author":{"name":"","@id":""},"headline":"Tras la lesi\u00f3n de Juli\u00e1n \u00c1lvarez, el parte m\u00e9dico que dio Gast\u00f3n Edul","datePublished":"2026-05-01T00:06:17+00:00","mainEntityOfPage":{"@id":"https:\/\/fmgente.com.ar\/web\/tras-la-lesion-de-julian-alvarez-el-parte-medico-que-dio-gaston-edul\/"},"wordCount":150,"publisher":{"@id":"https:\/\/fmgente.com.ar\/web\/#organization"},"image":{"@id":"https:\/\/fmgente.com.ar\/web\/tras-la-lesion-de-julian-alvarez-el-parte-medico-que-dio-gaston-edul\/#primaryimage"},"thumbnailUrl":"https:\/\/fmgente.com.ar\/web\/wp-content\/uploads\/2026\/04\/720-1495.jpeg","articleSection":["DESTACADAS"],"inLanguage":"es"},{"@type":"WebPage","@id":"https:\/\/fmgente.com.ar\/web\/tras-la-lesion-de-julian-alvarez-el-parte-medico-que-dio-gaston-edul\/","url":"https:\/\/fmgente.com.ar\/web\/tras-la-lesion-de-julian-alvarez-el-parte-medico-que-dio-gaston-edul\/","name":"Tras la lesi\u00f3n de Juli\u00e1n \u00c1lvarez, el parte m\u00e9dico que dio Gast\u00f3n Edul - Fm Gente","isPartOf":{"@id":"https:\/\/fmgente.com.ar\/web\/#website"},"primaryImageOfPage":{"@id":"https:\/\/fmgente.com.ar\/web\/tras-la-lesion-de-julian-alvarez-el-parte-medico-que-dio-gaston-edul\/#primaryimage"},"image":{"@id":"https:\/\/fmgente.com.ar\/web\/tras-la-lesion-de-julian-alvarez-el-parte-medico-que-dio-gaston-edul\/#primaryimage"},"thumbnailUrl":"https:\/\/fmgente.com.ar\/web\/wp-content\/uploads\/2026\/04\/720-1495.jpeg","datePublished":"2026-05-01T00:06:17+00:00","inLanguage":"es","potentialAction":[{"@type":"ReadAction","target":["https:\/\/fmgente.com.ar\/web\/tras-la-lesion-de-julian-alvarez-el-parte-medico-que-dio-gaston-edul\/"]}]},{"@type":"ImageObject","inLanguage":"es","@id":"https:\/\/fmgente.com.ar\/web\/tras-la-lesion-de-julian-alvarez-el-parte-medico-que-dio-gaston-edul\/#primaryimage","url":"https:\/\/fmgente.com.ar\/web\/wp-content\/uploads\/2026\/04\/720-1495.jpeg","contentUrl":"https:\/\/fmgente.com.ar\/web\/wp-content\/uploads\/2026\/04\/720-1495.jpeg","width":1280,"height":720},{"@type":"WebSite","@id":"https:\/\/fmgente.com.ar\/web\/#website","url":"https:\/\/fmgente.com.ar\/web\/","name":"Fm Gente","description":"- Jes\u00fas Mar\u00eda","publisher":{"@id":"https:\/\/fmgente.com.ar\/web\/#organization"},"potentialAction":[{"@type":"SearchAction","target":{"@type":"EntryPoint","urlTemplate":"https:\/\/fmgente.com.ar\/web\/?s={search_term_string}"},"query-input":{"@type":"PropertyValueSpecification","valueRequired":true,"valueName":"search_term_string"}}],"inLanguage":"es"},{"@type":"Organization","@id":"https:\/\/fmgente.com.ar\/web\/#organization","name":"Fm Gente","url":"https:\/\/fmgente.com.ar\/web\/","logo":{"@type":"ImageObject","inLanguage":"es","@id":"https:\/\/fmgente.com.ar\/web\/#\/schema\/logo\/image\/","url":"https:\/\/fmgente.com.ar\/web\/wp-content\/uploads\/2023\/07\/cropped-cropped-logo-sombra2.png","contentUrl":"https:\/\/fmgente.com.ar\/web\/wp-content\/uploads\/2023\/07\/cropped-cropped-logo-sombra2.png","width":1782,"height":1782,"caption":"Fm Gente"},"image":{"@id":"https:\/\/fmgente.com.ar\/web\/#\/schema\/logo\/image\/"}}]}},"_links":{"self":[{"href":"https:\/\/fmgente.com.ar\/web\/wp-json\/wp\/v2\/posts\/21297","targetHints":{"allow":["GET"]}}],"collection":[{"href":"https:\/\/fmgente.com.ar\/web\/wp-json\/wp\/v2\/posts"}],"about":[{"href":"https:\/\/fmgente.com.ar\/web\/wp-json\/wp\/v2\/types\/post"}],"replies":[{"embeddable":true,"href":"https:\/\/fmgente.com.ar\/web\/wp-json\/wp\/v2\/comments?post=21297"}],"version-history":[{"count":0,"href":"https:\/\/fmgente.com.ar\/web\/wp-json\/wp\/v2\/posts\/21297\/revisions"}],"wp:featuredmedia":[{"embeddable":true,"href":"https:\/\/fmgente.com.ar\/web\/wp-json\/wp\/v2\/media\/21298"}],"wp:attachment":[{"href":"https:\/\/fmgente.com.ar\/web\/wp-json\/wp\/v2\/media?parent=21297"}],"wp:term":[{"taxonomy":"category","embeddable":true,"href":"https:\/\/fmgente.com.ar\/web\/wp-json\/wp\/v2\/categories?post=21297"},{"taxonomy":"post_tag","embeddable":true,"href":"https:\/\/fmgente.com.ar\/web\/wp-json\/wp\/v2\/tags?post=21297"}],"curies":[{"name":"wp","href":"https:\/\/api.w.org\/{rel}","templated":true}]}}