{"id":21287,"date":"2026-04-30T21:06:07","date_gmt":"2026-05-01T00:06:07","guid":{"rendered":"https:\/\/fmgente.com.ar\/web\/jesus-maria-fpa-detuvo-a-dos-sujetos-que-formaban-parte-de-una-banda-narco\/"},"modified":"2026-04-30T21:06:07","modified_gmt":"2026-05-01T00:06:07","slug":"jesus-maria-fpa-detuvo-a-dos-sujetos-que-formaban-parte-de-una-banda-narco","status":"publish","type":"post","link":"https:\/\/fmgente.com.ar\/web\/jesus-maria-fpa-detuvo-a-dos-sujetos-que-formaban-parte-de-una-banda-narco\/","title":{"rendered":"JES\u00daS MAR\u00cdA: FPA DETUVO A DOS SUJETOS QUE FORMABAN PARTE DE UNA BANDA NARCO"},"content":{"rendered":"<p>Personal de la Fuerza Policial Antinarcotr\u00e1fico detuvo a dos personas con pedido de detenci\u00f3n, quienes integraban una banda narco desarticulada previamente. Adem\u00e1s, se secuestraron estupefacientes y se cerraron dos puntos de venta en la ciudad de Jes\u00fas Mar\u00eda.<\/p>\n<p>El dispositivo se inici\u00f3 con la detenci\u00f3n de un sujeto de 33 a\u00f1os en la v\u00eda p\u00fablica, en calle Chile intersecci\u00f3n Malvinas Argentinas de la mencionada ciudad. El mismo intent\u00f3 huir a bordo de un veh\u00edculo, siendo r\u00e1pidamente interceptado por personal de la FPA tras una breve persecuci\u00f3n. En el procedimiento se logr\u00f3 el secuestro de varias dosis de coca\u00edna y marihuana y un autom\u00f3vil, entre otros elementos de inter\u00e9s para la causa.<\/p>\n<p>Posteriormente, se diligenciaron dos allanamientos y en los registros se secuestraron un rev\u00f3lver calibre .32, cartuchos, coca\u00edna, marihuana, semillas de cannabis sativa y otros elementos vinculados a la causa, procedi\u00e9ndose adem\u00e1s a la detenci\u00f3n de una mujer de 38 a\u00f1os.<\/p>\n<p>Cabe mencionar que estas detenciones est\u00e1n vinculadas a un procedimiento realizado en marzo de 2026, donde fue desarticulada una banda integrada por 10 personas, con el secuestro de dosis de coca\u00edna y marihuana, adem\u00e1s de seis plantas y semillas de cannabis sativa.<\/p>\n<p>Para finalizar, la Fiscal\u00eda de Lucha contra el Narcotr\u00e1fico de Jes\u00fas Mar\u00eda dispuso que ambos detenidos sean imputados por venta de estupefacientes agravada por la participaci\u00f3n de tres o m\u00e1s personas.<\/p>\n<p><img decoding=\"async\" loading=\"lazy\" class=\"alignnone size-medium wp-image-57032\" src=\"https:\/\/www.mpfcordoba.gob.ar\/wp-content\/uploads\/2026\/04\/WhatsApp-Image-2026-04-30-at-9.07.48-AM-940x705.jpeg\" alt=\"\" width=\"940\" height=\"705\" \/><\/p>\n<p><img decoding=\"async\" loading=\"lazy\" class=\"alignnone size-medium wp-image-57034\" src=\"https:\/\/www.mpfcordoba.gob.ar\/wp-content\/uploads\/2026\/04\/WhatsApp-Image-2026-04-30-at-9.40.08-AM-940x705.jpeg\" alt=\"\" width=\"940\" height=\"705\" \/><\/p>\n","protected":false},"excerpt":{"rendered":"<p>Personal de la Fuerza Policial Antinarcotr\u00e1fico detuvo a dos personas con pedido de detenci\u00f3n, quienes<\/p>\n","protected":false},"author":0,"featured_media":21288,"comment_status":"","ping_status":"","sticky":false,"template":"","format":"standard","meta":{"footnotes":""},"categories":[1794],"tags":[],"class_list":["post-21287","post","type-post","status-publish","format-standard","has-post-thumbnail","hentry","category-policiales"],"yoast_head":"<!-- This site is optimized with the Yoast SEO plugin v27.4 - https:\/\/yoast.com\/product\/yoast-seo-wordpress\/ -->\n<title>JES\u00daS MAR\u00cdA: FPA DETUVO A DOS SUJETOS QUE FORMABAN PARTE DE UNA BANDA NARCO - Fm Gente<\/title>\n<meta name=\"robots\" content=\"index, follow, max-snippet:-1, max-image-preview:large, max-video-preview:-1\" \/>\n<link rel=\"canonical\" href=\"https:\/\/fmgente.com.ar\/web\/jesus-maria-fpa-detuvo-a-dos-sujetos-que-formaban-parte-de-una-banda-narco\/\" \/>\n<meta property=\"og:locale\" content=\"es_ES\" \/>\n<meta property=\"og:type\" content=\"article\" \/>\n<meta property=\"og:title\" content=\"JES\u00daS MAR\u00cdA: FPA DETUVO A DOS SUJETOS QUE FORMABAN PARTE DE UNA BANDA NARCO - Fm Gente\" \/>\n<meta property=\"og:description\" content=\"Personal de la Fuerza Policial Antinarcotr\u00e1fico detuvo a dos personas con pedido de detenci\u00f3n, quienes\" \/>\n<meta property=\"og:url\" content=\"https:\/\/fmgente.com.ar\/web\/jesus-maria-fpa-detuvo-a-dos-sujetos-que-formaban-parte-de-una-banda-narco\/\" \/>\n<meta property=\"og:site_name\" content=\"Fm Gente\" \/>\n<meta property=\"article:published_time\" content=\"2026-05-01T00:06:07+00:00\" \/>\n<meta name=\"twitter:card\" content=\"summary_large_image\" \/>\n<meta name=\"twitter:label1\" content=\"Tiempo de lectura\" \/>\n\t<meta name=\"twitter:data1\" content=\"1 minuto\" \/>\n<script type=\"application\/ld+json\" class=\"yoast-schema-graph\">{\"@context\":\"https:\\\/\\\/schema.org\",\"@graph\":[{\"@type\":\"Article\",\"@id\":\"https:\\\/\\\/fmgente.com.ar\\\/web\\\/jesus-maria-fpa-detuvo-a-dos-sujetos-que-formaban-parte-de-una-banda-narco\\\/#article\",\"isPartOf\":{\"@id\":\"https:\\\/\\\/fmgente.com.ar\\\/web\\\/jesus-maria-fpa-detuvo-a-dos-sujetos-que-formaban-parte-de-una-banda-narco\\\/\"},\"author\":{\"name\":\"\",\"@id\":\"\"},\"headline\":\"JES\u00daS MAR\u00cdA: FPA DETUVO A DOS SUJETOS QUE FORMABAN PARTE DE UNA BANDA NARCO\",\"datePublished\":\"2026-05-01T00:06:07+00:00\",\"mainEntityOfPage\":{\"@id\":\"https:\\\/\\\/fmgente.com.ar\\\/web\\\/jesus-maria-fpa-detuvo-a-dos-sujetos-que-formaban-parte-de-una-banda-narco\\\/\"},\"wordCount\":266,\"publisher\":{\"@id\":\"https:\\\/\\\/fmgente.com.ar\\\/web\\\/#organization\"},\"image\":{\"@id\":\"https:\\\/\\\/fmgente.com.ar\\\/web\\\/jesus-maria-fpa-detuvo-a-dos-sujetos-que-formaban-parte-de-una-banda-narco\\\/#primaryimage\"},\"thumbnailUrl\":\"https:\\\/\\\/fmgente.com.ar\\\/web\\\/wp-content\\\/uploads\\\/2026\\\/04\\\/WhatsApp-Image-2026-04-30-at-9.07.48-AM-940x705-1.jpeg\",\"articleSection\":[\"POLICIALES\"],\"inLanguage\":\"es\"},{\"@type\":\"WebPage\",\"@id\":\"https:\\\/\\\/fmgente.com.ar\\\/web\\\/jesus-maria-fpa-detuvo-a-dos-sujetos-que-formaban-parte-de-una-banda-narco\\\/\",\"url\":\"https:\\\/\\\/fmgente.com.ar\\\/web\\\/jesus-maria-fpa-detuvo-a-dos-sujetos-que-formaban-parte-de-una-banda-narco\\\/\",\"name\":\"JES\u00daS MAR\u00cdA: FPA DETUVO A DOS SUJETOS QUE FORMABAN PARTE DE UNA BANDA NARCO - Fm Gente\",\"isPartOf\":{\"@id\":\"https:\\\/\\\/fmgente.com.ar\\\/web\\\/#website\"},\"primaryImageOfPage\":{\"@id\":\"https:\\\/\\\/fmgente.com.ar\\\/web\\\/jesus-maria-fpa-detuvo-a-dos-sujetos-que-formaban-parte-de-una-banda-narco\\\/#primaryimage\"},\"image\":{\"@id\":\"https:\\\/\\\/fmgente.com.ar\\\/web\\\/jesus-maria-fpa-detuvo-a-dos-sujetos-que-formaban-parte-de-una-banda-narco\\\/#primaryimage\"},\"thumbnailUrl\":\"https:\\\/\\\/fmgente.com.ar\\\/web\\\/wp-content\\\/uploads\\\/2026\\\/04\\\/WhatsApp-Image-2026-04-30-at-9.07.48-AM-940x705-1.jpeg\",\"datePublished\":\"2026-05-01T00:06:07+00:00\",\"inLanguage\":\"es\",\"potentialAction\":[{\"@type\":\"ReadAction\",\"target\":[\"https:\\\/\\\/fmgente.com.ar\\\/web\\\/jesus-maria-fpa-detuvo-a-dos-sujetos-que-formaban-parte-de-una-banda-narco\\\/\"]}]},{\"@type\":\"ImageObject\",\"inLanguage\":\"es\",\"@id\":\"https:\\\/\\\/fmgente.com.ar\\\/web\\\/jesus-maria-fpa-detuvo-a-dos-sujetos-que-formaban-parte-de-una-banda-narco\\\/#primaryimage\",\"url\":\"https:\\\/\\\/fmgente.com.ar\\\/web\\\/wp-content\\\/uploads\\\/2026\\\/04\\\/WhatsApp-Image-2026-04-30-at-9.07.48-AM-940x705-1.jpeg\",\"contentUrl\":\"https:\\\/\\\/fmgente.com.ar\\\/web\\\/wp-content\\\/uploads\\\/2026\\\/04\\\/WhatsApp-Image-2026-04-30-at-9.07.48-AM-940x705-1.jpeg\",\"width\":940,\"height\":705},{\"@type\":\"WebSite\",\"@id\":\"https:\\\/\\\/fmgente.com.ar\\\/web\\\/#website\",\"url\":\"https:\\\/\\\/fmgente.com.ar\\\/web\\\/\",\"name\":\"Fm Gente\",\"description\":\"- Jes\u00fas Mar\u00eda\",\"publisher\":{\"@id\":\"https:\\\/\\\/fmgente.com.ar\\\/web\\\/#organization\"},\"potentialAction\":[{\"@type\":\"SearchAction\",\"target\":{\"@type\":\"EntryPoint\",\"urlTemplate\":\"https:\\\/\\\/fmgente.com.ar\\\/web\\\/?s={search_term_string}\"},\"query-input\":{\"@type\":\"PropertyValueSpecification\",\"valueRequired\":true,\"valueName\":\"search_term_string\"}}],\"inLanguage\":\"es\"},{\"@type\":\"Organization\",\"@id\":\"https:\\\/\\\/fmgente.com.ar\\\/web\\\/#organization\",\"name\":\"Fm Gente\",\"url\":\"https:\\\/\\\/fmgente.com.ar\\\/web\\\/\",\"logo\":{\"@type\":\"ImageObject\",\"inLanguage\":\"es\",\"@id\":\"https:\\\/\\\/fmgente.com.ar\\\/web\\\/#\\\/schema\\\/logo\\\/image\\\/\",\"url\":\"https:\\\/\\\/fmgente.com.ar\\\/web\\\/wp-content\\\/uploads\\\/2023\\\/07\\\/cropped-cropped-logo-sombra2.png\",\"contentUrl\":\"https:\\\/\\\/fmgente.com.ar\\\/web\\\/wp-content\\\/uploads\\\/2023\\\/07\\\/cropped-cropped-logo-sombra2.png\",\"width\":1782,\"height\":1782,\"caption\":\"Fm Gente\"},\"image\":{\"@id\":\"https:\\\/\\\/fmgente.com.ar\\\/web\\\/#\\\/schema\\\/logo\\\/image\\\/\"}}]}<\/script>\n<!-- \/ Yoast SEO plugin. -->","yoast_head_json":{"title":"JES\u00daS MAR\u00cdA: FPA DETUVO A DOS SUJETOS QUE FORMABAN PARTE DE UNA BANDA NARCO - Fm Gente","robots":{"index":"index","follow":"follow","max-snippet":"max-snippet:-1","max-image-preview":"max-image-preview:large","max-video-preview":"max-video-preview:-1"},"canonical":"https:\/\/fmgente.com.ar\/web\/jesus-maria-fpa-detuvo-a-dos-sujetos-que-formaban-parte-de-una-banda-narco\/","og_locale":"es_ES","og_type":"article","og_title":"JES\u00daS MAR\u00cdA: FPA DETUVO A DOS SUJETOS QUE FORMABAN PARTE DE UNA BANDA NARCO - Fm Gente","og_description":"Personal de la Fuerza Policial Antinarcotr\u00e1fico detuvo a dos personas con pedido de detenci\u00f3n, quienes","og_url":"https:\/\/fmgente.com.ar\/web\/jesus-maria-fpa-detuvo-a-dos-sujetos-que-formaban-parte-de-una-banda-narco\/","og_site_name":"Fm Gente","article_published_time":"2026-05-01T00:06:07+00:00","twitter_card":"summary_large_image","twitter_misc":{"Tiempo de lectura":"1 minuto"},"schema":{"@context":"https:\/\/schema.org","@graph":[{"@type":"Article","@id":"https:\/\/fmgente.com.ar\/web\/jesus-maria-fpa-detuvo-a-dos-sujetos-que-formaban-parte-de-una-banda-narco\/#article","isPartOf":{"@id":"https:\/\/fmgente.com.ar\/web\/jesus-maria-fpa-detuvo-a-dos-sujetos-que-formaban-parte-de-una-banda-narco\/"},"author":{"name":"","@id":""},"headline":"JES\u00daS MAR\u00cdA: FPA DETUVO A DOS SUJETOS QUE FORMABAN PARTE DE UNA BANDA NARCO","datePublished":"2026-05-01T00:06:07+00:00","mainEntityOfPage":{"@id":"https:\/\/fmgente.com.ar\/web\/jesus-maria-fpa-detuvo-a-dos-sujetos-que-formaban-parte-de-una-banda-narco\/"},"wordCount":266,"publisher":{"@id":"https:\/\/fmgente.com.ar\/web\/#organization"},"image":{"@id":"https:\/\/fmgente.com.ar\/web\/jesus-maria-fpa-detuvo-a-dos-sujetos-que-formaban-parte-de-una-banda-narco\/#primaryimage"},"thumbnailUrl":"https:\/\/fmgente.com.ar\/web\/wp-content\/uploads\/2026\/04\/WhatsApp-Image-2026-04-30-at-9.07.48-AM-940x705-1.jpeg","articleSection":["POLICIALES"],"inLanguage":"es"},{"@type":"WebPage","@id":"https:\/\/fmgente.com.ar\/web\/jesus-maria-fpa-detuvo-a-dos-sujetos-que-formaban-parte-de-una-banda-narco\/","url":"https:\/\/fmgente.com.ar\/web\/jesus-maria-fpa-detuvo-a-dos-sujetos-que-formaban-parte-de-una-banda-narco\/","name":"JES\u00daS MAR\u00cdA: FPA DETUVO A DOS SUJETOS QUE FORMABAN PARTE DE UNA BANDA NARCO - Fm Gente","isPartOf":{"@id":"https:\/\/fmgente.com.ar\/web\/#website"},"primaryImageOfPage":{"@id":"https:\/\/fmgente.com.ar\/web\/jesus-maria-fpa-detuvo-a-dos-sujetos-que-formaban-parte-de-una-banda-narco\/#primaryimage"},"image":{"@id":"https:\/\/fmgente.com.ar\/web\/jesus-maria-fpa-detuvo-a-dos-sujetos-que-formaban-parte-de-una-banda-narco\/#primaryimage"},"thumbnailUrl":"https:\/\/fmgente.com.ar\/web\/wp-content\/uploads\/2026\/04\/WhatsApp-Image-2026-04-30-at-9.07.48-AM-940x705-1.jpeg","datePublished":"2026-05-01T00:06:07+00:00","inLanguage":"es","potentialAction":[{"@type":"ReadAction","target":["https:\/\/fmgente.com.ar\/web\/jesus-maria-fpa-detuvo-a-dos-sujetos-que-formaban-parte-de-una-banda-narco\/"]}]},{"@type":"ImageObject","inLanguage":"es","@id":"https:\/\/fmgente.com.ar\/web\/jesus-maria-fpa-detuvo-a-dos-sujetos-que-formaban-parte-de-una-banda-narco\/#primaryimage","url":"https:\/\/fmgente.com.ar\/web\/wp-content\/uploads\/2026\/04\/WhatsApp-Image-2026-04-30-at-9.07.48-AM-940x705-1.jpeg","contentUrl":"https:\/\/fmgente.com.ar\/web\/wp-content\/uploads\/2026\/04\/WhatsApp-Image-2026-04-30-at-9.07.48-AM-940x705-1.jpeg","width":940,"height":705},{"@type":"WebSite","@id":"https:\/\/fmgente.com.ar\/web\/#website","url":"https:\/\/fmgente.com.ar\/web\/","name":"Fm Gente","description":"- Jes\u00fas Mar\u00eda","publisher":{"@id":"https:\/\/fmgente.com.ar\/web\/#organization"},"potentialAction":[{"@type":"SearchAction","target":{"@type":"EntryPoint","urlTemplate":"https:\/\/fmgente.com.ar\/web\/?s={search_term_string}"},"query-input":{"@type":"PropertyValueSpecification","valueRequired":true,"valueName":"search_term_string"}}],"inLanguage":"es"},{"@type":"Organization","@id":"https:\/\/fmgente.com.ar\/web\/#organization","name":"Fm Gente","url":"https:\/\/fmgente.com.ar\/web\/","logo":{"@type":"ImageObject","inLanguage":"es","@id":"https:\/\/fmgente.com.ar\/web\/#\/schema\/logo\/image\/","url":"https:\/\/fmgente.com.ar\/web\/wp-content\/uploads\/2023\/07\/cropped-cropped-logo-sombra2.png","contentUrl":"https:\/\/fmgente.com.ar\/web\/wp-content\/uploads\/2023\/07\/cropped-cropped-logo-sombra2.png","width":1782,"height":1782,"caption":"Fm Gente"},"image":{"@id":"https:\/\/fmgente.com.ar\/web\/#\/schema\/logo\/image\/"}}]}},"_links":{"self":[{"href":"https:\/\/fmgente.com.ar\/web\/wp-json\/wp\/v2\/posts\/21287","targetHints":{"allow":["GET"]}}],"collection":[{"href":"https:\/\/fmgente.com.ar\/web\/wp-json\/wp\/v2\/posts"}],"about":[{"href":"https:\/\/fmgente.com.ar\/web\/wp-json\/wp\/v2\/types\/post"}],"replies":[{"embeddable":true,"href":"https:\/\/fmgente.com.ar\/web\/wp-json\/wp\/v2\/comments?post=21287"}],"version-history":[{"count":0,"href":"https:\/\/fmgente.com.ar\/web\/wp-json\/wp\/v2\/posts\/21287\/revisions"}],"wp:featuredmedia":[{"embeddable":true,"href":"https:\/\/fmgente.com.ar\/web\/wp-json\/wp\/v2\/media\/21288"}],"wp:attachment":[{"href":"https:\/\/fmgente.com.ar\/web\/wp-json\/wp\/v2\/media?parent=21287"}],"wp:term":[{"taxonomy":"category","embeddable":true,"href":"https:\/\/fmgente.com.ar\/web\/wp-json\/wp\/v2\/categories?post=21287"},{"taxonomy":"post_tag","embeddable":true,"href":"https:\/\/fmgente.com.ar\/web\/wp-json\/wp\/v2\/tags?post=21287"}],"curies":[{"name":"wp","href":"https:\/\/api.w.org\/{rel}","templated":true}]}}