{"id":21281,"date":"2026-04-30T21:05:59","date_gmt":"2026-05-01T00:05:59","guid":{"rendered":"https:\/\/fmgente.com.ar\/web\/la-fiscalia-espera-resultados-de-pericia-psiquiatrica-en-la-causa-por-la-que-esta-detenida-una-mujer-policia\/"},"modified":"2026-04-30T21:05:59","modified_gmt":"2026-05-01T00:05:59","slug":"la-fiscalia-espera-resultados-de-pericia-psiquiatrica-en-la-causa-por-la-que-esta-detenida-una-mujer-policia","status":"publish","type":"post","link":"https:\/\/fmgente.com.ar\/web\/la-fiscalia-espera-resultados-de-pericia-psiquiatrica-en-la-causa-por-la-que-esta-detenida-una-mujer-policia\/","title":{"rendered":"La fiscal\u00eda espera resultados de pericia psiqui\u00e1trica en la causa por la que est\u00e1 detenida una mujer polic\u00eda"},"content":{"rendered":"<div class=\"gs\">\n<div class=\" \">\n<div id=\":bv\" class=\"ii gt\">\n<div id=\":bw\" class=\"a3s aiL \">\n<div id=\"avWBGd-144\">\n<div dir=\"auto\">La Fiscal\u00eda de Instrucci\u00f3n de 41 nominaci\u00f3n de C\u00f3rdoba dispuso la realizaci\u00f3n de una pericia interdisciplinaria sobre una mujer que se desempe\u00f1aba como polic\u00eda de la provincia, quien se encuentra imputada por Homicidio calificado por el v\u00ednculo contra su pareja Juan Pablo Abazo, a los fines de determinar su capacidad de comprensi\u00f3n del hecho y aptitud procesal. A ra\u00edz de la imputaci\u00f3n y medida cautelar dispuesta se orden\u00f3 su alojamiento en el Hospital Neuropsiquiatrico de esta Ciudad<\/div>\n<div dir=\"auto\">La imputada se desempe\u00f1aba como Personal Policial con la jerarqu\u00eda de Cabo y se encontraba en situaci\u00f3n pasiva por Licencia Psiqui\u00e1trica.<\/div>\n<div dir=\"auto\"><\/div>\n<div dir=\"auto\">\n<p>El hecho por la cual se la imput\u00f3 sucedi\u00f3 el 10 de abril de 2026 en la vivienda de barrio \u00abLo Tengo Arguello Norte\u00bb de C\u00f3rdoba cuando se produjo el incendio. Abazo, la pareja, result\u00f3 con heridas de gravedad por lo que fue trasladado al Instituto del Quemado de esta ciudad. El 21 de abril de 2026 falleci\u00f3 mientras se encontraba internado en dicho nosocomio recibiendo la atenci\u00f3n m\u00e9dica que su estado de salud requer\u00eda. Se pudo corroborar que la v\u00edctima presentaba una herida cortopunzante en su t\u00f3rax y adem\u00e1s de ello quemaduras del 35% en su cuerpo \u2013brazos y espalda-, que fueron las que provocaron el desenlace fatal, tras varios d\u00edas de internaci\u00f3n.<\/p>\n<div class=\"yj6qo\"><\/div>\n<\/div>\n<div dir=\"auto\">La imputada y la v\u00edctima conviv\u00edan en la vivienda donde se produjo el siniestro.<\/div>\n<div class=\"adL\"><\/div>\n<\/div>\n<\/div>\n<\/div>\n<div id=\"avWBGd-145\" class=\"WhmR8e\" data-hash=\"0\"><\/div>\n<\/div>\n<\/div>\n","protected":false},"excerpt":{"rendered":"<p>La Fiscal\u00eda de Instrucci\u00f3n de 41 nominaci\u00f3n de C\u00f3rdoba dispuso la realizaci\u00f3n de una pericia<\/p>\n","protected":false},"author":0,"featured_media":21282,"comment_status":"","ping_status":"","sticky":false,"template":"","format":"standard","meta":{"footnotes":""},"categories":[1794],"tags":[],"class_list":["post-21281","post","type-post","status-publish","format-standard","has-post-thumbnail","hentry","category-policiales"],"yoast_head":"<!-- This site is optimized with the Yoast SEO plugin v27.4 - https:\/\/yoast.com\/product\/yoast-seo-wordpress\/ -->\n<title>La fiscal\u00eda espera resultados de pericia psiqui\u00e1trica en la causa por la que est\u00e1 detenida una mujer polic\u00eda - Fm Gente<\/title>\n<meta name=\"robots\" content=\"index, follow, max-snippet:-1, max-image-preview:large, max-video-preview:-1\" \/>\n<link rel=\"canonical\" href=\"https:\/\/fmgente.com.ar\/web\/la-fiscalia-espera-resultados-de-pericia-psiquiatrica-en-la-causa-por-la-que-esta-detenida-una-mujer-policia\/\" \/>\n<meta property=\"og:locale\" content=\"es_ES\" \/>\n<meta property=\"og:type\" content=\"article\" \/>\n<meta property=\"og:title\" content=\"La fiscal\u00eda espera resultados de pericia psiqui\u00e1trica en la causa por la que est\u00e1 detenida una mujer polic\u00eda - Fm Gente\" \/>\n<meta property=\"og:description\" content=\"La Fiscal\u00eda de Instrucci\u00f3n de 41 nominaci\u00f3n de C\u00f3rdoba dispuso la realizaci\u00f3n de una pericia\" \/>\n<meta property=\"og:url\" content=\"https:\/\/fmgente.com.ar\/web\/la-fiscalia-espera-resultados-de-pericia-psiquiatrica-en-la-causa-por-la-que-esta-detenida-una-mujer-policia\/\" \/>\n<meta property=\"og:site_name\" content=\"Fm Gente\" \/>\n<meta property=\"article:published_time\" content=\"2026-05-01T00:05:59+00:00\" \/>\n<meta name=\"twitter:card\" content=\"summary_large_image\" \/>\n<meta name=\"twitter:label1\" content=\"Tiempo de lectura\" \/>\n\t<meta name=\"twitter:data1\" content=\"1 minuto\" \/>\n<script type=\"application\/ld+json\" class=\"yoast-schema-graph\">{\"@context\":\"https:\\\/\\\/schema.org\",\"@graph\":[{\"@type\":\"Article\",\"@id\":\"https:\\\/\\\/fmgente.com.ar\\\/web\\\/la-fiscalia-espera-resultados-de-pericia-psiquiatrica-en-la-causa-por-la-que-esta-detenida-una-mujer-policia\\\/#article\",\"isPartOf\":{\"@id\":\"https:\\\/\\\/fmgente.com.ar\\\/web\\\/la-fiscalia-espera-resultados-de-pericia-psiquiatrica-en-la-causa-por-la-que-esta-detenida-una-mujer-policia\\\/\"},\"author\":{\"name\":\"\",\"@id\":\"\"},\"headline\":\"La fiscal\u00eda espera resultados de pericia psiqui\u00e1trica en la causa por la que est\u00e1 detenida una mujer polic\u00eda\",\"datePublished\":\"2026-05-01T00:05:59+00:00\",\"mainEntityOfPage\":{\"@id\":\"https:\\\/\\\/fmgente.com.ar\\\/web\\\/la-fiscalia-espera-resultados-de-pericia-psiquiatrica-en-la-causa-por-la-que-esta-detenida-una-mujer-policia\\\/\"},\"wordCount\":267,\"publisher\":{\"@id\":\"https:\\\/\\\/fmgente.com.ar\\\/web\\\/#organization\"},\"image\":{\"@id\":\"https:\\\/\\\/fmgente.com.ar\\\/web\\\/la-fiscalia-espera-resultados-de-pericia-psiquiatrica-en-la-causa-por-la-que-esta-detenida-una-mujer-policia\\\/#primaryimage\"},\"thumbnailUrl\":\"https:\\\/\\\/fmgente.com.ar\\\/web\\\/wp-content\\\/uploads\\\/2026\\\/04\\\/portadax-85.png\",\"articleSection\":[\"POLICIALES\"],\"inLanguage\":\"es\"},{\"@type\":\"WebPage\",\"@id\":\"https:\\\/\\\/fmgente.com.ar\\\/web\\\/la-fiscalia-espera-resultados-de-pericia-psiquiatrica-en-la-causa-por-la-que-esta-detenida-una-mujer-policia\\\/\",\"url\":\"https:\\\/\\\/fmgente.com.ar\\\/web\\\/la-fiscalia-espera-resultados-de-pericia-psiquiatrica-en-la-causa-por-la-que-esta-detenida-una-mujer-policia\\\/\",\"name\":\"La fiscal\u00eda espera resultados de pericia psiqui\u00e1trica en la causa por la que est\u00e1 detenida una mujer polic\u00eda - Fm Gente\",\"isPartOf\":{\"@id\":\"https:\\\/\\\/fmgente.com.ar\\\/web\\\/#website\"},\"primaryImageOfPage\":{\"@id\":\"https:\\\/\\\/fmgente.com.ar\\\/web\\\/la-fiscalia-espera-resultados-de-pericia-psiquiatrica-en-la-causa-por-la-que-esta-detenida-una-mujer-policia\\\/#primaryimage\"},\"image\":{\"@id\":\"https:\\\/\\\/fmgente.com.ar\\\/web\\\/la-fiscalia-espera-resultados-de-pericia-psiquiatrica-en-la-causa-por-la-que-esta-detenida-una-mujer-policia\\\/#primaryimage\"},\"thumbnailUrl\":\"https:\\\/\\\/fmgente.com.ar\\\/web\\\/wp-content\\\/uploads\\\/2026\\\/04\\\/portadax-85.png\",\"datePublished\":\"2026-05-01T00:05:59+00:00\",\"inLanguage\":\"es\",\"potentialAction\":[{\"@type\":\"ReadAction\",\"target\":[\"https:\\\/\\\/fmgente.com.ar\\\/web\\\/la-fiscalia-espera-resultados-de-pericia-psiquiatrica-en-la-causa-por-la-que-esta-detenida-una-mujer-policia\\\/\"]}]},{\"@type\":\"ImageObject\",\"inLanguage\":\"es\",\"@id\":\"https:\\\/\\\/fmgente.com.ar\\\/web\\\/la-fiscalia-espera-resultados-de-pericia-psiquiatrica-en-la-causa-por-la-que-esta-detenida-una-mujer-policia\\\/#primaryimage\",\"url\":\"https:\\\/\\\/fmgente.com.ar\\\/web\\\/wp-content\\\/uploads\\\/2026\\\/04\\\/portadax-85.png\",\"contentUrl\":\"https:\\\/\\\/fmgente.com.ar\\\/web\\\/wp-content\\\/uploads\\\/2026\\\/04\\\/portadax-85.png\",\"width\":1366,\"height\":768},{\"@type\":\"WebSite\",\"@id\":\"https:\\\/\\\/fmgente.com.ar\\\/web\\\/#website\",\"url\":\"https:\\\/\\\/fmgente.com.ar\\\/web\\\/\",\"name\":\"Fm Gente\",\"description\":\"- Jes\u00fas Mar\u00eda\",\"publisher\":{\"@id\":\"https:\\\/\\\/fmgente.com.ar\\\/web\\\/#organization\"},\"potentialAction\":[{\"@type\":\"SearchAction\",\"target\":{\"@type\":\"EntryPoint\",\"urlTemplate\":\"https:\\\/\\\/fmgente.com.ar\\\/web\\\/?s={search_term_string}\"},\"query-input\":{\"@type\":\"PropertyValueSpecification\",\"valueRequired\":true,\"valueName\":\"search_term_string\"}}],\"inLanguage\":\"es\"},{\"@type\":\"Organization\",\"@id\":\"https:\\\/\\\/fmgente.com.ar\\\/web\\\/#organization\",\"name\":\"Fm Gente\",\"url\":\"https:\\\/\\\/fmgente.com.ar\\\/web\\\/\",\"logo\":{\"@type\":\"ImageObject\",\"inLanguage\":\"es\",\"@id\":\"https:\\\/\\\/fmgente.com.ar\\\/web\\\/#\\\/schema\\\/logo\\\/image\\\/\",\"url\":\"https:\\\/\\\/fmgente.com.ar\\\/web\\\/wp-content\\\/uploads\\\/2023\\\/07\\\/cropped-cropped-logo-sombra2.png\",\"contentUrl\":\"https:\\\/\\\/fmgente.com.ar\\\/web\\\/wp-content\\\/uploads\\\/2023\\\/07\\\/cropped-cropped-logo-sombra2.png\",\"width\":1782,\"height\":1782,\"caption\":\"Fm Gente\"},\"image\":{\"@id\":\"https:\\\/\\\/fmgente.com.ar\\\/web\\\/#\\\/schema\\\/logo\\\/image\\\/\"}}]}<\/script>\n<!-- \/ Yoast SEO plugin. -->","yoast_head_json":{"title":"La fiscal\u00eda espera resultados de pericia psiqui\u00e1trica en la causa por la que est\u00e1 detenida una mujer polic\u00eda - Fm Gente","robots":{"index":"index","follow":"follow","max-snippet":"max-snippet:-1","max-image-preview":"max-image-preview:large","max-video-preview":"max-video-preview:-1"},"canonical":"https:\/\/fmgente.com.ar\/web\/la-fiscalia-espera-resultados-de-pericia-psiquiatrica-en-la-causa-por-la-que-esta-detenida-una-mujer-policia\/","og_locale":"es_ES","og_type":"article","og_title":"La fiscal\u00eda espera resultados de pericia psiqui\u00e1trica en la causa por la que est\u00e1 detenida una mujer polic\u00eda - Fm Gente","og_description":"La Fiscal\u00eda de Instrucci\u00f3n de 41 nominaci\u00f3n de C\u00f3rdoba dispuso la realizaci\u00f3n de una pericia","og_url":"https:\/\/fmgente.com.ar\/web\/la-fiscalia-espera-resultados-de-pericia-psiquiatrica-en-la-causa-por-la-que-esta-detenida-una-mujer-policia\/","og_site_name":"Fm Gente","article_published_time":"2026-05-01T00:05:59+00:00","twitter_card":"summary_large_image","twitter_misc":{"Tiempo de lectura":"1 minuto"},"schema":{"@context":"https:\/\/schema.org","@graph":[{"@type":"Article","@id":"https:\/\/fmgente.com.ar\/web\/la-fiscalia-espera-resultados-de-pericia-psiquiatrica-en-la-causa-por-la-que-esta-detenida-una-mujer-policia\/#article","isPartOf":{"@id":"https:\/\/fmgente.com.ar\/web\/la-fiscalia-espera-resultados-de-pericia-psiquiatrica-en-la-causa-por-la-que-esta-detenida-una-mujer-policia\/"},"author":{"name":"","@id":""},"headline":"La fiscal\u00eda espera resultados de pericia psiqui\u00e1trica en la causa por la que est\u00e1 detenida una mujer polic\u00eda","datePublished":"2026-05-01T00:05:59+00:00","mainEntityOfPage":{"@id":"https:\/\/fmgente.com.ar\/web\/la-fiscalia-espera-resultados-de-pericia-psiquiatrica-en-la-causa-por-la-que-esta-detenida-una-mujer-policia\/"},"wordCount":267,"publisher":{"@id":"https:\/\/fmgente.com.ar\/web\/#organization"},"image":{"@id":"https:\/\/fmgente.com.ar\/web\/la-fiscalia-espera-resultados-de-pericia-psiquiatrica-en-la-causa-por-la-que-esta-detenida-una-mujer-policia\/#primaryimage"},"thumbnailUrl":"https:\/\/fmgente.com.ar\/web\/wp-content\/uploads\/2026\/04\/portadax-85.png","articleSection":["POLICIALES"],"inLanguage":"es"},{"@type":"WebPage","@id":"https:\/\/fmgente.com.ar\/web\/la-fiscalia-espera-resultados-de-pericia-psiquiatrica-en-la-causa-por-la-que-esta-detenida-una-mujer-policia\/","url":"https:\/\/fmgente.com.ar\/web\/la-fiscalia-espera-resultados-de-pericia-psiquiatrica-en-la-causa-por-la-que-esta-detenida-una-mujer-policia\/","name":"La fiscal\u00eda espera resultados de pericia psiqui\u00e1trica en la causa por la que est\u00e1 detenida una mujer polic\u00eda - Fm Gente","isPartOf":{"@id":"https:\/\/fmgente.com.ar\/web\/#website"},"primaryImageOfPage":{"@id":"https:\/\/fmgente.com.ar\/web\/la-fiscalia-espera-resultados-de-pericia-psiquiatrica-en-la-causa-por-la-que-esta-detenida-una-mujer-policia\/#primaryimage"},"image":{"@id":"https:\/\/fmgente.com.ar\/web\/la-fiscalia-espera-resultados-de-pericia-psiquiatrica-en-la-causa-por-la-que-esta-detenida-una-mujer-policia\/#primaryimage"},"thumbnailUrl":"https:\/\/fmgente.com.ar\/web\/wp-content\/uploads\/2026\/04\/portadax-85.png","datePublished":"2026-05-01T00:05:59+00:00","inLanguage":"es","potentialAction":[{"@type":"ReadAction","target":["https:\/\/fmgente.com.ar\/web\/la-fiscalia-espera-resultados-de-pericia-psiquiatrica-en-la-causa-por-la-que-esta-detenida-una-mujer-policia\/"]}]},{"@type":"ImageObject","inLanguage":"es","@id":"https:\/\/fmgente.com.ar\/web\/la-fiscalia-espera-resultados-de-pericia-psiquiatrica-en-la-causa-por-la-que-esta-detenida-una-mujer-policia\/#primaryimage","url":"https:\/\/fmgente.com.ar\/web\/wp-content\/uploads\/2026\/04\/portadax-85.png","contentUrl":"https:\/\/fmgente.com.ar\/web\/wp-content\/uploads\/2026\/04\/portadax-85.png","width":1366,"height":768},{"@type":"WebSite","@id":"https:\/\/fmgente.com.ar\/web\/#website","url":"https:\/\/fmgente.com.ar\/web\/","name":"Fm Gente","description":"- Jes\u00fas Mar\u00eda","publisher":{"@id":"https:\/\/fmgente.com.ar\/web\/#organization"},"potentialAction":[{"@type":"SearchAction","target":{"@type":"EntryPoint","urlTemplate":"https:\/\/fmgente.com.ar\/web\/?s={search_term_string}"},"query-input":{"@type":"PropertyValueSpecification","valueRequired":true,"valueName":"search_term_string"}}],"inLanguage":"es"},{"@type":"Organization","@id":"https:\/\/fmgente.com.ar\/web\/#organization","name":"Fm Gente","url":"https:\/\/fmgente.com.ar\/web\/","logo":{"@type":"ImageObject","inLanguage":"es","@id":"https:\/\/fmgente.com.ar\/web\/#\/schema\/logo\/image\/","url":"https:\/\/fmgente.com.ar\/web\/wp-content\/uploads\/2023\/07\/cropped-cropped-logo-sombra2.png","contentUrl":"https:\/\/fmgente.com.ar\/web\/wp-content\/uploads\/2023\/07\/cropped-cropped-logo-sombra2.png","width":1782,"height":1782,"caption":"Fm Gente"},"image":{"@id":"https:\/\/fmgente.com.ar\/web\/#\/schema\/logo\/image\/"}}]}},"_links":{"self":[{"href":"https:\/\/fmgente.com.ar\/web\/wp-json\/wp\/v2\/posts\/21281","targetHints":{"allow":["GET"]}}],"collection":[{"href":"https:\/\/fmgente.com.ar\/web\/wp-json\/wp\/v2\/posts"}],"about":[{"href":"https:\/\/fmgente.com.ar\/web\/wp-json\/wp\/v2\/types\/post"}],"replies":[{"embeddable":true,"href":"https:\/\/fmgente.com.ar\/web\/wp-json\/wp\/v2\/comments?post=21281"}],"version-history":[{"count":0,"href":"https:\/\/fmgente.com.ar\/web\/wp-json\/wp\/v2\/posts\/21281\/revisions"}],"wp:featuredmedia":[{"embeddable":true,"href":"https:\/\/fmgente.com.ar\/web\/wp-json\/wp\/v2\/media\/21282"}],"wp:attachment":[{"href":"https:\/\/fmgente.com.ar\/web\/wp-json\/wp\/v2\/media?parent=21281"}],"wp:term":[{"taxonomy":"category","embeddable":true,"href":"https:\/\/fmgente.com.ar\/web\/wp-json\/wp\/v2\/categories?post=21281"},{"taxonomy":"post_tag","embeddable":true,"href":"https:\/\/fmgente.com.ar\/web\/wp-json\/wp\/v2\/tags?post=21281"}],"curies":[{"name":"wp","href":"https:\/\/api.w.org\/{rel}","templated":true}]}}